{"id":32496,"date":"2025-12-18T15:48:02","date_gmt":"2025-12-18T14:48:02","guid":{"rendered":"https:\/\/footdavant.fr\/actualites\/messi-de-retour-sur-le-site-de-la-gloire-de-la-coupe-du-monde\/"},"modified":"2025-12-18T15:48:04","modified_gmt":"2025-12-18T14:48:04","slug":"messi-de-retour-sur-le-site-de-la-gloire-de-la-coupe-du-monde","status":"publish","type":"post","link":"https:\/\/footdavant.fr\/actualites\/messi-de-retour-sur-le-site-de-la-gloire-de-la-coupe-du-monde\/","title":{"rendered":"Messi de retour sur le site de la gloire de la Coupe du Monde"},"content":{"rendered":"<p>Lionel Messi affrontera Lamine Yamal lorsque l&#39;Argentine affrontera l&#39;Espagne en Finalissima sur le site de son triomphe en Coupe du monde 2022.<\/p>\n<div>\n<p>L&#39;Argentine reviendra au stade o\u00f9 Lionel Messi a remport\u00e9 le troph\u00e9e de la Coupe du monde en 2022 pour affronter l&#39;Espagne en Finalissima.<\/p>\n<p>Les d\u00e9tails de l&#39;affrontement entre les vainqueurs de la Copa America et les champions d&#39;Europe ont \u00e9t\u00e9 confirm\u00e9s jeudi.<\/p>\n<p>Et cela aura lieu dans un stade qui garde des souvenirs extr\u00eamement heureux pour Messi et Cie.<\/p>\n<h2 class=\"wp-block-heading\"><span id=\"Where_is_the_2026_Finalissima\">O\u00f9 est la Finalissima 2026 ?<\/span><\/h2>\n<p>La Finalissima 2026 se d\u00e9roulera au Qatar au stade Lusail.<\/p>\n<p>Ce fut le th\u00e9\u00e2tre de la finale \u00e9pique de la Coupe du Monde entre l&#39;Argentine et la France, qui a vu l&#39;Albiceleste s&#39;imposer aux tirs au but apr\u00e8s un match nul 3-3.<\/p>\n<p>L&#39;Espagne n&#39;a pas jou\u00e9 au stade Lusail lors de la Coupe du monde 2022, dont elle a \u00e9t\u00e9 \u00e9limin\u00e9e en huiti\u00e8mes de finale.<\/p>\n<h2 class=\"wp-block-heading\"><span id=\"When_is_the_2026_Finalissima\">Quand a lieu la Finalissima 2026 ?<\/span><\/h2>\n<p>La Finalissima 2026 d\u00e9butera \u00e0 21 heures, heure locale (18 heures au Royaume-Uni), le 27 mars 2026.<\/p>\n<h2 class=\"wp-block-heading\"><span id=\"Messi_set_for_Yamal_clash\">Messi pr\u00eat pour le choc de Yamal<\/span><\/h2>\n<p>La rencontre entre l\u2019Argentine et l\u2019Espagne sera la premi\u00e8re entre Messi et la star espagnole Lamine Yamal. <\/p>\n<p>Yamal a succ\u00e9d\u00e9 \u00e0 Messi en tant que leader \u00e0 Barcelone, les aidant \u00e0 r\u00e9aliser un doubl\u00e9 en Liga et en Copa del Rey la saison derni\u00e8re.<\/p>\n<p>Cette campagne fait suite \u00e0 la victoire de l&#39;Espagne \u00e0 l&#39;Euro 2024, que Yamal a illumin\u00e9e en remportant le prix du meilleur jeune joueur. L&#39;Espagne a battu l&#39;Angleterre 2-1 en finale pour soulever le troph\u00e9e un jour apr\u00e8s le 18e anniversaire de Yamal.<\/p>\n<p>Le m\u00eame jour, Messi et l&#39;Argentine ont assur\u00e9 la gloire de la Copa America en battant la Colombie 1-0 apr\u00e8s prolongation gr\u00e2ce au but vainqueur de Lautaro Martinez.<\/p>\n<p>  Aujourd&#39;hui \u00e2g\u00e9 de 38 ans et exer\u00e7ant son m\u00e9tier pour l&#39;Inter Miami, le choc pourrait \u00eatre la seule opportunit\u00e9 pour Messi d&#39;affronter Yamal. L&#39;Argentine et l&#39;Espagne, toutes deux parmi les favoris de la Coupe du monde, ne peuvent s&#39;affronter dans ce tournoi qu&#39;en finale de ce qui sera probablement la derni\u00e8re comp\u00e9tition internationale de Messi.<\/p>\n<\/p><\/div>\n","protected":false},"excerpt":{"rendered":"<p>Lionel Messi affrontera Lamine Yamal lorsque l&#39;Argentine affrontera l&#39;Espagne en Finalissima sur le site de son triomphe en Coupe du monde 2022. L&#39;Argentine reviendra au<\/p>\n","protected":false},"author":1,"featured_media":32497,"comment_status":"closed","ping_status":"","sticky":false,"template":"","format":"standard","meta":{"footnotes":""},"categories":[3],"tags":[1946,6754,451,562,393,11185,103],"yoast_head":"<!-- This site is optimized with the Yoast SEO plugin v21.0 - https:\/\/yoast.com\/wordpress\/plugins\/seo\/ -->\n<title>Messi de retour sur le site de la gloire de la Coupe du Monde<\/title>\n<meta name=\"robots\" content=\"index, follow, max-snippet:-1, max-image-preview:large, max-video-preview:-1\" \/>\n<link rel=\"canonical\" href=\"https:\/\/footdavant.fr\/actualites\/messi-de-retour-sur-le-site-de-la-gloire-de-la-coupe-du-monde\/\" \/>\n<meta property=\"og:locale\" content=\"fr_FR\" \/>\n<meta property=\"og:type\" content=\"article\" \/>\n<meta property=\"og:title\" content=\"Messi de retour sur le site de la gloire de la Coupe du Monde\" \/>\n<meta property=\"og:description\" content=\"Lionel Messi affrontera Lamine Yamal lorsque l&#039;Argentine affrontera l&#039;Espagne en Finalissima sur le site de son triomphe en Coupe du monde 2022. L&#039;Argentine reviendra au\" \/>\n<meta property=\"og:url\" content=\"https:\/\/footdavant.fr\/actualites\/messi-de-retour-sur-le-site-de-la-gloire-de-la-coupe-du-monde\/\" \/>\n<meta property=\"og:site_name\" content=\"Foot d&#039;avant\" \/>\n<meta property=\"article:publisher\" content=\"https:\/\/www.facebook.com\/Footdavant\/\" \/>\n<meta property=\"article:published_time\" content=\"2025-12-18T14:48:02+00:00\" \/>\n<meta property=\"article:modified_time\" content=\"2025-12-18T14:48:04+00:00\" \/>\n<meta property=\"og:image\" content=\"https:\/\/footdavant.fr\/actualites\/wp-content\/uploads\/2025\/12\/Messi-de-retour-sur-le-site-de-la-gloire-de.jpg\" \/>\n\t<meta property=\"og:image:width\" content=\"1200\" \/>\n\t<meta property=\"og:image:height\" content=\"800\" \/>\n\t<meta property=\"og:image:type\" content=\"image\/jpeg\" \/>\n<meta name=\"author\" content=\"Cl\u00e9ment\" \/>\n<meta name=\"twitter:card\" content=\"summary_large_image\" \/>\n<meta name=\"twitter:creator\" content=\"@FootdavantFr\" \/>\n<meta name=\"twitter:site\" content=\"@FootdavantFr\" \/>\n<meta name=\"twitter:label1\" content=\"\u00c9crit par\" \/>\n\t<meta name=\"twitter:data1\" content=\"Cl\u00e9ment\" \/>\n\t<meta name=\"twitter:label2\" content=\"Dur\u00e9e de lecture estim\u00e9e\" \/>\n\t<meta name=\"twitter:data2\" content=\"2 minutes\" \/>\n<script type=\"application\/ld+json\" class=\"yoast-schema-graph\">{\"@context\":\"https:\/\/schema.org\",\"@graph\":[{\"@type\":\"Article\",\"@id\":\"https:\/\/footdavant.fr\/actualites\/messi-de-retour-sur-le-site-de-la-gloire-de-la-coupe-du-monde\/#article\",\"isPartOf\":{\"@id\":\"https:\/\/footdavant.fr\/actualites\/messi-de-retour-sur-le-site-de-la-gloire-de-la-coupe-du-monde\/\"},\"author\":{\"name\":\"Cl\u00e9ment\",\"@id\":\"https:\/\/footdavant.fr\/actualites\/#\/schema\/person\/bc222566d95871b37e597b3ed3ba5e1d\"},\"headline\":\"Messi de retour sur le site de la gloire de la Coupe du Monde\",\"datePublished\":\"2025-12-18T14:48:02+00:00\",\"dateModified\":\"2025-12-18T14:48:04+00:00\",\"mainEntityOfPage\":{\"@id\":\"https:\/\/footdavant.fr\/actualites\/messi-de-retour-sur-le-site-de-la-gloire-de-la-coupe-du-monde\/\"},\"wordCount\":396,\"publisher\":{\"@id\":\"https:\/\/footdavant.fr\/actualites\/#organization\"},\"keywords\":[\"Coupe\",\"gloire\",\"Messi\",\"monde\",\"retour\",\"site\",\"sur\"],\"articleSection\":[\"Football\"],\"inLanguage\":\"fr-FR\"},{\"@type\":\"WebPage\",\"@id\":\"https:\/\/footdavant.fr\/actualites\/messi-de-retour-sur-le-site-de-la-gloire-de-la-coupe-du-monde\/\",\"url\":\"https:\/\/footdavant.fr\/actualites\/messi-de-retour-sur-le-site-de-la-gloire-de-la-coupe-du-monde\/\",\"name\":\"Messi de retour sur le site de la gloire de la Coupe du Monde\",\"isPartOf\":{\"@id\":\"https:\/\/footdavant.fr\/actualites\/#website\"},\"datePublished\":\"2025-12-18T14:48:02+00:00\",\"dateModified\":\"2025-12-18T14:48:04+00:00\",\"breadcrumb\":{\"@id\":\"https:\/\/footdavant.fr\/actualites\/messi-de-retour-sur-le-site-de-la-gloire-de-la-coupe-du-monde\/#breadcrumb\"},\"inLanguage\":\"fr-FR\",\"potentialAction\":[{\"@type\":\"ReadAction\",\"target\":[\"https:\/\/footdavant.fr\/actualites\/messi-de-retour-sur-le-site-de-la-gloire-de-la-coupe-du-monde\/\"]}]},{\"@type\":\"BreadcrumbList\",\"@id\":\"https:\/\/footdavant.fr\/actualites\/messi-de-retour-sur-le-site-de-la-gloire-de-la-coupe-du-monde\/#breadcrumb\",\"itemListElement\":[{\"@type\":\"ListItem\",\"position\":1,\"name\":\"Accueil\",\"item\":\"https:\/\/footdavant.fr\/actualites\/\"},{\"@type\":\"ListItem\",\"position\":2,\"name\":\"Messi de retour sur le site de la gloire de la Coupe du Monde\"}]},{\"@type\":\"WebSite\",\"@id\":\"https:\/\/footdavant.fr\/actualites\/#website\",\"url\":\"https:\/\/footdavant.fr\/actualites\/\",\"name\":\"Foot d'avant\",\"description\":\"\",\"publisher\":{\"@id\":\"https:\/\/footdavant.fr\/actualites\/#organization\"},\"potentialAction\":[{\"@type\":\"SearchAction\",\"target\":{\"@type\":\"EntryPoint\",\"urlTemplate\":\"https:\/\/footdavant.fr\/actualites\/?s={search_term_string}\"},\"query-input\":\"required name=search_term_string\"}],\"inLanguage\":\"fr-FR\"},{\"@type\":\"Organization\",\"@id\":\"https:\/\/footdavant.fr\/actualites\/#organization\",\"name\":\"Foot d'avant\",\"url\":\"https:\/\/footdavant.fr\/actualites\/\",\"logo\":{\"@type\":\"ImageObject\",\"inLanguage\":\"fr-FR\",\"@id\":\"https:\/\/footdavant.fr\/actualites\/#\/schema\/logo\/image\/\",\"url\":\"https:\/\/footdavant.fr\/actualites\/wp-content\/uploads\/2023\/09\/Copy-of-FootDavant-Logo.png\",\"contentUrl\":\"https:\/\/footdavant.fr\/actualites\/wp-content\/uploads\/2023\/09\/Copy-of-FootDavant-Logo.png\",\"width\":936,\"height\":549,\"caption\":\"Foot d'avant\"},\"image\":{\"@id\":\"https:\/\/footdavant.fr\/actualites\/#\/schema\/logo\/image\/\"},\"sameAs\":[\"https:\/\/www.facebook.com\/Footdavant\/\",\"https:\/\/twitter.com\/FootdavantFr\",\"https:\/\/www.instagram.com\/footdavant.fr\/\"]},{\"@type\":\"Person\",\"@id\":\"https:\/\/footdavant.fr\/actualites\/#\/schema\/person\/bc222566d95871b37e597b3ed3ba5e1d\",\"name\":\"Cl\u00e9ment\",\"image\":{\"@type\":\"ImageObject\",\"inLanguage\":\"fr-FR\",\"@id\":\"https:\/\/footdavant.fr\/actualites\/#\/schema\/person\/image\/\",\"url\":\"https:\/\/secure.gravatar.com\/avatar\/7728b29aac2719421e1a9159b2254c44?s=96&d=mm&r=g\",\"contentUrl\":\"https:\/\/secure.gravatar.com\/avatar\/7728b29aac2719421e1a9159b2254c44?s=96&d=mm&r=g\",\"caption\":\"Cl\u00e9ment\"},\"sameAs\":[\"https:\/\/footdavant.fr\/\"]}]}<\/script>\n<!-- \/ Yoast SEO plugin. -->","yoast_head_json":{"title":"Messi de retour sur le site de la gloire de la Coupe du Monde","robots":{"index":"index","follow":"follow","max-snippet":"max-snippet:-1","max-image-preview":"max-image-preview:large","max-video-preview":"max-video-preview:-1"},"canonical":"https:\/\/footdavant.fr\/actualites\/messi-de-retour-sur-le-site-de-la-gloire-de-la-coupe-du-monde\/","og_locale":"fr_FR","og_type":"article","og_title":"Messi de retour sur le site de la gloire de la Coupe du Monde","og_description":"Lionel Messi affrontera Lamine Yamal lorsque l&#39;Argentine affrontera l&#39;Espagne en Finalissima sur le site de son triomphe en Coupe du monde 2022. L&#39;Argentine reviendra au","og_url":"https:\/\/footdavant.fr\/actualites\/messi-de-retour-sur-le-site-de-la-gloire-de-la-coupe-du-monde\/","og_site_name":"Foot d&#039;avant","article_publisher":"https:\/\/www.facebook.com\/Footdavant\/","article_published_time":"2025-12-18T14:48:02+00:00","article_modified_time":"2025-12-18T14:48:04+00:00","og_image":[{"width":1200,"height":800,"url":"https:\/\/footdavant.fr\/actualites\/wp-content\/uploads\/2025\/12\/Messi-de-retour-sur-le-site-de-la-gloire-de.jpg","type":"image\/jpeg"}],"author":"Cl\u00e9ment","twitter_card":"summary_large_image","twitter_creator":"@FootdavantFr","twitter_site":"@FootdavantFr","twitter_misc":{"\u00c9crit par":"Cl\u00e9ment","Dur\u00e9e de lecture estim\u00e9e":"2 minutes"},"schema":{"@context":"https:\/\/schema.org","@graph":[{"@type":"Article","@id":"https:\/\/footdavant.fr\/actualites\/messi-de-retour-sur-le-site-de-la-gloire-de-la-coupe-du-monde\/#article","isPartOf":{"@id":"https:\/\/footdavant.fr\/actualites\/messi-de-retour-sur-le-site-de-la-gloire-de-la-coupe-du-monde\/"},"author":{"name":"Cl\u00e9ment","@id":"https:\/\/footdavant.fr\/actualites\/#\/schema\/person\/bc222566d95871b37e597b3ed3ba5e1d"},"headline":"Messi de retour sur le site de la gloire de la Coupe du Monde","datePublished":"2025-12-18T14:48:02+00:00","dateModified":"2025-12-18T14:48:04+00:00","mainEntityOfPage":{"@id":"https:\/\/footdavant.fr\/actualites\/messi-de-retour-sur-le-site-de-la-gloire-de-la-coupe-du-monde\/"},"wordCount":396,"publisher":{"@id":"https:\/\/footdavant.fr\/actualites\/#organization"},"keywords":["Coupe","gloire","Messi","monde","retour","site","sur"],"articleSection":["Football"],"inLanguage":"fr-FR"},{"@type":"WebPage","@id":"https:\/\/footdavant.fr\/actualites\/messi-de-retour-sur-le-site-de-la-gloire-de-la-coupe-du-monde\/","url":"https:\/\/footdavant.fr\/actualites\/messi-de-retour-sur-le-site-de-la-gloire-de-la-coupe-du-monde\/","name":"Messi de retour sur le site de la gloire de la Coupe du Monde","isPartOf":{"@id":"https:\/\/footdavant.fr\/actualites\/#website"},"datePublished":"2025-12-18T14:48:02+00:00","dateModified":"2025-12-18T14:48:04+00:00","breadcrumb":{"@id":"https:\/\/footdavant.fr\/actualites\/messi-de-retour-sur-le-site-de-la-gloire-de-la-coupe-du-monde\/#breadcrumb"},"inLanguage":"fr-FR","potentialAction":[{"@type":"ReadAction","target":["https:\/\/footdavant.fr\/actualites\/messi-de-retour-sur-le-site-de-la-gloire-de-la-coupe-du-monde\/"]}]},{"@type":"BreadcrumbList","@id":"https:\/\/footdavant.fr\/actualites\/messi-de-retour-sur-le-site-de-la-gloire-de-la-coupe-du-monde\/#breadcrumb","itemListElement":[{"@type":"ListItem","position":1,"name":"Accueil","item":"https:\/\/footdavant.fr\/actualites\/"},{"@type":"ListItem","position":2,"name":"Messi de retour sur le site de la gloire de la Coupe du Monde"}]},{"@type":"WebSite","@id":"https:\/\/footdavant.fr\/actualites\/#website","url":"https:\/\/footdavant.fr\/actualites\/","name":"Foot d'avant","description":"","publisher":{"@id":"https:\/\/footdavant.fr\/actualites\/#organization"},"potentialAction":[{"@type":"SearchAction","target":{"@type":"EntryPoint","urlTemplate":"https:\/\/footdavant.fr\/actualites\/?s={search_term_string}"},"query-input":"required name=search_term_string"}],"inLanguage":"fr-FR"},{"@type":"Organization","@id":"https:\/\/footdavant.fr\/actualites\/#organization","name":"Foot d'avant","url":"https:\/\/footdavant.fr\/actualites\/","logo":{"@type":"ImageObject","inLanguage":"fr-FR","@id":"https:\/\/footdavant.fr\/actualites\/#\/schema\/logo\/image\/","url":"https:\/\/footdavant.fr\/actualites\/wp-content\/uploads\/2023\/09\/Copy-of-FootDavant-Logo.png","contentUrl":"https:\/\/footdavant.fr\/actualites\/wp-content\/uploads\/2023\/09\/Copy-of-FootDavant-Logo.png","width":936,"height":549,"caption":"Foot d'avant"},"image":{"@id":"https:\/\/footdavant.fr\/actualites\/#\/schema\/logo\/image\/"},"sameAs":["https:\/\/www.facebook.com\/Footdavant\/","https:\/\/twitter.com\/FootdavantFr","https:\/\/www.instagram.com\/footdavant.fr\/"]},{"@type":"Person","@id":"https:\/\/footdavant.fr\/actualites\/#\/schema\/person\/bc222566d95871b37e597b3ed3ba5e1d","name":"Cl\u00e9ment","image":{"@type":"ImageObject","inLanguage":"fr-FR","@id":"https:\/\/footdavant.fr\/actualites\/#\/schema\/person\/image\/","url":"https:\/\/secure.gravatar.com\/avatar\/7728b29aac2719421e1a9159b2254c44?s=96&d=mm&r=g","contentUrl":"https:\/\/secure.gravatar.com\/avatar\/7728b29aac2719421e1a9159b2254c44?s=96&d=mm&r=g","caption":"Cl\u00e9ment"},"sameAs":["https:\/\/footdavant.fr\/"]}]}},"_links":{"self":[{"href":"https:\/\/footdavant.fr\/actualites\/wp-json\/wp\/v2\/posts\/32496"}],"collection":[{"href":"https:\/\/footdavant.fr\/actualites\/wp-json\/wp\/v2\/posts"}],"about":[{"href":"https:\/\/footdavant.fr\/actualites\/wp-json\/wp\/v2\/types\/post"}],"author":[{"embeddable":true,"href":"https:\/\/footdavant.fr\/actualites\/wp-json\/wp\/v2\/users\/1"}],"replies":[{"embeddable":true,"href":"https:\/\/footdavant.fr\/actualites\/wp-json\/wp\/v2\/comments?post=32496"}],"version-history":[{"count":1,"href":"https:\/\/footdavant.fr\/actualites\/wp-json\/wp\/v2\/posts\/32496\/revisions"}],"predecessor-version":[{"id":32498,"href":"https:\/\/footdavant.fr\/actualites\/wp-json\/wp\/v2\/posts\/32496\/revisions\/32498"}],"wp:featuredmedia":[{"embeddable":true,"href":"https:\/\/footdavant.fr\/actualites\/wp-json\/wp\/v2\/media\/32497"}],"wp:attachment":[{"href":"https:\/\/footdavant.fr\/actualites\/wp-json\/wp\/v2\/media?parent=32496"}],"wp:term":[{"taxonomy":"category","embeddable":true,"href":"https:\/\/footdavant.fr\/actualites\/wp-json\/wp\/v2\/categories?post=32496"},{"taxonomy":"post_tag","embeddable":true,"href":"https:\/\/footdavant.fr\/actualites\/wp-json\/wp\/v2\/tags?post=32496"}],"curies":[{"name":"wp","href":"https:\/\/api.w.org\/{rel}","templated":true}]}}