{"id":32505,"date":"2025-12-18T21:48:01","date_gmt":"2025-12-18T20:48:01","guid":{"rendered":"https:\/\/footdavant.fr\/actualites\/compositions-confirmees-de-crystal-palace-contre-man-city-absence-de-doku-expliquee-decisions-de-sarr-et-mateta-prises-pour-le-choc-de-premier-league\/"},"modified":"2025-12-18T21:48:01","modified_gmt":"2025-12-18T20:48:01","slug":"compositions-confirmees-de-crystal-palace-contre-man-city-absence-de-doku-expliquee-decisions-de-sarr-et-mateta-prises-pour-le-choc-de-premier-league","status":"publish","type":"post","link":"https:\/\/footdavant.fr\/actualites\/compositions-confirmees-de-crystal-palace-contre-man-city-absence-de-doku-expliquee-decisions-de-sarr-et-mateta-prises-pour-le-choc-de-premier-league\/","title":{"rendered":"Compositions confirm\u00e9es de Crystal Palace contre Man City\u00a0: absence de Doku expliqu\u00e9e, d\u00e9cisions de Sarr et Mateta prises pour le choc de Premier League"},"content":{"rendered":"<div itemprop=\"articleBody\">\n<p>Jeremy Doku n&#39;a pas \u00e9t\u00e9 inclus dans l&#39;\u00e9quipe de Manchester City pour le choc de Premier League de cet apr\u00e8s-midi contre Crystal Palace \u00e0 Selhurst Park.<\/p>\n<p style=\"margin-bottom:11px\">L&#39;ailier belge a \u00e9t\u00e9 l&#39;un des joueurs les plus remarquables et les plus cr\u00e9atifs des Citizens cette saison, mais il ne sera pas impliqu\u00e9 dans la capitale car il est \u00ab\u00a0bless\u00e9\u00a0\u00bb avec un probl\u00e8me \u00ab\u00a0\u00e0 la jambe\u00a0\u00bb, selon le manager Pep Guardiola.<\/p>\n<p style=\"margin-bottom:11px\">\u00ab\u00a0Sa qualit\u00e9 va nous manquer, mais nous en avons une autre : d&#39;autres joueurs jouent avec leur propre qualit\u00e9. Au cours de la saison, nous avons connu des revers avec des blessures\u00a0\u00bb, a d\u00e9clar\u00e9 Guardiola. <em>Sports a\u00e9riens <\/em>avant le coup d&#39;envoi.<\/p>\n<p style=\"margin-bottom:11px\">Doku a \u00e9t\u00e9 remplac\u00e9 par Tijjani Reijnders dans le premier onze et c&#39;est le seul changement apport\u00e9 \u00e0 l&#39;\u00e9quipe de City qui a battu le Real Madrid 2-1 au Bernabeu en Ligue des Champions mercredi, tandis que Guardiola prendra sa place sur la ligne de touche apr\u00e8s avoir rat\u00e9 la conf\u00e9rence de presse de vendredi en raison d&#39;une petite affaire personnelle.<\/p>\n<p>Le retour de Reijnders devrait le voir rejoindre Phil Foden en forme dans une position centrale avanc\u00e9e, tandis que Nico Gonzalez continuera \u00e0 op\u00e9rer \u00e0 la base du milieu de terrain de City.<\/p>\n<p>Les quatre d\u00e9fenseurs compos\u00e9s de Matheus Nunes, Ruben Dias, Josko Gvardiol et Nico O&#39;Reilly restent intacts et prot\u00e9geront le gardien Gianluigi Donnarumma, qui n&#39;est qu&#39;\u00e0 un avertissement de devenir le premier gardien de but de l&#39;histoire de la Premier League \u00e0 \u00eatre banni pour avoir accumul\u00e9 cinq cartons jaunes.<\/p>\n<p>Bernardo Silva et Rayan Cherki pourraient \u00eatre ceux d\u00e9ploy\u00e9s &#8211; Foden est \u00e9galement candidat &#8211; tandis que l&#39;attaquant Erling Haaland m\u00e8ne la ligne et cherchera \u00e0 ajouter \u00e0 ses 15 buts en Premier League.<\/p>\n<div>\n<div>\n<div>\n<div>\n<div>\n<div>\n<p>\u00a9 Imago \/ Chaque deuxi\u00e8me m\u00e9dia<\/p>\n<\/div>\n<\/div>\n<\/div>\n<\/div>\n<\/div>\n<\/div>\n<h2>Sarr et Mateta reviennent au Crystal Palace XI<\/h2>\n<p>Quant \u00e0 Crystal Palace, le manager Oliver Glasner a effectu\u00e9 un total de cinq changements par rapport \u00e0 l&#39;\u00e9quipe qui a battu Shelbourne 3-0 en Conference League jeudi.<\/p>\n<p>Les Aigles ont \u00e9t\u00e9 boost\u00e9s par le retour en forme d&#39;Ismaila Sarr, de retour dans le premier onze apr\u00e8s avoir rat\u00e9 les trois matchs pr\u00e9c\u00e9dents en raison d&#39;une blessure aux ligaments de la cheville.<\/p>\n<p>Sarr sera rejoint dans le trio de t\u00eate par Yeremy Pino et l&#39;attaquant Jean-Philippe Mateta, rappel\u00e9 apr\u00e8s avoir rat\u00e9 la victoire \u00e0 Shelbourne en raison d&#39;un l\u00e9ger probl\u00e8me au genou.<\/p>\n<p>Les gardiens Dean Henderson, Tyrick Mitchell et Nathaniel Clyne sont \u00e9galement titulaires, ce dernier revenant pour d\u00e9buter \u00e0 l&#39;arri\u00e8re droit en l&#39;absence de la star bless\u00e9e Daniel Munoz.<\/p>\n<p>Le capitaine Marc Guehi, Maxence Lacroix et Chris Richards s&#39;associeront une fois de plus dans les trois arri\u00e8res, tandis qu&#39;Adam Wharton et Daichi Kamada conserveront tous deux leur place de titulaire au milieu de terrain.<\/p>\n<p>Walter Benitez, Justin Devenny, Borna Sosa, Eddie Nketiah et Christantus Uche sont les cinq joueurs du Palace qui descendent sur le banc des rempla\u00e7ants.<\/p>\n<p>Onze de d\u00e9part de Crystal Palace : Henderson, Clyne, Richards, Lacroix, Guehi, Mitchell, Wharton, Kamada, Sarr, Pino, Mateta.<\/p>\n<p>Rempla\u00e7ants: Benitez, Devenny, Nketiah, Uche, Hughes, Esse, Cannoyt, Sosa, Devenny<\/p>\n<p>Onze de d\u00e9part de Manchester City : Donnarumma ; Nunes, Dias, Gvardiol, O&#39;Reilly ; Gonz\u00e1lez\u00a0; Bernardo, Reijnders, Foden, Cherki ; Haaland<\/p>\n<p>Rempla\u00e7ants: Trafford, Ake, Marmoush, Ait-Nouri, Savinho, Khusanov, Bobb, Mukasa, Lewis<\/p>\n<\/div>\n","protected":false},"excerpt":{"rendered":"<p>Jeremy Doku n&#39;a pas \u00e9t\u00e9 inclus dans l&#39;\u00e9quipe de Manchester City pour le choc de Premier League de cet apr\u00e8s-midi contre Crystal Palace \u00e0 Selhurst<\/p>\n","protected":false},"author":1,"featured_media":32506,"comment_status":"closed","ping_status":"","sticky":false,"template":"","format":"standard","meta":{"footnotes":""},"categories":[5],"tags":[7084,332,27,383,5481,20,1008,3408,1027,11186,202,24,3399,815,51,201,6311,2794],"yoast_head":"<!-- This site is optimized with the Yoast SEO plugin v21.0 - https:\/\/yoast.com\/wordpress\/plugins\/seo\/ -->\n<title>Compositions confirm\u00e9es de Crystal Palace contre Man City\u00a0: absence de Doku expliqu\u00e9e, d\u00e9cisions de Sarr et Mateta prises pour le choc de Premier League<\/title>\n<meta name=\"robots\" content=\"index, follow, max-snippet:-1, max-image-preview:large, max-video-preview:-1\" \/>\n<link rel=\"canonical\" href=\"https:\/\/footdavant.fr\/actualites\/compositions-confirmees-de-crystal-palace-contre-man-city-absence-de-doku-expliquee-decisions-de-sarr-et-mateta-prises-pour-le-choc-de-premier-league\/\" \/>\n<meta property=\"og:locale\" content=\"fr_FR\" \/>\n<meta property=\"og:type\" content=\"article\" \/>\n<meta property=\"og:title\" content=\"Compositions confirm\u00e9es de Crystal Palace contre Man City\u00a0: absence de Doku expliqu\u00e9e, d\u00e9cisions de Sarr et Mateta prises pour le choc de Premier League\" \/>\n<meta property=\"og:description\" content=\"Jeremy Doku n&#039;a pas \u00e9t\u00e9 inclus dans l&#039;\u00e9quipe de Manchester City pour le choc de Premier League de cet apr\u00e8s-midi contre Crystal Palace \u00e0 Selhurst\" \/>\n<meta property=\"og:url\" content=\"https:\/\/footdavant.fr\/actualites\/compositions-confirmees-de-crystal-palace-contre-man-city-absence-de-doku-expliquee-decisions-de-sarr-et-mateta-prises-pour-le-choc-de-premier-league\/\" \/>\n<meta property=\"og:site_name\" content=\"Foot d&#039;avant\" \/>\n<meta property=\"article:publisher\" content=\"https:\/\/www.facebook.com\/Footdavant\/\" \/>\n<meta property=\"article:published_time\" content=\"2025-12-18T20:48:01+00:00\" \/>\n<meta property=\"og:image\" content=\"https:\/\/footdavant.fr\/actualites\/wp-content\/uploads\/2025\/12\/Compositions-confirmees-de-Crystal-Palace-contre-Man-City-absence-de.net2Fuploads2F20252F112Faaa-jd-6910dba79.webp\" \/>\n\t<meta property=\"og:image:width\" content=\"720\" \/>\n\t<meta property=\"og:image:height\" content=\"410\" \/>\n\t<meta property=\"og:image:type\" content=\"image\/webp\" \/>\n<meta name=\"author\" content=\"Cl\u00e9ment\" \/>\n<meta name=\"twitter:card\" content=\"summary_large_image\" \/>\n<meta name=\"twitter:creator\" content=\"@FootdavantFr\" \/>\n<meta name=\"twitter:site\" content=\"@FootdavantFr\" \/>\n<meta name=\"twitter:label1\" content=\"\u00c9crit par\" \/>\n\t<meta name=\"twitter:data1\" content=\"Cl\u00e9ment\" \/>\n\t<meta name=\"twitter:label2\" content=\"Dur\u00e9e de lecture estim\u00e9e\" \/>\n\t<meta name=\"twitter:data2\" content=\"3 minutes\" \/>\n<script type=\"application\/ld+json\" class=\"yoast-schema-graph\">{\"@context\":\"https:\/\/schema.org\",\"@graph\":[{\"@type\":\"Article\",\"@id\":\"https:\/\/footdavant.fr\/actualites\/compositions-confirmees-de-crystal-palace-contre-man-city-absence-de-doku-expliquee-decisions-de-sarr-et-mateta-prises-pour-le-choc-de-premier-league\/#article\",\"isPartOf\":{\"@id\":\"https:\/\/footdavant.fr\/actualites\/compositions-confirmees-de-crystal-palace-contre-man-city-absence-de-doku-expliquee-decisions-de-sarr-et-mateta-prises-pour-le-choc-de-premier-league\/\"},\"author\":{\"name\":\"Cl\u00e9ment\",\"@id\":\"https:\/\/footdavant.fr\/actualites\/#\/schema\/person\/bc222566d95871b37e597b3ed3ba5e1d\"},\"headline\":\"Compositions confirm\u00e9es de Crystal Palace contre Man City\u00a0: absence de Doku expliqu\u00e9e, d\u00e9cisions de Sarr et Mateta prises pour le choc de Premier League\",\"datePublished\":\"2025-12-18T20:48:01+00:00\",\"dateModified\":\"2025-12-18T20:48:01+00:00\",\"mainEntityOfPage\":{\"@id\":\"https:\/\/footdavant.fr\/actualites\/compositions-confirmees-de-crystal-palace-contre-man-city-absence-de-doku-expliquee-decisions-de-sarr-et-mateta-prises-pour-le-choc-de-premier-league\/\"},\"wordCount\":602,\"publisher\":{\"@id\":\"https:\/\/footdavant.fr\/actualites\/#organization\"},\"keywords\":[\"absence\",\"choc\",\"City\",\"compositions\",\"confirm\u00e9es\",\"contre\",\"Crystal\",\"d\u00e9cisions\",\"Doku\",\"expliqu\u00e9e\",\"League\",\"Man\",\"Mateta\",\"Palace\",\"pour\",\"Premier\",\"prises\",\"Sarr\"],\"articleSection\":[\"Premier League\"],\"inLanguage\":\"fr-FR\"},{\"@type\":\"WebPage\",\"@id\":\"https:\/\/footdavant.fr\/actualites\/compositions-confirmees-de-crystal-palace-contre-man-city-absence-de-doku-expliquee-decisions-de-sarr-et-mateta-prises-pour-le-choc-de-premier-league\/\",\"url\":\"https:\/\/footdavant.fr\/actualites\/compositions-confirmees-de-crystal-palace-contre-man-city-absence-de-doku-expliquee-decisions-de-sarr-et-mateta-prises-pour-le-choc-de-premier-league\/\",\"name\":\"Compositions confirm\u00e9es de Crystal Palace contre Man City\u00a0: absence de Doku expliqu\u00e9e, d\u00e9cisions de Sarr et Mateta prises pour le choc de Premier League\",\"isPartOf\":{\"@id\":\"https:\/\/footdavant.fr\/actualites\/#website\"},\"datePublished\":\"2025-12-18T20:48:01+00:00\",\"dateModified\":\"2025-12-18T20:48:01+00:00\",\"breadcrumb\":{\"@id\":\"https:\/\/footdavant.fr\/actualites\/compositions-confirmees-de-crystal-palace-contre-man-city-absence-de-doku-expliquee-decisions-de-sarr-et-mateta-prises-pour-le-choc-de-premier-league\/#breadcrumb\"},\"inLanguage\":\"fr-FR\",\"potentialAction\":[{\"@type\":\"ReadAction\",\"target\":[\"https:\/\/footdavant.fr\/actualites\/compositions-confirmees-de-crystal-palace-contre-man-city-absence-de-doku-expliquee-decisions-de-sarr-et-mateta-prises-pour-le-choc-de-premier-league\/\"]}]},{\"@type\":\"BreadcrumbList\",\"@id\":\"https:\/\/footdavant.fr\/actualites\/compositions-confirmees-de-crystal-palace-contre-man-city-absence-de-doku-expliquee-decisions-de-sarr-et-mateta-prises-pour-le-choc-de-premier-league\/#breadcrumb\",\"itemListElement\":[{\"@type\":\"ListItem\",\"position\":1,\"name\":\"Accueil\",\"item\":\"https:\/\/footdavant.fr\/actualites\/\"},{\"@type\":\"ListItem\",\"position\":2,\"name\":\"Compositions confirm\u00e9es de Crystal Palace contre Man City\u00a0: absence de Doku expliqu\u00e9e, d\u00e9cisions de Sarr et Mateta prises pour le choc de Premier League\"}]},{\"@type\":\"WebSite\",\"@id\":\"https:\/\/footdavant.fr\/actualites\/#website\",\"url\":\"https:\/\/footdavant.fr\/actualites\/\",\"name\":\"Foot d'avant\",\"description\":\"\",\"publisher\":{\"@id\":\"https:\/\/footdavant.fr\/actualites\/#organization\"},\"potentialAction\":[{\"@type\":\"SearchAction\",\"target\":{\"@type\":\"EntryPoint\",\"urlTemplate\":\"https:\/\/footdavant.fr\/actualites\/?s={search_term_string}\"},\"query-input\":\"required name=search_term_string\"}],\"inLanguage\":\"fr-FR\"},{\"@type\":\"Organization\",\"@id\":\"https:\/\/footdavant.fr\/actualites\/#organization\",\"name\":\"Foot d'avant\",\"url\":\"https:\/\/footdavant.fr\/actualites\/\",\"logo\":{\"@type\":\"ImageObject\",\"inLanguage\":\"fr-FR\",\"@id\":\"https:\/\/footdavant.fr\/actualites\/#\/schema\/logo\/image\/\",\"url\":\"https:\/\/footdavant.fr\/actualites\/wp-content\/uploads\/2023\/09\/Copy-of-FootDavant-Logo.png\",\"contentUrl\":\"https:\/\/footdavant.fr\/actualites\/wp-content\/uploads\/2023\/09\/Copy-of-FootDavant-Logo.png\",\"width\":936,\"height\":549,\"caption\":\"Foot d'avant\"},\"image\":{\"@id\":\"https:\/\/footdavant.fr\/actualites\/#\/schema\/logo\/image\/\"},\"sameAs\":[\"https:\/\/www.facebook.com\/Footdavant\/\",\"https:\/\/twitter.com\/FootdavantFr\",\"https:\/\/www.instagram.com\/footdavant.fr\/\"]},{\"@type\":\"Person\",\"@id\":\"https:\/\/footdavant.fr\/actualites\/#\/schema\/person\/bc222566d95871b37e597b3ed3ba5e1d\",\"name\":\"Cl\u00e9ment\",\"image\":{\"@type\":\"ImageObject\",\"inLanguage\":\"fr-FR\",\"@id\":\"https:\/\/footdavant.fr\/actualites\/#\/schema\/person\/image\/\",\"url\":\"https:\/\/secure.gravatar.com\/avatar\/7728b29aac2719421e1a9159b2254c44?s=96&d=mm&r=g\",\"contentUrl\":\"https:\/\/secure.gravatar.com\/avatar\/7728b29aac2719421e1a9159b2254c44?s=96&d=mm&r=g\",\"caption\":\"Cl\u00e9ment\"},\"sameAs\":[\"https:\/\/footdavant.fr\/\"]}]}<\/script>\n<!-- \/ Yoast SEO plugin. -->","yoast_head_json":{"title":"Compositions confirm\u00e9es de Crystal Palace contre Man City\u00a0: absence de Doku expliqu\u00e9e, d\u00e9cisions de Sarr et Mateta prises pour le choc de Premier League","robots":{"index":"index","follow":"follow","max-snippet":"max-snippet:-1","max-image-preview":"max-image-preview:large","max-video-preview":"max-video-preview:-1"},"canonical":"https:\/\/footdavant.fr\/actualites\/compositions-confirmees-de-crystal-palace-contre-man-city-absence-de-doku-expliquee-decisions-de-sarr-et-mateta-prises-pour-le-choc-de-premier-league\/","og_locale":"fr_FR","og_type":"article","og_title":"Compositions confirm\u00e9es de Crystal Palace contre Man City\u00a0: absence de Doku expliqu\u00e9e, d\u00e9cisions de Sarr et Mateta prises pour le choc de Premier League","og_description":"Jeremy Doku n&#39;a pas \u00e9t\u00e9 inclus dans l&#39;\u00e9quipe de Manchester City pour le choc de Premier League de cet apr\u00e8s-midi contre Crystal Palace \u00e0 Selhurst","og_url":"https:\/\/footdavant.fr\/actualites\/compositions-confirmees-de-crystal-palace-contre-man-city-absence-de-doku-expliquee-decisions-de-sarr-et-mateta-prises-pour-le-choc-de-premier-league\/","og_site_name":"Foot d&#039;avant","article_publisher":"https:\/\/www.facebook.com\/Footdavant\/","article_published_time":"2025-12-18T20:48:01+00:00","og_image":[{"width":720,"height":410,"url":"https:\/\/footdavant.fr\/actualites\/wp-content\/uploads\/2025\/12\/Compositions-confirmees-de-Crystal-Palace-contre-Man-City-absence-de.net2Fuploads2F20252F112Faaa-jd-6910dba79.webp","type":"image\/webp"}],"author":"Cl\u00e9ment","twitter_card":"summary_large_image","twitter_creator":"@FootdavantFr","twitter_site":"@FootdavantFr","twitter_misc":{"\u00c9crit par":"Cl\u00e9ment","Dur\u00e9e de lecture estim\u00e9e":"3 minutes"},"schema":{"@context":"https:\/\/schema.org","@graph":[{"@type":"Article","@id":"https:\/\/footdavant.fr\/actualites\/compositions-confirmees-de-crystal-palace-contre-man-city-absence-de-doku-expliquee-decisions-de-sarr-et-mateta-prises-pour-le-choc-de-premier-league\/#article","isPartOf":{"@id":"https:\/\/footdavant.fr\/actualites\/compositions-confirmees-de-crystal-palace-contre-man-city-absence-de-doku-expliquee-decisions-de-sarr-et-mateta-prises-pour-le-choc-de-premier-league\/"},"author":{"name":"Cl\u00e9ment","@id":"https:\/\/footdavant.fr\/actualites\/#\/schema\/person\/bc222566d95871b37e597b3ed3ba5e1d"},"headline":"Compositions confirm\u00e9es de Crystal Palace contre Man City\u00a0: absence de Doku expliqu\u00e9e, d\u00e9cisions de Sarr et Mateta prises pour le choc de Premier League","datePublished":"2025-12-18T20:48:01+00:00","dateModified":"2025-12-18T20:48:01+00:00","mainEntityOfPage":{"@id":"https:\/\/footdavant.fr\/actualites\/compositions-confirmees-de-crystal-palace-contre-man-city-absence-de-doku-expliquee-decisions-de-sarr-et-mateta-prises-pour-le-choc-de-premier-league\/"},"wordCount":602,"publisher":{"@id":"https:\/\/footdavant.fr\/actualites\/#organization"},"keywords":["absence","choc","City","compositions","confirm\u00e9es","contre","Crystal","d\u00e9cisions","Doku","expliqu\u00e9e","League","Man","Mateta","Palace","pour","Premier","prises","Sarr"],"articleSection":["Premier League"],"inLanguage":"fr-FR"},{"@type":"WebPage","@id":"https:\/\/footdavant.fr\/actualites\/compositions-confirmees-de-crystal-palace-contre-man-city-absence-de-doku-expliquee-decisions-de-sarr-et-mateta-prises-pour-le-choc-de-premier-league\/","url":"https:\/\/footdavant.fr\/actualites\/compositions-confirmees-de-crystal-palace-contre-man-city-absence-de-doku-expliquee-decisions-de-sarr-et-mateta-prises-pour-le-choc-de-premier-league\/","name":"Compositions confirm\u00e9es de Crystal Palace contre Man City\u00a0: absence de Doku expliqu\u00e9e, d\u00e9cisions de Sarr et Mateta prises pour le choc de Premier League","isPartOf":{"@id":"https:\/\/footdavant.fr\/actualites\/#website"},"datePublished":"2025-12-18T20:48:01+00:00","dateModified":"2025-12-18T20:48:01+00:00","breadcrumb":{"@id":"https:\/\/footdavant.fr\/actualites\/compositions-confirmees-de-crystal-palace-contre-man-city-absence-de-doku-expliquee-decisions-de-sarr-et-mateta-prises-pour-le-choc-de-premier-league\/#breadcrumb"},"inLanguage":"fr-FR","potentialAction":[{"@type":"ReadAction","target":["https:\/\/footdavant.fr\/actualites\/compositions-confirmees-de-crystal-palace-contre-man-city-absence-de-doku-expliquee-decisions-de-sarr-et-mateta-prises-pour-le-choc-de-premier-league\/"]}]},{"@type":"BreadcrumbList","@id":"https:\/\/footdavant.fr\/actualites\/compositions-confirmees-de-crystal-palace-contre-man-city-absence-de-doku-expliquee-decisions-de-sarr-et-mateta-prises-pour-le-choc-de-premier-league\/#breadcrumb","itemListElement":[{"@type":"ListItem","position":1,"name":"Accueil","item":"https:\/\/footdavant.fr\/actualites\/"},{"@type":"ListItem","position":2,"name":"Compositions confirm\u00e9es de Crystal Palace contre Man City\u00a0: absence de Doku expliqu\u00e9e, d\u00e9cisions de Sarr et Mateta prises pour le choc de Premier League"}]},{"@type":"WebSite","@id":"https:\/\/footdavant.fr\/actualites\/#website","url":"https:\/\/footdavant.fr\/actualites\/","name":"Foot d'avant","description":"","publisher":{"@id":"https:\/\/footdavant.fr\/actualites\/#organization"},"potentialAction":[{"@type":"SearchAction","target":{"@type":"EntryPoint","urlTemplate":"https:\/\/footdavant.fr\/actualites\/?s={search_term_string}"},"query-input":"required name=search_term_string"}],"inLanguage":"fr-FR"},{"@type":"Organization","@id":"https:\/\/footdavant.fr\/actualites\/#organization","name":"Foot d'avant","url":"https:\/\/footdavant.fr\/actualites\/","logo":{"@type":"ImageObject","inLanguage":"fr-FR","@id":"https:\/\/footdavant.fr\/actualites\/#\/schema\/logo\/image\/","url":"https:\/\/footdavant.fr\/actualites\/wp-content\/uploads\/2023\/09\/Copy-of-FootDavant-Logo.png","contentUrl":"https:\/\/footdavant.fr\/actualites\/wp-content\/uploads\/2023\/09\/Copy-of-FootDavant-Logo.png","width":936,"height":549,"caption":"Foot d'avant"},"image":{"@id":"https:\/\/footdavant.fr\/actualites\/#\/schema\/logo\/image\/"},"sameAs":["https:\/\/www.facebook.com\/Footdavant\/","https:\/\/twitter.com\/FootdavantFr","https:\/\/www.instagram.com\/footdavant.fr\/"]},{"@type":"Person","@id":"https:\/\/footdavant.fr\/actualites\/#\/schema\/person\/bc222566d95871b37e597b3ed3ba5e1d","name":"Cl\u00e9ment","image":{"@type":"ImageObject","inLanguage":"fr-FR","@id":"https:\/\/footdavant.fr\/actualites\/#\/schema\/person\/image\/","url":"https:\/\/secure.gravatar.com\/avatar\/7728b29aac2719421e1a9159b2254c44?s=96&d=mm&r=g","contentUrl":"https:\/\/secure.gravatar.com\/avatar\/7728b29aac2719421e1a9159b2254c44?s=96&d=mm&r=g","caption":"Cl\u00e9ment"},"sameAs":["https:\/\/footdavant.fr\/"]}]}},"_links":{"self":[{"href":"https:\/\/footdavant.fr\/actualites\/wp-json\/wp\/v2\/posts\/32505"}],"collection":[{"href":"https:\/\/footdavant.fr\/actualites\/wp-json\/wp\/v2\/posts"}],"about":[{"href":"https:\/\/footdavant.fr\/actualites\/wp-json\/wp\/v2\/types\/post"}],"author":[{"embeddable":true,"href":"https:\/\/footdavant.fr\/actualites\/wp-json\/wp\/v2\/users\/1"}],"replies":[{"embeddable":true,"href":"https:\/\/footdavant.fr\/actualites\/wp-json\/wp\/v2\/comments?post=32505"}],"version-history":[{"count":1,"href":"https:\/\/footdavant.fr\/actualites\/wp-json\/wp\/v2\/posts\/32505\/revisions"}],"predecessor-version":[{"id":32507,"href":"https:\/\/footdavant.fr\/actualites\/wp-json\/wp\/v2\/posts\/32505\/revisions\/32507"}],"wp:featuredmedia":[{"embeddable":true,"href":"https:\/\/footdavant.fr\/actualites\/wp-json\/wp\/v2\/media\/32506"}],"wp:attachment":[{"href":"https:\/\/footdavant.fr\/actualites\/wp-json\/wp\/v2\/media?parent=32505"}],"wp:term":[{"taxonomy":"category","embeddable":true,"href":"https:\/\/footdavant.fr\/actualites\/wp-json\/wp\/v2\/categories?post=32505"},{"taxonomy":"post_tag","embeddable":true,"href":"https:\/\/footdavant.fr\/actualites\/wp-json\/wp\/v2\/tags?post=32505"}],"curies":[{"name":"wp","href":"https:\/\/api.w.org\/{rel}","templated":true}]}}