{"id":32529,"date":"2025-12-19T13:48:02","date_gmt":"2025-12-19T12:48:02","guid":{"rendered":"https:\/\/footdavant.fr\/actualites\/nouvelles-des-blessures-a-chelsea-enzo-maresca-leve-le-voile-sur-le-revers-du-milieu-de-terrain-alors-que-le-patron-de-chelsea-revele-un-nouveau-probleme\/"},"modified":"2025-12-19T13:48:03","modified_gmt":"2025-12-19T12:48:03","slug":"nouvelles-des-blessures-a-chelsea-enzo-maresca-leve-le-voile-sur-le-revers-du-milieu-de-terrain-alors-que-le-patron-de-chelsea-revele-un-nouveau-probleme","status":"publish","type":"post","link":"https:\/\/footdavant.fr\/actualites\/nouvelles-des-blessures-a-chelsea-enzo-maresca-leve-le-voile-sur-le-revers-du-milieu-de-terrain-alors-que-le-patron-de-chelsea-revele-un-nouveau-probleme\/","title":{"rendered":"Nouvelles des blessures \u00e0 Chelsea: Enzo Maresca l\u00e8ve le voile sur le revers du milieu de terrain alors que le patron de Chelsea r\u00e9v\u00e8le un nouveau probl\u00e8me"},"content":{"rendered":"<div itemprop=\"articleBody\">\n<p>Le patron de Chelsea, Enzo Maresca, a r\u00e9v\u00e9l\u00e9 que le milieu de terrain Dario Essugo avait rencontr\u00e9 un nouveau probl\u00e8me lors de sa r\u00e9cente blessure.<\/p>\n<p>Le joueur de 20 ans a pass\u00e9 la saison derni\u00e8re en pr\u00eat au club espagnol de Las Palmas par le g\u00e9ant portugais du Sporting Lisbonne. <\/p>\n<p>Essugo a effectu\u00e9 un transfert de 18,5 millions de livres sterling \u00e0 Chelsea \u00e0 la fin de la saison avant de rejoindre directement l&#39;\u00e9quipe pour la Coupe du monde des clubs cet \u00e9t\u00e9 aux \u00c9tats-Unis. <\/p>\n<p>Le jeune a particip\u00e9 \u00e0 trois matchs dans le parcours de Chelsea vers le troph\u00e9e, mais il n&#39;a pas encore fait une apparition en comp\u00e9tition lors de la campagne 2025-26.<\/p>\n<p>Apr\u00e8s avoir \u00e9t\u00e9 rempla\u00e7ant inutilis\u00e9 lors des trois premiers matches de Premier League, Essugo s&#39;est bless\u00e9 \u00e0 la cuisse alors qu&#39;il \u00e9tait en mission internationale avec l&#39;\u00e9quipe portugaise des moins de 21 ans en septembre.<\/p>\n<div>\n<div>\n<div>\n<p>\u00a9 Imago<\/p>\n<\/div>\n<\/div>\n<\/div>\n<h2>Maresca fait le point sur les blessures d&#39;Essugo<\/h2>\n<p>Essugo aurait acc\u00e9l\u00e9r\u00e9 sa convalescence \u00e0 la fin du mois dernier, mais il a depuis subi un revers dans sa tentative de revenir \u00e0 l&#39;action.<\/p>\n<p>Maresca a maintenant r\u00e9v\u00e9l\u00e9 que le revers \u00e9tait un nouveau probl\u00e8me lorsqu&#39;on lui a demand\u00e9 si Essugo serait disponible avant No\u00ebl.<\/p>\n<p>\u00ab\u00a0Je ne sais pas\u00a0\u00bb, a d\u00e9clar\u00e9 Maresca aux journalistes avant la victoire de samedi contre Everton. \u00ab\u00a0Je n&#39;ai aucune information. Je sais qu&#39;il va mieux.\u00a0\u00bb<\/p>\n<p>\u00ab\u00a0Ce n&#39;est pas la m\u00eame blessure que dans le pass\u00e9. C&#39;est quelque chose de petit, et ce sera pour peu de temps.\u00a0\u00bb<\/p>\n<div>\n<div>\n<div><img decoding=\"async\" data-img-id=\"154247\" class=\"lazy\" loading=\"lazy\" src=\"https:\/\/footdavant.fr\/actualites\/wp-content\/uploads\/2025\/12\/1765025285_427_Blessure-a-Chelsea-liste-de-suspension-contre-Leeds-United.webp\"\/><\/p>\n<p>\u00a9 Imago \/ Images de sports professionnels<\/p>\n<\/div>\n<\/div>\n<\/div>\n<h2>Essugo doit regretter une occasion manqu\u00e9e <\/h2>\n<p>La blessure d&#39;Essugo l&#39;a priv\u00e9 de la possibilit\u00e9 de gagner du temps de jeu en l&#39;absence r\u00e9cente du milieu de terrain de premier choix Moises Caicedo.<\/p>\n<p>L&#39;international \u00e9quatorien vient de purger une suspension de trois matches en Premier League apr\u00e8s avoir \u00e9t\u00e9 expuls\u00e9 lors du match nul du mois dernier contre Arsenal.<\/p>\n<p>Essugo n&#39;aurait pas \u00e9t\u00e9 titulaire en l&#39;absence de Caicedo, mais il aurait gravi les \u00e9chelons et aurait pu jouer un r\u00f4le depuis le banc.<\/p>\n<p>\u00c0 son retour, le milieu de terrain portugais sera probablement confront\u00e9 \u00e0 la concurrence de Caicedo, Enzo Fernandez, Andrey Santos et m\u00eame Reece James, qui a jou\u00e9 dans la salle des machines \u00e0 plusieurs reprises cette saison. <\/p>\n<p>Romeo Lavia visera \u00e9galement une place au milieu de terrain de Chelsea lorsqu&#39;il se remettra d&#39;une blessure musculaire.<\/p>\n<\/div>\n","protected":false},"excerpt":{"rendered":"<p>Le patron de Chelsea, Enzo Maresca, a r\u00e9v\u00e9l\u00e9 que le milieu de terrain Dario Essugo avait rencontr\u00e9 un nouveau probl\u00e8me lors de sa r\u00e9cente blessure.<\/p>\n","protected":false},"author":1,"featured_media":32293,"comment_status":"closed","ping_status":"","sticky":false,"template":"","format":"standard","meta":{"footnotes":""},"categories":[5],"tags":[318,155,171,12,1806,4209,5107,441,199,461,231,2243,415,1386,103,442,4210],"yoast_head":"<!-- This site is optimized with the Yoast SEO plugin v21.0 - https:\/\/yoast.com\/wordpress\/plugins\/seo\/ -->\n<title>Nouvelles des blessures \u00e0 Chelsea: Enzo Maresca l\u00e8ve le voile sur le revers du milieu de terrain alors que le patron de Chelsea r\u00e9v\u00e8le un nouveau probl\u00e8me<\/title>\n<meta name=\"robots\" content=\"index, follow, max-snippet:-1, max-image-preview:large, max-video-preview:-1\" \/>\n<link rel=\"canonical\" href=\"https:\/\/footdavant.fr\/actualites\/nouvelles-des-blessures-a-chelsea-enzo-maresca-leve-le-voile-sur-le-revers-du-milieu-de-terrain-alors-que-le-patron-de-chelsea-revele-un-nouveau-probleme\/\" \/>\n<meta property=\"og:locale\" content=\"fr_FR\" \/>\n<meta property=\"og:type\" content=\"article\" \/>\n<meta property=\"og:title\" content=\"Nouvelles des blessures \u00e0 Chelsea: Enzo Maresca l\u00e8ve le voile sur le revers du milieu de terrain alors que le patron de Chelsea r\u00e9v\u00e8le un nouveau probl\u00e8me\" \/>\n<meta property=\"og:description\" content=\"Le patron de Chelsea, Enzo Maresca, a r\u00e9v\u00e9l\u00e9 que le milieu de terrain Dario Essugo avait rencontr\u00e9 un nouveau probl\u00e8me lors de sa r\u00e9cente blessure.\" \/>\n<meta property=\"og:url\" content=\"https:\/\/footdavant.fr\/actualites\/nouvelles-des-blessures-a-chelsea-enzo-maresca-leve-le-voile-sur-le-revers-du-milieu-de-terrain-alors-que-le-patron-de-chelsea-revele-un-nouveau-probleme\/\" \/>\n<meta property=\"og:site_name\" content=\"Foot d&#039;avant\" \/>\n<meta property=\"article:publisher\" content=\"https:\/\/www.facebook.com\/Footdavant\/\" \/>\n<meta property=\"article:published_time\" content=\"2025-12-19T12:48:02+00:00\" \/>\n<meta property=\"article:modified_time\" content=\"2025-12-19T12:48:03+00:00\" \/>\n<meta property=\"og:image\" content=\"https:\/\/footdavant.fr\/actualites\/wp-content\/uploads\/2025\/12\/Apercu-Atalanta-BC-vs-Chelsea-\u2013-pronostics-actualites-de.net2Fuploads2F20252F112Fimago1068456725.webp\" \/>\n\t<meta property=\"og:image:width\" content=\"720\" \/>\n\t<meta property=\"og:image:height\" content=\"410\" \/>\n\t<meta property=\"og:image:type\" content=\"image\/webp\" \/>\n<meta name=\"author\" content=\"Cl\u00e9ment\" \/>\n<meta name=\"twitter:card\" content=\"summary_large_image\" \/>\n<meta name=\"twitter:creator\" content=\"@FootdavantFr\" \/>\n<meta name=\"twitter:site\" content=\"@FootdavantFr\" \/>\n<meta name=\"twitter:label1\" content=\"\u00c9crit par\" \/>\n\t<meta name=\"twitter:data1\" content=\"Cl\u00e9ment\" \/>\n\t<meta name=\"twitter:label2\" content=\"Dur\u00e9e de lecture estim\u00e9e\" \/>\n\t<meta name=\"twitter:data2\" content=\"2 minutes\" \/>\n<script type=\"application\/ld+json\" class=\"yoast-schema-graph\">{\"@context\":\"https:\/\/schema.org\",\"@graph\":[{\"@type\":\"Article\",\"@id\":\"https:\/\/footdavant.fr\/actualites\/nouvelles-des-blessures-a-chelsea-enzo-maresca-leve-le-voile-sur-le-revers-du-milieu-de-terrain-alors-que-le-patron-de-chelsea-revele-un-nouveau-probleme\/#article\",\"isPartOf\":{\"@id\":\"https:\/\/footdavant.fr\/actualites\/nouvelles-des-blessures-a-chelsea-enzo-maresca-leve-le-voile-sur-le-revers-du-milieu-de-terrain-alors-que-le-patron-de-chelsea-revele-un-nouveau-probleme\/\"},\"author\":{\"name\":\"Cl\u00e9ment\",\"@id\":\"https:\/\/footdavant.fr\/actualites\/#\/schema\/person\/bc222566d95871b37e597b3ed3ba5e1d\"},\"headline\":\"Nouvelles des blessures \u00e0 Chelsea: Enzo Maresca l\u00e8ve le voile sur le revers du milieu de terrain alors que le patron de Chelsea r\u00e9v\u00e8le un nouveau probl\u00e8me\",\"datePublished\":\"2025-12-19T12:48:02+00:00\",\"dateModified\":\"2025-12-19T12:48:03+00:00\",\"mainEntityOfPage\":{\"@id\":\"https:\/\/footdavant.fr\/actualites\/nouvelles-des-blessures-a-chelsea-enzo-maresca-leve-le-voile-sur-le-revers-du-milieu-de-terrain-alors-que-le-patron-de-chelsea-revele-un-nouveau-probleme\/\"},\"wordCount\":456,\"publisher\":{\"@id\":\"https:\/\/footdavant.fr\/actualites\/#organization\"},\"keywords\":[\"alors\",\"blessures\",\"Chelsea\",\"des\",\"Enzo\",\"l\u00e8ve\",\"Maresca\",\"milieu\",\"nouveau\",\"Nouvelles\",\"patron\",\"probl\u00e8me\",\"r\u00e9v\u00e8le\",\"revers\",\"sur\",\"terrain\",\"voile\"],\"articleSection\":[\"Premier League\"],\"inLanguage\":\"fr-FR\"},{\"@type\":\"WebPage\",\"@id\":\"https:\/\/footdavant.fr\/actualites\/nouvelles-des-blessures-a-chelsea-enzo-maresca-leve-le-voile-sur-le-revers-du-milieu-de-terrain-alors-que-le-patron-de-chelsea-revele-un-nouveau-probleme\/\",\"url\":\"https:\/\/footdavant.fr\/actualites\/nouvelles-des-blessures-a-chelsea-enzo-maresca-leve-le-voile-sur-le-revers-du-milieu-de-terrain-alors-que-le-patron-de-chelsea-revele-un-nouveau-probleme\/\",\"name\":\"Nouvelles des blessures \u00e0 Chelsea: Enzo Maresca l\u00e8ve le voile sur le revers du milieu de terrain alors que le patron de Chelsea r\u00e9v\u00e8le un nouveau probl\u00e8me\",\"isPartOf\":{\"@id\":\"https:\/\/footdavant.fr\/actualites\/#website\"},\"datePublished\":\"2025-12-19T12:48:02+00:00\",\"dateModified\":\"2025-12-19T12:48:03+00:00\",\"breadcrumb\":{\"@id\":\"https:\/\/footdavant.fr\/actualites\/nouvelles-des-blessures-a-chelsea-enzo-maresca-leve-le-voile-sur-le-revers-du-milieu-de-terrain-alors-que-le-patron-de-chelsea-revele-un-nouveau-probleme\/#breadcrumb\"},\"inLanguage\":\"fr-FR\",\"potentialAction\":[{\"@type\":\"ReadAction\",\"target\":[\"https:\/\/footdavant.fr\/actualites\/nouvelles-des-blessures-a-chelsea-enzo-maresca-leve-le-voile-sur-le-revers-du-milieu-de-terrain-alors-que-le-patron-de-chelsea-revele-un-nouveau-probleme\/\"]}]},{\"@type\":\"BreadcrumbList\",\"@id\":\"https:\/\/footdavant.fr\/actualites\/nouvelles-des-blessures-a-chelsea-enzo-maresca-leve-le-voile-sur-le-revers-du-milieu-de-terrain-alors-que-le-patron-de-chelsea-revele-un-nouveau-probleme\/#breadcrumb\",\"itemListElement\":[{\"@type\":\"ListItem\",\"position\":1,\"name\":\"Accueil\",\"item\":\"https:\/\/footdavant.fr\/actualites\/\"},{\"@type\":\"ListItem\",\"position\":2,\"name\":\"Nouvelles des blessures \u00e0 Chelsea: Enzo Maresca l\u00e8ve le voile sur le revers du milieu de terrain alors que le patron de Chelsea r\u00e9v\u00e8le un nouveau probl\u00e8me\"}]},{\"@type\":\"WebSite\",\"@id\":\"https:\/\/footdavant.fr\/actualites\/#website\",\"url\":\"https:\/\/footdavant.fr\/actualites\/\",\"name\":\"Foot d'avant\",\"description\":\"\",\"publisher\":{\"@id\":\"https:\/\/footdavant.fr\/actualites\/#organization\"},\"potentialAction\":[{\"@type\":\"SearchAction\",\"target\":{\"@type\":\"EntryPoint\",\"urlTemplate\":\"https:\/\/footdavant.fr\/actualites\/?s={search_term_string}\"},\"query-input\":\"required name=search_term_string\"}],\"inLanguage\":\"fr-FR\"},{\"@type\":\"Organization\",\"@id\":\"https:\/\/footdavant.fr\/actualites\/#organization\",\"name\":\"Foot d'avant\",\"url\":\"https:\/\/footdavant.fr\/actualites\/\",\"logo\":{\"@type\":\"ImageObject\",\"inLanguage\":\"fr-FR\",\"@id\":\"https:\/\/footdavant.fr\/actualites\/#\/schema\/logo\/image\/\",\"url\":\"https:\/\/footdavant.fr\/actualites\/wp-content\/uploads\/2023\/09\/Copy-of-FootDavant-Logo.png\",\"contentUrl\":\"https:\/\/footdavant.fr\/actualites\/wp-content\/uploads\/2023\/09\/Copy-of-FootDavant-Logo.png\",\"width\":936,\"height\":549,\"caption\":\"Foot d'avant\"},\"image\":{\"@id\":\"https:\/\/footdavant.fr\/actualites\/#\/schema\/logo\/image\/\"},\"sameAs\":[\"https:\/\/www.facebook.com\/Footdavant\/\",\"https:\/\/twitter.com\/FootdavantFr\",\"https:\/\/www.instagram.com\/footdavant.fr\/\"]},{\"@type\":\"Person\",\"@id\":\"https:\/\/footdavant.fr\/actualites\/#\/schema\/person\/bc222566d95871b37e597b3ed3ba5e1d\",\"name\":\"Cl\u00e9ment\",\"image\":{\"@type\":\"ImageObject\",\"inLanguage\":\"fr-FR\",\"@id\":\"https:\/\/footdavant.fr\/actualites\/#\/schema\/person\/image\/\",\"url\":\"https:\/\/secure.gravatar.com\/avatar\/7728b29aac2719421e1a9159b2254c44?s=96&d=mm&r=g\",\"contentUrl\":\"https:\/\/secure.gravatar.com\/avatar\/7728b29aac2719421e1a9159b2254c44?s=96&d=mm&r=g\",\"caption\":\"Cl\u00e9ment\"},\"sameAs\":[\"https:\/\/footdavant.fr\/\"]}]}<\/script>\n<!-- \/ Yoast SEO plugin. -->","yoast_head_json":{"title":"Nouvelles des blessures \u00e0 Chelsea: Enzo Maresca l\u00e8ve le voile sur le revers du milieu de terrain alors que le patron de Chelsea r\u00e9v\u00e8le un nouveau probl\u00e8me","robots":{"index":"index","follow":"follow","max-snippet":"max-snippet:-1","max-image-preview":"max-image-preview:large","max-video-preview":"max-video-preview:-1"},"canonical":"https:\/\/footdavant.fr\/actualites\/nouvelles-des-blessures-a-chelsea-enzo-maresca-leve-le-voile-sur-le-revers-du-milieu-de-terrain-alors-que-le-patron-de-chelsea-revele-un-nouveau-probleme\/","og_locale":"fr_FR","og_type":"article","og_title":"Nouvelles des blessures \u00e0 Chelsea: Enzo Maresca l\u00e8ve le voile sur le revers du milieu de terrain alors que le patron de Chelsea r\u00e9v\u00e8le un nouveau probl\u00e8me","og_description":"Le patron de Chelsea, Enzo Maresca, a r\u00e9v\u00e9l\u00e9 que le milieu de terrain Dario Essugo avait rencontr\u00e9 un nouveau probl\u00e8me lors de sa r\u00e9cente blessure.","og_url":"https:\/\/footdavant.fr\/actualites\/nouvelles-des-blessures-a-chelsea-enzo-maresca-leve-le-voile-sur-le-revers-du-milieu-de-terrain-alors-que-le-patron-de-chelsea-revele-un-nouveau-probleme\/","og_site_name":"Foot d&#039;avant","article_publisher":"https:\/\/www.facebook.com\/Footdavant\/","article_published_time":"2025-12-19T12:48:02+00:00","article_modified_time":"2025-12-19T12:48:03+00:00","og_image":[{"width":720,"height":410,"url":"https:\/\/footdavant.fr\/actualites\/wp-content\/uploads\/2025\/12\/Apercu-Atalanta-BC-vs-Chelsea-\u2013-pronostics-actualites-de.net2Fuploads2F20252F112Fimago1068456725.webp","type":"image\/webp"}],"author":"Cl\u00e9ment","twitter_card":"summary_large_image","twitter_creator":"@FootdavantFr","twitter_site":"@FootdavantFr","twitter_misc":{"\u00c9crit par":"Cl\u00e9ment","Dur\u00e9e de lecture estim\u00e9e":"2 minutes"},"schema":{"@context":"https:\/\/schema.org","@graph":[{"@type":"Article","@id":"https:\/\/footdavant.fr\/actualites\/nouvelles-des-blessures-a-chelsea-enzo-maresca-leve-le-voile-sur-le-revers-du-milieu-de-terrain-alors-que-le-patron-de-chelsea-revele-un-nouveau-probleme\/#article","isPartOf":{"@id":"https:\/\/footdavant.fr\/actualites\/nouvelles-des-blessures-a-chelsea-enzo-maresca-leve-le-voile-sur-le-revers-du-milieu-de-terrain-alors-que-le-patron-de-chelsea-revele-un-nouveau-probleme\/"},"author":{"name":"Cl\u00e9ment","@id":"https:\/\/footdavant.fr\/actualites\/#\/schema\/person\/bc222566d95871b37e597b3ed3ba5e1d"},"headline":"Nouvelles des blessures \u00e0 Chelsea: Enzo Maresca l\u00e8ve le voile sur le revers du milieu de terrain alors que le patron de Chelsea r\u00e9v\u00e8le un nouveau probl\u00e8me","datePublished":"2025-12-19T12:48:02+00:00","dateModified":"2025-12-19T12:48:03+00:00","mainEntityOfPage":{"@id":"https:\/\/footdavant.fr\/actualites\/nouvelles-des-blessures-a-chelsea-enzo-maresca-leve-le-voile-sur-le-revers-du-milieu-de-terrain-alors-que-le-patron-de-chelsea-revele-un-nouveau-probleme\/"},"wordCount":456,"publisher":{"@id":"https:\/\/footdavant.fr\/actualites\/#organization"},"keywords":["alors","blessures","Chelsea","des","Enzo","l\u00e8ve","Maresca","milieu","nouveau","Nouvelles","patron","probl\u00e8me","r\u00e9v\u00e8le","revers","sur","terrain","voile"],"articleSection":["Premier League"],"inLanguage":"fr-FR"},{"@type":"WebPage","@id":"https:\/\/footdavant.fr\/actualites\/nouvelles-des-blessures-a-chelsea-enzo-maresca-leve-le-voile-sur-le-revers-du-milieu-de-terrain-alors-que-le-patron-de-chelsea-revele-un-nouveau-probleme\/","url":"https:\/\/footdavant.fr\/actualites\/nouvelles-des-blessures-a-chelsea-enzo-maresca-leve-le-voile-sur-le-revers-du-milieu-de-terrain-alors-que-le-patron-de-chelsea-revele-un-nouveau-probleme\/","name":"Nouvelles des blessures \u00e0 Chelsea: Enzo Maresca l\u00e8ve le voile sur le revers du milieu de terrain alors que le patron de Chelsea r\u00e9v\u00e8le un nouveau probl\u00e8me","isPartOf":{"@id":"https:\/\/footdavant.fr\/actualites\/#website"},"datePublished":"2025-12-19T12:48:02+00:00","dateModified":"2025-12-19T12:48:03+00:00","breadcrumb":{"@id":"https:\/\/footdavant.fr\/actualites\/nouvelles-des-blessures-a-chelsea-enzo-maresca-leve-le-voile-sur-le-revers-du-milieu-de-terrain-alors-que-le-patron-de-chelsea-revele-un-nouveau-probleme\/#breadcrumb"},"inLanguage":"fr-FR","potentialAction":[{"@type":"ReadAction","target":["https:\/\/footdavant.fr\/actualites\/nouvelles-des-blessures-a-chelsea-enzo-maresca-leve-le-voile-sur-le-revers-du-milieu-de-terrain-alors-que-le-patron-de-chelsea-revele-un-nouveau-probleme\/"]}]},{"@type":"BreadcrumbList","@id":"https:\/\/footdavant.fr\/actualites\/nouvelles-des-blessures-a-chelsea-enzo-maresca-leve-le-voile-sur-le-revers-du-milieu-de-terrain-alors-que-le-patron-de-chelsea-revele-un-nouveau-probleme\/#breadcrumb","itemListElement":[{"@type":"ListItem","position":1,"name":"Accueil","item":"https:\/\/footdavant.fr\/actualites\/"},{"@type":"ListItem","position":2,"name":"Nouvelles des blessures \u00e0 Chelsea: Enzo Maresca l\u00e8ve le voile sur le revers du milieu de terrain alors que le patron de Chelsea r\u00e9v\u00e8le un nouveau probl\u00e8me"}]},{"@type":"WebSite","@id":"https:\/\/footdavant.fr\/actualites\/#website","url":"https:\/\/footdavant.fr\/actualites\/","name":"Foot d'avant","description":"","publisher":{"@id":"https:\/\/footdavant.fr\/actualites\/#organization"},"potentialAction":[{"@type":"SearchAction","target":{"@type":"EntryPoint","urlTemplate":"https:\/\/footdavant.fr\/actualites\/?s={search_term_string}"},"query-input":"required name=search_term_string"}],"inLanguage":"fr-FR"},{"@type":"Organization","@id":"https:\/\/footdavant.fr\/actualites\/#organization","name":"Foot d'avant","url":"https:\/\/footdavant.fr\/actualites\/","logo":{"@type":"ImageObject","inLanguage":"fr-FR","@id":"https:\/\/footdavant.fr\/actualites\/#\/schema\/logo\/image\/","url":"https:\/\/footdavant.fr\/actualites\/wp-content\/uploads\/2023\/09\/Copy-of-FootDavant-Logo.png","contentUrl":"https:\/\/footdavant.fr\/actualites\/wp-content\/uploads\/2023\/09\/Copy-of-FootDavant-Logo.png","width":936,"height":549,"caption":"Foot d'avant"},"image":{"@id":"https:\/\/footdavant.fr\/actualites\/#\/schema\/logo\/image\/"},"sameAs":["https:\/\/www.facebook.com\/Footdavant\/","https:\/\/twitter.com\/FootdavantFr","https:\/\/www.instagram.com\/footdavant.fr\/"]},{"@type":"Person","@id":"https:\/\/footdavant.fr\/actualites\/#\/schema\/person\/bc222566d95871b37e597b3ed3ba5e1d","name":"Cl\u00e9ment","image":{"@type":"ImageObject","inLanguage":"fr-FR","@id":"https:\/\/footdavant.fr\/actualites\/#\/schema\/person\/image\/","url":"https:\/\/secure.gravatar.com\/avatar\/7728b29aac2719421e1a9159b2254c44?s=96&d=mm&r=g","contentUrl":"https:\/\/secure.gravatar.com\/avatar\/7728b29aac2719421e1a9159b2254c44?s=96&d=mm&r=g","caption":"Cl\u00e9ment"},"sameAs":["https:\/\/footdavant.fr\/"]}]}},"_links":{"self":[{"href":"https:\/\/footdavant.fr\/actualites\/wp-json\/wp\/v2\/posts\/32529"}],"collection":[{"href":"https:\/\/footdavant.fr\/actualites\/wp-json\/wp\/v2\/posts"}],"about":[{"href":"https:\/\/footdavant.fr\/actualites\/wp-json\/wp\/v2\/types\/post"}],"author":[{"embeddable":true,"href":"https:\/\/footdavant.fr\/actualites\/wp-json\/wp\/v2\/users\/1"}],"replies":[{"embeddable":true,"href":"https:\/\/footdavant.fr\/actualites\/wp-json\/wp\/v2\/comments?post=32529"}],"version-history":[{"count":1,"href":"https:\/\/footdavant.fr\/actualites\/wp-json\/wp\/v2\/posts\/32529\/revisions"}],"predecessor-version":[{"id":32530,"href":"https:\/\/footdavant.fr\/actualites\/wp-json\/wp\/v2\/posts\/32529\/revisions\/32530"}],"wp:featuredmedia":[{"embeddable":true,"href":"https:\/\/footdavant.fr\/actualites\/wp-json\/wp\/v2\/media\/32293"}],"wp:attachment":[{"href":"https:\/\/footdavant.fr\/actualites\/wp-json\/wp\/v2\/media?parent=32529"}],"wp:term":[{"taxonomy":"category","embeddable":true,"href":"https:\/\/footdavant.fr\/actualites\/wp-json\/wp\/v2\/categories?post=32529"},{"taxonomy":"post_tag","embeddable":true,"href":"https:\/\/footdavant.fr\/actualites\/wp-json\/wp\/v2\/tags?post=32529"}],"curies":[{"name":"wp","href":"https:\/\/api.w.org\/{rel}","templated":true}]}}