{"id":32531,"date":"2025-12-19T15:49:10","date_gmt":"2025-12-19T14:49:10","guid":{"rendered":"https:\/\/footdavant.fr\/actualites\/kenan-yildiz-man-united-pret-a-debourser-100-millions-deuros-pour-lamine-yamal-de-la-juventus\/"},"modified":"2025-12-19T15:49:11","modified_gmt":"2025-12-19T14:49:11","slug":"kenan-yildiz-man-united-pret-a-debourser-100-millions-deuros-pour-lamine-yamal-de-la-juventus","status":"publish","type":"post","link":"https:\/\/footdavant.fr\/actualites\/kenan-yildiz-man-united-pret-a-debourser-100-millions-deuros-pour-lamine-yamal-de-la-juventus\/","title":{"rendered":"Kenan Yildiz: Man United pr\u00eat \u00e0 d\u00e9bourser 100 millions d&#39;euros pour Lamine Yamal de la Juventus &#8211;"},"content":{"rendered":"<div id=\"penci-post-entry-inner\">\n<p>\t\t\t<i class=\"penci-post-countview-number-check\" style=\"display:none\">3<\/i><\/p>\n<p>Manchester United souhaite ajouter plus de puissance de feu \u00e0 son attaque afin de renforcer sa promotion du football en Ligue des champions.<\/p>\n<p>Seul Manchester City a marqu\u00e9 plus de buts que les Red Devils en Premier League. Cependant, United a maintenant perdu les attaquants en forme Bryan Mbeumo et Amad Diallo lors de la Coupe d&#39;Afrique des Nations.<\/p>\n<p>Plus t\u00f4t cette semaine, The Telegraph a rapport\u00e9 que Ruben Amorim souhaitait compenser la perte d&#39;attaquants cl\u00e9s. En tant que tel, United mettra tout en \u0153uvre pour recruter Antoine Semenyo en janvier. Cependant, ils font face \u00e0 la concurrence de City, Tottenham Hotspur et Liverpool.<\/p>\n<p>Au milieu de cela, un rapport en Espagne sugg\u00e8re que United envisage un projet ambitieux pour une star de Serie A.<\/p>\n<h3>Manchester United envisage de faire un investissement important pour Yildiz<\/h3>\n<p>Semblable \u00e0 Semenyo, Kenan Yildiz est sur le radar de United depuis l&#39;\u00e9t\u00e9 dernier.<\/p>\n<p>Selon Fichajes, United est pr\u00eat \u00e0 d\u00e9bourser jusqu&#39;\u00e0 100 millions d&#39;euros pour recruter Yildiz de la Juventus.<\/p>\n<p>On pr\u00e9tend que l&#39;international turc souhaite rejoindre la Premier League, car son camp est convaincu que l&#39;attaquant tr\u00e8s appr\u00e9ci\u00e9 de 20 ans est pr\u00eat \u00e0 passer \u00e0 l&#39;\u00e9tape suivante.<\/p>\n<p>Malgr\u00e9 les difficult\u00e9s de l&#39;\u00e9quipe Turn, le jeune a \u00e9t\u00e9 directement impliqu\u00e9 dans 12 buts en 21 apparitions toutes comp\u00e9titions confondues cette saison.<\/p>\n<p>Il est li\u00e9 \u00e0 la Vieille Dame de Turin jusqu&#39;en 2029. Cependant, on pense que l&#39;offre astronomique de United pourrait suffire \u00e0 convaincre la Juve de se s\u00e9parer de son attaquant vedette plus t\u00f4t qu&#39;elle ne le souhaiterait.<\/p>\n<h3>Ruben Amorim veut un attaquant polyvalent<\/h3>\n<p>Les personnalit\u00e9s d&#39;Old Trafford admireraient Yildiz pour sa polyvalence et pensent qu&#39;il a le potentiel d&#39;am\u00e9liorer la comp\u00e9tition pour les places dans le syst\u00e8me d&#39;Amorim.<\/p>\n<p>Le \u00ab manque de d\u00e9termination \u00bb de Benjamin Sesko dans le dernier tiers suscite notamment des inqui\u00e9tudes. Le Slov\u00e8ne, techniquement dou\u00e9, a montr\u00e9 des signes prometteurs, mais il est trop inexp\u00e9riment\u00e9 pour mener seul la ligne des g\u00e9ants de la Premier League.<\/p>\n<p>Pendant ce temps, Joshua Zirkzee devrait revenir en Serie A, l&#39;AS Roma faisant pression pour sa signature. <\/p>\n<p>Yildiz est capable de jouer sur toute la ligne de front et m\u00eame au milieu offensif. La sensation turque est forte dans les duels et calme dans la possession. Il poss\u00e8de le flair et la vision de passe n\u00e9cessaires pour d\u00e9bloquer des d\u00e9fenses compactes, ce qui conduit \u00e0 des comparaisons avec la star de Barcelone Lamine Yamal.<\/p>\n<\/p>\n<hr\/>\n<p>The Peoples Person est l&#39;un des principaux sites d&#39;information de Man United au monde depuis plus d&#39;une d\u00e9cennie. Suivez-nous sur Bluesky\u00a0: @peoplesperson.bsky.social<\/p>\n<\/p>\n<p><!-- CONTENT END 2 --><\/p><\/div>\n","protected":false},"excerpt":{"rendered":"<p>3 Manchester United souhaite ajouter plus de puissance de feu \u00e0 son attaque afin de renforcer sa promotion du football en Ligue des champions. Seul<\/p>\n","protected":false},"author":1,"featured_media":32532,"comment_status":"closed","ping_status":"","sticky":false,"template":"","format":"standard","meta":{"footnotes":""},"categories":[3],"tags":[4596,1018,711,2017,4088,24,114,51,165,13,4089,2018],"yoast_head":"<!-- This site is optimized with the Yoast SEO plugin v21.0 - https:\/\/yoast.com\/wordpress\/plugins\/seo\/ -->\n<title>Kenan Yildiz: Man United pr\u00eat \u00e0 d\u00e9bourser 100 millions d&#039;euros pour Lamine Yamal de la Juventus -<\/title>\n<meta name=\"robots\" content=\"index, follow, max-snippet:-1, max-image-preview:large, max-video-preview:-1\" \/>\n<link rel=\"canonical\" href=\"https:\/\/footdavant.fr\/actualites\/kenan-yildiz-man-united-pret-a-debourser-100-millions-deuros-pour-lamine-yamal-de-la-juventus\/\" \/>\n<meta property=\"og:locale\" content=\"fr_FR\" \/>\n<meta property=\"og:type\" content=\"article\" \/>\n<meta property=\"og:title\" content=\"Kenan Yildiz: Man United pr\u00eat \u00e0 d\u00e9bourser 100 millions d&#039;euros pour Lamine Yamal de la Juventus -\" \/>\n<meta property=\"og:description\" content=\"3 Manchester United souhaite ajouter plus de puissance de feu \u00e0 son attaque afin de renforcer sa promotion du football en Ligue des champions. Seul\" \/>\n<meta property=\"og:url\" content=\"https:\/\/footdavant.fr\/actualites\/kenan-yildiz-man-united-pret-a-debourser-100-millions-deuros-pour-lamine-yamal-de-la-juventus\/\" \/>\n<meta property=\"og:site_name\" content=\"Foot d&#039;avant\" \/>\n<meta property=\"article:publisher\" content=\"https:\/\/www.facebook.com\/Footdavant\/\" \/>\n<meta property=\"article:published_time\" content=\"2025-12-19T14:49:10+00:00\" \/>\n<meta property=\"article:modified_time\" content=\"2025-12-19T14:49:11+00:00\" \/>\n<meta property=\"og:image\" content=\"https:\/\/footdavant.fr\/actualites\/wp-content\/uploads\/2025\/12\/Kenan-Yildiz-Man-United-pret-a-debourser-100-millions-d39euros.jpg\" \/>\n\t<meta property=\"og:image:width\" content=\"1600\" \/>\n\t<meta property=\"og:image:height\" content=\"700\" \/>\n\t<meta property=\"og:image:type\" content=\"image\/jpeg\" \/>\n<meta name=\"author\" content=\"Cl\u00e9ment\" \/>\n<meta name=\"twitter:card\" content=\"summary_large_image\" \/>\n<meta name=\"twitter:creator\" content=\"@FootdavantFr\" \/>\n<meta name=\"twitter:site\" content=\"@FootdavantFr\" \/>\n<meta name=\"twitter:label1\" content=\"\u00c9crit par\" \/>\n\t<meta name=\"twitter:data1\" content=\"Cl\u00e9ment\" \/>\n\t<meta name=\"twitter:label2\" content=\"Dur\u00e9e de lecture estim\u00e9e\" \/>\n\t<meta name=\"twitter:data2\" content=\"2 minutes\" \/>\n<script type=\"application\/ld+json\" class=\"yoast-schema-graph\">{\"@context\":\"https:\/\/schema.org\",\"@graph\":[{\"@type\":\"Article\",\"@id\":\"https:\/\/footdavant.fr\/actualites\/kenan-yildiz-man-united-pret-a-debourser-100-millions-deuros-pour-lamine-yamal-de-la-juventus\/#article\",\"isPartOf\":{\"@id\":\"https:\/\/footdavant.fr\/actualites\/kenan-yildiz-man-united-pret-a-debourser-100-millions-deuros-pour-lamine-yamal-de-la-juventus\/\"},\"author\":{\"name\":\"Cl\u00e9ment\",\"@id\":\"https:\/\/footdavant.fr\/actualites\/#\/schema\/person\/bc222566d95871b37e597b3ed3ba5e1d\"},\"headline\":\"Kenan Yildiz: Man United pr\u00eat \u00e0 d\u00e9bourser 100 millions d&#39;euros pour Lamine Yamal de la Juventus &#8211;\",\"datePublished\":\"2025-12-19T14:49:10+00:00\",\"dateModified\":\"2025-12-19T14:49:11+00:00\",\"mainEntityOfPage\":{\"@id\":\"https:\/\/footdavant.fr\/actualites\/kenan-yildiz-man-united-pret-a-debourser-100-millions-deuros-pour-lamine-yamal-de-la-juventus\/\"},\"wordCount\":476,\"publisher\":{\"@id\":\"https:\/\/footdavant.fr\/actualites\/#organization\"},\"keywords\":[\"d39euros\",\"d\u00e9bourser\",\"Juventus\",\"Kenan\",\"Lamine\",\"Man\",\"millions\",\"pour\",\"pr\u00eat\",\"United\",\"Yamal\",\"Yildiz\"],\"articleSection\":[\"Football\"],\"inLanguage\":\"fr-FR\"},{\"@type\":\"WebPage\",\"@id\":\"https:\/\/footdavant.fr\/actualites\/kenan-yildiz-man-united-pret-a-debourser-100-millions-deuros-pour-lamine-yamal-de-la-juventus\/\",\"url\":\"https:\/\/footdavant.fr\/actualites\/kenan-yildiz-man-united-pret-a-debourser-100-millions-deuros-pour-lamine-yamal-de-la-juventus\/\",\"name\":\"Kenan Yildiz: Man United pr\u00eat \u00e0 d\u00e9bourser 100 millions d&#39;euros pour Lamine Yamal de la Juventus -\",\"isPartOf\":{\"@id\":\"https:\/\/footdavant.fr\/actualites\/#website\"},\"datePublished\":\"2025-12-19T14:49:10+00:00\",\"dateModified\":\"2025-12-19T14:49:11+00:00\",\"breadcrumb\":{\"@id\":\"https:\/\/footdavant.fr\/actualites\/kenan-yildiz-man-united-pret-a-debourser-100-millions-deuros-pour-lamine-yamal-de-la-juventus\/#breadcrumb\"},\"inLanguage\":\"fr-FR\",\"potentialAction\":[{\"@type\":\"ReadAction\",\"target\":[\"https:\/\/footdavant.fr\/actualites\/kenan-yildiz-man-united-pret-a-debourser-100-millions-deuros-pour-lamine-yamal-de-la-juventus\/\"]}]},{\"@type\":\"BreadcrumbList\",\"@id\":\"https:\/\/footdavant.fr\/actualites\/kenan-yildiz-man-united-pret-a-debourser-100-millions-deuros-pour-lamine-yamal-de-la-juventus\/#breadcrumb\",\"itemListElement\":[{\"@type\":\"ListItem\",\"position\":1,\"name\":\"Accueil\",\"item\":\"https:\/\/footdavant.fr\/actualites\/\"},{\"@type\":\"ListItem\",\"position\":2,\"name\":\"Kenan Yildiz: Man United pr\u00eat \u00e0 d\u00e9bourser 100 millions d&#39;euros pour Lamine Yamal de la Juventus &#8211;\"}]},{\"@type\":\"WebSite\",\"@id\":\"https:\/\/footdavant.fr\/actualites\/#website\",\"url\":\"https:\/\/footdavant.fr\/actualites\/\",\"name\":\"Foot d'avant\",\"description\":\"\",\"publisher\":{\"@id\":\"https:\/\/footdavant.fr\/actualites\/#organization\"},\"potentialAction\":[{\"@type\":\"SearchAction\",\"target\":{\"@type\":\"EntryPoint\",\"urlTemplate\":\"https:\/\/footdavant.fr\/actualites\/?s={search_term_string}\"},\"query-input\":\"required name=search_term_string\"}],\"inLanguage\":\"fr-FR\"},{\"@type\":\"Organization\",\"@id\":\"https:\/\/footdavant.fr\/actualites\/#organization\",\"name\":\"Foot d'avant\",\"url\":\"https:\/\/footdavant.fr\/actualites\/\",\"logo\":{\"@type\":\"ImageObject\",\"inLanguage\":\"fr-FR\",\"@id\":\"https:\/\/footdavant.fr\/actualites\/#\/schema\/logo\/image\/\",\"url\":\"https:\/\/footdavant.fr\/actualites\/wp-content\/uploads\/2023\/09\/Copy-of-FootDavant-Logo.png\",\"contentUrl\":\"https:\/\/footdavant.fr\/actualites\/wp-content\/uploads\/2023\/09\/Copy-of-FootDavant-Logo.png\",\"width\":936,\"height\":549,\"caption\":\"Foot d'avant\"},\"image\":{\"@id\":\"https:\/\/footdavant.fr\/actualites\/#\/schema\/logo\/image\/\"},\"sameAs\":[\"https:\/\/www.facebook.com\/Footdavant\/\",\"https:\/\/twitter.com\/FootdavantFr\",\"https:\/\/www.instagram.com\/footdavant.fr\/\"]},{\"@type\":\"Person\",\"@id\":\"https:\/\/footdavant.fr\/actualites\/#\/schema\/person\/bc222566d95871b37e597b3ed3ba5e1d\",\"name\":\"Cl\u00e9ment\",\"image\":{\"@type\":\"ImageObject\",\"inLanguage\":\"fr-FR\",\"@id\":\"https:\/\/footdavant.fr\/actualites\/#\/schema\/person\/image\/\",\"url\":\"https:\/\/secure.gravatar.com\/avatar\/7728b29aac2719421e1a9159b2254c44?s=96&d=mm&r=g\",\"contentUrl\":\"https:\/\/secure.gravatar.com\/avatar\/7728b29aac2719421e1a9159b2254c44?s=96&d=mm&r=g\",\"caption\":\"Cl\u00e9ment\"},\"sameAs\":[\"https:\/\/footdavant.fr\/\"]}]}<\/script>\n<!-- \/ Yoast SEO plugin. -->","yoast_head_json":{"title":"Kenan Yildiz: Man United pr\u00eat \u00e0 d\u00e9bourser 100 millions d&#39;euros pour Lamine Yamal de la Juventus -","robots":{"index":"index","follow":"follow","max-snippet":"max-snippet:-1","max-image-preview":"max-image-preview:large","max-video-preview":"max-video-preview:-1"},"canonical":"https:\/\/footdavant.fr\/actualites\/kenan-yildiz-man-united-pret-a-debourser-100-millions-deuros-pour-lamine-yamal-de-la-juventus\/","og_locale":"fr_FR","og_type":"article","og_title":"Kenan Yildiz: Man United pr\u00eat \u00e0 d\u00e9bourser 100 millions d&#39;euros pour Lamine Yamal de la Juventus -","og_description":"3 Manchester United souhaite ajouter plus de puissance de feu \u00e0 son attaque afin de renforcer sa promotion du football en Ligue des champions. Seul","og_url":"https:\/\/footdavant.fr\/actualites\/kenan-yildiz-man-united-pret-a-debourser-100-millions-deuros-pour-lamine-yamal-de-la-juventus\/","og_site_name":"Foot d&#039;avant","article_publisher":"https:\/\/www.facebook.com\/Footdavant\/","article_published_time":"2025-12-19T14:49:10+00:00","article_modified_time":"2025-12-19T14:49:11+00:00","og_image":[{"width":1600,"height":700,"url":"https:\/\/footdavant.fr\/actualites\/wp-content\/uploads\/2025\/12\/Kenan-Yildiz-Man-United-pret-a-debourser-100-millions-d39euros.jpg","type":"image\/jpeg"}],"author":"Cl\u00e9ment","twitter_card":"summary_large_image","twitter_creator":"@FootdavantFr","twitter_site":"@FootdavantFr","twitter_misc":{"\u00c9crit par":"Cl\u00e9ment","Dur\u00e9e de lecture estim\u00e9e":"2 minutes"},"schema":{"@context":"https:\/\/schema.org","@graph":[{"@type":"Article","@id":"https:\/\/footdavant.fr\/actualites\/kenan-yildiz-man-united-pret-a-debourser-100-millions-deuros-pour-lamine-yamal-de-la-juventus\/#article","isPartOf":{"@id":"https:\/\/footdavant.fr\/actualites\/kenan-yildiz-man-united-pret-a-debourser-100-millions-deuros-pour-lamine-yamal-de-la-juventus\/"},"author":{"name":"Cl\u00e9ment","@id":"https:\/\/footdavant.fr\/actualites\/#\/schema\/person\/bc222566d95871b37e597b3ed3ba5e1d"},"headline":"Kenan Yildiz: Man United pr\u00eat \u00e0 d\u00e9bourser 100 millions d&#39;euros pour Lamine Yamal de la Juventus &#8211;","datePublished":"2025-12-19T14:49:10+00:00","dateModified":"2025-12-19T14:49:11+00:00","mainEntityOfPage":{"@id":"https:\/\/footdavant.fr\/actualites\/kenan-yildiz-man-united-pret-a-debourser-100-millions-deuros-pour-lamine-yamal-de-la-juventus\/"},"wordCount":476,"publisher":{"@id":"https:\/\/footdavant.fr\/actualites\/#organization"},"keywords":["d39euros","d\u00e9bourser","Juventus","Kenan","Lamine","Man","millions","pour","pr\u00eat","United","Yamal","Yildiz"],"articleSection":["Football"],"inLanguage":"fr-FR"},{"@type":"WebPage","@id":"https:\/\/footdavant.fr\/actualites\/kenan-yildiz-man-united-pret-a-debourser-100-millions-deuros-pour-lamine-yamal-de-la-juventus\/","url":"https:\/\/footdavant.fr\/actualites\/kenan-yildiz-man-united-pret-a-debourser-100-millions-deuros-pour-lamine-yamal-de-la-juventus\/","name":"Kenan Yildiz: Man United pr\u00eat \u00e0 d\u00e9bourser 100 millions d&#39;euros pour Lamine Yamal de la Juventus -","isPartOf":{"@id":"https:\/\/footdavant.fr\/actualites\/#website"},"datePublished":"2025-12-19T14:49:10+00:00","dateModified":"2025-12-19T14:49:11+00:00","breadcrumb":{"@id":"https:\/\/footdavant.fr\/actualites\/kenan-yildiz-man-united-pret-a-debourser-100-millions-deuros-pour-lamine-yamal-de-la-juventus\/#breadcrumb"},"inLanguage":"fr-FR","potentialAction":[{"@type":"ReadAction","target":["https:\/\/footdavant.fr\/actualites\/kenan-yildiz-man-united-pret-a-debourser-100-millions-deuros-pour-lamine-yamal-de-la-juventus\/"]}]},{"@type":"BreadcrumbList","@id":"https:\/\/footdavant.fr\/actualites\/kenan-yildiz-man-united-pret-a-debourser-100-millions-deuros-pour-lamine-yamal-de-la-juventus\/#breadcrumb","itemListElement":[{"@type":"ListItem","position":1,"name":"Accueil","item":"https:\/\/footdavant.fr\/actualites\/"},{"@type":"ListItem","position":2,"name":"Kenan Yildiz: Man United pr\u00eat \u00e0 d\u00e9bourser 100 millions d&#39;euros pour Lamine Yamal de la Juventus &#8211;"}]},{"@type":"WebSite","@id":"https:\/\/footdavant.fr\/actualites\/#website","url":"https:\/\/footdavant.fr\/actualites\/","name":"Foot d'avant","description":"","publisher":{"@id":"https:\/\/footdavant.fr\/actualites\/#organization"},"potentialAction":[{"@type":"SearchAction","target":{"@type":"EntryPoint","urlTemplate":"https:\/\/footdavant.fr\/actualites\/?s={search_term_string}"},"query-input":"required name=search_term_string"}],"inLanguage":"fr-FR"},{"@type":"Organization","@id":"https:\/\/footdavant.fr\/actualites\/#organization","name":"Foot d'avant","url":"https:\/\/footdavant.fr\/actualites\/","logo":{"@type":"ImageObject","inLanguage":"fr-FR","@id":"https:\/\/footdavant.fr\/actualites\/#\/schema\/logo\/image\/","url":"https:\/\/footdavant.fr\/actualites\/wp-content\/uploads\/2023\/09\/Copy-of-FootDavant-Logo.png","contentUrl":"https:\/\/footdavant.fr\/actualites\/wp-content\/uploads\/2023\/09\/Copy-of-FootDavant-Logo.png","width":936,"height":549,"caption":"Foot d'avant"},"image":{"@id":"https:\/\/footdavant.fr\/actualites\/#\/schema\/logo\/image\/"},"sameAs":["https:\/\/www.facebook.com\/Footdavant\/","https:\/\/twitter.com\/FootdavantFr","https:\/\/www.instagram.com\/footdavant.fr\/"]},{"@type":"Person","@id":"https:\/\/footdavant.fr\/actualites\/#\/schema\/person\/bc222566d95871b37e597b3ed3ba5e1d","name":"Cl\u00e9ment","image":{"@type":"ImageObject","inLanguage":"fr-FR","@id":"https:\/\/footdavant.fr\/actualites\/#\/schema\/person\/image\/","url":"https:\/\/secure.gravatar.com\/avatar\/7728b29aac2719421e1a9159b2254c44?s=96&d=mm&r=g","contentUrl":"https:\/\/secure.gravatar.com\/avatar\/7728b29aac2719421e1a9159b2254c44?s=96&d=mm&r=g","caption":"Cl\u00e9ment"},"sameAs":["https:\/\/footdavant.fr\/"]}]}},"_links":{"self":[{"href":"https:\/\/footdavant.fr\/actualites\/wp-json\/wp\/v2\/posts\/32531"}],"collection":[{"href":"https:\/\/footdavant.fr\/actualites\/wp-json\/wp\/v2\/posts"}],"about":[{"href":"https:\/\/footdavant.fr\/actualites\/wp-json\/wp\/v2\/types\/post"}],"author":[{"embeddable":true,"href":"https:\/\/footdavant.fr\/actualites\/wp-json\/wp\/v2\/users\/1"}],"replies":[{"embeddable":true,"href":"https:\/\/footdavant.fr\/actualites\/wp-json\/wp\/v2\/comments?post=32531"}],"version-history":[{"count":1,"href":"https:\/\/footdavant.fr\/actualites\/wp-json\/wp\/v2\/posts\/32531\/revisions"}],"predecessor-version":[{"id":32533,"href":"https:\/\/footdavant.fr\/actualites\/wp-json\/wp\/v2\/posts\/32531\/revisions\/32533"}],"wp:featuredmedia":[{"embeddable":true,"href":"https:\/\/footdavant.fr\/actualites\/wp-json\/wp\/v2\/media\/32532"}],"wp:attachment":[{"href":"https:\/\/footdavant.fr\/actualites\/wp-json\/wp\/v2\/media?parent=32531"}],"wp:term":[{"taxonomy":"category","embeddable":true,"href":"https:\/\/footdavant.fr\/actualites\/wp-json\/wp\/v2\/categories?post=32531"},{"taxonomy":"post_tag","embeddable":true,"href":"https:\/\/footdavant.fr\/actualites\/wp-json\/wp\/v2\/tags?post=32531"}],"curies":[{"name":"wp","href":"https:\/\/api.w.org\/{rel}","templated":true}]}}