{"id":3254,"date":"2023-12-31T10:54:08","date_gmt":"2023-12-31T09:54:08","guid":{"rendered":"https:\/\/footdavant.fr\/actualites\/gary-oneil-confirme-que-wolverhampton-wanderers-envisage-de-recruter-un-nouvel-attaquant\/"},"modified":"2023-12-31T10:54:08","modified_gmt":"2023-12-31T09:54:08","slug":"gary-oneil-confirme-que-wolverhampton-wanderers-envisage-de-recruter-un-nouvel-attaquant","status":"publish","type":"post","link":"https:\/\/footdavant.fr\/actualites\/gary-oneil-confirme-que-wolverhampton-wanderers-envisage-de-recruter-un-nouvel-attaquant\/","title":{"rendered":"Gary O&rsquo;Neil confirme que Wolverhampton Wanderers envisage de recruter un nouvel attaquant"},"content":{"rendered":"<p>L&rsquo;entra\u00eeneur-chef Gary O&rsquo;Neil confirme que les Wolverhampton Wanderers esp\u00e8rent recruter un nouvel avant-centre lors du mercato de janvier.<\/p>\n<div id=\"article_body\" itemprop=\"articleBody\">\n<h3 class=\"firstPara\">L&rsquo;entra\u00eeneur-chef <strong class=\"autotag\">Gary O&rsquo;Neil<\/strong> a confirm\u00e9 que <strong class=\"autotag\">Wanderers de Wolverhampton<\/strong> entrera sur le march\u00e9 des transferts pour un nouveau forward en janvier.<\/h3>\n<p>Mercredi soir, les Wolves ont r\u00e9alis\u00e9 une performance impitoyable pour remporter une victoire 4-1 \u00e0 Brentford et voir le club revenir \u00e0 la 11e position du classement de la Premier League.<\/p>\n<p>L&rsquo;\u00e9quipe des West Midlands a d\u00e9sormais marqu\u00e9 dans tous ses matches de haut niveau sauf deux cette saison, \u00e9chouant seulement \u00e0 marquer \u00e0 Manchester United et \u00e0 West Ham United.<\/p>\n<p>Cependant, des changements dans l&rsquo;\u00e9quipe \u00e9taient attendus depuis un certain temps avec le meilleur buteur <strong class=\"autotag\">Hwang Hee-chan<\/strong> doit repr\u00e9senter la Cor\u00e9e du Sud \u00e0 la Coupe d&rsquo;Asie en janvier.<\/p>\n<p>Sa forme et celle de <strong class=\"autotag\">Matheus Cunha<\/strong> a signifi\u00e9 que <strong class=\"autotag\">Sasa Kalajdzic<\/strong> et <strong class=\"autotag\">Fabio Silva<\/strong> ont vu leur temps de jeu fortement restreint depuis d\u00e9but ao\u00fbt.<\/p>\n<p>Des rapports ont indiqu\u00e9 que les Wolves parcouraient le march\u00e9 dans l&rsquo;espoir d&rsquo;identifier un nouvel ajout pour leur ligne de front le mois prochain.<\/p>\n<p class=\"imgI\">\n<p>O&rsquo;Neil a maintenant reconnu que ce serait le cas, sugg\u00e9rant \u00e9galement qu&rsquo;un autre joueur de gauche pourrait \u00eatre envisag\u00e9, gr\u00e2ce \u00e0 <strong class=\"autotag\">Rayan A\u00eft-Nouri<\/strong> s&rsquo;associer avec l&rsquo;Alg\u00e9rie pour la Coupe d&rsquo;Afrique des Nations.<\/p>\n<p>Parler \u00e0 <em>Amazon Prime Vid\u00e9o<\/em>l&rsquo;Anglais a d\u00e9clar\u00e9 : \u00ab\u00a0Nous allons certainement essayer de faire certaines choses, parce que Channy et Sasa sont vraiment nos seuls neuf, et Channy n&rsquo;est pas vraiment un neuf. Nous l&rsquo;utilisons comme un neuf parce que nous sommes un peu \u00e0 court l\u00e0-bas.<\/p>\n<p>\u00ab\u00a0Il va partir en mission internationale, Rayan sera absent, donc il y a un petit peu que nous devons faire, bien s\u00fbr. Mais ce sera dans les limites de ce qui est juste pour le club, peut-\u00eatre quelques sorties.\u00a0\u00bb<\/p>\n<p>Hwang s&rsquo;est mis dans la conversation pour le joueur de l&rsquo;ann\u00e9e en Premier League, avec chacun de ses 10 buts et deux passes d\u00e9cisives lors de matches s\u00e9par\u00e9s jusqu&rsquo;\u00e0 ce qu&rsquo;il contribue \u00e0 un doubl\u00e9 contre Brentford.<\/p>\n<p>Il est probable qu&rsquo;un transfert permanent ou temporaire soit trouv\u00e9 pour Silva, qui n&rsquo;a pas jou\u00e9 depuis le 9 novembre et a d\u00e9j\u00e0 \u00e9t\u00e9 li\u00e9 \u00e0 plusieurs clubs \u00e9trangers.<\/p>\n<p>Bien qu\u2019il ait marqu\u00e9 des buts gagnants contre Everton et Bournemouth, l\u2019avenir de Kalajdzic sera \u00e9galement remis en question apr\u00e8s avoir accumul\u00e9 seulement 282 minutes de football toutes comp\u00e9titions confondues en 2023-24.<\/p>\n<\/div>\n","protected":false},"excerpt":{"rendered":"<p>L&rsquo;entra\u00eeneur-chef Gary O&rsquo;Neil confirme que les Wolverhampton Wanderers esp\u00e8rent recruter un nouvel avant-centre lors du mercato de janvier. L&rsquo;entra\u00eeneur-chef Gary O&rsquo;Neil a confirm\u00e9 que Wanderers<\/p>\n","protected":false},"author":1,"featured_media":3255,"comment_status":"closed","ping_status":"","sticky":false,"template":"","format":"standard","meta":{"footnotes":""},"categories":[5],"tags":[778,40,496,743,886,444,1284,745,744],"yoast_head":"<!-- This site is optimized with the Yoast SEO plugin v21.0 - https:\/\/yoast.com\/wordpress\/plugins\/seo\/ -->\n<title>Gary O&#039;Neil confirme que Wolverhampton Wanderers envisage de recruter un nouvel attaquant<\/title>\n<meta name=\"robots\" content=\"index, follow, max-snippet:-1, max-image-preview:large, max-video-preview:-1\" \/>\n<link rel=\"canonical\" href=\"https:\/\/footdavant.fr\/actualites\/gary-oneil-confirme-que-wolverhampton-wanderers-envisage-de-recruter-un-nouvel-attaquant\/\" \/>\n<meta property=\"og:locale\" content=\"fr_FR\" \/>\n<meta property=\"og:type\" content=\"article\" \/>\n<meta property=\"og:title\" content=\"Gary O&#039;Neil confirme que Wolverhampton Wanderers envisage de recruter un nouvel attaquant\" \/>\n<meta property=\"og:description\" content=\"L&rsquo;entra\u00eeneur-chef Gary O&rsquo;Neil confirme que les Wolverhampton Wanderers esp\u00e8rent recruter un nouvel avant-centre lors du mercato de janvier. L&rsquo;entra\u00eeneur-chef Gary O&rsquo;Neil a confirm\u00e9 que Wanderers\" \/>\n<meta property=\"og:url\" content=\"https:\/\/footdavant.fr\/actualites\/gary-oneil-confirme-que-wolverhampton-wanderers-envisage-de-recruter-un-nouvel-attaquant\/\" \/>\n<meta property=\"og:site_name\" content=\"Foot d&#039;avant\" \/>\n<meta property=\"article:publisher\" content=\"https:\/\/www.facebook.com\/Footdavant\/\" \/>\n<meta property=\"article:published_time\" content=\"2023-12-31T09:54:08+00:00\" \/>\n<meta property=\"og:image\" content=\"https:\/\/footdavant.fr\/actualites\/wp-content\/uploads\/2023\/12\/Gary-ONeil-confirme-que-Wolverhampton-Wanderers-envisage-de-recruter-un.JPG\" \/>\n\t<meta property=\"og:image:width\" content=\"640\" \/>\n\t<meta property=\"og:image:height\" content=\"480\" \/>\n\t<meta property=\"og:image:type\" content=\"image\/jpeg\" \/>\n<meta name=\"author\" content=\"Cl\u00e9ment\" \/>\n<meta name=\"twitter:card\" content=\"summary_large_image\" \/>\n<meta name=\"twitter:creator\" content=\"@FootdavantFr\" \/>\n<meta name=\"twitter:site\" content=\"@FootdavantFr\" \/>\n<meta name=\"twitter:label1\" content=\"\u00c9crit par\" \/>\n\t<meta name=\"twitter:data1\" content=\"Cl\u00e9ment\" \/>\n\t<meta name=\"twitter:label2\" content=\"Dur\u00e9e de lecture estim\u00e9e\" \/>\n\t<meta name=\"twitter:data2\" content=\"2 minutes\" \/>\n<script type=\"application\/ld+json\" class=\"yoast-schema-graph\">{\"@context\":\"https:\/\/schema.org\",\"@graph\":[{\"@type\":\"Article\",\"@id\":\"https:\/\/footdavant.fr\/actualites\/gary-oneil-confirme-que-wolverhampton-wanderers-envisage-de-recruter-un-nouvel-attaquant\/#article\",\"isPartOf\":{\"@id\":\"https:\/\/footdavant.fr\/actualites\/gary-oneil-confirme-que-wolverhampton-wanderers-envisage-de-recruter-un-nouvel-attaquant\/\"},\"author\":{\"name\":\"Cl\u00e9ment\",\"@id\":\"https:\/\/footdavant.fr\/actualites\/#\/schema\/person\/bc222566d95871b37e597b3ed3ba5e1d\"},\"headline\":\"Gary O&rsquo;Neil confirme que Wolverhampton Wanderers envisage de recruter un nouvel attaquant\",\"datePublished\":\"2023-12-31T09:54:08+00:00\",\"dateModified\":\"2023-12-31T09:54:08+00:00\",\"mainEntityOfPage\":{\"@id\":\"https:\/\/footdavant.fr\/actualites\/gary-oneil-confirme-que-wolverhampton-wanderers-envisage-de-recruter-un-nouvel-attaquant\/\"},\"wordCount\":421,\"publisher\":{\"@id\":\"https:\/\/footdavant.fr\/actualites\/#organization\"},\"keywords\":[\"attaquant\",\"confirme\",\"envisage\",\"Gary\",\"nouvel\",\"ONeil\",\"recruter\",\"Wanderers\",\"Wolverhampton\"],\"articleSection\":[\"Premier League\"],\"inLanguage\":\"fr-FR\"},{\"@type\":\"WebPage\",\"@id\":\"https:\/\/footdavant.fr\/actualites\/gary-oneil-confirme-que-wolverhampton-wanderers-envisage-de-recruter-un-nouvel-attaquant\/\",\"url\":\"https:\/\/footdavant.fr\/actualites\/gary-oneil-confirme-que-wolverhampton-wanderers-envisage-de-recruter-un-nouvel-attaquant\/\",\"name\":\"Gary O'Neil confirme que Wolverhampton Wanderers envisage de recruter un nouvel attaquant\",\"isPartOf\":{\"@id\":\"https:\/\/footdavant.fr\/actualites\/#website\"},\"datePublished\":\"2023-12-31T09:54:08+00:00\",\"dateModified\":\"2023-12-31T09:54:08+00:00\",\"breadcrumb\":{\"@id\":\"https:\/\/footdavant.fr\/actualites\/gary-oneil-confirme-que-wolverhampton-wanderers-envisage-de-recruter-un-nouvel-attaquant\/#breadcrumb\"},\"inLanguage\":\"fr-FR\",\"potentialAction\":[{\"@type\":\"ReadAction\",\"target\":[\"https:\/\/footdavant.fr\/actualites\/gary-oneil-confirme-que-wolverhampton-wanderers-envisage-de-recruter-un-nouvel-attaquant\/\"]}]},{\"@type\":\"BreadcrumbList\",\"@id\":\"https:\/\/footdavant.fr\/actualites\/gary-oneil-confirme-que-wolverhampton-wanderers-envisage-de-recruter-un-nouvel-attaquant\/#breadcrumb\",\"itemListElement\":[{\"@type\":\"ListItem\",\"position\":1,\"name\":\"Accueil\",\"item\":\"https:\/\/footdavant.fr\/actualites\/\"},{\"@type\":\"ListItem\",\"position\":2,\"name\":\"Gary O&rsquo;Neil confirme que Wolverhampton Wanderers envisage de recruter un nouvel attaquant\"}]},{\"@type\":\"WebSite\",\"@id\":\"https:\/\/footdavant.fr\/actualites\/#website\",\"url\":\"https:\/\/footdavant.fr\/actualites\/\",\"name\":\"Foot d'avant\",\"description\":\"\",\"publisher\":{\"@id\":\"https:\/\/footdavant.fr\/actualites\/#organization\"},\"potentialAction\":[{\"@type\":\"SearchAction\",\"target\":{\"@type\":\"EntryPoint\",\"urlTemplate\":\"https:\/\/footdavant.fr\/actualites\/?s={search_term_string}\"},\"query-input\":\"required name=search_term_string\"}],\"inLanguage\":\"fr-FR\"},{\"@type\":\"Organization\",\"@id\":\"https:\/\/footdavant.fr\/actualites\/#organization\",\"name\":\"Foot d'avant\",\"url\":\"https:\/\/footdavant.fr\/actualites\/\",\"logo\":{\"@type\":\"ImageObject\",\"inLanguage\":\"fr-FR\",\"@id\":\"https:\/\/footdavant.fr\/actualites\/#\/schema\/logo\/image\/\",\"url\":\"https:\/\/footdavant.fr\/actualites\/wp-content\/uploads\/2023\/09\/Copy-of-FootDavant-Logo.png\",\"contentUrl\":\"https:\/\/footdavant.fr\/actualites\/wp-content\/uploads\/2023\/09\/Copy-of-FootDavant-Logo.png\",\"width\":936,\"height\":549,\"caption\":\"Foot d'avant\"},\"image\":{\"@id\":\"https:\/\/footdavant.fr\/actualites\/#\/schema\/logo\/image\/\"},\"sameAs\":[\"https:\/\/www.facebook.com\/Footdavant\/\",\"https:\/\/twitter.com\/FootdavantFr\",\"https:\/\/www.instagram.com\/footdavant.fr\/\"]},{\"@type\":\"Person\",\"@id\":\"https:\/\/footdavant.fr\/actualites\/#\/schema\/person\/bc222566d95871b37e597b3ed3ba5e1d\",\"name\":\"Cl\u00e9ment\",\"image\":{\"@type\":\"ImageObject\",\"inLanguage\":\"fr-FR\",\"@id\":\"https:\/\/footdavant.fr\/actualites\/#\/schema\/person\/image\/\",\"url\":\"https:\/\/secure.gravatar.com\/avatar\/7728b29aac2719421e1a9159b2254c44?s=96&d=mm&r=g\",\"contentUrl\":\"https:\/\/secure.gravatar.com\/avatar\/7728b29aac2719421e1a9159b2254c44?s=96&d=mm&r=g\",\"caption\":\"Cl\u00e9ment\"},\"sameAs\":[\"https:\/\/footdavant.fr\/\"]}]}<\/script>\n<!-- \/ Yoast SEO plugin. -->","yoast_head_json":{"title":"Gary O'Neil confirme que Wolverhampton Wanderers envisage de recruter un nouvel attaquant","robots":{"index":"index","follow":"follow","max-snippet":"max-snippet:-1","max-image-preview":"max-image-preview:large","max-video-preview":"max-video-preview:-1"},"canonical":"https:\/\/footdavant.fr\/actualites\/gary-oneil-confirme-que-wolverhampton-wanderers-envisage-de-recruter-un-nouvel-attaquant\/","og_locale":"fr_FR","og_type":"article","og_title":"Gary O'Neil confirme que Wolverhampton Wanderers envisage de recruter un nouvel attaquant","og_description":"L&rsquo;entra\u00eeneur-chef Gary O&rsquo;Neil confirme que les Wolverhampton Wanderers esp\u00e8rent recruter un nouvel avant-centre lors du mercato de janvier. L&rsquo;entra\u00eeneur-chef Gary O&rsquo;Neil a confirm\u00e9 que Wanderers","og_url":"https:\/\/footdavant.fr\/actualites\/gary-oneil-confirme-que-wolverhampton-wanderers-envisage-de-recruter-un-nouvel-attaquant\/","og_site_name":"Foot d&#039;avant","article_publisher":"https:\/\/www.facebook.com\/Footdavant\/","article_published_time":"2023-12-31T09:54:08+00:00","og_image":[{"width":640,"height":480,"url":"https:\/\/footdavant.fr\/actualites\/wp-content\/uploads\/2023\/12\/Gary-ONeil-confirme-que-Wolverhampton-Wanderers-envisage-de-recruter-un.JPG","type":"image\/jpeg"}],"author":"Cl\u00e9ment","twitter_card":"summary_large_image","twitter_creator":"@FootdavantFr","twitter_site":"@FootdavantFr","twitter_misc":{"\u00c9crit par":"Cl\u00e9ment","Dur\u00e9e de lecture estim\u00e9e":"2 minutes"},"schema":{"@context":"https:\/\/schema.org","@graph":[{"@type":"Article","@id":"https:\/\/footdavant.fr\/actualites\/gary-oneil-confirme-que-wolverhampton-wanderers-envisage-de-recruter-un-nouvel-attaquant\/#article","isPartOf":{"@id":"https:\/\/footdavant.fr\/actualites\/gary-oneil-confirme-que-wolverhampton-wanderers-envisage-de-recruter-un-nouvel-attaquant\/"},"author":{"name":"Cl\u00e9ment","@id":"https:\/\/footdavant.fr\/actualites\/#\/schema\/person\/bc222566d95871b37e597b3ed3ba5e1d"},"headline":"Gary O&rsquo;Neil confirme que Wolverhampton Wanderers envisage de recruter un nouvel attaquant","datePublished":"2023-12-31T09:54:08+00:00","dateModified":"2023-12-31T09:54:08+00:00","mainEntityOfPage":{"@id":"https:\/\/footdavant.fr\/actualites\/gary-oneil-confirme-que-wolverhampton-wanderers-envisage-de-recruter-un-nouvel-attaquant\/"},"wordCount":421,"publisher":{"@id":"https:\/\/footdavant.fr\/actualites\/#organization"},"keywords":["attaquant","confirme","envisage","Gary","nouvel","ONeil","recruter","Wanderers","Wolverhampton"],"articleSection":["Premier League"],"inLanguage":"fr-FR"},{"@type":"WebPage","@id":"https:\/\/footdavant.fr\/actualites\/gary-oneil-confirme-que-wolverhampton-wanderers-envisage-de-recruter-un-nouvel-attaquant\/","url":"https:\/\/footdavant.fr\/actualites\/gary-oneil-confirme-que-wolverhampton-wanderers-envisage-de-recruter-un-nouvel-attaquant\/","name":"Gary O'Neil confirme que Wolverhampton Wanderers envisage de recruter un nouvel attaquant","isPartOf":{"@id":"https:\/\/footdavant.fr\/actualites\/#website"},"datePublished":"2023-12-31T09:54:08+00:00","dateModified":"2023-12-31T09:54:08+00:00","breadcrumb":{"@id":"https:\/\/footdavant.fr\/actualites\/gary-oneil-confirme-que-wolverhampton-wanderers-envisage-de-recruter-un-nouvel-attaquant\/#breadcrumb"},"inLanguage":"fr-FR","potentialAction":[{"@type":"ReadAction","target":["https:\/\/footdavant.fr\/actualites\/gary-oneil-confirme-que-wolverhampton-wanderers-envisage-de-recruter-un-nouvel-attaquant\/"]}]},{"@type":"BreadcrumbList","@id":"https:\/\/footdavant.fr\/actualites\/gary-oneil-confirme-que-wolverhampton-wanderers-envisage-de-recruter-un-nouvel-attaquant\/#breadcrumb","itemListElement":[{"@type":"ListItem","position":1,"name":"Accueil","item":"https:\/\/footdavant.fr\/actualites\/"},{"@type":"ListItem","position":2,"name":"Gary O&rsquo;Neil confirme que Wolverhampton Wanderers envisage de recruter un nouvel attaquant"}]},{"@type":"WebSite","@id":"https:\/\/footdavant.fr\/actualites\/#website","url":"https:\/\/footdavant.fr\/actualites\/","name":"Foot d'avant","description":"","publisher":{"@id":"https:\/\/footdavant.fr\/actualites\/#organization"},"potentialAction":[{"@type":"SearchAction","target":{"@type":"EntryPoint","urlTemplate":"https:\/\/footdavant.fr\/actualites\/?s={search_term_string}"},"query-input":"required name=search_term_string"}],"inLanguage":"fr-FR"},{"@type":"Organization","@id":"https:\/\/footdavant.fr\/actualites\/#organization","name":"Foot d'avant","url":"https:\/\/footdavant.fr\/actualites\/","logo":{"@type":"ImageObject","inLanguage":"fr-FR","@id":"https:\/\/footdavant.fr\/actualites\/#\/schema\/logo\/image\/","url":"https:\/\/footdavant.fr\/actualites\/wp-content\/uploads\/2023\/09\/Copy-of-FootDavant-Logo.png","contentUrl":"https:\/\/footdavant.fr\/actualites\/wp-content\/uploads\/2023\/09\/Copy-of-FootDavant-Logo.png","width":936,"height":549,"caption":"Foot d'avant"},"image":{"@id":"https:\/\/footdavant.fr\/actualites\/#\/schema\/logo\/image\/"},"sameAs":["https:\/\/www.facebook.com\/Footdavant\/","https:\/\/twitter.com\/FootdavantFr","https:\/\/www.instagram.com\/footdavant.fr\/"]},{"@type":"Person","@id":"https:\/\/footdavant.fr\/actualites\/#\/schema\/person\/bc222566d95871b37e597b3ed3ba5e1d","name":"Cl\u00e9ment","image":{"@type":"ImageObject","inLanguage":"fr-FR","@id":"https:\/\/footdavant.fr\/actualites\/#\/schema\/person\/image\/","url":"https:\/\/secure.gravatar.com\/avatar\/7728b29aac2719421e1a9159b2254c44?s=96&d=mm&r=g","contentUrl":"https:\/\/secure.gravatar.com\/avatar\/7728b29aac2719421e1a9159b2254c44?s=96&d=mm&r=g","caption":"Cl\u00e9ment"},"sameAs":["https:\/\/footdavant.fr\/"]}]}},"_links":{"self":[{"href":"https:\/\/footdavant.fr\/actualites\/wp-json\/wp\/v2\/posts\/3254"}],"collection":[{"href":"https:\/\/footdavant.fr\/actualites\/wp-json\/wp\/v2\/posts"}],"about":[{"href":"https:\/\/footdavant.fr\/actualites\/wp-json\/wp\/v2\/types\/post"}],"author":[{"embeddable":true,"href":"https:\/\/footdavant.fr\/actualites\/wp-json\/wp\/v2\/users\/1"}],"replies":[{"embeddable":true,"href":"https:\/\/footdavant.fr\/actualites\/wp-json\/wp\/v2\/comments?post=3254"}],"version-history":[{"count":1,"href":"https:\/\/footdavant.fr\/actualites\/wp-json\/wp\/v2\/posts\/3254\/revisions"}],"predecessor-version":[{"id":3256,"href":"https:\/\/footdavant.fr\/actualites\/wp-json\/wp\/v2\/posts\/3254\/revisions\/3256"}],"wp:featuredmedia":[{"embeddable":true,"href":"https:\/\/footdavant.fr\/actualites\/wp-json\/wp\/v2\/media\/3255"}],"wp:attachment":[{"href":"https:\/\/footdavant.fr\/actualites\/wp-json\/wp\/v2\/media?parent=3254"}],"wp:term":[{"taxonomy":"category","embeddable":true,"href":"https:\/\/footdavant.fr\/actualites\/wp-json\/wp\/v2\/categories?post=3254"},{"taxonomy":"post_tag","embeddable":true,"href":"https:\/\/footdavant.fr\/actualites\/wp-json\/wp\/v2\/tags?post=3254"}],"curies":[{"name":"wp","href":"https:\/\/api.w.org\/{rel}","templated":true}]}}