{"id":32543,"date":"2025-12-19T23:48:11","date_gmt":"2025-12-19T22:48:11","guid":{"rendered":"https:\/\/footdavant.fr\/actualites\/liens-du-vendredi-arsenal-dans-la-communaute-merino-gyokeres-jesus-et-plus\/"},"modified":"2025-12-19T23:48:13","modified_gmt":"2025-12-19T22:48:13","slug":"liens-du-vendredi-arsenal-dans-la-communaute-merino-gyokeres-jesus-et-plus","status":"publish","type":"post","link":"https:\/\/footdavant.fr\/actualites\/liens-du-vendredi-arsenal-dans-la-communaute-merino-gyokeres-jesus-et-plus\/","title":{"rendered":"Liens du vendredi\u00a0: Arsenal dans la communaut\u00e9, Merino, Gyokeres, Jesus et plus"},"content":{"rendered":"<div>\n<p>Matin.<\/p>\n<p>Nous attendrons des nouvelles de Mikel Arteta ce matin sur les mises \u00e0 jour sur les blessures avant de faire un commentaire sur une histoire sugg\u00e9rant que le retour de Kai Havertz sera un peu plus tard que pr\u00e9vu. D&#39;apr\u00e8s ce que nous avions entendu, il envisageait le match apr\u00e8s No\u00ebl, mais avant le nouvel an, pour faire son retour, mais maintenant, ce serait peut-\u00eatre \u00e0 la mi-janvier.<\/p>\n<p>M\u00eame si cette histoire est exacte, elle n&#39;ajoute pas grand-chose \u00e0 son absence d\u00e9j\u00e0 prolong\u00e9e, mais voyons si le manager est d&#39;une mani\u00e8re ou d&#39;une autre ouvert \u00e0 ce sujet lorsqu&#39;il rencontrera la presse plus tard. Peut-\u00eatre que son cadeau de No\u00ebl au quatri\u00e8me pouvoir est une petite p\u00e9pite de nouvelles qu&#39;il ne fournirait normalement pas. Il ne veut pas \u00eatre Scrooge, n&#39;est-ce pas ?<\/p>\n<p>Cependant, pour le blog d&#39;aujourd&#39;hui, nous avons un petit lien, \u00e0 commencer par la visite d&#39;Andrew Allen au Arsenal Hub pour visiter Arsenal dans la communaut\u00e9 \u00e0 l&#39;occasion de son 40e anniversaire. Cela vaut vraiment la peine, et je pense que les gens peuvent \u00eatre un peu blas\u00e9s par l&#39;id\u00e9e d&#39;un club de football et du travail qu&#39;ils font au niveau local, mais ce genre de choses compte vraiment et cela ressort clairement de l&#39;article et des personnes \u00e0 qui Andrew a parl\u00e9. Lisez \u00e7a ici.<\/p>\n<p>Dans le cadre de cet \u00e9v\u00e9nement, Mikel Merino \u00e9tait pr\u00e9sent et Andrew a eu quelques minutes pour discuter avec lui des personnes qui ont influenc\u00e9 sa carri\u00e8re et de la fa\u00e7on dont son exp\u00e9rience l&#39;a vu faire partie du groupe de direction d&#39;Arsenal\u00a0:<\/p>\n<blockquote>\n<p>Je savais que j\u2019avais beaucoup d\u2019informations en t\u00eate \u00e0 donner \u00e0 mes co\u00e9quipiers. Je ne cherchais pas le groupe de direction ou quel que soit le r\u00f4le. J&#39;essayais juste d&#39;\u00eatre moi-m\u00eame, d&#39;aider les plus jeunes, d&#39;aider mes co\u00e9quipiers, de leur apporter mon exp\u00e9rience et de leur donner mon point de vue. Et je suppose qu&#39;ils ont simplement aim\u00e9 \u00e7a parce qu&#39;ils m&#39;ont fait entrer dans le groupe de direction, et cela renforce ma mentalit\u00e9.<\/p>\n<\/blockquote>\n<p>Il a l\u2019air d\u2019\u00eatre un gars formidable et un pro tellement solide. Ce regard que lui et Arteta ont \u00e9chang\u00e9 apr\u00e8s le match des Wolves m&#39;a beaucoup dit. Vous pouvez lire le reste ici.<\/p>\n<p>Viktor Gyokeres a fait l&#39;objet de discussions, en particulier ces derni\u00e8res semaines, o\u00f9 je pense qu&#39;au vu du calendrier, les gens s&#39;attendaient \u00e0 ce qu&#39;il ajoute \u00e0 son total de buts. Cela ne s&#39;est pas produit de cette fa\u00e7on, et sur Sky Sports, un excellent article de Nick Wright analyse la saison de l&#39;attaquant jusqu&#39;\u00e0 pr\u00e9sent. Ses co\u00e9quipiers ont-ils simplement besoin de lui offrir un meilleur service, ou peut-il faire plus lui-m\u00eame ? Lisez-le ici.<\/p>\n<p>En parlant d&#39;attaquants, Gabriel Jesus \u00e9crit dans le Player&#39;s Tribune \u00e0 propos de son absence en raison d&#39;une blessure au LCA\u00a0:<\/p>\n<blockquote>\n<p>Pour moi, une journ\u00e9e sans football est une journ\u00e9e terrible. C&#39;est comme \u00e7a depuis que j&#39;ai appris \u00e0 taper dans un ballon. Apr\u00e8s m&#39;\u00eatre d\u00e9chir\u00e9 le LCA, j&#39;ai eu 300 mauvais jours d&#39;affil\u00e9e. Lorsque le m\u00e9decin m\u2019a dit que je serais absent pendant 12 mois, je me suis effondr\u00e9 mentalement.<\/p>\n<\/blockquote>\n<p>Et sa d\u00e9termination \u00e0 rattraper le temps perdu, et le travail inachev\u00e9 qu&#39;il estime avoir dans ce club :<\/p>\n<blockquote>\n<p>J&#39;ai l&#39;impression que j&#39;ai une affaire inachev\u00e9e \u00e0 Arsenal. Je ne veux pas partir. Quand je suis venu ici pour rejoindre Mikel, mon objectif n&#39;\u00e9tait pas seulement de marquer des buts. Mon objectif \u00e9tait de gagner des titres. Je pense que c&#39;est pour \u00e7a que Mikel m&#39;a amen\u00e9 ici, il y a des ann\u00e9es. Je n&#39;ai pas toujours besoin d&#39;\u00eatre le num\u00e9ro 9 pour aider l&#39;\u00e9quipe.<br \/>Je ne suis pas encore l\u00e0 pour la m\u00e9t\u00e9o, hein ?! Je suis ici pour \u00e9crire l&#39;histoire.<\/p>\n<\/blockquote>\n<p>Il est pass\u00e9 d&#39;une sorte d&#39;homme oubli\u00e9 \u00e0 quelqu&#39;un dont on parle avec un optimisme feutr\u00e9. Je pense qu&#39;il faut reconna\u00eetre les difficult\u00e9s et l&#39;impact des blessures, mais aussi se rappeler qu&#39;il n&#39;a que 28 ans et que c&#39;est un joueur de qualit\u00e9. J&#39;esp\u00e8re qu&#39;il pourra rester en bonne sant\u00e9, \u00eatre pleinement en forme et s&#39;il le fait, il pourra apporter une grande contribution \u00e0 cette \u00e9quipe. Lisez le reste ici.<\/p>\n<p>De retour \u00e0 la maison, et dans sa chronique de cette semaine, Tim parle de concourir pour le titre \u00e0 une \u00e9poque o\u00f9 la peur de l&#39;\u00e9chec ne vient pas seulement de ce qui se passe sur le terrain, mais aussi de votre t\u00e9l\u00e9phone ou de votre ordinateur portable. On peut avoir l&#39;impression qu&#39;il n&#39;y a pas d&#39;\u00e9chappatoire. Lisez-le ici.<\/p>\n<p>Et enfin, il y a un Arsecast ci-dessous dans lequel je discute avec Kaya Kaynak de toutes sortes de choses, y compris la Coupe EFL. C&#39;est une de ces choses qui peuvent faire craindre aux gens quant \u00e0 notre capacit\u00e9 \u00e0 concourir pour le titre, mais cela pourrait-il aussi \u00eatre un carburant pour cette course ? Beaucoup de choses \u00e0 \u00e9couter.<\/p>\n<p>Nous aurons toutes les nouvelles de la conf\u00e9rence de presse de Mikel Arteta sur Arseblog News ce matin, et nous anticiperons le match contre Everton avec un podcast en avant-premi\u00e8re sur Patreon cet apr\u00e8s-midi. Pour l\u2019instant, passez une bonne journ\u00e9e les amis\u00a0!<\/p>\n<p><iframe loading=\"lazy\" src=\"https:\/\/embed.acast.com\/a1a58121-6fb4-43cf-8156-8d6df6fc312f\/694401ddaccce1f842bd1f5e\" width=\"100%\" height=\"300px\" frameborder=\"0\"><\/iframe><\/p>\n<\/div>\n","protected":false},"excerpt":{"rendered":"<p>Matin. Nous attendrons des nouvelles de Mikel Arteta ce matin sur les mises \u00e0 jour sur les blessures avant de faire un commentaire sur une<\/p>\n","protected":false},"author":1,"featured_media":32544,"comment_status":"closed","ping_status":"","sticky":false,"template":"","format":"standard","meta":{"footnotes":""},"categories":[3],"tags":[67,473,19,2304,234,1560,5548,1875],"yoast_head":"<!-- This site is optimized with the Yoast SEO plugin v21.0 - https:\/\/yoast.com\/wordpress\/plugins\/seo\/ -->\n<title>Liens du vendredi\u00a0: Arsenal dans la communaut\u00e9, Merino, Gyokeres, Jesus et plus<\/title>\n<meta name=\"robots\" content=\"index, follow, max-snippet:-1, max-image-preview:large, max-video-preview:-1\" \/>\n<link rel=\"canonical\" href=\"https:\/\/footdavant.fr\/actualites\/liens-du-vendredi-arsenal-dans-la-communaute-merino-gyokeres-jesus-et-plus\/\" \/>\n<meta property=\"og:locale\" content=\"fr_FR\" \/>\n<meta property=\"og:type\" content=\"article\" \/>\n<meta property=\"og:title\" content=\"Liens du vendredi\u00a0: Arsenal dans la communaut\u00e9, Merino, Gyokeres, Jesus et plus\" \/>\n<meta property=\"og:description\" content=\"Matin. Nous attendrons des nouvelles de Mikel Arteta ce matin sur les mises \u00e0 jour sur les blessures avant de faire un commentaire sur une\" \/>\n<meta property=\"og:url\" content=\"https:\/\/footdavant.fr\/actualites\/liens-du-vendredi-arsenal-dans-la-communaute-merino-gyokeres-jesus-et-plus\/\" \/>\n<meta property=\"og:site_name\" content=\"Foot d&#039;avant\" \/>\n<meta property=\"article:publisher\" content=\"https:\/\/www.facebook.com\/Footdavant\/\" \/>\n<meta property=\"article:published_time\" content=\"2025-12-19T22:48:11+00:00\" \/>\n<meta property=\"article:modified_time\" content=\"2025-12-19T22:48:13+00:00\" \/>\n<meta property=\"og:image\" content=\"https:\/\/footdavant.fr\/actualites\/wp-content\/uploads\/2025\/12\/Liens-du-vendredi-Arsenal-dans-la-communaute-Merino-Gyokeres-Jesus.jpg\" \/>\n\t<meta property=\"og:image:width\" content=\"1500\" \/>\n\t<meta property=\"og:image:height\" content=\"750\" \/>\n\t<meta property=\"og:image:type\" content=\"image\/jpeg\" \/>\n<meta name=\"author\" content=\"Cl\u00e9ment\" \/>\n<meta name=\"twitter:card\" content=\"summary_large_image\" \/>\n<meta name=\"twitter:creator\" content=\"@FootdavantFr\" \/>\n<meta name=\"twitter:site\" content=\"@FootdavantFr\" \/>\n<meta name=\"twitter:label1\" content=\"\u00c9crit par\" \/>\n\t<meta name=\"twitter:data1\" content=\"Cl\u00e9ment\" \/>\n\t<meta name=\"twitter:label2\" content=\"Dur\u00e9e de lecture estim\u00e9e\" \/>\n\t<meta name=\"twitter:data2\" content=\"5 minutes\" \/>\n<script type=\"application\/ld+json\" class=\"yoast-schema-graph\">{\"@context\":\"https:\/\/schema.org\",\"@graph\":[{\"@type\":\"Article\",\"@id\":\"https:\/\/footdavant.fr\/actualites\/liens-du-vendredi-arsenal-dans-la-communaute-merino-gyokeres-jesus-et-plus\/#article\",\"isPartOf\":{\"@id\":\"https:\/\/footdavant.fr\/actualites\/liens-du-vendredi-arsenal-dans-la-communaute-merino-gyokeres-jesus-et-plus\/\"},\"author\":{\"name\":\"Cl\u00e9ment\",\"@id\":\"https:\/\/footdavant.fr\/actualites\/#\/schema\/person\/bc222566d95871b37e597b3ed3ba5e1d\"},\"headline\":\"Liens du vendredi\u00a0: Arsenal dans la communaut\u00e9, Merino, Gyokeres, Jesus et plus\",\"datePublished\":\"2025-12-19T22:48:11+00:00\",\"dateModified\":\"2025-12-19T22:48:13+00:00\",\"mainEntityOfPage\":{\"@id\":\"https:\/\/footdavant.fr\/actualites\/liens-du-vendredi-arsenal-dans-la-communaute-merino-gyokeres-jesus-et-plus\/\"},\"wordCount\":961,\"publisher\":{\"@id\":\"https:\/\/footdavant.fr\/actualites\/#organization\"},\"keywords\":[\"Arsenal\",\"Communaut\u00e9\",\"dans\",\"Gyokeres\",\"Jesus\",\"liens\",\"Merino\",\"vendredi\"],\"articleSection\":[\"Football\"],\"inLanguage\":\"fr-FR\"},{\"@type\":\"WebPage\",\"@id\":\"https:\/\/footdavant.fr\/actualites\/liens-du-vendredi-arsenal-dans-la-communaute-merino-gyokeres-jesus-et-plus\/\",\"url\":\"https:\/\/footdavant.fr\/actualites\/liens-du-vendredi-arsenal-dans-la-communaute-merino-gyokeres-jesus-et-plus\/\",\"name\":\"Liens du vendredi\u00a0: Arsenal dans la communaut\u00e9, Merino, Gyokeres, Jesus et plus\",\"isPartOf\":{\"@id\":\"https:\/\/footdavant.fr\/actualites\/#website\"},\"datePublished\":\"2025-12-19T22:48:11+00:00\",\"dateModified\":\"2025-12-19T22:48:13+00:00\",\"breadcrumb\":{\"@id\":\"https:\/\/footdavant.fr\/actualites\/liens-du-vendredi-arsenal-dans-la-communaute-merino-gyokeres-jesus-et-plus\/#breadcrumb\"},\"inLanguage\":\"fr-FR\",\"potentialAction\":[{\"@type\":\"ReadAction\",\"target\":[\"https:\/\/footdavant.fr\/actualites\/liens-du-vendredi-arsenal-dans-la-communaute-merino-gyokeres-jesus-et-plus\/\"]}]},{\"@type\":\"BreadcrumbList\",\"@id\":\"https:\/\/footdavant.fr\/actualites\/liens-du-vendredi-arsenal-dans-la-communaute-merino-gyokeres-jesus-et-plus\/#breadcrumb\",\"itemListElement\":[{\"@type\":\"ListItem\",\"position\":1,\"name\":\"Accueil\",\"item\":\"https:\/\/footdavant.fr\/actualites\/\"},{\"@type\":\"ListItem\",\"position\":2,\"name\":\"Liens du vendredi\u00a0: Arsenal dans la communaut\u00e9, Merino, Gyokeres, Jesus et plus\"}]},{\"@type\":\"WebSite\",\"@id\":\"https:\/\/footdavant.fr\/actualites\/#website\",\"url\":\"https:\/\/footdavant.fr\/actualites\/\",\"name\":\"Foot d'avant\",\"description\":\"\",\"publisher\":{\"@id\":\"https:\/\/footdavant.fr\/actualites\/#organization\"},\"potentialAction\":[{\"@type\":\"SearchAction\",\"target\":{\"@type\":\"EntryPoint\",\"urlTemplate\":\"https:\/\/footdavant.fr\/actualites\/?s={search_term_string}\"},\"query-input\":\"required name=search_term_string\"}],\"inLanguage\":\"fr-FR\"},{\"@type\":\"Organization\",\"@id\":\"https:\/\/footdavant.fr\/actualites\/#organization\",\"name\":\"Foot d'avant\",\"url\":\"https:\/\/footdavant.fr\/actualites\/\",\"logo\":{\"@type\":\"ImageObject\",\"inLanguage\":\"fr-FR\",\"@id\":\"https:\/\/footdavant.fr\/actualites\/#\/schema\/logo\/image\/\",\"url\":\"https:\/\/footdavant.fr\/actualites\/wp-content\/uploads\/2023\/09\/Copy-of-FootDavant-Logo.png\",\"contentUrl\":\"https:\/\/footdavant.fr\/actualites\/wp-content\/uploads\/2023\/09\/Copy-of-FootDavant-Logo.png\",\"width\":936,\"height\":549,\"caption\":\"Foot d'avant\"},\"image\":{\"@id\":\"https:\/\/footdavant.fr\/actualites\/#\/schema\/logo\/image\/\"},\"sameAs\":[\"https:\/\/www.facebook.com\/Footdavant\/\",\"https:\/\/twitter.com\/FootdavantFr\",\"https:\/\/www.instagram.com\/footdavant.fr\/\"]},{\"@type\":\"Person\",\"@id\":\"https:\/\/footdavant.fr\/actualites\/#\/schema\/person\/bc222566d95871b37e597b3ed3ba5e1d\",\"name\":\"Cl\u00e9ment\",\"image\":{\"@type\":\"ImageObject\",\"inLanguage\":\"fr-FR\",\"@id\":\"https:\/\/footdavant.fr\/actualites\/#\/schema\/person\/image\/\",\"url\":\"https:\/\/secure.gravatar.com\/avatar\/7728b29aac2719421e1a9159b2254c44?s=96&d=mm&r=g\",\"contentUrl\":\"https:\/\/secure.gravatar.com\/avatar\/7728b29aac2719421e1a9159b2254c44?s=96&d=mm&r=g\",\"caption\":\"Cl\u00e9ment\"},\"sameAs\":[\"https:\/\/footdavant.fr\/\"]}]}<\/script>\n<!-- \/ Yoast SEO plugin. -->","yoast_head_json":{"title":"Liens du vendredi\u00a0: Arsenal dans la communaut\u00e9, Merino, Gyokeres, Jesus et plus","robots":{"index":"index","follow":"follow","max-snippet":"max-snippet:-1","max-image-preview":"max-image-preview:large","max-video-preview":"max-video-preview:-1"},"canonical":"https:\/\/footdavant.fr\/actualites\/liens-du-vendredi-arsenal-dans-la-communaute-merino-gyokeres-jesus-et-plus\/","og_locale":"fr_FR","og_type":"article","og_title":"Liens du vendredi\u00a0: Arsenal dans la communaut\u00e9, Merino, Gyokeres, Jesus et plus","og_description":"Matin. Nous attendrons des nouvelles de Mikel Arteta ce matin sur les mises \u00e0 jour sur les blessures avant de faire un commentaire sur une","og_url":"https:\/\/footdavant.fr\/actualites\/liens-du-vendredi-arsenal-dans-la-communaute-merino-gyokeres-jesus-et-plus\/","og_site_name":"Foot d&#039;avant","article_publisher":"https:\/\/www.facebook.com\/Footdavant\/","article_published_time":"2025-12-19T22:48:11+00:00","article_modified_time":"2025-12-19T22:48:13+00:00","og_image":[{"width":1500,"height":750,"url":"https:\/\/footdavant.fr\/actualites\/wp-content\/uploads\/2025\/12\/Liens-du-vendredi-Arsenal-dans-la-communaute-Merino-Gyokeres-Jesus.jpg","type":"image\/jpeg"}],"author":"Cl\u00e9ment","twitter_card":"summary_large_image","twitter_creator":"@FootdavantFr","twitter_site":"@FootdavantFr","twitter_misc":{"\u00c9crit par":"Cl\u00e9ment","Dur\u00e9e de lecture estim\u00e9e":"5 minutes"},"schema":{"@context":"https:\/\/schema.org","@graph":[{"@type":"Article","@id":"https:\/\/footdavant.fr\/actualites\/liens-du-vendredi-arsenal-dans-la-communaute-merino-gyokeres-jesus-et-plus\/#article","isPartOf":{"@id":"https:\/\/footdavant.fr\/actualites\/liens-du-vendredi-arsenal-dans-la-communaute-merino-gyokeres-jesus-et-plus\/"},"author":{"name":"Cl\u00e9ment","@id":"https:\/\/footdavant.fr\/actualites\/#\/schema\/person\/bc222566d95871b37e597b3ed3ba5e1d"},"headline":"Liens du vendredi\u00a0: Arsenal dans la communaut\u00e9, Merino, Gyokeres, Jesus et plus","datePublished":"2025-12-19T22:48:11+00:00","dateModified":"2025-12-19T22:48:13+00:00","mainEntityOfPage":{"@id":"https:\/\/footdavant.fr\/actualites\/liens-du-vendredi-arsenal-dans-la-communaute-merino-gyokeres-jesus-et-plus\/"},"wordCount":961,"publisher":{"@id":"https:\/\/footdavant.fr\/actualites\/#organization"},"keywords":["Arsenal","Communaut\u00e9","dans","Gyokeres","Jesus","liens","Merino","vendredi"],"articleSection":["Football"],"inLanguage":"fr-FR"},{"@type":"WebPage","@id":"https:\/\/footdavant.fr\/actualites\/liens-du-vendredi-arsenal-dans-la-communaute-merino-gyokeres-jesus-et-plus\/","url":"https:\/\/footdavant.fr\/actualites\/liens-du-vendredi-arsenal-dans-la-communaute-merino-gyokeres-jesus-et-plus\/","name":"Liens du vendredi\u00a0: Arsenal dans la communaut\u00e9, Merino, Gyokeres, Jesus et plus","isPartOf":{"@id":"https:\/\/footdavant.fr\/actualites\/#website"},"datePublished":"2025-12-19T22:48:11+00:00","dateModified":"2025-12-19T22:48:13+00:00","breadcrumb":{"@id":"https:\/\/footdavant.fr\/actualites\/liens-du-vendredi-arsenal-dans-la-communaute-merino-gyokeres-jesus-et-plus\/#breadcrumb"},"inLanguage":"fr-FR","potentialAction":[{"@type":"ReadAction","target":["https:\/\/footdavant.fr\/actualites\/liens-du-vendredi-arsenal-dans-la-communaute-merino-gyokeres-jesus-et-plus\/"]}]},{"@type":"BreadcrumbList","@id":"https:\/\/footdavant.fr\/actualites\/liens-du-vendredi-arsenal-dans-la-communaute-merino-gyokeres-jesus-et-plus\/#breadcrumb","itemListElement":[{"@type":"ListItem","position":1,"name":"Accueil","item":"https:\/\/footdavant.fr\/actualites\/"},{"@type":"ListItem","position":2,"name":"Liens du vendredi\u00a0: Arsenal dans la communaut\u00e9, Merino, Gyokeres, Jesus et plus"}]},{"@type":"WebSite","@id":"https:\/\/footdavant.fr\/actualites\/#website","url":"https:\/\/footdavant.fr\/actualites\/","name":"Foot d'avant","description":"","publisher":{"@id":"https:\/\/footdavant.fr\/actualites\/#organization"},"potentialAction":[{"@type":"SearchAction","target":{"@type":"EntryPoint","urlTemplate":"https:\/\/footdavant.fr\/actualites\/?s={search_term_string}"},"query-input":"required name=search_term_string"}],"inLanguage":"fr-FR"},{"@type":"Organization","@id":"https:\/\/footdavant.fr\/actualites\/#organization","name":"Foot d'avant","url":"https:\/\/footdavant.fr\/actualites\/","logo":{"@type":"ImageObject","inLanguage":"fr-FR","@id":"https:\/\/footdavant.fr\/actualites\/#\/schema\/logo\/image\/","url":"https:\/\/footdavant.fr\/actualites\/wp-content\/uploads\/2023\/09\/Copy-of-FootDavant-Logo.png","contentUrl":"https:\/\/footdavant.fr\/actualites\/wp-content\/uploads\/2023\/09\/Copy-of-FootDavant-Logo.png","width":936,"height":549,"caption":"Foot d'avant"},"image":{"@id":"https:\/\/footdavant.fr\/actualites\/#\/schema\/logo\/image\/"},"sameAs":["https:\/\/www.facebook.com\/Footdavant\/","https:\/\/twitter.com\/FootdavantFr","https:\/\/www.instagram.com\/footdavant.fr\/"]},{"@type":"Person","@id":"https:\/\/footdavant.fr\/actualites\/#\/schema\/person\/bc222566d95871b37e597b3ed3ba5e1d","name":"Cl\u00e9ment","image":{"@type":"ImageObject","inLanguage":"fr-FR","@id":"https:\/\/footdavant.fr\/actualites\/#\/schema\/person\/image\/","url":"https:\/\/secure.gravatar.com\/avatar\/7728b29aac2719421e1a9159b2254c44?s=96&d=mm&r=g","contentUrl":"https:\/\/secure.gravatar.com\/avatar\/7728b29aac2719421e1a9159b2254c44?s=96&d=mm&r=g","caption":"Cl\u00e9ment"},"sameAs":["https:\/\/footdavant.fr\/"]}]}},"_links":{"self":[{"href":"https:\/\/footdavant.fr\/actualites\/wp-json\/wp\/v2\/posts\/32543"}],"collection":[{"href":"https:\/\/footdavant.fr\/actualites\/wp-json\/wp\/v2\/posts"}],"about":[{"href":"https:\/\/footdavant.fr\/actualites\/wp-json\/wp\/v2\/types\/post"}],"author":[{"embeddable":true,"href":"https:\/\/footdavant.fr\/actualites\/wp-json\/wp\/v2\/users\/1"}],"replies":[{"embeddable":true,"href":"https:\/\/footdavant.fr\/actualites\/wp-json\/wp\/v2\/comments?post=32543"}],"version-history":[{"count":1,"href":"https:\/\/footdavant.fr\/actualites\/wp-json\/wp\/v2\/posts\/32543\/revisions"}],"predecessor-version":[{"id":32545,"href":"https:\/\/footdavant.fr\/actualites\/wp-json\/wp\/v2\/posts\/32543\/revisions\/32545"}],"wp:featuredmedia":[{"embeddable":true,"href":"https:\/\/footdavant.fr\/actualites\/wp-json\/wp\/v2\/media\/32544"}],"wp:attachment":[{"href":"https:\/\/footdavant.fr\/actualites\/wp-json\/wp\/v2\/media?parent=32543"}],"wp:term":[{"taxonomy":"category","embeddable":true,"href":"https:\/\/footdavant.fr\/actualites\/wp-json\/wp\/v2\/categories?post=32543"},{"taxonomy":"post_tag","embeddable":true,"href":"https:\/\/footdavant.fr\/actualites\/wp-json\/wp\/v2\/tags?post=32543"}],"curies":[{"name":"wp","href":"https:\/\/api.w.org\/{rel}","templated":true}]}}