{"id":32561,"date":"2025-12-20T11:48:12","date_gmt":"2025-12-20T10:48:12","guid":{"rendered":"https:\/\/footdavant.fr\/actualites\/jadon-sancho-unai-emery-pense-que-le-prete-de-man-united-peut-retrouver-la-meilleure-forme\/"},"modified":"2025-12-20T11:48:13","modified_gmt":"2025-12-20T10:48:13","slug":"jadon-sancho-unai-emery-pense-que-le-prete-de-man-united-peut-retrouver-la-meilleure-forme","status":"publish","type":"post","link":"https:\/\/footdavant.fr\/actualites\/jadon-sancho-unai-emery-pense-que-le-prete-de-man-united-peut-retrouver-la-meilleure-forme\/","title":{"rendered":"Jadon Sancho: Unai Emery pense que le pr\u00eat\u00e9 de Man United peut retrouver la meilleure forme \u2013"},"content":{"rendered":"<div id=\"penci-post-entry-inner\">\n<p>\t\t\t<i class=\"penci-post-countview-number-check\" style=\"display:none\">5<\/i><\/p>\n<p>Manchester United a investi une petite fortune dans Jadon Sancho \u00e0 l&#39;\u00e9t\u00e9 2021, mais on peut affirmer sans se tromper que le joueur n&#39;a pas r\u00e9pondu aux attentes du Th\u00e9\u00e2tre des r\u00eaves.<\/p>\n<p>Les performances de classe mondiale de l&#39;Anglais au Borussia Dortmund ont convaincu les Red Devils d&#39;obtenir sa signature dans le cadre d&#39;un accord de 73 millions de livres sterling. <\/p>\n<p>Malheureusement, Sancho n&#39;est plus que l&#39;ombre de lui-m\u00eame \u00e0 Old Trafford, tandis que son passage avec les g\u00e9ants de la Premier League a \u00e9galement \u00e9t\u00e9 entach\u00e9 de controverses.<\/p>\n<h3>Les malheurs de Sancho \u00e0 Old Trafford<\/h3>\n<p>Sancho \u00e9tait dans et hors du onze de d\u00e9part sous la direction d&#39;Ole Gunnar Solskjaer et Erik ten Hag, avant de se retrouver m\u00eal\u00e9 \u00e0 une controverse avec le manager n\u00e9erlandais. La r\u00e9ponse publique de l&#39;Anglais aux critiques de Ten Hag l&#39;a vu banni de l&#39;\u00e9quipe premi\u00e8re au d\u00e9but de la campagne 2023\/24.<\/p>\n<p>Le joueur est revenu au Borussia Dortmund en janvier 2024 dans le cadre d&#39;un contrat temporaire, avant de rejoindre Chelsea gr\u00e2ce \u00e0 un pr\u00eat d&#39;une saison plus tard cet \u00e9t\u00e9-l\u00e0. Les Blues avaient l&#39;obligation d&#39;acheter d\u00e9finitivement Sancho \u00e0 la fin de la saison derni\u00e8re, mais ont pay\u00e9 une somme modique pour annuler cette clause.<\/p>\n<p>Pendant ce temps, United a r\u00e9organis\u00e9 son attaque au cours de l&#39;\u00e9t\u00e9, et comme le joueur de 25 ans ne fait plus partie des plans de Ruben Amorim, il a \u00e9t\u00e9 pr\u00eat\u00e9 \u00e0 Aston Villa. Malheureusement, Sancho a connu des difficult\u00e9s \u00e0 Villa Park jusqu&#39;\u00e0 pr\u00e9sent, faisant 13 apparitions dans toutes les comp\u00e9titions, dont cinq d\u00e9parts.<\/p>\n<h2 id=\"tablepress-435-name\" class=\"tablepress-table-name tablepress-table-name-id-435\">Stats de Jadon Sancho: saison 2025\/26<\/h2>\n<table id=\"tablepress-435\" class=\"tablepress tablepress-id-435\" aria-labelledby=\"tablepress-435-name\">\n<thead>\n<tr class=\"row-1\">\n<th class=\"column-1\">Concours<\/th>\n<th class=\"column-2\">Apparitions<\/th>\n<th class=\"column-3\">Objectifs<\/th>\n<th class=\"column-4\">Aides<\/th>\n<th class=\"column-5\">Cartons jaunes<\/th>\n<th class=\"column-6\">Cartons rouges<\/th>\n<th class=\"column-7\">Minutes jou\u00e9es<\/th>\n<\/tr>\n<\/thead>\n<tbody class=\"row-striping row-hover\">\n<tr class=\"row-2\">\n<td class=\"column-1\">Premi\u00e8re Ligue<\/td>\n<td class=\"column-2\">7<\/td>\n<td class=\"column-3\">&#8211;<\/td>\n<td class=\"column-4\">&#8211;<\/td>\n<td class=\"column-5\">&#8211;<\/td>\n<td class=\"column-6\">&#8211;<\/td>\n<td class=\"column-7\">127&#39;<\/td>\n<\/tr>\n<tr class=\"row-3\">\n<td class=\"column-1\">Ligue Europa de l&#39;UEFA<\/td>\n<td class=\"column-2\">5<\/td>\n<td class=\"column-3\">&#8211;<\/td>\n<td class=\"column-4\">&#8211;<\/td>\n<td class=\"column-5\">&#8211;<\/td>\n<td class=\"column-6\">&#8211;<\/td>\n<td class=\"column-7\">328&#39;<\/td>\n<\/tr>\n<tr class=\"row-4\">\n<td class=\"column-1\">Coupe EFL<\/td>\n<td class=\"column-2\">1<\/td>\n<td class=\"column-3\">&#8211;<\/td>\n<td class=\"column-4\">&#8211;<\/td>\n<td class=\"column-5\">&#8211;<\/td>\n<td class=\"column-6\">&#8211;<\/td>\n<td class=\"column-7\">74&#39;<\/td>\n<\/tr>\n<tr class=\"row-5\">\n<td class=\"column-1\"><\/td>\n<td class=\"column-2\"><\/td>\n<td class=\"column-3\"><\/td>\n<td class=\"column-4\"><\/td>\n<td class=\"column-5\"><\/td>\n<td class=\"column-6\"><\/td>\n<td class=\"column-7\"><\/td>\n<\/tr>\n<\/tbody>\n<\/table>\n<p><!-- #tablepress-435 from cache --><\/p>\n<p>La forme du joueur a fait parler d&#39;une \u00e9ventuelle r\u00e9siliation de l&#39;accord de pr\u00eat, avec un r\u00e9cent rapport relay\u00e9 par The Peoples Person indiquant que Fenerbahce est pr\u00eat \u00e0 le retirer en janvier. Le directeur de la villa, Unai Emery, a maintenant fait part de ses r\u00e9flexions sur l&#39;avenir du joueur.<\/p>\n<h3>Unai Emery compte sur Sancho<\/h3>\n<p>S&#39;adressant \u00e0 la presse, cit\u00e9 par le Birmingham Mail, Emery a insist\u00e9 sur le fait qu&#39;il comptait sur Sancho pour la seconde moiti\u00e9 de la saison. Il a d\u00e9clar\u00e9 : \u00ab\u00a0Jadon est encore jeune. Il a eu une carri\u00e8re incroyable et se trouve maintenant \u00e0 un moment o\u00f9 il a besoin d&#39;aide pour retrouver sa meilleure performance.\u00a0\u00bb<\/p>\n<p>\u00ab\u00a0J&#39;ai ce d\u00e9fi avec lui. Il a ce d\u00e9fi avec moi aussi. Bien s\u00fbr, il ne joue pas toutes les minutes, je pense qu&#39;il doit le faire. Mais dans la deuxi\u00e8me partie de la saison, je crois en lui. Il est vraiment exigeant pour essayer de vivre son meilleur moment cette saison avec nous.\u00a0\u00bb<\/p>\n<p>\u00ab\u00a0Bien s\u00fbr, dimanche, nous terminons le mois de d\u00e9cembre et nous commencerons bient\u00f4t janvier. Le premier match qu&#39;il jouera sera contre Chelsea. Il a ce d\u00e9fi avec moi et lui-m\u00eame, et avec le club aussi. Je crois en lui et j&#39;esp\u00e8re que nous pourrons le relever. \u00ab\u00a0<\/p>\n<p>United affrontera Villa le dimanche 21 d\u00e9cembre \u00e0 Old Trafford, mais Sancho n&#39;est pas \u00e9ligible pour affronter son club parent. <\/p>\n<h3>Pens\u00e9es finales<\/h3>\n<p>Le contrat de Sancho expire \u00e0 la fin de cette saison et il semble peu probable que United lui propose un nouveau contrat. <\/p>\n<p>Selon certaines informations, Dortmund pourrait envisager un retour pour son fils prodigue s&#39;il est disponible pour un transfert gratuit l&#39;\u00e9t\u00e9 prochain, il est donc peu probable que l&#39;Anglais soit \u00e0 court d&#39;options. Les Diables Rouges, quant \u00e0 eux, seront d\u00e9termin\u00e9s \u00e0 mettre un terme une bonne fois pour toutes \u00e0 cette saga en 2026. <\/p>\n<hr\/>\n<p>The Peoples Person est l&#39;un des principaux sites d&#39;information de Man United au monde depuis plus d&#39;une d\u00e9cennie. Suivez-nous sur Bluesky\u00a0: @peoplesperson.bsky.social<\/p>\n<\/p>\n<p><!-- CONTENT END 2 --><\/p><\/div>\n","protected":false},"excerpt":{"rendered":"<p>5 Manchester United a investi une petite fortune dans Jadon Sancho \u00e0 l&#39;\u00e9t\u00e9 2021, mais on peut affirmer sans se tromper que le joueur n&#39;a<\/p>\n","protected":false},"author":1,"featured_media":32562,"comment_status":"closed","ping_status":"","sticky":false,"template":"","format":"standard","meta":{"footnotes":""},"categories":[3],"tags":[641,563,353,24,80,2424,128,1602,3183,354,640,13],"yoast_head":"<!-- This site is optimized with the Yoast SEO plugin v21.0 - https:\/\/yoast.com\/wordpress\/plugins\/seo\/ -->\n<title>Jadon Sancho: Unai Emery pense que le pr\u00eat\u00e9 de Man United peut retrouver la meilleure forme \u2013<\/title>\n<meta name=\"robots\" content=\"index, follow, max-snippet:-1, max-image-preview:large, max-video-preview:-1\" \/>\n<link rel=\"canonical\" href=\"https:\/\/footdavant.fr\/actualites\/jadon-sancho-unai-emery-pense-que-le-prete-de-man-united-peut-retrouver-la-meilleure-forme\/\" \/>\n<meta property=\"og:locale\" content=\"fr_FR\" \/>\n<meta property=\"og:type\" content=\"article\" \/>\n<meta property=\"og:title\" content=\"Jadon Sancho: Unai Emery pense que le pr\u00eat\u00e9 de Man United peut retrouver la meilleure forme \u2013\" \/>\n<meta property=\"og:description\" content=\"5 Manchester United a investi une petite fortune dans Jadon Sancho \u00e0 l&#039;\u00e9t\u00e9 2021, mais on peut affirmer sans se tromper que le joueur n&#039;a\" \/>\n<meta property=\"og:url\" content=\"https:\/\/footdavant.fr\/actualites\/jadon-sancho-unai-emery-pense-que-le-prete-de-man-united-peut-retrouver-la-meilleure-forme\/\" \/>\n<meta property=\"og:site_name\" content=\"Foot d&#039;avant\" \/>\n<meta property=\"article:publisher\" content=\"https:\/\/www.facebook.com\/Footdavant\/\" \/>\n<meta property=\"article:published_time\" content=\"2025-12-20T10:48:12+00:00\" \/>\n<meta property=\"article:modified_time\" content=\"2025-12-20T10:48:13+00:00\" \/>\n<meta property=\"og:image\" content=\"https:\/\/footdavant.fr\/actualites\/wp-content\/uploads\/2025\/12\/Jadon-Sancho-Unai-Emery-pense-que-le-prete-de-Man.jpg\" \/>\n\t<meta property=\"og:image:width\" content=\"1600\" \/>\n\t<meta property=\"og:image:height\" content=\"705\" \/>\n\t<meta property=\"og:image:type\" content=\"image\/jpeg\" \/>\n<meta name=\"author\" content=\"Cl\u00e9ment\" \/>\n<meta name=\"twitter:card\" content=\"summary_large_image\" \/>\n<meta name=\"twitter:creator\" content=\"@FootdavantFr\" \/>\n<meta name=\"twitter:site\" content=\"@FootdavantFr\" \/>\n<meta name=\"twitter:label1\" content=\"\u00c9crit par\" \/>\n\t<meta name=\"twitter:data1\" content=\"Cl\u00e9ment\" \/>\n\t<meta name=\"twitter:label2\" content=\"Dur\u00e9e de lecture estim\u00e9e\" \/>\n\t<meta name=\"twitter:data2\" content=\"3 minutes\" \/>\n<script type=\"application\/ld+json\" class=\"yoast-schema-graph\">{\"@context\":\"https:\/\/schema.org\",\"@graph\":[{\"@type\":\"Article\",\"@id\":\"https:\/\/footdavant.fr\/actualites\/jadon-sancho-unai-emery-pense-que-le-prete-de-man-united-peut-retrouver-la-meilleure-forme\/#article\",\"isPartOf\":{\"@id\":\"https:\/\/footdavant.fr\/actualites\/jadon-sancho-unai-emery-pense-que-le-prete-de-man-united-peut-retrouver-la-meilleure-forme\/\"},\"author\":{\"name\":\"Cl\u00e9ment\",\"@id\":\"https:\/\/footdavant.fr\/actualites\/#\/schema\/person\/bc222566d95871b37e597b3ed3ba5e1d\"},\"headline\":\"Jadon Sancho: Unai Emery pense que le pr\u00eat\u00e9 de Man United peut retrouver la meilleure forme \u2013\",\"datePublished\":\"2025-12-20T10:48:12+00:00\",\"dateModified\":\"2025-12-20T10:48:13+00:00\",\"mainEntityOfPage\":{\"@id\":\"https:\/\/footdavant.fr\/actualites\/jadon-sancho-unai-emery-pense-que-le-prete-de-man-united-peut-retrouver-la-meilleure-forme\/\"},\"wordCount\":702,\"publisher\":{\"@id\":\"https:\/\/footdavant.fr\/actualites\/#organization\"},\"keywords\":[\"Emery\",\"forme\",\"Jadon\",\"Man\",\"meilleure\",\"pense\",\"peut\",\"pr\u00eat\u00e9\",\"retrouver\",\"Sancho\",\"Unai\",\"United\"],\"articleSection\":[\"Football\"],\"inLanguage\":\"fr-FR\"},{\"@type\":\"WebPage\",\"@id\":\"https:\/\/footdavant.fr\/actualites\/jadon-sancho-unai-emery-pense-que-le-prete-de-man-united-peut-retrouver-la-meilleure-forme\/\",\"url\":\"https:\/\/footdavant.fr\/actualites\/jadon-sancho-unai-emery-pense-que-le-prete-de-man-united-peut-retrouver-la-meilleure-forme\/\",\"name\":\"Jadon Sancho: Unai Emery pense que le pr\u00eat\u00e9 de Man United peut retrouver la meilleure forme \u2013\",\"isPartOf\":{\"@id\":\"https:\/\/footdavant.fr\/actualites\/#website\"},\"datePublished\":\"2025-12-20T10:48:12+00:00\",\"dateModified\":\"2025-12-20T10:48:13+00:00\",\"breadcrumb\":{\"@id\":\"https:\/\/footdavant.fr\/actualites\/jadon-sancho-unai-emery-pense-que-le-prete-de-man-united-peut-retrouver-la-meilleure-forme\/#breadcrumb\"},\"inLanguage\":\"fr-FR\",\"potentialAction\":[{\"@type\":\"ReadAction\",\"target\":[\"https:\/\/footdavant.fr\/actualites\/jadon-sancho-unai-emery-pense-que-le-prete-de-man-united-peut-retrouver-la-meilleure-forme\/\"]}]},{\"@type\":\"BreadcrumbList\",\"@id\":\"https:\/\/footdavant.fr\/actualites\/jadon-sancho-unai-emery-pense-que-le-prete-de-man-united-peut-retrouver-la-meilleure-forme\/#breadcrumb\",\"itemListElement\":[{\"@type\":\"ListItem\",\"position\":1,\"name\":\"Accueil\",\"item\":\"https:\/\/footdavant.fr\/actualites\/\"},{\"@type\":\"ListItem\",\"position\":2,\"name\":\"Jadon Sancho: Unai Emery pense que le pr\u00eat\u00e9 de Man United peut retrouver la meilleure forme \u2013\"}]},{\"@type\":\"WebSite\",\"@id\":\"https:\/\/footdavant.fr\/actualites\/#website\",\"url\":\"https:\/\/footdavant.fr\/actualites\/\",\"name\":\"Foot d'avant\",\"description\":\"\",\"publisher\":{\"@id\":\"https:\/\/footdavant.fr\/actualites\/#organization\"},\"potentialAction\":[{\"@type\":\"SearchAction\",\"target\":{\"@type\":\"EntryPoint\",\"urlTemplate\":\"https:\/\/footdavant.fr\/actualites\/?s={search_term_string}\"},\"query-input\":\"required name=search_term_string\"}],\"inLanguage\":\"fr-FR\"},{\"@type\":\"Organization\",\"@id\":\"https:\/\/footdavant.fr\/actualites\/#organization\",\"name\":\"Foot d'avant\",\"url\":\"https:\/\/footdavant.fr\/actualites\/\",\"logo\":{\"@type\":\"ImageObject\",\"inLanguage\":\"fr-FR\",\"@id\":\"https:\/\/footdavant.fr\/actualites\/#\/schema\/logo\/image\/\",\"url\":\"https:\/\/footdavant.fr\/actualites\/wp-content\/uploads\/2023\/09\/Copy-of-FootDavant-Logo.png\",\"contentUrl\":\"https:\/\/footdavant.fr\/actualites\/wp-content\/uploads\/2023\/09\/Copy-of-FootDavant-Logo.png\",\"width\":936,\"height\":549,\"caption\":\"Foot d'avant\"},\"image\":{\"@id\":\"https:\/\/footdavant.fr\/actualites\/#\/schema\/logo\/image\/\"},\"sameAs\":[\"https:\/\/www.facebook.com\/Footdavant\/\",\"https:\/\/twitter.com\/FootdavantFr\",\"https:\/\/www.instagram.com\/footdavant.fr\/\"]},{\"@type\":\"Person\",\"@id\":\"https:\/\/footdavant.fr\/actualites\/#\/schema\/person\/bc222566d95871b37e597b3ed3ba5e1d\",\"name\":\"Cl\u00e9ment\",\"image\":{\"@type\":\"ImageObject\",\"inLanguage\":\"fr-FR\",\"@id\":\"https:\/\/footdavant.fr\/actualites\/#\/schema\/person\/image\/\",\"url\":\"https:\/\/secure.gravatar.com\/avatar\/7728b29aac2719421e1a9159b2254c44?s=96&d=mm&r=g\",\"contentUrl\":\"https:\/\/secure.gravatar.com\/avatar\/7728b29aac2719421e1a9159b2254c44?s=96&d=mm&r=g\",\"caption\":\"Cl\u00e9ment\"},\"sameAs\":[\"https:\/\/footdavant.fr\/\"]}]}<\/script>\n<!-- \/ Yoast SEO plugin. -->","yoast_head_json":{"title":"Jadon Sancho: Unai Emery pense que le pr\u00eat\u00e9 de Man United peut retrouver la meilleure forme \u2013","robots":{"index":"index","follow":"follow","max-snippet":"max-snippet:-1","max-image-preview":"max-image-preview:large","max-video-preview":"max-video-preview:-1"},"canonical":"https:\/\/footdavant.fr\/actualites\/jadon-sancho-unai-emery-pense-que-le-prete-de-man-united-peut-retrouver-la-meilleure-forme\/","og_locale":"fr_FR","og_type":"article","og_title":"Jadon Sancho: Unai Emery pense que le pr\u00eat\u00e9 de Man United peut retrouver la meilleure forme \u2013","og_description":"5 Manchester United a investi une petite fortune dans Jadon Sancho \u00e0 l&#39;\u00e9t\u00e9 2021, mais on peut affirmer sans se tromper que le joueur n&#39;a","og_url":"https:\/\/footdavant.fr\/actualites\/jadon-sancho-unai-emery-pense-que-le-prete-de-man-united-peut-retrouver-la-meilleure-forme\/","og_site_name":"Foot d&#039;avant","article_publisher":"https:\/\/www.facebook.com\/Footdavant\/","article_published_time":"2025-12-20T10:48:12+00:00","article_modified_time":"2025-12-20T10:48:13+00:00","og_image":[{"width":1600,"height":705,"url":"https:\/\/footdavant.fr\/actualites\/wp-content\/uploads\/2025\/12\/Jadon-Sancho-Unai-Emery-pense-que-le-prete-de-Man.jpg","type":"image\/jpeg"}],"author":"Cl\u00e9ment","twitter_card":"summary_large_image","twitter_creator":"@FootdavantFr","twitter_site":"@FootdavantFr","twitter_misc":{"\u00c9crit par":"Cl\u00e9ment","Dur\u00e9e de lecture estim\u00e9e":"3 minutes"},"schema":{"@context":"https:\/\/schema.org","@graph":[{"@type":"Article","@id":"https:\/\/footdavant.fr\/actualites\/jadon-sancho-unai-emery-pense-que-le-prete-de-man-united-peut-retrouver-la-meilleure-forme\/#article","isPartOf":{"@id":"https:\/\/footdavant.fr\/actualites\/jadon-sancho-unai-emery-pense-que-le-prete-de-man-united-peut-retrouver-la-meilleure-forme\/"},"author":{"name":"Cl\u00e9ment","@id":"https:\/\/footdavant.fr\/actualites\/#\/schema\/person\/bc222566d95871b37e597b3ed3ba5e1d"},"headline":"Jadon Sancho: Unai Emery pense que le pr\u00eat\u00e9 de Man United peut retrouver la meilleure forme \u2013","datePublished":"2025-12-20T10:48:12+00:00","dateModified":"2025-12-20T10:48:13+00:00","mainEntityOfPage":{"@id":"https:\/\/footdavant.fr\/actualites\/jadon-sancho-unai-emery-pense-que-le-prete-de-man-united-peut-retrouver-la-meilleure-forme\/"},"wordCount":702,"publisher":{"@id":"https:\/\/footdavant.fr\/actualites\/#organization"},"keywords":["Emery","forme","Jadon","Man","meilleure","pense","peut","pr\u00eat\u00e9","retrouver","Sancho","Unai","United"],"articleSection":["Football"],"inLanguage":"fr-FR"},{"@type":"WebPage","@id":"https:\/\/footdavant.fr\/actualites\/jadon-sancho-unai-emery-pense-que-le-prete-de-man-united-peut-retrouver-la-meilleure-forme\/","url":"https:\/\/footdavant.fr\/actualites\/jadon-sancho-unai-emery-pense-que-le-prete-de-man-united-peut-retrouver-la-meilleure-forme\/","name":"Jadon Sancho: Unai Emery pense que le pr\u00eat\u00e9 de Man United peut retrouver la meilleure forme \u2013","isPartOf":{"@id":"https:\/\/footdavant.fr\/actualites\/#website"},"datePublished":"2025-12-20T10:48:12+00:00","dateModified":"2025-12-20T10:48:13+00:00","breadcrumb":{"@id":"https:\/\/footdavant.fr\/actualites\/jadon-sancho-unai-emery-pense-que-le-prete-de-man-united-peut-retrouver-la-meilleure-forme\/#breadcrumb"},"inLanguage":"fr-FR","potentialAction":[{"@type":"ReadAction","target":["https:\/\/footdavant.fr\/actualites\/jadon-sancho-unai-emery-pense-que-le-prete-de-man-united-peut-retrouver-la-meilleure-forme\/"]}]},{"@type":"BreadcrumbList","@id":"https:\/\/footdavant.fr\/actualites\/jadon-sancho-unai-emery-pense-que-le-prete-de-man-united-peut-retrouver-la-meilleure-forme\/#breadcrumb","itemListElement":[{"@type":"ListItem","position":1,"name":"Accueil","item":"https:\/\/footdavant.fr\/actualites\/"},{"@type":"ListItem","position":2,"name":"Jadon Sancho: Unai Emery pense que le pr\u00eat\u00e9 de Man United peut retrouver la meilleure forme \u2013"}]},{"@type":"WebSite","@id":"https:\/\/footdavant.fr\/actualites\/#website","url":"https:\/\/footdavant.fr\/actualites\/","name":"Foot d'avant","description":"","publisher":{"@id":"https:\/\/footdavant.fr\/actualites\/#organization"},"potentialAction":[{"@type":"SearchAction","target":{"@type":"EntryPoint","urlTemplate":"https:\/\/footdavant.fr\/actualites\/?s={search_term_string}"},"query-input":"required name=search_term_string"}],"inLanguage":"fr-FR"},{"@type":"Organization","@id":"https:\/\/footdavant.fr\/actualites\/#organization","name":"Foot d'avant","url":"https:\/\/footdavant.fr\/actualites\/","logo":{"@type":"ImageObject","inLanguage":"fr-FR","@id":"https:\/\/footdavant.fr\/actualites\/#\/schema\/logo\/image\/","url":"https:\/\/footdavant.fr\/actualites\/wp-content\/uploads\/2023\/09\/Copy-of-FootDavant-Logo.png","contentUrl":"https:\/\/footdavant.fr\/actualites\/wp-content\/uploads\/2023\/09\/Copy-of-FootDavant-Logo.png","width":936,"height":549,"caption":"Foot d'avant"},"image":{"@id":"https:\/\/footdavant.fr\/actualites\/#\/schema\/logo\/image\/"},"sameAs":["https:\/\/www.facebook.com\/Footdavant\/","https:\/\/twitter.com\/FootdavantFr","https:\/\/www.instagram.com\/footdavant.fr\/"]},{"@type":"Person","@id":"https:\/\/footdavant.fr\/actualites\/#\/schema\/person\/bc222566d95871b37e597b3ed3ba5e1d","name":"Cl\u00e9ment","image":{"@type":"ImageObject","inLanguage":"fr-FR","@id":"https:\/\/footdavant.fr\/actualites\/#\/schema\/person\/image\/","url":"https:\/\/secure.gravatar.com\/avatar\/7728b29aac2719421e1a9159b2254c44?s=96&d=mm&r=g","contentUrl":"https:\/\/secure.gravatar.com\/avatar\/7728b29aac2719421e1a9159b2254c44?s=96&d=mm&r=g","caption":"Cl\u00e9ment"},"sameAs":["https:\/\/footdavant.fr\/"]}]}},"_links":{"self":[{"href":"https:\/\/footdavant.fr\/actualites\/wp-json\/wp\/v2\/posts\/32561"}],"collection":[{"href":"https:\/\/footdavant.fr\/actualites\/wp-json\/wp\/v2\/posts"}],"about":[{"href":"https:\/\/footdavant.fr\/actualites\/wp-json\/wp\/v2\/types\/post"}],"author":[{"embeddable":true,"href":"https:\/\/footdavant.fr\/actualites\/wp-json\/wp\/v2\/users\/1"}],"replies":[{"embeddable":true,"href":"https:\/\/footdavant.fr\/actualites\/wp-json\/wp\/v2\/comments?post=32561"}],"version-history":[{"count":1,"href":"https:\/\/footdavant.fr\/actualites\/wp-json\/wp\/v2\/posts\/32561\/revisions"}],"predecessor-version":[{"id":32563,"href":"https:\/\/footdavant.fr\/actualites\/wp-json\/wp\/v2\/posts\/32561\/revisions\/32563"}],"wp:featuredmedia":[{"embeddable":true,"href":"https:\/\/footdavant.fr\/actualites\/wp-json\/wp\/v2\/media\/32562"}],"wp:attachment":[{"href":"https:\/\/footdavant.fr\/actualites\/wp-json\/wp\/v2\/media?parent=32561"}],"wp:term":[{"taxonomy":"category","embeddable":true,"href":"https:\/\/footdavant.fr\/actualites\/wp-json\/wp\/v2\/categories?post=32561"},{"taxonomy":"post_tag","embeddable":true,"href":"https:\/\/footdavant.fr\/actualites\/wp-json\/wp\/v2\/tags?post=32561"}],"curies":[{"name":"wp","href":"https:\/\/api.w.org\/{rel}","templated":true}]}}