{"id":32567,"date":"2025-12-20T15:48:23","date_gmt":"2025-12-20T14:48:23","guid":{"rendered":"https:\/\/footdavant.fr\/actualites\/des-performances-ameliorees-sont-necessaires-pour-everton-a-lexterieur\/"},"modified":"2025-12-20T15:48:25","modified_gmt":"2025-12-20T14:48:25","slug":"des-performances-ameliorees-sont-necessaires-pour-everton-a-lexterieur","status":"publish","type":"post","link":"https:\/\/footdavant.fr\/actualites\/des-performances-ameliorees-sont-necessaires-pour-everton-a-lexterieur\/","title":{"rendered":"Des performances am\u00e9lior\u00e9es sont n\u00e9cessaires pour Everton \u00e0 l&#39;ext\u00e9rieur"},"content":{"rendered":"<div>\n<p>Bonjour \u00e0 tous.<\/p>\n<p>C&#39;est un autre coup d&#39;envoi samedi soir alors que nous nous rendons \u00e0 Everton \u00e0 la recherche d&#39;une r\u00e9p\u00e9tition de la victoire de la semaine derni\u00e8re contre les Wolves, mais, esp\u00e9rons-le, avec une performance am\u00e9lior\u00e9e. Il va falloir \u00eatre meilleur pour prendre les trois points, c&#39;est certain, et nos trois derniers matchs \u00e0 l&#39;ext\u00e9rieur n&#39;ont rapport\u00e9 que 2 points, donc il y a place \u00e0 am\u00e9lioration l\u00e0 aussi.<\/p>\n<p>Concernant l&#39;\u00e9quipe pour la suite, Mikel Arteta a confirm\u00e9 l&#39;absence de Ben White qui manquera certains matchs, mais peut-\u00eatre pas autant qu&#39;on le craignait au d\u00e9part. Avec Riccardo Calafiori de retour de suspension, je m&#39;attends \u00e0 ce qu&#39;il d\u00e9bute \u00e0 l&#39;arri\u00e8re gauche, avec Piero Hincapie aux c\u00f4t\u00e9s de William Saliba et Jurrien Timber \u00e0 l&#39;arri\u00e8re droit.<\/p>\n<p>Au milieu de terrain, je ne vois rien au-del\u00e0 de Declan Rice, Martin Zubimendi et Martin Odegaard, avec Leandro Trossard et Bukayo Saka sur les ailes. En attaque, il est probablement un peu t\u00f4t pour que Gabriel Jesus commence, ce sera donc probablement une autre opportunit\u00e9 pour Viktor Gyokeres qui a obtenu le soutien de l&#39;entra\u00eeneur hier :<\/p>\n<blockquote>\n<p>Les premi\u00e8res semaines ont \u00e9t\u00e9 difficiles parce que physiquement, il n&#39;\u00e9tait pas dans son meilleur \u00e9tat et c&#39;est un joueur qui en a besoin, comme n&#39;importe quel autre joueur de cette ligue, pour pouvoir jouer \u00e0 ce niveau. Puis il s&#39;est lanc\u00e9.<\/p>\n<p>Je pense qu&#39;il a eu une tr\u00e8s bonne p\u00e9riode et il s&#39;est bless\u00e9, et maintenant il est de retour. Mais j\u2019ai vu beaucoup de choses positives lors des deux derniers matchs qu\u2019il a disput\u00e9s. Nous devons continuer \u00e0 le peaufiner et \u00e0 mieux le comprendre dans certaines situations et il doit faire de m\u00eame. Mais il \u00e9tait temps et nous lui apportons tout notre soutien.<\/p>\n<\/blockquote>\n<p>Arsenal a \u00e9videmment besoin d&#39;une victoire, mais Gyokeres a vraiment besoin d&#39;un but (ou deux) pour simplement reconstruire un peu de confiance \u2013 quelque chose que tout le monde admettra est un \u00e9l\u00e9ment important pour que tout attaquant puisse donner le meilleur de lui-m\u00eame. Plus de 6 semaines se sont \u00e9coul\u00e9es depuis son dernier but, et m\u00eame si l&#39;absence pour blessure y a jou\u00e9 un r\u00f4le, c&#39;est un sc\u00e9nario auquel il n&#39;a pas eu \u00e0 faire face depuis longtemps. Au Sporting, il marquait avec une fr\u00e9quence incroyable, alors peut-\u00eatre que l&#39;aspect psychologique joue aussi un r\u00f4le. On croise les doigts pour lui.<\/p>\n<p>Si cela ne se produit pas, Jesus attend de faire sa marque sur le banc, et le manager a parl\u00e9 en termes assez positifs du retour prochain de Kai Havertz, il y aura donc une v\u00e9ritable concurrence pour la signature estivale \u00e0 g\u00e9rer. Marquer aujourd&#39;hui lui enl\u00e8verait une partie de l&#39;attention, alors qu&#39;un autre match sans but et ces conversations se poursuivraient jusqu&#39;\u00e0 ce qu&#39;il trouve le fond des filets.<\/p>\n<p>Quant \u00e0 Everton, il leur manque des joueurs importants aujourd&#39;hui. Idrissa Gana Gueye et l&#39;excitant Iliman Ndiaye sont absents pour la CAN, tandis que Kiernan Dewsbury-Hall, qui \u00e9tait en bonne forme ces derniers temps, est absent en raison d&#39;une tension aux ischio-jambiers. Jack Grealish est en forme et peut toujours causer du danger, mais offensivement, ils ne sont pas aussi forts qu&#39;ils pourraient l&#39;\u00eatre. Pourtant, nous savons \u00e0 quel point il peut \u00eatre difficile de jouer contre une \u00e9quipe de David Moyes, et en tant que club, ils ont fait ce qu&#39;Arteta fait \u00e0 Arsenal en rassemblant les supporters pour cr\u00e9er une grande ambiance dans leur nouveau stade.<\/p>\n<p>Samedi soir, \u00e0 l&#39;approche de No\u00ebl, un grand match contre une \u00e9quipe de grande qualit\u00e9 et quelques vins chauds au cours de la journ\u00e9e pourraient bien rendre cette soir\u00e9e assez bruyante. Et c\u2019est quelque chose auquel nous allons devoir faire face. Un bon d\u00e9part serait tr\u00e8s utile pour calmer le jeu, mais apr\u00e8s avoir encaiss\u00e9 le premier but lors de nos trois derniers matchs \u00e0 l&#39;ext\u00e9rieur, s&#39;assurer de ne rien leur donner \u00e0 c\u00e9l\u00e9brer pourrait aussi \u00eatre important.<\/p>\n<p>Avec Man City jouant en premier, et probablement en t\u00eate car il n&#39;y a aucun moyen que West Ham obtienne quoi que ce soit de ce match, il y a \u00e9galement une petite pression suppl\u00e9mentaire appliqu\u00e9e l\u00e0-bas. Mais c\u2019est ce \u00e0 quoi vous devez faire face dans toute course au titre, et j\u2019esp\u00e8re qu\u2019apr\u00e8s que certaines v\u00e9rit\u00e9s auront \u00e9t\u00e9 dites apr\u00e8s le match des Wolves, nous aurons une \u00e9quipe d\u2019Arsenal pleinement concentr\u00e9e qui pourra sortir ce soir et faire les affaires.<\/p>\n<p>D&#39;accord, je vais en rester l\u00e0 pour l&#39;instant. Nous avons un podcast en avant-premi\u00e8re sur Patreon si vous avez besoin de quelque chose \u00e0 \u00e9couter, et comme toujours, nous aurons une couverture de blog en direct et tous les \u00e9l\u00e9ments d&#39;apr\u00e8s-match sur Arseblog News plus tard.<\/p>\n<p>Allez les rouges !<\/p>\n<\/div>\n","protected":false},"excerpt":{"rendered":"<p>Bonjour \u00e0 tous. C&#39;est un autre coup d&#39;envoi samedi soir alors que nous nous rendons \u00e0 Everton \u00e0 la recherche d&#39;une r\u00e9p\u00e9tition de la victoire<\/p>\n","protected":false},"author":1,"featured_media":32568,"comment_status":"closed","ping_status":"","sticky":false,"template":"","format":"standard","meta":{"footnotes":""},"categories":[3],"tags":[10707,12,310,6975,5182,1966,51,45],"yoast_head":"<!-- This site is optimized with the Yoast SEO plugin v21.0 - https:\/\/yoast.com\/wordpress\/plugins\/seo\/ -->\n<title>Des performances am\u00e9lior\u00e9es sont n\u00e9cessaires pour Everton \u00e0 l&#039;ext\u00e9rieur<\/title>\n<meta name=\"robots\" content=\"index, follow, max-snippet:-1, max-image-preview:large, max-video-preview:-1\" \/>\n<link rel=\"canonical\" href=\"https:\/\/footdavant.fr\/actualites\/des-performances-ameliorees-sont-necessaires-pour-everton-a-lexterieur\/\" \/>\n<meta property=\"og:locale\" content=\"fr_FR\" \/>\n<meta property=\"og:type\" content=\"article\" \/>\n<meta property=\"og:title\" content=\"Des performances am\u00e9lior\u00e9es sont n\u00e9cessaires pour Everton \u00e0 l&#039;ext\u00e9rieur\" \/>\n<meta property=\"og:description\" content=\"Bonjour \u00e0 tous. C&#039;est un autre coup d&#039;envoi samedi soir alors que nous nous rendons \u00e0 Everton \u00e0 la recherche d&#039;une r\u00e9p\u00e9tition de la victoire\" \/>\n<meta property=\"og:url\" content=\"https:\/\/footdavant.fr\/actualites\/des-performances-ameliorees-sont-necessaires-pour-everton-a-lexterieur\/\" \/>\n<meta property=\"og:site_name\" content=\"Foot d&#039;avant\" \/>\n<meta property=\"article:publisher\" content=\"https:\/\/www.facebook.com\/Footdavant\/\" \/>\n<meta property=\"article:published_time\" content=\"2025-12-20T14:48:23+00:00\" \/>\n<meta property=\"article:modified_time\" content=\"2025-12-20T14:48:25+00:00\" \/>\n<meta property=\"og:image\" content=\"https:\/\/footdavant.fr\/actualites\/wp-content\/uploads\/2025\/12\/Des-performances-ameliorees-sont-necessaires-pour-Everton-a-l39exterieur.jpg\" \/>\n\t<meta property=\"og:image:width\" content=\"1500\" \/>\n\t<meta property=\"og:image:height\" content=\"750\" \/>\n\t<meta property=\"og:image:type\" content=\"image\/jpeg\" \/>\n<meta name=\"author\" content=\"Cl\u00e9ment\" \/>\n<meta name=\"twitter:card\" content=\"summary_large_image\" \/>\n<meta name=\"twitter:creator\" content=\"@FootdavantFr\" \/>\n<meta name=\"twitter:site\" content=\"@FootdavantFr\" \/>\n<meta name=\"twitter:label1\" content=\"\u00c9crit par\" \/>\n\t<meta name=\"twitter:data1\" content=\"Cl\u00e9ment\" \/>\n\t<meta name=\"twitter:label2\" content=\"Dur\u00e9e de lecture estim\u00e9e\" \/>\n\t<meta name=\"twitter:data2\" content=\"4 minutes\" \/>\n<script type=\"application\/ld+json\" class=\"yoast-schema-graph\">{\"@context\":\"https:\/\/schema.org\",\"@graph\":[{\"@type\":\"Article\",\"@id\":\"https:\/\/footdavant.fr\/actualites\/des-performances-ameliorees-sont-necessaires-pour-everton-a-lexterieur\/#article\",\"isPartOf\":{\"@id\":\"https:\/\/footdavant.fr\/actualites\/des-performances-ameliorees-sont-necessaires-pour-everton-a-lexterieur\/\"},\"author\":{\"name\":\"Cl\u00e9ment\",\"@id\":\"https:\/\/footdavant.fr\/actualites\/#\/schema\/person\/bc222566d95871b37e597b3ed3ba5e1d\"},\"headline\":\"Des performances am\u00e9lior\u00e9es sont n\u00e9cessaires pour Everton \u00e0 l&#39;ext\u00e9rieur\",\"datePublished\":\"2025-12-20T14:48:23+00:00\",\"dateModified\":\"2025-12-20T14:48:25+00:00\",\"mainEntityOfPage\":{\"@id\":\"https:\/\/footdavant.fr\/actualites\/des-performances-ameliorees-sont-necessaires-pour-everton-a-lexterieur\/\"},\"wordCount\":875,\"publisher\":{\"@id\":\"https:\/\/footdavant.fr\/actualites\/#organization\"},\"keywords\":[\"am\u00e9lior\u00e9es\",\"des\",\"Everton\",\"l39ext\u00e9rieur\",\"n\u00e9cessaires\",\"performances\",\"pour\",\"sont\"],\"articleSection\":[\"Football\"],\"inLanguage\":\"fr-FR\"},{\"@type\":\"WebPage\",\"@id\":\"https:\/\/footdavant.fr\/actualites\/des-performances-ameliorees-sont-necessaires-pour-everton-a-lexterieur\/\",\"url\":\"https:\/\/footdavant.fr\/actualites\/des-performances-ameliorees-sont-necessaires-pour-everton-a-lexterieur\/\",\"name\":\"Des performances am\u00e9lior\u00e9es sont n\u00e9cessaires pour Everton \u00e0 l&#39;ext\u00e9rieur\",\"isPartOf\":{\"@id\":\"https:\/\/footdavant.fr\/actualites\/#website\"},\"datePublished\":\"2025-12-20T14:48:23+00:00\",\"dateModified\":\"2025-12-20T14:48:25+00:00\",\"breadcrumb\":{\"@id\":\"https:\/\/footdavant.fr\/actualites\/des-performances-ameliorees-sont-necessaires-pour-everton-a-lexterieur\/#breadcrumb\"},\"inLanguage\":\"fr-FR\",\"potentialAction\":[{\"@type\":\"ReadAction\",\"target\":[\"https:\/\/footdavant.fr\/actualites\/des-performances-ameliorees-sont-necessaires-pour-everton-a-lexterieur\/\"]}]},{\"@type\":\"BreadcrumbList\",\"@id\":\"https:\/\/footdavant.fr\/actualites\/des-performances-ameliorees-sont-necessaires-pour-everton-a-lexterieur\/#breadcrumb\",\"itemListElement\":[{\"@type\":\"ListItem\",\"position\":1,\"name\":\"Accueil\",\"item\":\"https:\/\/footdavant.fr\/actualites\/\"},{\"@type\":\"ListItem\",\"position\":2,\"name\":\"Des performances am\u00e9lior\u00e9es sont n\u00e9cessaires pour Everton \u00e0 l&#39;ext\u00e9rieur\"}]},{\"@type\":\"WebSite\",\"@id\":\"https:\/\/footdavant.fr\/actualites\/#website\",\"url\":\"https:\/\/footdavant.fr\/actualites\/\",\"name\":\"Foot d'avant\",\"description\":\"\",\"publisher\":{\"@id\":\"https:\/\/footdavant.fr\/actualites\/#organization\"},\"potentialAction\":[{\"@type\":\"SearchAction\",\"target\":{\"@type\":\"EntryPoint\",\"urlTemplate\":\"https:\/\/footdavant.fr\/actualites\/?s={search_term_string}\"},\"query-input\":\"required name=search_term_string\"}],\"inLanguage\":\"fr-FR\"},{\"@type\":\"Organization\",\"@id\":\"https:\/\/footdavant.fr\/actualites\/#organization\",\"name\":\"Foot d'avant\",\"url\":\"https:\/\/footdavant.fr\/actualites\/\",\"logo\":{\"@type\":\"ImageObject\",\"inLanguage\":\"fr-FR\",\"@id\":\"https:\/\/footdavant.fr\/actualites\/#\/schema\/logo\/image\/\",\"url\":\"https:\/\/footdavant.fr\/actualites\/wp-content\/uploads\/2023\/09\/Copy-of-FootDavant-Logo.png\",\"contentUrl\":\"https:\/\/footdavant.fr\/actualites\/wp-content\/uploads\/2023\/09\/Copy-of-FootDavant-Logo.png\",\"width\":936,\"height\":549,\"caption\":\"Foot d'avant\"},\"image\":{\"@id\":\"https:\/\/footdavant.fr\/actualites\/#\/schema\/logo\/image\/\"},\"sameAs\":[\"https:\/\/www.facebook.com\/Footdavant\/\",\"https:\/\/twitter.com\/FootdavantFr\",\"https:\/\/www.instagram.com\/footdavant.fr\/\"]},{\"@type\":\"Person\",\"@id\":\"https:\/\/footdavant.fr\/actualites\/#\/schema\/person\/bc222566d95871b37e597b3ed3ba5e1d\",\"name\":\"Cl\u00e9ment\",\"image\":{\"@type\":\"ImageObject\",\"inLanguage\":\"fr-FR\",\"@id\":\"https:\/\/footdavant.fr\/actualites\/#\/schema\/person\/image\/\",\"url\":\"https:\/\/secure.gravatar.com\/avatar\/7728b29aac2719421e1a9159b2254c44?s=96&d=mm&r=g\",\"contentUrl\":\"https:\/\/secure.gravatar.com\/avatar\/7728b29aac2719421e1a9159b2254c44?s=96&d=mm&r=g\",\"caption\":\"Cl\u00e9ment\"},\"sameAs\":[\"https:\/\/footdavant.fr\/\"]}]}<\/script>\n<!-- \/ Yoast SEO plugin. -->","yoast_head_json":{"title":"Des performances am\u00e9lior\u00e9es sont n\u00e9cessaires pour Everton \u00e0 l&#39;ext\u00e9rieur","robots":{"index":"index","follow":"follow","max-snippet":"max-snippet:-1","max-image-preview":"max-image-preview:large","max-video-preview":"max-video-preview:-1"},"canonical":"https:\/\/footdavant.fr\/actualites\/des-performances-ameliorees-sont-necessaires-pour-everton-a-lexterieur\/","og_locale":"fr_FR","og_type":"article","og_title":"Des performances am\u00e9lior\u00e9es sont n\u00e9cessaires pour Everton \u00e0 l&#39;ext\u00e9rieur","og_description":"Bonjour \u00e0 tous. C&#39;est un autre coup d&#39;envoi samedi soir alors que nous nous rendons \u00e0 Everton \u00e0 la recherche d&#39;une r\u00e9p\u00e9tition de la victoire","og_url":"https:\/\/footdavant.fr\/actualites\/des-performances-ameliorees-sont-necessaires-pour-everton-a-lexterieur\/","og_site_name":"Foot d&#039;avant","article_publisher":"https:\/\/www.facebook.com\/Footdavant\/","article_published_time":"2025-12-20T14:48:23+00:00","article_modified_time":"2025-12-20T14:48:25+00:00","og_image":[{"width":1500,"height":750,"url":"https:\/\/footdavant.fr\/actualites\/wp-content\/uploads\/2025\/12\/Des-performances-ameliorees-sont-necessaires-pour-Everton-a-l39exterieur.jpg","type":"image\/jpeg"}],"author":"Cl\u00e9ment","twitter_card":"summary_large_image","twitter_creator":"@FootdavantFr","twitter_site":"@FootdavantFr","twitter_misc":{"\u00c9crit par":"Cl\u00e9ment","Dur\u00e9e de lecture estim\u00e9e":"4 minutes"},"schema":{"@context":"https:\/\/schema.org","@graph":[{"@type":"Article","@id":"https:\/\/footdavant.fr\/actualites\/des-performances-ameliorees-sont-necessaires-pour-everton-a-lexterieur\/#article","isPartOf":{"@id":"https:\/\/footdavant.fr\/actualites\/des-performances-ameliorees-sont-necessaires-pour-everton-a-lexterieur\/"},"author":{"name":"Cl\u00e9ment","@id":"https:\/\/footdavant.fr\/actualites\/#\/schema\/person\/bc222566d95871b37e597b3ed3ba5e1d"},"headline":"Des performances am\u00e9lior\u00e9es sont n\u00e9cessaires pour Everton \u00e0 l&#39;ext\u00e9rieur","datePublished":"2025-12-20T14:48:23+00:00","dateModified":"2025-12-20T14:48:25+00:00","mainEntityOfPage":{"@id":"https:\/\/footdavant.fr\/actualites\/des-performances-ameliorees-sont-necessaires-pour-everton-a-lexterieur\/"},"wordCount":875,"publisher":{"@id":"https:\/\/footdavant.fr\/actualites\/#organization"},"keywords":["am\u00e9lior\u00e9es","des","Everton","l39ext\u00e9rieur","n\u00e9cessaires","performances","pour","sont"],"articleSection":["Football"],"inLanguage":"fr-FR"},{"@type":"WebPage","@id":"https:\/\/footdavant.fr\/actualites\/des-performances-ameliorees-sont-necessaires-pour-everton-a-lexterieur\/","url":"https:\/\/footdavant.fr\/actualites\/des-performances-ameliorees-sont-necessaires-pour-everton-a-lexterieur\/","name":"Des performances am\u00e9lior\u00e9es sont n\u00e9cessaires pour Everton \u00e0 l&#39;ext\u00e9rieur","isPartOf":{"@id":"https:\/\/footdavant.fr\/actualites\/#website"},"datePublished":"2025-12-20T14:48:23+00:00","dateModified":"2025-12-20T14:48:25+00:00","breadcrumb":{"@id":"https:\/\/footdavant.fr\/actualites\/des-performances-ameliorees-sont-necessaires-pour-everton-a-lexterieur\/#breadcrumb"},"inLanguage":"fr-FR","potentialAction":[{"@type":"ReadAction","target":["https:\/\/footdavant.fr\/actualites\/des-performances-ameliorees-sont-necessaires-pour-everton-a-lexterieur\/"]}]},{"@type":"BreadcrumbList","@id":"https:\/\/footdavant.fr\/actualites\/des-performances-ameliorees-sont-necessaires-pour-everton-a-lexterieur\/#breadcrumb","itemListElement":[{"@type":"ListItem","position":1,"name":"Accueil","item":"https:\/\/footdavant.fr\/actualites\/"},{"@type":"ListItem","position":2,"name":"Des performances am\u00e9lior\u00e9es sont n\u00e9cessaires pour Everton \u00e0 l&#39;ext\u00e9rieur"}]},{"@type":"WebSite","@id":"https:\/\/footdavant.fr\/actualites\/#website","url":"https:\/\/footdavant.fr\/actualites\/","name":"Foot d'avant","description":"","publisher":{"@id":"https:\/\/footdavant.fr\/actualites\/#organization"},"potentialAction":[{"@type":"SearchAction","target":{"@type":"EntryPoint","urlTemplate":"https:\/\/footdavant.fr\/actualites\/?s={search_term_string}"},"query-input":"required name=search_term_string"}],"inLanguage":"fr-FR"},{"@type":"Organization","@id":"https:\/\/footdavant.fr\/actualites\/#organization","name":"Foot d'avant","url":"https:\/\/footdavant.fr\/actualites\/","logo":{"@type":"ImageObject","inLanguage":"fr-FR","@id":"https:\/\/footdavant.fr\/actualites\/#\/schema\/logo\/image\/","url":"https:\/\/footdavant.fr\/actualites\/wp-content\/uploads\/2023\/09\/Copy-of-FootDavant-Logo.png","contentUrl":"https:\/\/footdavant.fr\/actualites\/wp-content\/uploads\/2023\/09\/Copy-of-FootDavant-Logo.png","width":936,"height":549,"caption":"Foot d'avant"},"image":{"@id":"https:\/\/footdavant.fr\/actualites\/#\/schema\/logo\/image\/"},"sameAs":["https:\/\/www.facebook.com\/Footdavant\/","https:\/\/twitter.com\/FootdavantFr","https:\/\/www.instagram.com\/footdavant.fr\/"]},{"@type":"Person","@id":"https:\/\/footdavant.fr\/actualites\/#\/schema\/person\/bc222566d95871b37e597b3ed3ba5e1d","name":"Cl\u00e9ment","image":{"@type":"ImageObject","inLanguage":"fr-FR","@id":"https:\/\/footdavant.fr\/actualites\/#\/schema\/person\/image\/","url":"https:\/\/secure.gravatar.com\/avatar\/7728b29aac2719421e1a9159b2254c44?s=96&d=mm&r=g","contentUrl":"https:\/\/secure.gravatar.com\/avatar\/7728b29aac2719421e1a9159b2254c44?s=96&d=mm&r=g","caption":"Cl\u00e9ment"},"sameAs":["https:\/\/footdavant.fr\/"]}]}},"_links":{"self":[{"href":"https:\/\/footdavant.fr\/actualites\/wp-json\/wp\/v2\/posts\/32567"}],"collection":[{"href":"https:\/\/footdavant.fr\/actualites\/wp-json\/wp\/v2\/posts"}],"about":[{"href":"https:\/\/footdavant.fr\/actualites\/wp-json\/wp\/v2\/types\/post"}],"author":[{"embeddable":true,"href":"https:\/\/footdavant.fr\/actualites\/wp-json\/wp\/v2\/users\/1"}],"replies":[{"embeddable":true,"href":"https:\/\/footdavant.fr\/actualites\/wp-json\/wp\/v2\/comments?post=32567"}],"version-history":[{"count":1,"href":"https:\/\/footdavant.fr\/actualites\/wp-json\/wp\/v2\/posts\/32567\/revisions"}],"predecessor-version":[{"id":32569,"href":"https:\/\/footdavant.fr\/actualites\/wp-json\/wp\/v2\/posts\/32567\/revisions\/32569"}],"wp:featuredmedia":[{"embeddable":true,"href":"https:\/\/footdavant.fr\/actualites\/wp-json\/wp\/v2\/media\/32568"}],"wp:attachment":[{"href":"https:\/\/footdavant.fr\/actualites\/wp-json\/wp\/v2\/media?parent=32567"}],"wp:term":[{"taxonomy":"category","embeddable":true,"href":"https:\/\/footdavant.fr\/actualites\/wp-json\/wp\/v2\/categories?post=32567"},{"taxonomy":"post_tag","embeddable":true,"href":"https:\/\/footdavant.fr\/actualites\/wp-json\/wp\/v2\/tags?post=32567"}],"curies":[{"name":"wp","href":"https:\/\/api.w.org\/{rel}","templated":true}]}}