{"id":32573,"date":"2025-12-20T19:48:09","date_gmt":"2025-12-20T18:48:09","guid":{"rendered":"https:\/\/footdavant.fr\/actualites\/ce-que-gravenberch-a-fait-apres-le-carton-rouge-de-xavi-simons-contre-liverpool\/"},"modified":"2025-12-20T19:48:11","modified_gmt":"2025-12-20T18:48:11","slug":"ce-que-gravenberch-a-fait-apres-le-carton-rouge-de-xavi-simons-contre-liverpool","status":"publish","type":"post","link":"https:\/\/footdavant.fr\/actualites\/ce-que-gravenberch-a-fait-apres-le-carton-rouge-de-xavi-simons-contre-liverpool\/","title":{"rendered":"Ce que Gravenberch a fait apr\u00e8s le carton rouge de Xavi Simons contre Liverpool"},"content":{"rendered":"<div id=\"article-body\">\n<!-- Article Start --><\/p>\n<p>Liverpool a re\u00e7u une \u00e9norme incitation juste apr\u00e8s la demi-heure de son affrontement contre Tottenham Hotspur samedi apr\u00e8s un carton rouge pour Xavi Simons.<\/p>\n<p>L&#39;international n\u00e9erlandais a initialement \u00e9t\u00e9 averti pour avoir attrap\u00e9 son compatriote Virgil van Dijk \u00e0 l&#39;arri\u00e8re du mollet alors que les crampons \u00e9taient visibles, mais apr\u00e8s avoir \u00e9t\u00e9 convoqu\u00e9 sur le moniteur VAR au bord du terrain, John Brooks a chang\u00e9 la couleur de la carte et les Spurs se sont retrouv\u00e9s avec 10 joueurs.<\/p>\n<p>Il s&#39;agissait d&#39;une vilaine faute de la part du joueur de 22 ans, qui pouvait se plaindre peu de cette d\u00e9cision, m\u00eame si de nombreux supporters locaux du nord de Londres ont exprim\u00e9 leurs griefs alors qu&#39;il quittait le terrain.<\/p>\n<h2>Qu&#39;a fait Gravenberch \u00e0 Simons apr\u00e8s le carton rouge ?<\/h2>\n<p>En fournissant des mises \u00e0 jour pour les commentaires en direct sur le match sur le Web de Sky Sports, Peter Smith a remarqu\u00e9 la r\u00e9action imm\u00e9diate de Ryan Gravenberch envers Simons apr\u00e8s l&#39;incident du carton rouge.<\/p>\n<p>Le journaliste a not\u00e9 : <\/p>\n<p><figure id=\"attachment_282150\" aria-describedby=\"caption-attachment-282150\" style=\"width: 713px\" class=\"wp-caption alignnone\"><picture><source type=\"image\/webp\" data- data-><\/source><\/picture><\/figure>\n<\/p>\n<h2>Simons n&#39;a qu&#39;\u00e0 s&#39;en prendre \u00e0 lui-m\u00eame<\/h2>\n<p>M\u00eame si le milieu de terrain de Liverpool a peut-\u00eatre tent\u00e9 d&#39;apporter un certain soutien \u00e0 son coll\u00e8gue international n\u00e9erlandais apr\u00e8s le licenciement, il n&#39;aura pas remerci\u00e9 Simons pour le d\u00e9fi grossier lanc\u00e9 au capitaine des Reds, qui aurait pu causer de graves dommages au joueur de 34 ans.<\/p>\n<p>C\u2019est le genre de d\u00e9fis que les footballeurs d\u00e9testent \u2013 \u200b\u200bdepuis le sol, par derri\u00e8re et avec les crampons visibles. Thomas Frank \u00e9tait peut-\u00eatre en col\u00e8re sur la ligne de touche, mais quand il y reviendra plus tard, il se rendra compte que le num\u00e9ro 7 des Spurs ne peut avoir personne d&#39;autre \u00e0 bl\u00e2mer que lui-m\u00eame.<\/p>\n<p>C&#39;\u00e9tait le sujet de discussion majeur d&#39;une premi\u00e8re mi-temps largement d\u00e9pourvue de qualit\u00e9 et d&#39;incident de but, contrastant fortement avec les deux rencontres de championnat entre les \u00e9quipes la saison derni\u00e8re (victoires 6-3 et 5-1 pour Liverpool).<\/p>\n<p>Arne Slot n&#39;aura pas \u00e9t\u00e9 trop impressionn\u00e9 par la performance de son \u00e9quipe avant la mi-temps, mais avec Simons banni \u00e0 juste titre au vestiaire, les champions de Premier League ont une r\u00e9elle opportunit\u00e9 de faire valoir leur avantage num\u00e9rique et de repartir du nord de Londres avec les trois points au moment de la r\u00e9daction.<\/p>\n<\/p>\n<blockquote class=\"twitter-lazy tweet-img lazyload\" data-width=\"500\" data-dnt=\"true\">\n<p lang=\"en\" dir=\"ltr\">\u00ab\u00a0Il est absolument loin d&#39;\u00eatre \u00e0 la hauteur de ce football !\u00a0\u00bb <\/p>\n<p>Xavi Simons est expuls\u00e9 pour un d\u00e9fi imprudent sur Virgil van Dijk \ud83d\udfe5 <a rel=\"nofollow\" href=\"https:\/\/t.co\/mt3B6SJR6z\">pic.twitter.com\/mt3B6SJR6z<\/a><\/p>\n<p>\u2013 Sky Sports Premier League (@SkySportsPL) <a rel=\"nofollow\" href=\"https:\/\/twitter.com\/SkySportsPL\/status\/2002440636868235312?ref_src=twsrc%5Etfw\">20 d\u00e9cembre 2025<\/a><\/p>\n<\/blockquote>\n<p><!-- Article End -->\t\t\t\t<\/div>\n<p><script async src=\"https:\/\/platform.twitter.com\/widgets.js\" charset=\"utf-8\"><\/script><\/p>\n","protected":false},"excerpt":{"rendered":"<p>Liverpool a re\u00e7u une \u00e9norme incitation juste apr\u00e8s la demi-heure de son affrontement contre Tottenham Hotspur samedi apr\u00e8s un carton rouge pour Xavi Simons. L&#39;international<\/p>\n","protected":false},"author":1,"featured_media":32574,"comment_status":"closed","ping_status":"","sticky":false,"template":"","format":"standard","meta":{"footnotes":""},"categories":[3],"tags":[25,734,20,152,680,53,436,5448,124],"yoast_head":"<!-- This site is optimized with the Yoast SEO plugin v21.0 - https:\/\/yoast.com\/wordpress\/plugins\/seo\/ -->\n<title>Ce que Gravenberch a fait apr\u00e8s le carton rouge de Xavi Simons contre Liverpool<\/title>\n<meta name=\"robots\" content=\"index, follow, max-snippet:-1, max-image-preview:large, max-video-preview:-1\" \/>\n<link rel=\"canonical\" href=\"https:\/\/footdavant.fr\/actualites\/ce-que-gravenberch-a-fait-apres-le-carton-rouge-de-xavi-simons-contre-liverpool\/\" \/>\n<meta property=\"og:locale\" content=\"fr_FR\" \/>\n<meta property=\"og:type\" content=\"article\" \/>\n<meta property=\"og:title\" content=\"Ce que Gravenberch a fait apr\u00e8s le carton rouge de Xavi Simons contre Liverpool\" \/>\n<meta property=\"og:description\" content=\"Liverpool a re\u00e7u une \u00e9norme incitation juste apr\u00e8s la demi-heure de son affrontement contre Tottenham Hotspur samedi apr\u00e8s un carton rouge pour Xavi Simons. L&#039;international\" \/>\n<meta property=\"og:url\" content=\"https:\/\/footdavant.fr\/actualites\/ce-que-gravenberch-a-fait-apres-le-carton-rouge-de-xavi-simons-contre-liverpool\/\" \/>\n<meta property=\"og:site_name\" content=\"Foot d&#039;avant\" \/>\n<meta property=\"article:publisher\" content=\"https:\/\/www.facebook.com\/Footdavant\/\" \/>\n<meta property=\"article:published_time\" content=\"2025-12-20T18:48:09+00:00\" \/>\n<meta property=\"article:modified_time\" content=\"2025-12-20T18:48:11+00:00\" \/>\n<meta property=\"og:image\" content=\"https:\/\/footdavant.fr\/actualites\/wp-content\/uploads\/2025\/12\/1766256490_Ce-que-Gravenberch-a-fait-apres-le-carton-rouge-de.jpg\" \/>\n\t<meta property=\"og:image:width\" content=\"1454\" \/>\n\t<meta property=\"og:image:height\" content=\"816\" \/>\n\t<meta property=\"og:image:type\" content=\"image\/jpeg\" \/>\n<meta name=\"author\" content=\"Cl\u00e9ment\" \/>\n<meta name=\"twitter:card\" content=\"summary_large_image\" \/>\n<meta name=\"twitter:creator\" content=\"@FootdavantFr\" \/>\n<meta name=\"twitter:site\" content=\"@FootdavantFr\" \/>\n<meta name=\"twitter:label1\" content=\"\u00c9crit par\" \/>\n\t<meta name=\"twitter:data1\" content=\"Cl\u00e9ment\" \/>\n\t<meta name=\"twitter:label2\" content=\"Dur\u00e9e de lecture estim\u00e9e\" \/>\n\t<meta name=\"twitter:data2\" content=\"2 minutes\" \/>\n<script type=\"application\/ld+json\" class=\"yoast-schema-graph\">{\"@context\":\"https:\/\/schema.org\",\"@graph\":[{\"@type\":\"Article\",\"@id\":\"https:\/\/footdavant.fr\/actualites\/ce-que-gravenberch-a-fait-apres-le-carton-rouge-de-xavi-simons-contre-liverpool\/#article\",\"isPartOf\":{\"@id\":\"https:\/\/footdavant.fr\/actualites\/ce-que-gravenberch-a-fait-apres-le-carton-rouge-de-xavi-simons-contre-liverpool\/\"},\"author\":{\"name\":\"Cl\u00e9ment\",\"@id\":\"https:\/\/footdavant.fr\/actualites\/#\/schema\/person\/bc222566d95871b37e597b3ed3ba5e1d\"},\"headline\":\"Ce que Gravenberch a fait apr\u00e8s le carton rouge de Xavi Simons contre Liverpool\",\"datePublished\":\"2025-12-20T18:48:09+00:00\",\"dateModified\":\"2025-12-20T18:48:11+00:00\",\"mainEntityOfPage\":{\"@id\":\"https:\/\/footdavant.fr\/actualites\/ce-que-gravenberch-a-fait-apres-le-carton-rouge-de-xavi-simons-contre-liverpool\/\"},\"wordCount\":467,\"publisher\":{\"@id\":\"https:\/\/footdavant.fr\/actualites\/#organization\"},\"keywords\":[\"apr\u00e8s\",\"carton\",\"contre\",\"fait\",\"Gravenberch\",\"Liverpool\",\"rouge\",\"Simons\",\"Xavi\"],\"articleSection\":[\"Football\"],\"inLanguage\":\"fr-FR\"},{\"@type\":\"WebPage\",\"@id\":\"https:\/\/footdavant.fr\/actualites\/ce-que-gravenberch-a-fait-apres-le-carton-rouge-de-xavi-simons-contre-liverpool\/\",\"url\":\"https:\/\/footdavant.fr\/actualites\/ce-que-gravenberch-a-fait-apres-le-carton-rouge-de-xavi-simons-contre-liverpool\/\",\"name\":\"Ce que Gravenberch a fait apr\u00e8s le carton rouge de Xavi Simons contre Liverpool\",\"isPartOf\":{\"@id\":\"https:\/\/footdavant.fr\/actualites\/#website\"},\"datePublished\":\"2025-12-20T18:48:09+00:00\",\"dateModified\":\"2025-12-20T18:48:11+00:00\",\"breadcrumb\":{\"@id\":\"https:\/\/footdavant.fr\/actualites\/ce-que-gravenberch-a-fait-apres-le-carton-rouge-de-xavi-simons-contre-liverpool\/#breadcrumb\"},\"inLanguage\":\"fr-FR\",\"potentialAction\":[{\"@type\":\"ReadAction\",\"target\":[\"https:\/\/footdavant.fr\/actualites\/ce-que-gravenberch-a-fait-apres-le-carton-rouge-de-xavi-simons-contre-liverpool\/\"]}]},{\"@type\":\"BreadcrumbList\",\"@id\":\"https:\/\/footdavant.fr\/actualites\/ce-que-gravenberch-a-fait-apres-le-carton-rouge-de-xavi-simons-contre-liverpool\/#breadcrumb\",\"itemListElement\":[{\"@type\":\"ListItem\",\"position\":1,\"name\":\"Accueil\",\"item\":\"https:\/\/footdavant.fr\/actualites\/\"},{\"@type\":\"ListItem\",\"position\":2,\"name\":\"Ce que Gravenberch a fait apr\u00e8s le carton rouge de Xavi Simons contre Liverpool\"}]},{\"@type\":\"WebSite\",\"@id\":\"https:\/\/footdavant.fr\/actualites\/#website\",\"url\":\"https:\/\/footdavant.fr\/actualites\/\",\"name\":\"Foot d'avant\",\"description\":\"\",\"publisher\":{\"@id\":\"https:\/\/footdavant.fr\/actualites\/#organization\"},\"potentialAction\":[{\"@type\":\"SearchAction\",\"target\":{\"@type\":\"EntryPoint\",\"urlTemplate\":\"https:\/\/footdavant.fr\/actualites\/?s={search_term_string}\"},\"query-input\":\"required name=search_term_string\"}],\"inLanguage\":\"fr-FR\"},{\"@type\":\"Organization\",\"@id\":\"https:\/\/footdavant.fr\/actualites\/#organization\",\"name\":\"Foot d'avant\",\"url\":\"https:\/\/footdavant.fr\/actualites\/\",\"logo\":{\"@type\":\"ImageObject\",\"inLanguage\":\"fr-FR\",\"@id\":\"https:\/\/footdavant.fr\/actualites\/#\/schema\/logo\/image\/\",\"url\":\"https:\/\/footdavant.fr\/actualites\/wp-content\/uploads\/2023\/09\/Copy-of-FootDavant-Logo.png\",\"contentUrl\":\"https:\/\/footdavant.fr\/actualites\/wp-content\/uploads\/2023\/09\/Copy-of-FootDavant-Logo.png\",\"width\":936,\"height\":549,\"caption\":\"Foot d'avant\"},\"image\":{\"@id\":\"https:\/\/footdavant.fr\/actualites\/#\/schema\/logo\/image\/\"},\"sameAs\":[\"https:\/\/www.facebook.com\/Footdavant\/\",\"https:\/\/twitter.com\/FootdavantFr\",\"https:\/\/www.instagram.com\/footdavant.fr\/\"]},{\"@type\":\"Person\",\"@id\":\"https:\/\/footdavant.fr\/actualites\/#\/schema\/person\/bc222566d95871b37e597b3ed3ba5e1d\",\"name\":\"Cl\u00e9ment\",\"image\":{\"@type\":\"ImageObject\",\"inLanguage\":\"fr-FR\",\"@id\":\"https:\/\/footdavant.fr\/actualites\/#\/schema\/person\/image\/\",\"url\":\"https:\/\/secure.gravatar.com\/avatar\/7728b29aac2719421e1a9159b2254c44?s=96&d=mm&r=g\",\"contentUrl\":\"https:\/\/secure.gravatar.com\/avatar\/7728b29aac2719421e1a9159b2254c44?s=96&d=mm&r=g\",\"caption\":\"Cl\u00e9ment\"},\"sameAs\":[\"https:\/\/footdavant.fr\/\"]}]}<\/script>\n<!-- \/ Yoast SEO plugin. -->","yoast_head_json":{"title":"Ce que Gravenberch a fait apr\u00e8s le carton rouge de Xavi Simons contre Liverpool","robots":{"index":"index","follow":"follow","max-snippet":"max-snippet:-1","max-image-preview":"max-image-preview:large","max-video-preview":"max-video-preview:-1"},"canonical":"https:\/\/footdavant.fr\/actualites\/ce-que-gravenberch-a-fait-apres-le-carton-rouge-de-xavi-simons-contre-liverpool\/","og_locale":"fr_FR","og_type":"article","og_title":"Ce que Gravenberch a fait apr\u00e8s le carton rouge de Xavi Simons contre Liverpool","og_description":"Liverpool a re\u00e7u une \u00e9norme incitation juste apr\u00e8s la demi-heure de son affrontement contre Tottenham Hotspur samedi apr\u00e8s un carton rouge pour Xavi Simons. L&#39;international","og_url":"https:\/\/footdavant.fr\/actualites\/ce-que-gravenberch-a-fait-apres-le-carton-rouge-de-xavi-simons-contre-liverpool\/","og_site_name":"Foot d&#039;avant","article_publisher":"https:\/\/www.facebook.com\/Footdavant\/","article_published_time":"2025-12-20T18:48:09+00:00","article_modified_time":"2025-12-20T18:48:11+00:00","og_image":[{"width":1454,"height":816,"url":"https:\/\/footdavant.fr\/actualites\/wp-content\/uploads\/2025\/12\/1766256490_Ce-que-Gravenberch-a-fait-apres-le-carton-rouge-de.jpg","type":"image\/jpeg"}],"author":"Cl\u00e9ment","twitter_card":"summary_large_image","twitter_creator":"@FootdavantFr","twitter_site":"@FootdavantFr","twitter_misc":{"\u00c9crit par":"Cl\u00e9ment","Dur\u00e9e de lecture estim\u00e9e":"2 minutes"},"schema":{"@context":"https:\/\/schema.org","@graph":[{"@type":"Article","@id":"https:\/\/footdavant.fr\/actualites\/ce-que-gravenberch-a-fait-apres-le-carton-rouge-de-xavi-simons-contre-liverpool\/#article","isPartOf":{"@id":"https:\/\/footdavant.fr\/actualites\/ce-que-gravenberch-a-fait-apres-le-carton-rouge-de-xavi-simons-contre-liverpool\/"},"author":{"name":"Cl\u00e9ment","@id":"https:\/\/footdavant.fr\/actualites\/#\/schema\/person\/bc222566d95871b37e597b3ed3ba5e1d"},"headline":"Ce que Gravenberch a fait apr\u00e8s le carton rouge de Xavi Simons contre Liverpool","datePublished":"2025-12-20T18:48:09+00:00","dateModified":"2025-12-20T18:48:11+00:00","mainEntityOfPage":{"@id":"https:\/\/footdavant.fr\/actualites\/ce-que-gravenberch-a-fait-apres-le-carton-rouge-de-xavi-simons-contre-liverpool\/"},"wordCount":467,"publisher":{"@id":"https:\/\/footdavant.fr\/actualites\/#organization"},"keywords":["apr\u00e8s","carton","contre","fait","Gravenberch","Liverpool","rouge","Simons","Xavi"],"articleSection":["Football"],"inLanguage":"fr-FR"},{"@type":"WebPage","@id":"https:\/\/footdavant.fr\/actualites\/ce-que-gravenberch-a-fait-apres-le-carton-rouge-de-xavi-simons-contre-liverpool\/","url":"https:\/\/footdavant.fr\/actualites\/ce-que-gravenberch-a-fait-apres-le-carton-rouge-de-xavi-simons-contre-liverpool\/","name":"Ce que Gravenberch a fait apr\u00e8s le carton rouge de Xavi Simons contre Liverpool","isPartOf":{"@id":"https:\/\/footdavant.fr\/actualites\/#website"},"datePublished":"2025-12-20T18:48:09+00:00","dateModified":"2025-12-20T18:48:11+00:00","breadcrumb":{"@id":"https:\/\/footdavant.fr\/actualites\/ce-que-gravenberch-a-fait-apres-le-carton-rouge-de-xavi-simons-contre-liverpool\/#breadcrumb"},"inLanguage":"fr-FR","potentialAction":[{"@type":"ReadAction","target":["https:\/\/footdavant.fr\/actualites\/ce-que-gravenberch-a-fait-apres-le-carton-rouge-de-xavi-simons-contre-liverpool\/"]}]},{"@type":"BreadcrumbList","@id":"https:\/\/footdavant.fr\/actualites\/ce-que-gravenberch-a-fait-apres-le-carton-rouge-de-xavi-simons-contre-liverpool\/#breadcrumb","itemListElement":[{"@type":"ListItem","position":1,"name":"Accueil","item":"https:\/\/footdavant.fr\/actualites\/"},{"@type":"ListItem","position":2,"name":"Ce que Gravenberch a fait apr\u00e8s le carton rouge de Xavi Simons contre Liverpool"}]},{"@type":"WebSite","@id":"https:\/\/footdavant.fr\/actualites\/#website","url":"https:\/\/footdavant.fr\/actualites\/","name":"Foot d'avant","description":"","publisher":{"@id":"https:\/\/footdavant.fr\/actualites\/#organization"},"potentialAction":[{"@type":"SearchAction","target":{"@type":"EntryPoint","urlTemplate":"https:\/\/footdavant.fr\/actualites\/?s={search_term_string}"},"query-input":"required name=search_term_string"}],"inLanguage":"fr-FR"},{"@type":"Organization","@id":"https:\/\/footdavant.fr\/actualites\/#organization","name":"Foot d'avant","url":"https:\/\/footdavant.fr\/actualites\/","logo":{"@type":"ImageObject","inLanguage":"fr-FR","@id":"https:\/\/footdavant.fr\/actualites\/#\/schema\/logo\/image\/","url":"https:\/\/footdavant.fr\/actualites\/wp-content\/uploads\/2023\/09\/Copy-of-FootDavant-Logo.png","contentUrl":"https:\/\/footdavant.fr\/actualites\/wp-content\/uploads\/2023\/09\/Copy-of-FootDavant-Logo.png","width":936,"height":549,"caption":"Foot d'avant"},"image":{"@id":"https:\/\/footdavant.fr\/actualites\/#\/schema\/logo\/image\/"},"sameAs":["https:\/\/www.facebook.com\/Footdavant\/","https:\/\/twitter.com\/FootdavantFr","https:\/\/www.instagram.com\/footdavant.fr\/"]},{"@type":"Person","@id":"https:\/\/footdavant.fr\/actualites\/#\/schema\/person\/bc222566d95871b37e597b3ed3ba5e1d","name":"Cl\u00e9ment","image":{"@type":"ImageObject","inLanguage":"fr-FR","@id":"https:\/\/footdavant.fr\/actualites\/#\/schema\/person\/image\/","url":"https:\/\/secure.gravatar.com\/avatar\/7728b29aac2719421e1a9159b2254c44?s=96&d=mm&r=g","contentUrl":"https:\/\/secure.gravatar.com\/avatar\/7728b29aac2719421e1a9159b2254c44?s=96&d=mm&r=g","caption":"Cl\u00e9ment"},"sameAs":["https:\/\/footdavant.fr\/"]}]}},"_links":{"self":[{"href":"https:\/\/footdavant.fr\/actualites\/wp-json\/wp\/v2\/posts\/32573"}],"collection":[{"href":"https:\/\/footdavant.fr\/actualites\/wp-json\/wp\/v2\/posts"}],"about":[{"href":"https:\/\/footdavant.fr\/actualites\/wp-json\/wp\/v2\/types\/post"}],"author":[{"embeddable":true,"href":"https:\/\/footdavant.fr\/actualites\/wp-json\/wp\/v2\/users\/1"}],"replies":[{"embeddable":true,"href":"https:\/\/footdavant.fr\/actualites\/wp-json\/wp\/v2\/comments?post=32573"}],"version-history":[{"count":1,"href":"https:\/\/footdavant.fr\/actualites\/wp-json\/wp\/v2\/posts\/32573\/revisions"}],"predecessor-version":[{"id":32575,"href":"https:\/\/footdavant.fr\/actualites\/wp-json\/wp\/v2\/posts\/32573\/revisions\/32575"}],"wp:featuredmedia":[{"embeddable":true,"href":"https:\/\/footdavant.fr\/actualites\/wp-json\/wp\/v2\/media\/32574"}],"wp:attachment":[{"href":"https:\/\/footdavant.fr\/actualites\/wp-json\/wp\/v2\/media?parent=32573"}],"wp:term":[{"taxonomy":"category","embeddable":true,"href":"https:\/\/footdavant.fr\/actualites\/wp-json\/wp\/v2\/categories?post=32573"},{"taxonomy":"post_tag","embeddable":true,"href":"https:\/\/footdavant.fr\/actualites\/wp-json\/wp\/v2\/tags?post=32573"}],"curies":[{"name":"wp","href":"https:\/\/api.w.org\/{rel}","templated":true}]}}