{"id":3259,"date":"2023-12-31T13:54:25","date_gmt":"2023-12-31T12:54:25","guid":{"rendered":"https:\/\/footdavant.fr\/actualites\/bayindir-pret-pour-man-united-alors-quonana-se-prepare-a-se-rendre-a-la-can\/"},"modified":"2023-12-31T13:54:25","modified_gmt":"2023-12-31T12:54:25","slug":"bayindir-pret-pour-man-united-alors-quonana-se-prepare-a-se-rendre-a-la-can","status":"publish","type":"post","link":"https:\/\/footdavant.fr\/actualites\/bayindir-pret-pour-man-united-alors-quonana-se-prepare-a-se-rendre-a-la-can\/","title":{"rendered":"Bayindir pr\u00eat pour Man United alors qu&rsquo;Onana se pr\u00e9pare \u00e0 se rendre \u00e0 la CAN"},"content":{"rendered":"<p>Le gardien de Manchester United, Andre Onana, est nomm\u00e9 dans l&rsquo;\u00e9quipe camerounaise pour la Coupe d&rsquo;Afrique des Nations, Altay Bayindir est donc pr\u00eat pour une course du c\u00f4t\u00e9 des Diables Rouges.<\/p>\n<div id=\"article_body\" itemprop=\"articleBody\">\n<h3 class=\"firstPara\">\n<strong class=\"autotag\">Manchester United<\/strong> gardien de but <strong class=\"autotag\">Andr\u00e9 Onana<\/strong> a \u00e9t\u00e9 nomm\u00e9 dans le <strong class=\"autotag\">Cameroun<\/strong> \u00e9quipe pour le <strong class=\"autotag\">Coupe d&rsquo;Afrique des Nations<\/strong>.<\/h3>\n<p>Onana a quitt\u00e9 le camp camerounais lors de la Coupe du monde 2022 suite \u00e0 une dispute avec l&rsquo;entra\u00eeneur-chef <strong class=\"autotag\">Chanson de Rigobert<\/strong> et le pr\u00e9sident de la F\u00e9d\u00e9ration Camerounaise de Football <strong class=\"autotag\">Samuel Eto&rsquo;o<\/strong>ce qui l&rsquo;a amen\u00e9 \u00e0 annoncer sa retraite internationale.<\/p>\n<p>Cependant, le num\u00e9ro un de Man United est revenu dans l&rsquo;\u00e9quipe nationale en septembre et, comme pr\u00e9vu, il a \u00e9t\u00e9 inclus dans l&rsquo;\u00e9quipe pour la Coupe d&rsquo;Afrique des Nations, qui se d\u00e9roulera du 13 janvier au 11 f\u00e9vrier.<\/p>\n<p>La dur\u00e9e de l&rsquo;absence d&rsquo;Onana pour les Diables Rouges d\u00e9pendra de la progression du Cameroun, mais leur phase de groupes ne se terminera que le 23 janvier.<\/p>\n<p>En cons\u00e9quence, il y aura une course dans l&rsquo;\u00e9quipe pour <strong class=\"autotag\">Alta\u00ef Bayindir<\/strong>qui n&rsquo;a pas encore fait ses d\u00e9buts avec les 20 fois champions d&rsquo;Angleterre apr\u00e8s un transfert estival en provenance de Fenerbahce.<\/p>\n<p class=\"imgI\">\n<p>\u00ab\u00a0Quand il (Onana) y va, nous avons un groupe de gardiens solide avec Bayindir et Tom Heaton donc nous sommes \u00e0 l&rsquo;aise\u00a0\u00bb, a d\u00e9clar\u00e9 l&rsquo;entra\u00eeneur de Man United. <strong class=\"autotag\">Erik Ten Hag<\/strong> a r\u00e9cemment d\u00e9clar\u00e9 aux journalistes lorsqu&rsquo;on l&rsquo;a interrog\u00e9 sur la possibilit\u00e9 qu&rsquo;Onana se rende \u00e0 la CAN.<\/p>\n<p>\u00ab\u00a0S&rsquo;ils l&rsquo;appellent, vous connaissez le r\u00e8glement. Bien s\u00fbr, nous esp\u00e9rons qu&rsquo;Andr\u00e9 sera disponible le plus possible, mais sinon nous avons deux bons gardiens qui peuvent le remplacer.\u00a0\u00bb<\/p>\n<p>Onana a eu du mal \u00e0 montrer sa meilleure forme pour Man United depuis son arriv\u00e9e de l&rsquo;Inter Milan cet \u00e9t\u00e9, conc\u00e9dant 43 fois en 27 apparitions, ne r\u00e9ussissant que huit feuilles blanches.<\/p>\n<p>Le joueur de 27 ans a commis une s\u00e9rie d&rsquo;erreurs tr\u00e8s m\u00e9diatis\u00e9es, ses performances en Ligue des champions cette saison \u00e9tant largement critiqu\u00e9es, encaissant 15 fois en six matches.<\/p>\n<p class=\"imgI\"><img decoding=\"async\" loading=\"lazy\" class=\"l\" src=\"https:\/\/footdavant.fr\/actualites\/wp-content\/uploads\/2023\/12\/Bayindir-pret-pour-Man-United-alors-quOnana-se-prepare-a.JPG\" title=\"Le gardien de Manchester United Altay Bayindir le 3 septembre 2023\" alt=\"Le gardien de Manchester United Altay Bayindir le 3 septembre 2023\" width=\"640\" height=\"480\"><\/p>\n<p>Bayindir est huit fois international turc et il a acquis une \u00e9norme exp\u00e9rience au cours de son s\u00e9jour \u00e0 Fenerbahce, faisant 145 apparitions pour les g\u00e9ants turcs dans toutes les comp\u00e9titions.<\/p>\n<p>Le gardien de but a \u00e9galement jou\u00e9 quatre fois cette saison, notamment lors des matches de qualification de son ancien club pour la Ligue Europa Conf\u00e9rence, en plus de son premier match de Super Lig avec Gaziantep le 13 ao\u00fbt.<\/p>\n<p>Bayindir devait jouer la Coupe EFL pour Man United cette saison, mais il a \u00e9t\u00e9 \u00e9tonnamment n\u00e9glig\u00e9, ce qui signifie qu&rsquo;il n&rsquo;a pas encore jou\u00e9 pour l&rsquo;\u00e9quipe de Ten Hag.<\/p>\n<p>La premi\u00e8re apparition du joueur de 25 ans en Premier League aura lieu contre Tottenham Hotspur \u00e0 Old Trafford le 14 janvier, et il sera soutenu par l&rsquo;exp\u00e9riment\u00e9 Heaton.<\/p>\n<p>Man United sera \u00e9galement port\u00e9 disparu <strong class=\"autotag\">Sofiane Amrabat<\/strong> en raison du tournoi en C\u00f4te d&rsquo;Ivoire, avec le milieu de terrain pr\u00eat\u00e9 de la Fiorentina rappel\u00e9 par le Maroc.<\/p>\n<\/div>\n","protected":false},"excerpt":{"rendered":"<p>Le gardien de Manchester United, Andre Onana, est nomm\u00e9 dans l&rsquo;\u00e9quipe camerounaise pour la Coupe d&rsquo;Afrique des Nations, Altay Bayindir est donc pr\u00eat pour une<\/p>\n","protected":false},"author":1,"featured_media":3260,"comment_status":"closed","ping_status":"","sticky":false,"template":"","format":"standard","meta":{"footnotes":""},"categories":[5],"tags":[318,1491,24,51,1098,165,2663,2664,13],"yoast_head":"<!-- This site is optimized with the Yoast SEO plugin v21.0 - https:\/\/yoast.com\/wordpress\/plugins\/seo\/ -->\n<title>Bayindir pr\u00eat pour Man United alors qu&#039;Onana se pr\u00e9pare \u00e0 se rendre \u00e0 la CAN<\/title>\n<meta name=\"robots\" content=\"index, follow, max-snippet:-1, max-image-preview:large, max-video-preview:-1\" \/>\n<link rel=\"canonical\" href=\"https:\/\/footdavant.fr\/actualites\/bayindir-pret-pour-man-united-alors-quonana-se-prepare-a-se-rendre-a-la-can\/\" \/>\n<meta property=\"og:locale\" content=\"fr_FR\" \/>\n<meta property=\"og:type\" content=\"article\" \/>\n<meta property=\"og:title\" content=\"Bayindir pr\u00eat pour Man United alors qu&#039;Onana se pr\u00e9pare \u00e0 se rendre \u00e0 la CAN\" \/>\n<meta property=\"og:description\" content=\"Le gardien de Manchester United, Andre Onana, est nomm\u00e9 dans l&rsquo;\u00e9quipe camerounaise pour la Coupe d&rsquo;Afrique des Nations, Altay Bayindir est donc pr\u00eat pour une\" \/>\n<meta property=\"og:url\" content=\"https:\/\/footdavant.fr\/actualites\/bayindir-pret-pour-man-united-alors-quonana-se-prepare-a-se-rendre-a-la-can\/\" \/>\n<meta property=\"og:site_name\" content=\"Foot d&#039;avant\" \/>\n<meta property=\"article:publisher\" content=\"https:\/\/www.facebook.com\/Footdavant\/\" \/>\n<meta property=\"article:published_time\" content=\"2023-12-31T12:54:25+00:00\" \/>\n<meta property=\"og:image\" content=\"https:\/\/footdavant.fr\/actualites\/wp-content\/uploads\/2023\/12\/Bayindir-pret-pour-Man-United-alors-quOnana-se-prepare-a.jpg\" \/>\n\t<meta property=\"og:image:width\" content=\"640\" \/>\n\t<meta property=\"og:image:height\" content=\"480\" \/>\n\t<meta property=\"og:image:type\" content=\"image\/jpeg\" \/>\n<meta name=\"author\" content=\"Cl\u00e9ment\" \/>\n<meta name=\"twitter:card\" content=\"summary_large_image\" \/>\n<meta name=\"twitter:creator\" content=\"@FootdavantFr\" \/>\n<meta name=\"twitter:site\" content=\"@FootdavantFr\" \/>\n<meta name=\"twitter:label1\" content=\"\u00c9crit par\" \/>\n\t<meta name=\"twitter:data1\" content=\"Cl\u00e9ment\" \/>\n\t<meta name=\"twitter:label2\" content=\"Dur\u00e9e de lecture estim\u00e9e\" \/>\n\t<meta name=\"twitter:data2\" content=\"3 minutes\" \/>\n<script type=\"application\/ld+json\" class=\"yoast-schema-graph\">{\"@context\":\"https:\/\/schema.org\",\"@graph\":[{\"@type\":\"Article\",\"@id\":\"https:\/\/footdavant.fr\/actualites\/bayindir-pret-pour-man-united-alors-quonana-se-prepare-a-se-rendre-a-la-can\/#article\",\"isPartOf\":{\"@id\":\"https:\/\/footdavant.fr\/actualites\/bayindir-pret-pour-man-united-alors-quonana-se-prepare-a-se-rendre-a-la-can\/\"},\"author\":{\"name\":\"Cl\u00e9ment\",\"@id\":\"https:\/\/footdavant.fr\/actualites\/#\/schema\/person\/bc222566d95871b37e597b3ed3ba5e1d\"},\"headline\":\"Bayindir pr\u00eat pour Man United alors qu&rsquo;Onana se pr\u00e9pare \u00e0 se rendre \u00e0 la CAN\",\"datePublished\":\"2023-12-31T12:54:25+00:00\",\"dateModified\":\"2023-12-31T12:54:25+00:00\",\"mainEntityOfPage\":{\"@id\":\"https:\/\/footdavant.fr\/actualites\/bayindir-pret-pour-man-united-alors-quonana-se-prepare-a-se-rendre-a-la-can\/\"},\"wordCount\":525,\"publisher\":{\"@id\":\"https:\/\/footdavant.fr\/actualites\/#organization\"},\"keywords\":[\"alors\",\"Bayindir\",\"Man\",\"pour\",\"pr\u00e9pare\",\"pr\u00eat\",\"quOnana\",\"rendre\",\"United\"],\"articleSection\":[\"Premier League\"],\"inLanguage\":\"fr-FR\"},{\"@type\":\"WebPage\",\"@id\":\"https:\/\/footdavant.fr\/actualites\/bayindir-pret-pour-man-united-alors-quonana-se-prepare-a-se-rendre-a-la-can\/\",\"url\":\"https:\/\/footdavant.fr\/actualites\/bayindir-pret-pour-man-united-alors-quonana-se-prepare-a-se-rendre-a-la-can\/\",\"name\":\"Bayindir pr\u00eat pour Man United alors qu'Onana se pr\u00e9pare \u00e0 se rendre \u00e0 la CAN\",\"isPartOf\":{\"@id\":\"https:\/\/footdavant.fr\/actualites\/#website\"},\"datePublished\":\"2023-12-31T12:54:25+00:00\",\"dateModified\":\"2023-12-31T12:54:25+00:00\",\"breadcrumb\":{\"@id\":\"https:\/\/footdavant.fr\/actualites\/bayindir-pret-pour-man-united-alors-quonana-se-prepare-a-se-rendre-a-la-can\/#breadcrumb\"},\"inLanguage\":\"fr-FR\",\"potentialAction\":[{\"@type\":\"ReadAction\",\"target\":[\"https:\/\/footdavant.fr\/actualites\/bayindir-pret-pour-man-united-alors-quonana-se-prepare-a-se-rendre-a-la-can\/\"]}]},{\"@type\":\"BreadcrumbList\",\"@id\":\"https:\/\/footdavant.fr\/actualites\/bayindir-pret-pour-man-united-alors-quonana-se-prepare-a-se-rendre-a-la-can\/#breadcrumb\",\"itemListElement\":[{\"@type\":\"ListItem\",\"position\":1,\"name\":\"Accueil\",\"item\":\"https:\/\/footdavant.fr\/actualites\/\"},{\"@type\":\"ListItem\",\"position\":2,\"name\":\"Bayindir pr\u00eat pour Man United alors qu&rsquo;Onana se pr\u00e9pare \u00e0 se rendre \u00e0 la CAN\"}]},{\"@type\":\"WebSite\",\"@id\":\"https:\/\/footdavant.fr\/actualites\/#website\",\"url\":\"https:\/\/footdavant.fr\/actualites\/\",\"name\":\"Foot d'avant\",\"description\":\"\",\"publisher\":{\"@id\":\"https:\/\/footdavant.fr\/actualites\/#organization\"},\"potentialAction\":[{\"@type\":\"SearchAction\",\"target\":{\"@type\":\"EntryPoint\",\"urlTemplate\":\"https:\/\/footdavant.fr\/actualites\/?s={search_term_string}\"},\"query-input\":\"required name=search_term_string\"}],\"inLanguage\":\"fr-FR\"},{\"@type\":\"Organization\",\"@id\":\"https:\/\/footdavant.fr\/actualites\/#organization\",\"name\":\"Foot d'avant\",\"url\":\"https:\/\/footdavant.fr\/actualites\/\",\"logo\":{\"@type\":\"ImageObject\",\"inLanguage\":\"fr-FR\",\"@id\":\"https:\/\/footdavant.fr\/actualites\/#\/schema\/logo\/image\/\",\"url\":\"https:\/\/footdavant.fr\/actualites\/wp-content\/uploads\/2023\/09\/Copy-of-FootDavant-Logo.png\",\"contentUrl\":\"https:\/\/footdavant.fr\/actualites\/wp-content\/uploads\/2023\/09\/Copy-of-FootDavant-Logo.png\",\"width\":936,\"height\":549,\"caption\":\"Foot d'avant\"},\"image\":{\"@id\":\"https:\/\/footdavant.fr\/actualites\/#\/schema\/logo\/image\/\"},\"sameAs\":[\"https:\/\/www.facebook.com\/Footdavant\/\",\"https:\/\/twitter.com\/FootdavantFr\",\"https:\/\/www.instagram.com\/footdavant.fr\/\"]},{\"@type\":\"Person\",\"@id\":\"https:\/\/footdavant.fr\/actualites\/#\/schema\/person\/bc222566d95871b37e597b3ed3ba5e1d\",\"name\":\"Cl\u00e9ment\",\"image\":{\"@type\":\"ImageObject\",\"inLanguage\":\"fr-FR\",\"@id\":\"https:\/\/footdavant.fr\/actualites\/#\/schema\/person\/image\/\",\"url\":\"https:\/\/secure.gravatar.com\/avatar\/7728b29aac2719421e1a9159b2254c44?s=96&d=mm&r=g\",\"contentUrl\":\"https:\/\/secure.gravatar.com\/avatar\/7728b29aac2719421e1a9159b2254c44?s=96&d=mm&r=g\",\"caption\":\"Cl\u00e9ment\"},\"sameAs\":[\"https:\/\/footdavant.fr\/\"]}]}<\/script>\n<!-- \/ Yoast SEO plugin. -->","yoast_head_json":{"title":"Bayindir pr\u00eat pour Man United alors qu'Onana se pr\u00e9pare \u00e0 se rendre \u00e0 la CAN","robots":{"index":"index","follow":"follow","max-snippet":"max-snippet:-1","max-image-preview":"max-image-preview:large","max-video-preview":"max-video-preview:-1"},"canonical":"https:\/\/footdavant.fr\/actualites\/bayindir-pret-pour-man-united-alors-quonana-se-prepare-a-se-rendre-a-la-can\/","og_locale":"fr_FR","og_type":"article","og_title":"Bayindir pr\u00eat pour Man United alors qu'Onana se pr\u00e9pare \u00e0 se rendre \u00e0 la CAN","og_description":"Le gardien de Manchester United, Andre Onana, est nomm\u00e9 dans l&rsquo;\u00e9quipe camerounaise pour la Coupe d&rsquo;Afrique des Nations, Altay Bayindir est donc pr\u00eat pour une","og_url":"https:\/\/footdavant.fr\/actualites\/bayindir-pret-pour-man-united-alors-quonana-se-prepare-a-se-rendre-a-la-can\/","og_site_name":"Foot d&#039;avant","article_publisher":"https:\/\/www.facebook.com\/Footdavant\/","article_published_time":"2023-12-31T12:54:25+00:00","og_image":[{"width":640,"height":480,"url":"https:\/\/footdavant.fr\/actualites\/wp-content\/uploads\/2023\/12\/Bayindir-pret-pour-Man-United-alors-quOnana-se-prepare-a.jpg","type":"image\/jpeg"}],"author":"Cl\u00e9ment","twitter_card":"summary_large_image","twitter_creator":"@FootdavantFr","twitter_site":"@FootdavantFr","twitter_misc":{"\u00c9crit par":"Cl\u00e9ment","Dur\u00e9e de lecture estim\u00e9e":"3 minutes"},"schema":{"@context":"https:\/\/schema.org","@graph":[{"@type":"Article","@id":"https:\/\/footdavant.fr\/actualites\/bayindir-pret-pour-man-united-alors-quonana-se-prepare-a-se-rendre-a-la-can\/#article","isPartOf":{"@id":"https:\/\/footdavant.fr\/actualites\/bayindir-pret-pour-man-united-alors-quonana-se-prepare-a-se-rendre-a-la-can\/"},"author":{"name":"Cl\u00e9ment","@id":"https:\/\/footdavant.fr\/actualites\/#\/schema\/person\/bc222566d95871b37e597b3ed3ba5e1d"},"headline":"Bayindir pr\u00eat pour Man United alors qu&rsquo;Onana se pr\u00e9pare \u00e0 se rendre \u00e0 la CAN","datePublished":"2023-12-31T12:54:25+00:00","dateModified":"2023-12-31T12:54:25+00:00","mainEntityOfPage":{"@id":"https:\/\/footdavant.fr\/actualites\/bayindir-pret-pour-man-united-alors-quonana-se-prepare-a-se-rendre-a-la-can\/"},"wordCount":525,"publisher":{"@id":"https:\/\/footdavant.fr\/actualites\/#organization"},"keywords":["alors","Bayindir","Man","pour","pr\u00e9pare","pr\u00eat","quOnana","rendre","United"],"articleSection":["Premier League"],"inLanguage":"fr-FR"},{"@type":"WebPage","@id":"https:\/\/footdavant.fr\/actualites\/bayindir-pret-pour-man-united-alors-quonana-se-prepare-a-se-rendre-a-la-can\/","url":"https:\/\/footdavant.fr\/actualites\/bayindir-pret-pour-man-united-alors-quonana-se-prepare-a-se-rendre-a-la-can\/","name":"Bayindir pr\u00eat pour Man United alors qu'Onana se pr\u00e9pare \u00e0 se rendre \u00e0 la CAN","isPartOf":{"@id":"https:\/\/footdavant.fr\/actualites\/#website"},"datePublished":"2023-12-31T12:54:25+00:00","dateModified":"2023-12-31T12:54:25+00:00","breadcrumb":{"@id":"https:\/\/footdavant.fr\/actualites\/bayindir-pret-pour-man-united-alors-quonana-se-prepare-a-se-rendre-a-la-can\/#breadcrumb"},"inLanguage":"fr-FR","potentialAction":[{"@type":"ReadAction","target":["https:\/\/footdavant.fr\/actualites\/bayindir-pret-pour-man-united-alors-quonana-se-prepare-a-se-rendre-a-la-can\/"]}]},{"@type":"BreadcrumbList","@id":"https:\/\/footdavant.fr\/actualites\/bayindir-pret-pour-man-united-alors-quonana-se-prepare-a-se-rendre-a-la-can\/#breadcrumb","itemListElement":[{"@type":"ListItem","position":1,"name":"Accueil","item":"https:\/\/footdavant.fr\/actualites\/"},{"@type":"ListItem","position":2,"name":"Bayindir pr\u00eat pour Man United alors qu&rsquo;Onana se pr\u00e9pare \u00e0 se rendre \u00e0 la CAN"}]},{"@type":"WebSite","@id":"https:\/\/footdavant.fr\/actualites\/#website","url":"https:\/\/footdavant.fr\/actualites\/","name":"Foot d'avant","description":"","publisher":{"@id":"https:\/\/footdavant.fr\/actualites\/#organization"},"potentialAction":[{"@type":"SearchAction","target":{"@type":"EntryPoint","urlTemplate":"https:\/\/footdavant.fr\/actualites\/?s={search_term_string}"},"query-input":"required name=search_term_string"}],"inLanguage":"fr-FR"},{"@type":"Organization","@id":"https:\/\/footdavant.fr\/actualites\/#organization","name":"Foot d'avant","url":"https:\/\/footdavant.fr\/actualites\/","logo":{"@type":"ImageObject","inLanguage":"fr-FR","@id":"https:\/\/footdavant.fr\/actualites\/#\/schema\/logo\/image\/","url":"https:\/\/footdavant.fr\/actualites\/wp-content\/uploads\/2023\/09\/Copy-of-FootDavant-Logo.png","contentUrl":"https:\/\/footdavant.fr\/actualites\/wp-content\/uploads\/2023\/09\/Copy-of-FootDavant-Logo.png","width":936,"height":549,"caption":"Foot d'avant"},"image":{"@id":"https:\/\/footdavant.fr\/actualites\/#\/schema\/logo\/image\/"},"sameAs":["https:\/\/www.facebook.com\/Footdavant\/","https:\/\/twitter.com\/FootdavantFr","https:\/\/www.instagram.com\/footdavant.fr\/"]},{"@type":"Person","@id":"https:\/\/footdavant.fr\/actualites\/#\/schema\/person\/bc222566d95871b37e597b3ed3ba5e1d","name":"Cl\u00e9ment","image":{"@type":"ImageObject","inLanguage":"fr-FR","@id":"https:\/\/footdavant.fr\/actualites\/#\/schema\/person\/image\/","url":"https:\/\/secure.gravatar.com\/avatar\/7728b29aac2719421e1a9159b2254c44?s=96&d=mm&r=g","contentUrl":"https:\/\/secure.gravatar.com\/avatar\/7728b29aac2719421e1a9159b2254c44?s=96&d=mm&r=g","caption":"Cl\u00e9ment"},"sameAs":["https:\/\/footdavant.fr\/"]}]}},"_links":{"self":[{"href":"https:\/\/footdavant.fr\/actualites\/wp-json\/wp\/v2\/posts\/3259"}],"collection":[{"href":"https:\/\/footdavant.fr\/actualites\/wp-json\/wp\/v2\/posts"}],"about":[{"href":"https:\/\/footdavant.fr\/actualites\/wp-json\/wp\/v2\/types\/post"}],"author":[{"embeddable":true,"href":"https:\/\/footdavant.fr\/actualites\/wp-json\/wp\/v2\/users\/1"}],"replies":[{"embeddable":true,"href":"https:\/\/footdavant.fr\/actualites\/wp-json\/wp\/v2\/comments?post=3259"}],"version-history":[{"count":1,"href":"https:\/\/footdavant.fr\/actualites\/wp-json\/wp\/v2\/posts\/3259\/revisions"}],"predecessor-version":[{"id":3261,"href":"https:\/\/footdavant.fr\/actualites\/wp-json\/wp\/v2\/posts\/3259\/revisions\/3261"}],"wp:featuredmedia":[{"embeddable":true,"href":"https:\/\/footdavant.fr\/actualites\/wp-json\/wp\/v2\/media\/3260"}],"wp:attachment":[{"href":"https:\/\/footdavant.fr\/actualites\/wp-json\/wp\/v2\/media?parent=3259"}],"wp:term":[{"taxonomy":"category","embeddable":true,"href":"https:\/\/footdavant.fr\/actualites\/wp-json\/wp\/v2\/categories?post=3259"},{"taxonomy":"post_tag","embeddable":true,"href":"https:\/\/footdavant.fr\/actualites\/wp-json\/wp\/v2\/tags?post=3259"}],"curies":[{"name":"wp","href":"https:\/\/api.w.org\/{rel}","templated":true}]}}