{"id":32653,"date":"2025-12-23T03:48:06","date_gmt":"2025-12-23T02:48:06","guid":{"rendered":"https:\/\/footdavant.fr\/actualites\/liverpool-confirme-loperation-dalexander-isak-apres-setre-casse-la-jambe-contre-tottenham\/"},"modified":"2025-12-23T03:48:10","modified_gmt":"2025-12-23T02:48:10","slug":"liverpool-confirme-loperation-dalexander-isak-apres-setre-casse-la-jambe-contre-tottenham","status":"publish","type":"post","link":"https:\/\/footdavant.fr\/actualites\/liverpool-confirme-loperation-dalexander-isak-apres-setre-casse-la-jambe-contre-tottenham\/","title":{"rendered":"Liverpool confirme l&#39;op\u00e9ration d&#39;Alexander Isak apr\u00e8s s&#39;\u00eatre cass\u00e9 la jambe contre Tottenham"},"content":{"rendered":"<p>L&#39;attaquant su\u00e9dois s&#39;est bless\u00e9 alors qu&#39;il marquait pour les Reds contre Tottenham.<\/p>\n<div>\n<p>Livepool a confirm\u00e9 que l&#39;attaquant Alexander Isak avait subi une intervention chirurgicale \u00e0 la jambe cass\u00e9e qu&#39;il a subie contre Tottenham Hotspur samedi. <\/p>\n<p>Isak est entr\u00e9 en jeu pour ouvrir le score pour l&#39;\u00e9quipe d&#39;Arne Slot lors d&#39;une victoire 2-1 au Tottenham Hotspur Stadium, mais a \u00e9t\u00e9 rattrap\u00e9 par Micky van de Ven imm\u00e9diatement apr\u00e8s avoir frapp\u00e9 le ballon.<\/p>\n<p>L&#39;international su\u00e9dois a tent\u00e9 de continuer mais n&#39;a pas pu continuer \u00e0 jouer et a finalement \u00e9t\u00e9 retir\u00e9.<\/p>\n<p>Les Reds ont confirm\u00e9 que le joueur de 26 ans, qui a rejoint Liverpool en provenance de Newcastle dans le cadre d&#39;un contrat record de 125 millions de livres sterling en septembre, avait subi une fracture \u00e0 la jambe et avait \u00e9t\u00e9 op\u00e9r\u00e9 lundi. <\/p>\n<p>Le club n&#39;a pas pr\u00e9cis\u00e9 de calendrier de r\u00e9cup\u00e9ration, mais on pense que l&#39;attaquant pourrait \u00eatre absent pendant au moins quelques mois.<\/p>\n<figure class=\"wp-block-embed is-type-rich is-provider-twitter wp-block-embed-twitter\">\n<div class=\"wp-block-embed__wrapper\">\n<blockquote class=\"twitter-tweet\" data-width=\"500\" data-dnt=\"true\">\n<p lang=\"en\" dir=\"ltr\">Alexander Isak a \u00e9t\u00e9 op\u00e9r\u00e9 avec succ\u00e8s aujourd&#39;hui de sa blessure subie samedi.<\/p>\n<p>\u2013Liverpool FC (@LFC) <a rel=\"nofollow\" href=\"https:\/\/twitter.com\/LFC\/status\/2003209177032950230?ref_src=twsrc%5Etfw\" rel=\"nofollow noopener\">22 d\u00e9cembre 2025<\/a><\/p><\/blockquote>\n<\/div>\n<\/figure>\n<p>\u00ab\u00a0Alexander Isak a subi aujourd&#39;hui avec succ\u00e8s une op\u00e9ration chirurgicale pour la blessure qu&#39;il a subie samedi\u00a0\u00bb, a d\u00e9clar\u00e9 Liverpool dans un communiqu\u00e9. <\/p>\n<p>\u00ab Apr\u00e8s le diagnostic, une op\u00e9ration a \u00e9t\u00e9 achev\u00e9e aujourd&#39;hui sur une blessure \u00e0 la cheville comprenant une fracture du p\u00e9ron\u00e9.<\/p>\n<p>\u00ab\u00a0La r\u00e9\u00e9ducation d&#39;Isak va d\u00e9sormais se poursuivre au Centre de Formation AXA, sans qu&#39;aucun calendrier ne soit encore fix\u00e9 pour son retour.\u00a0\u00bb<\/p>\n<p>L&#39;\u00e9quipe de Slot sera la prochaine en action le 27 d\u00e9cembre lorsqu&#39;elle accueillera le club inf\u00e9rieur des Wolves \u00e0 Anfield, les visiteurs \u00e9tant toujours \u00e0 la recherche de leur premier vol de haut niveau de la campagne. <\/p>\n<p>Les champions sont actuellement cinqui\u00e8mes du classement, \u00e0 \u00e9galit\u00e9 de points avec Chelsea, quatri\u00e8me, mais \u00e0 10 points du leader Arsenal. <\/p>\n<\/p><\/div>\n<p><script async src=\"https:\/\/platform.twitter.com\/widgets.js\" charset=\"utf-8\"><\/script><\/p>\n","protected":false},"excerpt":{"rendered":"<p>L&#39;attaquant su\u00e9dois s&#39;est bless\u00e9 alors qu&#39;il marquait pour les Reds contre Tottenham. Livepool a confirm\u00e9 que l&#39;attaquant Alexander Isak avait subi une intervention chirurgicale \u00e0<\/p>\n","protected":false},"author":1,"featured_media":32654,"comment_status":"closed","ping_status":"","sticky":false,"template":"","format":"standard","meta":{"footnotes":""},"categories":[3],"tags":[25,4324,40,20,6029,42,9074,9460,53,6880,68],"yoast_head":"<!-- This site is optimized with the Yoast SEO plugin v21.0 - https:\/\/yoast.com\/wordpress\/plugins\/seo\/ -->\n<title>Liverpool confirme l&#039;op\u00e9ration d&#039;Alexander Isak apr\u00e8s s&#039;\u00eatre cass\u00e9 la jambe contre Tottenham<\/title>\n<meta name=\"robots\" content=\"index, follow, max-snippet:-1, max-image-preview:large, max-video-preview:-1\" \/>\n<link rel=\"canonical\" href=\"https:\/\/footdavant.fr\/actualites\/liverpool-confirme-loperation-dalexander-isak-apres-setre-casse-la-jambe-contre-tottenham\/\" \/>\n<meta property=\"og:locale\" content=\"fr_FR\" \/>\n<meta property=\"og:type\" content=\"article\" \/>\n<meta property=\"og:title\" content=\"Liverpool confirme l&#039;op\u00e9ration d&#039;Alexander Isak apr\u00e8s s&#039;\u00eatre cass\u00e9 la jambe contre Tottenham\" \/>\n<meta property=\"og:description\" content=\"L&#039;attaquant su\u00e9dois s&#039;est bless\u00e9 alors qu&#039;il marquait pour les Reds contre Tottenham. Livepool a confirm\u00e9 que l&#039;attaquant Alexander Isak avait subi une intervention chirurgicale \u00e0\" \/>\n<meta property=\"og:url\" content=\"https:\/\/footdavant.fr\/actualites\/liverpool-confirme-loperation-dalexander-isak-apres-setre-casse-la-jambe-contre-tottenham\/\" \/>\n<meta property=\"og:site_name\" content=\"Foot d&#039;avant\" \/>\n<meta property=\"article:publisher\" content=\"https:\/\/www.facebook.com\/Footdavant\/\" \/>\n<meta property=\"article:published_time\" content=\"2025-12-23T02:48:06+00:00\" \/>\n<meta property=\"article:modified_time\" content=\"2025-12-23T02:48:10+00:00\" \/>\n<meta property=\"og:image\" content=\"https:\/\/footdavant.fr\/actualites\/wp-content\/uploads\/2025\/12\/Liverpool-confirme-l39operation-d39Alexander-Isak-apres-s39etre-casse-la-jambe.jpg\" \/>\n\t<meta property=\"og:image:width\" content=\"1200\" \/>\n\t<meta property=\"og:image:height\" content=\"675\" \/>\n\t<meta property=\"og:image:type\" content=\"image\/jpeg\" \/>\n<meta name=\"author\" content=\"Cl\u00e9ment\" \/>\n<meta name=\"twitter:card\" content=\"summary_large_image\" \/>\n<meta name=\"twitter:creator\" content=\"@FootdavantFr\" \/>\n<meta name=\"twitter:site\" content=\"@FootdavantFr\" \/>\n<meta name=\"twitter:label1\" content=\"\u00c9crit par\" \/>\n\t<meta name=\"twitter:data1\" content=\"Cl\u00e9ment\" \/>\n\t<meta name=\"twitter:label2\" content=\"Dur\u00e9e de lecture estim\u00e9e\" \/>\n\t<meta name=\"twitter:data2\" content=\"2 minutes\" \/>\n<script type=\"application\/ld+json\" class=\"yoast-schema-graph\">{\"@context\":\"https:\/\/schema.org\",\"@graph\":[{\"@type\":\"Article\",\"@id\":\"https:\/\/footdavant.fr\/actualites\/liverpool-confirme-loperation-dalexander-isak-apres-setre-casse-la-jambe-contre-tottenham\/#article\",\"isPartOf\":{\"@id\":\"https:\/\/footdavant.fr\/actualites\/liverpool-confirme-loperation-dalexander-isak-apres-setre-casse-la-jambe-contre-tottenham\/\"},\"author\":{\"name\":\"Cl\u00e9ment\",\"@id\":\"https:\/\/footdavant.fr\/actualites\/#\/schema\/person\/bc222566d95871b37e597b3ed3ba5e1d\"},\"headline\":\"Liverpool confirme l&#39;op\u00e9ration d&#39;Alexander Isak apr\u00e8s s&#39;\u00eatre cass\u00e9 la jambe contre Tottenham\",\"datePublished\":\"2025-12-23T02:48:06+00:00\",\"dateModified\":\"2025-12-23T02:48:10+00:00\",\"mainEntityOfPage\":{\"@id\":\"https:\/\/footdavant.fr\/actualites\/liverpool-confirme-loperation-dalexander-isak-apres-setre-casse-la-jambe-contre-tottenham\/\"},\"wordCount\":346,\"publisher\":{\"@id\":\"https:\/\/footdavant.fr\/actualites\/#organization\"},\"keywords\":[\"apr\u00e8s\",\"cass\u00e9\",\"confirme\",\"contre\",\"d39Alexander\",\"Isak\",\"jambe\",\"l39op\u00e9ration\",\"Liverpool\",\"s39\u00eatre\",\"Tottenham\"],\"articleSection\":[\"Football\"],\"inLanguage\":\"fr-FR\"},{\"@type\":\"WebPage\",\"@id\":\"https:\/\/footdavant.fr\/actualites\/liverpool-confirme-loperation-dalexander-isak-apres-setre-casse-la-jambe-contre-tottenham\/\",\"url\":\"https:\/\/footdavant.fr\/actualites\/liverpool-confirme-loperation-dalexander-isak-apres-setre-casse-la-jambe-contre-tottenham\/\",\"name\":\"Liverpool confirme l&#39;op\u00e9ration d&#39;Alexander Isak apr\u00e8s s&#39;\u00eatre cass\u00e9 la jambe contre Tottenham\",\"isPartOf\":{\"@id\":\"https:\/\/footdavant.fr\/actualites\/#website\"},\"datePublished\":\"2025-12-23T02:48:06+00:00\",\"dateModified\":\"2025-12-23T02:48:10+00:00\",\"breadcrumb\":{\"@id\":\"https:\/\/footdavant.fr\/actualites\/liverpool-confirme-loperation-dalexander-isak-apres-setre-casse-la-jambe-contre-tottenham\/#breadcrumb\"},\"inLanguage\":\"fr-FR\",\"potentialAction\":[{\"@type\":\"ReadAction\",\"target\":[\"https:\/\/footdavant.fr\/actualites\/liverpool-confirme-loperation-dalexander-isak-apres-setre-casse-la-jambe-contre-tottenham\/\"]}]},{\"@type\":\"BreadcrumbList\",\"@id\":\"https:\/\/footdavant.fr\/actualites\/liverpool-confirme-loperation-dalexander-isak-apres-setre-casse-la-jambe-contre-tottenham\/#breadcrumb\",\"itemListElement\":[{\"@type\":\"ListItem\",\"position\":1,\"name\":\"Accueil\",\"item\":\"https:\/\/footdavant.fr\/actualites\/\"},{\"@type\":\"ListItem\",\"position\":2,\"name\":\"Liverpool confirme l&#39;op\u00e9ration d&#39;Alexander Isak apr\u00e8s s&#39;\u00eatre cass\u00e9 la jambe contre Tottenham\"}]},{\"@type\":\"WebSite\",\"@id\":\"https:\/\/footdavant.fr\/actualites\/#website\",\"url\":\"https:\/\/footdavant.fr\/actualites\/\",\"name\":\"Foot d'avant\",\"description\":\"\",\"publisher\":{\"@id\":\"https:\/\/footdavant.fr\/actualites\/#organization\"},\"potentialAction\":[{\"@type\":\"SearchAction\",\"target\":{\"@type\":\"EntryPoint\",\"urlTemplate\":\"https:\/\/footdavant.fr\/actualites\/?s={search_term_string}\"},\"query-input\":\"required name=search_term_string\"}],\"inLanguage\":\"fr-FR\"},{\"@type\":\"Organization\",\"@id\":\"https:\/\/footdavant.fr\/actualites\/#organization\",\"name\":\"Foot d'avant\",\"url\":\"https:\/\/footdavant.fr\/actualites\/\",\"logo\":{\"@type\":\"ImageObject\",\"inLanguage\":\"fr-FR\",\"@id\":\"https:\/\/footdavant.fr\/actualites\/#\/schema\/logo\/image\/\",\"url\":\"https:\/\/footdavant.fr\/actualites\/wp-content\/uploads\/2023\/09\/Copy-of-FootDavant-Logo.png\",\"contentUrl\":\"https:\/\/footdavant.fr\/actualites\/wp-content\/uploads\/2023\/09\/Copy-of-FootDavant-Logo.png\",\"width\":936,\"height\":549,\"caption\":\"Foot d'avant\"},\"image\":{\"@id\":\"https:\/\/footdavant.fr\/actualites\/#\/schema\/logo\/image\/\"},\"sameAs\":[\"https:\/\/www.facebook.com\/Footdavant\/\",\"https:\/\/twitter.com\/FootdavantFr\",\"https:\/\/www.instagram.com\/footdavant.fr\/\"]},{\"@type\":\"Person\",\"@id\":\"https:\/\/footdavant.fr\/actualites\/#\/schema\/person\/bc222566d95871b37e597b3ed3ba5e1d\",\"name\":\"Cl\u00e9ment\",\"image\":{\"@type\":\"ImageObject\",\"inLanguage\":\"fr-FR\",\"@id\":\"https:\/\/footdavant.fr\/actualites\/#\/schema\/person\/image\/\",\"url\":\"https:\/\/secure.gravatar.com\/avatar\/7728b29aac2719421e1a9159b2254c44?s=96&d=mm&r=g\",\"contentUrl\":\"https:\/\/secure.gravatar.com\/avatar\/7728b29aac2719421e1a9159b2254c44?s=96&d=mm&r=g\",\"caption\":\"Cl\u00e9ment\"},\"sameAs\":[\"https:\/\/footdavant.fr\/\"]}]}<\/script>\n<!-- \/ Yoast SEO plugin. -->","yoast_head_json":{"title":"Liverpool confirme l&#39;op\u00e9ration d&#39;Alexander Isak apr\u00e8s s&#39;\u00eatre cass\u00e9 la jambe contre Tottenham","robots":{"index":"index","follow":"follow","max-snippet":"max-snippet:-1","max-image-preview":"max-image-preview:large","max-video-preview":"max-video-preview:-1"},"canonical":"https:\/\/footdavant.fr\/actualites\/liverpool-confirme-loperation-dalexander-isak-apres-setre-casse-la-jambe-contre-tottenham\/","og_locale":"fr_FR","og_type":"article","og_title":"Liverpool confirme l&#39;op\u00e9ration d&#39;Alexander Isak apr\u00e8s s&#39;\u00eatre cass\u00e9 la jambe contre Tottenham","og_description":"L&#39;attaquant su\u00e9dois s&#39;est bless\u00e9 alors qu&#39;il marquait pour les Reds contre Tottenham. Livepool a confirm\u00e9 que l&#39;attaquant Alexander Isak avait subi une intervention chirurgicale \u00e0","og_url":"https:\/\/footdavant.fr\/actualites\/liverpool-confirme-loperation-dalexander-isak-apres-setre-casse-la-jambe-contre-tottenham\/","og_site_name":"Foot d&#039;avant","article_publisher":"https:\/\/www.facebook.com\/Footdavant\/","article_published_time":"2025-12-23T02:48:06+00:00","article_modified_time":"2025-12-23T02:48:10+00:00","og_image":[{"width":1200,"height":675,"url":"https:\/\/footdavant.fr\/actualites\/wp-content\/uploads\/2025\/12\/Liverpool-confirme-l39operation-d39Alexander-Isak-apres-s39etre-casse-la-jambe.jpg","type":"image\/jpeg"}],"author":"Cl\u00e9ment","twitter_card":"summary_large_image","twitter_creator":"@FootdavantFr","twitter_site":"@FootdavantFr","twitter_misc":{"\u00c9crit par":"Cl\u00e9ment","Dur\u00e9e de lecture estim\u00e9e":"2 minutes"},"schema":{"@context":"https:\/\/schema.org","@graph":[{"@type":"Article","@id":"https:\/\/footdavant.fr\/actualites\/liverpool-confirme-loperation-dalexander-isak-apres-setre-casse-la-jambe-contre-tottenham\/#article","isPartOf":{"@id":"https:\/\/footdavant.fr\/actualites\/liverpool-confirme-loperation-dalexander-isak-apres-setre-casse-la-jambe-contre-tottenham\/"},"author":{"name":"Cl\u00e9ment","@id":"https:\/\/footdavant.fr\/actualites\/#\/schema\/person\/bc222566d95871b37e597b3ed3ba5e1d"},"headline":"Liverpool confirme l&#39;op\u00e9ration d&#39;Alexander Isak apr\u00e8s s&#39;\u00eatre cass\u00e9 la jambe contre Tottenham","datePublished":"2025-12-23T02:48:06+00:00","dateModified":"2025-12-23T02:48:10+00:00","mainEntityOfPage":{"@id":"https:\/\/footdavant.fr\/actualites\/liverpool-confirme-loperation-dalexander-isak-apres-setre-casse-la-jambe-contre-tottenham\/"},"wordCount":346,"publisher":{"@id":"https:\/\/footdavant.fr\/actualites\/#organization"},"keywords":["apr\u00e8s","cass\u00e9","confirme","contre","d39Alexander","Isak","jambe","l39op\u00e9ration","Liverpool","s39\u00eatre","Tottenham"],"articleSection":["Football"],"inLanguage":"fr-FR"},{"@type":"WebPage","@id":"https:\/\/footdavant.fr\/actualites\/liverpool-confirme-loperation-dalexander-isak-apres-setre-casse-la-jambe-contre-tottenham\/","url":"https:\/\/footdavant.fr\/actualites\/liverpool-confirme-loperation-dalexander-isak-apres-setre-casse-la-jambe-contre-tottenham\/","name":"Liverpool confirme l&#39;op\u00e9ration d&#39;Alexander Isak apr\u00e8s s&#39;\u00eatre cass\u00e9 la jambe contre Tottenham","isPartOf":{"@id":"https:\/\/footdavant.fr\/actualites\/#website"},"datePublished":"2025-12-23T02:48:06+00:00","dateModified":"2025-12-23T02:48:10+00:00","breadcrumb":{"@id":"https:\/\/footdavant.fr\/actualites\/liverpool-confirme-loperation-dalexander-isak-apres-setre-casse-la-jambe-contre-tottenham\/#breadcrumb"},"inLanguage":"fr-FR","potentialAction":[{"@type":"ReadAction","target":["https:\/\/footdavant.fr\/actualites\/liverpool-confirme-loperation-dalexander-isak-apres-setre-casse-la-jambe-contre-tottenham\/"]}]},{"@type":"BreadcrumbList","@id":"https:\/\/footdavant.fr\/actualites\/liverpool-confirme-loperation-dalexander-isak-apres-setre-casse-la-jambe-contre-tottenham\/#breadcrumb","itemListElement":[{"@type":"ListItem","position":1,"name":"Accueil","item":"https:\/\/footdavant.fr\/actualites\/"},{"@type":"ListItem","position":2,"name":"Liverpool confirme l&#39;op\u00e9ration d&#39;Alexander Isak apr\u00e8s s&#39;\u00eatre cass\u00e9 la jambe contre Tottenham"}]},{"@type":"WebSite","@id":"https:\/\/footdavant.fr\/actualites\/#website","url":"https:\/\/footdavant.fr\/actualites\/","name":"Foot d'avant","description":"","publisher":{"@id":"https:\/\/footdavant.fr\/actualites\/#organization"},"potentialAction":[{"@type":"SearchAction","target":{"@type":"EntryPoint","urlTemplate":"https:\/\/footdavant.fr\/actualites\/?s={search_term_string}"},"query-input":"required name=search_term_string"}],"inLanguage":"fr-FR"},{"@type":"Organization","@id":"https:\/\/footdavant.fr\/actualites\/#organization","name":"Foot d'avant","url":"https:\/\/footdavant.fr\/actualites\/","logo":{"@type":"ImageObject","inLanguage":"fr-FR","@id":"https:\/\/footdavant.fr\/actualites\/#\/schema\/logo\/image\/","url":"https:\/\/footdavant.fr\/actualites\/wp-content\/uploads\/2023\/09\/Copy-of-FootDavant-Logo.png","contentUrl":"https:\/\/footdavant.fr\/actualites\/wp-content\/uploads\/2023\/09\/Copy-of-FootDavant-Logo.png","width":936,"height":549,"caption":"Foot d'avant"},"image":{"@id":"https:\/\/footdavant.fr\/actualites\/#\/schema\/logo\/image\/"},"sameAs":["https:\/\/www.facebook.com\/Footdavant\/","https:\/\/twitter.com\/FootdavantFr","https:\/\/www.instagram.com\/footdavant.fr\/"]},{"@type":"Person","@id":"https:\/\/footdavant.fr\/actualites\/#\/schema\/person\/bc222566d95871b37e597b3ed3ba5e1d","name":"Cl\u00e9ment","image":{"@type":"ImageObject","inLanguage":"fr-FR","@id":"https:\/\/footdavant.fr\/actualites\/#\/schema\/person\/image\/","url":"https:\/\/secure.gravatar.com\/avatar\/7728b29aac2719421e1a9159b2254c44?s=96&d=mm&r=g","contentUrl":"https:\/\/secure.gravatar.com\/avatar\/7728b29aac2719421e1a9159b2254c44?s=96&d=mm&r=g","caption":"Cl\u00e9ment"},"sameAs":["https:\/\/footdavant.fr\/"]}]}},"_links":{"self":[{"href":"https:\/\/footdavant.fr\/actualites\/wp-json\/wp\/v2\/posts\/32653"}],"collection":[{"href":"https:\/\/footdavant.fr\/actualites\/wp-json\/wp\/v2\/posts"}],"about":[{"href":"https:\/\/footdavant.fr\/actualites\/wp-json\/wp\/v2\/types\/post"}],"author":[{"embeddable":true,"href":"https:\/\/footdavant.fr\/actualites\/wp-json\/wp\/v2\/users\/1"}],"replies":[{"embeddable":true,"href":"https:\/\/footdavant.fr\/actualites\/wp-json\/wp\/v2\/comments?post=32653"}],"version-history":[{"count":1,"href":"https:\/\/footdavant.fr\/actualites\/wp-json\/wp\/v2\/posts\/32653\/revisions"}],"predecessor-version":[{"id":32655,"href":"https:\/\/footdavant.fr\/actualites\/wp-json\/wp\/v2\/posts\/32653\/revisions\/32655"}],"wp:featuredmedia":[{"embeddable":true,"href":"https:\/\/footdavant.fr\/actualites\/wp-json\/wp\/v2\/media\/32654"}],"wp:attachment":[{"href":"https:\/\/footdavant.fr\/actualites\/wp-json\/wp\/v2\/media?parent=32653"}],"wp:term":[{"taxonomy":"category","embeddable":true,"href":"https:\/\/footdavant.fr\/actualites\/wp-json\/wp\/v2\/categories?post=32653"},{"taxonomy":"post_tag","embeddable":true,"href":"https:\/\/footdavant.fr\/actualites\/wp-json\/wp\/v2\/tags?post=32653"}],"curies":[{"name":"wp","href":"https:\/\/api.w.org\/{rel}","templated":true}]}}