{"id":32677,"date":"2025-12-23T19:48:16","date_gmt":"2025-12-23T18:48:16","guid":{"rendered":"https:\/\/footdavant.fr\/actualites\/le-senegal-se-prepare-deja-pour-son-prochain-match-apres-sa-victoire-en-ouverture-de-la-can\/"},"modified":"2025-12-23T19:48:18","modified_gmt":"2025-12-23T18:48:18","slug":"le-senegal-se-prepare-deja-pour-son-prochain-match-apres-sa-victoire-en-ouverture-de-la-can","status":"publish","type":"post","link":"https:\/\/footdavant.fr\/actualites\/le-senegal-se-prepare-deja-pour-son-prochain-match-apres-sa-victoire-en-ouverture-de-la-can\/","title":{"rendered":"Le S\u00e9n\u00e9gal se pr\u00e9pare d\u00e9j\u00e0 pour son prochain match apr\u00e8s sa victoire en ouverture de la CAN"},"content":{"rendered":"<div>\n<p>Nicolas Jackson a marqu\u00e9 un but dans chaque mi-temps alors que le S\u00e9n\u00e9gal ouvrait sa campagne de Coupe d&#39;Afrique des Nations avec une victoire cat\u00e9gorique 3-0 contre le Botswana \u00e0 Tanger mardi soir. <\/p>\n<p>Les anciens champions ont livr\u00e9 une performance impressionnante pour \u00e9tablir un premier jalon alors qu\u2019ils cherchent \u00e0 r\u00e9cup\u00e9rer le titre qu\u2019ils ont c\u00e9d\u00e9 \u00e0 la C\u00f4te d\u2019Ivoire en 2023.<\/p>\n<p>Le S\u00e9n\u00e9gal a contr\u00f4l\u00e9 la comp\u00e9tition d\u00e8s le d\u00e9but, submergeant le Botswana avec une pression soutenue et se cr\u00e9ant un flux constant d&#39;occasions. <\/p>\n<p>Leur domination \u00e9tait finalement r\u00e9compens\u00e9e cinq minutes avant la pause lorsque Jackson ouvrait le score en rencontrant le centre d&#39;Ismail Jakobs depuis la gauche avec une premi\u00e8re frappe compos\u00e9e pour apaiser toute frustration persistante.<\/p>\n<p>Le Botswana a \u00e9t\u00e9 largement maintenu dans le match par le gardien Goitseone Phoko, qui a r\u00e9alis\u00e9 une s\u00e9rie d&#39;arr\u00eats impressionnants au cours des 40 premi\u00e8res minutes. <\/p>\n<p>Il a refus\u00e9 Jackson \u00e0 deux reprises et a \u00e9galement emp\u00each\u00e9 les efforts de Sadio Man\u00e9 \u00e0 deux reprises et d&#39;Iliman Ndiaye alors que le S\u00e9n\u00e9gal poussait sans rel\u00e2che pour ouvrir le score.<\/p>\n<figure class=\"wp-block-embed is-type-rich is-provider-twitter wp-block-embed-twitter\"\/>\n<p>Le sch\u00e9ma du match est rest\u00e9 inchang\u00e9 apr\u00e8s la pause et Jackson a doubl\u00e9 son total \u00e0 la 58e minute, faisant preuve d&#39;une bonne conscience pour convertir une passe d&#39;Ismaila Sarr. <\/p>\n<p>Le S\u00e9n\u00e9gal a continu\u00e9 \u00e0 dicter le rythme et a boucl\u00e9 le r\u00e9sultat dans les arr\u00eats de jeu, le rempla\u00e7ant Cherif Ndiaye revenant sur un centre de Cheikh Sabaly apr\u00e8s avoir remplac\u00e9 Jackson tardivement.<\/p>\n<p>Apr\u00e8s le match, Jackson a \u00e9t\u00e9 nomm\u00e9 Homme du match et a exprim\u00e9 sa satisfaction \u00e0 la fois pour sa contribution et pour la performance de l&#39;\u00e9quipe. <\/p>\n<p>Il a d\u00e9clar\u00e9 : \u00ab Je suis tr\u00e8s heureux d\u2019avoir commenc\u00e9 sur cette note en marquant deux buts et j\u2019esp\u00e8re que c\u2019est le d\u00e9but de nombreux buts \u00e0 venir. <\/p>\n<p>\u00ab\u00a0Le plus important, c&#39;est que nous avons gagn\u00e9 le match et bien jou\u00e9. C&#39;est une victoire importante mais maintenant elle est derri\u00e8re nous et nous allons nous concentrer sur le prochain match.\u00a0\u00bb<\/p>\n<\/p><\/div>\n","protected":false},"excerpt":{"rendered":"<p>Nicolas Jackson a marqu\u00e9 un but dans chaque mi-temps alors que le S\u00e9n\u00e9gal ouvrait sa campagne de Coupe d&#39;Afrique des Nations avec une victoire cat\u00e9gorique<\/p>\n","protected":false},"author":1,"featured_media":27571,"comment_status":"closed","ping_status":"","sticky":false,"template":"","format":"standard","meta":{"footnotes":""},"categories":[3],"tags":[25,943,257,5342,51,1098,1257,3199,86,26],"yoast_head":"<!-- This site is optimized with the Yoast SEO plugin v21.0 - https:\/\/yoast.com\/wordpress\/plugins\/seo\/ -->\n<title>Le S\u00e9n\u00e9gal se pr\u00e9pare d\u00e9j\u00e0 pour son prochain match apr\u00e8s sa victoire en ouverture de la CAN<\/title>\n<meta name=\"robots\" content=\"index, follow, max-snippet:-1, max-image-preview:large, max-video-preview:-1\" \/>\n<link rel=\"canonical\" href=\"https:\/\/footdavant.fr\/actualites\/le-senegal-se-prepare-deja-pour-son-prochain-match-apres-sa-victoire-en-ouverture-de-la-can\/\" \/>\n<meta property=\"og:locale\" content=\"fr_FR\" \/>\n<meta property=\"og:type\" content=\"article\" \/>\n<meta property=\"og:title\" content=\"Le S\u00e9n\u00e9gal se pr\u00e9pare d\u00e9j\u00e0 pour son prochain match apr\u00e8s sa victoire en ouverture de la CAN\" \/>\n<meta property=\"og:description\" content=\"Nicolas Jackson a marqu\u00e9 un but dans chaque mi-temps alors que le S\u00e9n\u00e9gal ouvrait sa campagne de Coupe d&#039;Afrique des Nations avec une victoire cat\u00e9gorique\" \/>\n<meta property=\"og:url\" content=\"https:\/\/footdavant.fr\/actualites\/le-senegal-se-prepare-deja-pour-son-prochain-match-apres-sa-victoire-en-ouverture-de-la-can\/\" \/>\n<meta property=\"og:site_name\" content=\"Foot d&#039;avant\" \/>\n<meta property=\"article:publisher\" content=\"https:\/\/www.facebook.com\/Footdavant\/\" \/>\n<meta property=\"article:published_time\" content=\"2025-12-23T18:48:16+00:00\" \/>\n<meta property=\"article:modified_time\" content=\"2025-12-23T18:48:18+00:00\" \/>\n<meta property=\"og:image\" content=\"https:\/\/footdavant.fr\/actualites\/wp-content\/uploads\/2025\/08\/1755776888_Nicolas-Jackson-a-laisse-de-l39equipe-de-Chelsea-pour-visiter.jpg\" \/>\n\t<meta property=\"og:image:width\" content=\"1200\" \/>\n\t<meta property=\"og:image:height\" content=\"857\" \/>\n\t<meta property=\"og:image:type\" content=\"image\/jpeg\" \/>\n<meta name=\"author\" content=\"Cl\u00e9ment\" \/>\n<meta name=\"twitter:card\" content=\"summary_large_image\" \/>\n<meta name=\"twitter:creator\" content=\"@FootdavantFr\" \/>\n<meta name=\"twitter:site\" content=\"@FootdavantFr\" \/>\n<meta name=\"twitter:label1\" content=\"\u00c9crit par\" \/>\n\t<meta name=\"twitter:data1\" content=\"Cl\u00e9ment\" \/>\n\t<meta name=\"twitter:label2\" content=\"Dur\u00e9e de lecture estim\u00e9e\" \/>\n\t<meta name=\"twitter:data2\" content=\"2 minutes\" \/>\n<script type=\"application\/ld+json\" class=\"yoast-schema-graph\">{\"@context\":\"https:\/\/schema.org\",\"@graph\":[{\"@type\":\"Article\",\"@id\":\"https:\/\/footdavant.fr\/actualites\/le-senegal-se-prepare-deja-pour-son-prochain-match-apres-sa-victoire-en-ouverture-de-la-can\/#article\",\"isPartOf\":{\"@id\":\"https:\/\/footdavant.fr\/actualites\/le-senegal-se-prepare-deja-pour-son-prochain-match-apres-sa-victoire-en-ouverture-de-la-can\/\"},\"author\":{\"name\":\"Cl\u00e9ment\",\"@id\":\"https:\/\/footdavant.fr\/actualites\/#\/schema\/person\/bc222566d95871b37e597b3ed3ba5e1d\"},\"headline\":\"Le S\u00e9n\u00e9gal se pr\u00e9pare d\u00e9j\u00e0 pour son prochain match apr\u00e8s sa victoire en ouverture de la CAN\",\"datePublished\":\"2025-12-23T18:48:16+00:00\",\"dateModified\":\"2025-12-23T18:48:18+00:00\",\"mainEntityOfPage\":{\"@id\":\"https:\/\/footdavant.fr\/actualites\/le-senegal-se-prepare-deja-pour-son-prochain-match-apres-sa-victoire-en-ouverture-de-la-can\/\"},\"wordCount\":397,\"publisher\":{\"@id\":\"https:\/\/footdavant.fr\/actualites\/#organization\"},\"keywords\":[\"apr\u00e8s\",\"d\u00e9j\u00e0\",\"match\",\"Ouverture\",\"pour\",\"pr\u00e9pare\",\"prochain\",\"S\u00e9n\u00e9gal\",\"son\",\"victoire\"],\"articleSection\":[\"Football\"],\"inLanguage\":\"fr-FR\"},{\"@type\":\"WebPage\",\"@id\":\"https:\/\/footdavant.fr\/actualites\/le-senegal-se-prepare-deja-pour-son-prochain-match-apres-sa-victoire-en-ouverture-de-la-can\/\",\"url\":\"https:\/\/footdavant.fr\/actualites\/le-senegal-se-prepare-deja-pour-son-prochain-match-apres-sa-victoire-en-ouverture-de-la-can\/\",\"name\":\"Le S\u00e9n\u00e9gal se pr\u00e9pare d\u00e9j\u00e0 pour son prochain match apr\u00e8s sa victoire en ouverture de la CAN\",\"isPartOf\":{\"@id\":\"https:\/\/footdavant.fr\/actualites\/#website\"},\"datePublished\":\"2025-12-23T18:48:16+00:00\",\"dateModified\":\"2025-12-23T18:48:18+00:00\",\"breadcrumb\":{\"@id\":\"https:\/\/footdavant.fr\/actualites\/le-senegal-se-prepare-deja-pour-son-prochain-match-apres-sa-victoire-en-ouverture-de-la-can\/#breadcrumb\"},\"inLanguage\":\"fr-FR\",\"potentialAction\":[{\"@type\":\"ReadAction\",\"target\":[\"https:\/\/footdavant.fr\/actualites\/le-senegal-se-prepare-deja-pour-son-prochain-match-apres-sa-victoire-en-ouverture-de-la-can\/\"]}]},{\"@type\":\"BreadcrumbList\",\"@id\":\"https:\/\/footdavant.fr\/actualites\/le-senegal-se-prepare-deja-pour-son-prochain-match-apres-sa-victoire-en-ouverture-de-la-can\/#breadcrumb\",\"itemListElement\":[{\"@type\":\"ListItem\",\"position\":1,\"name\":\"Accueil\",\"item\":\"https:\/\/footdavant.fr\/actualites\/\"},{\"@type\":\"ListItem\",\"position\":2,\"name\":\"Le S\u00e9n\u00e9gal se pr\u00e9pare d\u00e9j\u00e0 pour son prochain match apr\u00e8s sa victoire en ouverture de la CAN\"}]},{\"@type\":\"WebSite\",\"@id\":\"https:\/\/footdavant.fr\/actualites\/#website\",\"url\":\"https:\/\/footdavant.fr\/actualites\/\",\"name\":\"Foot d'avant\",\"description\":\"\",\"publisher\":{\"@id\":\"https:\/\/footdavant.fr\/actualites\/#organization\"},\"potentialAction\":[{\"@type\":\"SearchAction\",\"target\":{\"@type\":\"EntryPoint\",\"urlTemplate\":\"https:\/\/footdavant.fr\/actualites\/?s={search_term_string}\"},\"query-input\":\"required name=search_term_string\"}],\"inLanguage\":\"fr-FR\"},{\"@type\":\"Organization\",\"@id\":\"https:\/\/footdavant.fr\/actualites\/#organization\",\"name\":\"Foot d'avant\",\"url\":\"https:\/\/footdavant.fr\/actualites\/\",\"logo\":{\"@type\":\"ImageObject\",\"inLanguage\":\"fr-FR\",\"@id\":\"https:\/\/footdavant.fr\/actualites\/#\/schema\/logo\/image\/\",\"url\":\"https:\/\/footdavant.fr\/actualites\/wp-content\/uploads\/2023\/09\/Copy-of-FootDavant-Logo.png\",\"contentUrl\":\"https:\/\/footdavant.fr\/actualites\/wp-content\/uploads\/2023\/09\/Copy-of-FootDavant-Logo.png\",\"width\":936,\"height\":549,\"caption\":\"Foot d'avant\"},\"image\":{\"@id\":\"https:\/\/footdavant.fr\/actualites\/#\/schema\/logo\/image\/\"},\"sameAs\":[\"https:\/\/www.facebook.com\/Footdavant\/\",\"https:\/\/twitter.com\/FootdavantFr\",\"https:\/\/www.instagram.com\/footdavant.fr\/\"]},{\"@type\":\"Person\",\"@id\":\"https:\/\/footdavant.fr\/actualites\/#\/schema\/person\/bc222566d95871b37e597b3ed3ba5e1d\",\"name\":\"Cl\u00e9ment\",\"image\":{\"@type\":\"ImageObject\",\"inLanguage\":\"fr-FR\",\"@id\":\"https:\/\/footdavant.fr\/actualites\/#\/schema\/person\/image\/\",\"url\":\"https:\/\/secure.gravatar.com\/avatar\/7728b29aac2719421e1a9159b2254c44?s=96&d=mm&r=g\",\"contentUrl\":\"https:\/\/secure.gravatar.com\/avatar\/7728b29aac2719421e1a9159b2254c44?s=96&d=mm&r=g\",\"caption\":\"Cl\u00e9ment\"},\"sameAs\":[\"https:\/\/footdavant.fr\/\"]}]}<\/script>\n<!-- \/ Yoast SEO plugin. -->","yoast_head_json":{"title":"Le S\u00e9n\u00e9gal se pr\u00e9pare d\u00e9j\u00e0 pour son prochain match apr\u00e8s sa victoire en ouverture de la CAN","robots":{"index":"index","follow":"follow","max-snippet":"max-snippet:-1","max-image-preview":"max-image-preview:large","max-video-preview":"max-video-preview:-1"},"canonical":"https:\/\/footdavant.fr\/actualites\/le-senegal-se-prepare-deja-pour-son-prochain-match-apres-sa-victoire-en-ouverture-de-la-can\/","og_locale":"fr_FR","og_type":"article","og_title":"Le S\u00e9n\u00e9gal se pr\u00e9pare d\u00e9j\u00e0 pour son prochain match apr\u00e8s sa victoire en ouverture de la CAN","og_description":"Nicolas Jackson a marqu\u00e9 un but dans chaque mi-temps alors que le S\u00e9n\u00e9gal ouvrait sa campagne de Coupe d&#39;Afrique des Nations avec une victoire cat\u00e9gorique","og_url":"https:\/\/footdavant.fr\/actualites\/le-senegal-se-prepare-deja-pour-son-prochain-match-apres-sa-victoire-en-ouverture-de-la-can\/","og_site_name":"Foot d&#039;avant","article_publisher":"https:\/\/www.facebook.com\/Footdavant\/","article_published_time":"2025-12-23T18:48:16+00:00","article_modified_time":"2025-12-23T18:48:18+00:00","og_image":[{"width":1200,"height":857,"url":"https:\/\/footdavant.fr\/actualites\/wp-content\/uploads\/2025\/08\/1755776888_Nicolas-Jackson-a-laisse-de-l39equipe-de-Chelsea-pour-visiter.jpg","type":"image\/jpeg"}],"author":"Cl\u00e9ment","twitter_card":"summary_large_image","twitter_creator":"@FootdavantFr","twitter_site":"@FootdavantFr","twitter_misc":{"\u00c9crit par":"Cl\u00e9ment","Dur\u00e9e de lecture estim\u00e9e":"2 minutes"},"schema":{"@context":"https:\/\/schema.org","@graph":[{"@type":"Article","@id":"https:\/\/footdavant.fr\/actualites\/le-senegal-se-prepare-deja-pour-son-prochain-match-apres-sa-victoire-en-ouverture-de-la-can\/#article","isPartOf":{"@id":"https:\/\/footdavant.fr\/actualites\/le-senegal-se-prepare-deja-pour-son-prochain-match-apres-sa-victoire-en-ouverture-de-la-can\/"},"author":{"name":"Cl\u00e9ment","@id":"https:\/\/footdavant.fr\/actualites\/#\/schema\/person\/bc222566d95871b37e597b3ed3ba5e1d"},"headline":"Le S\u00e9n\u00e9gal se pr\u00e9pare d\u00e9j\u00e0 pour son prochain match apr\u00e8s sa victoire en ouverture de la CAN","datePublished":"2025-12-23T18:48:16+00:00","dateModified":"2025-12-23T18:48:18+00:00","mainEntityOfPage":{"@id":"https:\/\/footdavant.fr\/actualites\/le-senegal-se-prepare-deja-pour-son-prochain-match-apres-sa-victoire-en-ouverture-de-la-can\/"},"wordCount":397,"publisher":{"@id":"https:\/\/footdavant.fr\/actualites\/#organization"},"keywords":["apr\u00e8s","d\u00e9j\u00e0","match","Ouverture","pour","pr\u00e9pare","prochain","S\u00e9n\u00e9gal","son","victoire"],"articleSection":["Football"],"inLanguage":"fr-FR"},{"@type":"WebPage","@id":"https:\/\/footdavant.fr\/actualites\/le-senegal-se-prepare-deja-pour-son-prochain-match-apres-sa-victoire-en-ouverture-de-la-can\/","url":"https:\/\/footdavant.fr\/actualites\/le-senegal-se-prepare-deja-pour-son-prochain-match-apres-sa-victoire-en-ouverture-de-la-can\/","name":"Le S\u00e9n\u00e9gal se pr\u00e9pare d\u00e9j\u00e0 pour son prochain match apr\u00e8s sa victoire en ouverture de la CAN","isPartOf":{"@id":"https:\/\/footdavant.fr\/actualites\/#website"},"datePublished":"2025-12-23T18:48:16+00:00","dateModified":"2025-12-23T18:48:18+00:00","breadcrumb":{"@id":"https:\/\/footdavant.fr\/actualites\/le-senegal-se-prepare-deja-pour-son-prochain-match-apres-sa-victoire-en-ouverture-de-la-can\/#breadcrumb"},"inLanguage":"fr-FR","potentialAction":[{"@type":"ReadAction","target":["https:\/\/footdavant.fr\/actualites\/le-senegal-se-prepare-deja-pour-son-prochain-match-apres-sa-victoire-en-ouverture-de-la-can\/"]}]},{"@type":"BreadcrumbList","@id":"https:\/\/footdavant.fr\/actualites\/le-senegal-se-prepare-deja-pour-son-prochain-match-apres-sa-victoire-en-ouverture-de-la-can\/#breadcrumb","itemListElement":[{"@type":"ListItem","position":1,"name":"Accueil","item":"https:\/\/footdavant.fr\/actualites\/"},{"@type":"ListItem","position":2,"name":"Le S\u00e9n\u00e9gal se pr\u00e9pare d\u00e9j\u00e0 pour son prochain match apr\u00e8s sa victoire en ouverture de la CAN"}]},{"@type":"WebSite","@id":"https:\/\/footdavant.fr\/actualites\/#website","url":"https:\/\/footdavant.fr\/actualites\/","name":"Foot d'avant","description":"","publisher":{"@id":"https:\/\/footdavant.fr\/actualites\/#organization"},"potentialAction":[{"@type":"SearchAction","target":{"@type":"EntryPoint","urlTemplate":"https:\/\/footdavant.fr\/actualites\/?s={search_term_string}"},"query-input":"required name=search_term_string"}],"inLanguage":"fr-FR"},{"@type":"Organization","@id":"https:\/\/footdavant.fr\/actualites\/#organization","name":"Foot d'avant","url":"https:\/\/footdavant.fr\/actualites\/","logo":{"@type":"ImageObject","inLanguage":"fr-FR","@id":"https:\/\/footdavant.fr\/actualites\/#\/schema\/logo\/image\/","url":"https:\/\/footdavant.fr\/actualites\/wp-content\/uploads\/2023\/09\/Copy-of-FootDavant-Logo.png","contentUrl":"https:\/\/footdavant.fr\/actualites\/wp-content\/uploads\/2023\/09\/Copy-of-FootDavant-Logo.png","width":936,"height":549,"caption":"Foot d'avant"},"image":{"@id":"https:\/\/footdavant.fr\/actualites\/#\/schema\/logo\/image\/"},"sameAs":["https:\/\/www.facebook.com\/Footdavant\/","https:\/\/twitter.com\/FootdavantFr","https:\/\/www.instagram.com\/footdavant.fr\/"]},{"@type":"Person","@id":"https:\/\/footdavant.fr\/actualites\/#\/schema\/person\/bc222566d95871b37e597b3ed3ba5e1d","name":"Cl\u00e9ment","image":{"@type":"ImageObject","inLanguage":"fr-FR","@id":"https:\/\/footdavant.fr\/actualites\/#\/schema\/person\/image\/","url":"https:\/\/secure.gravatar.com\/avatar\/7728b29aac2719421e1a9159b2254c44?s=96&d=mm&r=g","contentUrl":"https:\/\/secure.gravatar.com\/avatar\/7728b29aac2719421e1a9159b2254c44?s=96&d=mm&r=g","caption":"Cl\u00e9ment"},"sameAs":["https:\/\/footdavant.fr\/"]}]}},"_links":{"self":[{"href":"https:\/\/footdavant.fr\/actualites\/wp-json\/wp\/v2\/posts\/32677"}],"collection":[{"href":"https:\/\/footdavant.fr\/actualites\/wp-json\/wp\/v2\/posts"}],"about":[{"href":"https:\/\/footdavant.fr\/actualites\/wp-json\/wp\/v2\/types\/post"}],"author":[{"embeddable":true,"href":"https:\/\/footdavant.fr\/actualites\/wp-json\/wp\/v2\/users\/1"}],"replies":[{"embeddable":true,"href":"https:\/\/footdavant.fr\/actualites\/wp-json\/wp\/v2\/comments?post=32677"}],"version-history":[{"count":1,"href":"https:\/\/footdavant.fr\/actualites\/wp-json\/wp\/v2\/posts\/32677\/revisions"}],"predecessor-version":[{"id":32678,"href":"https:\/\/footdavant.fr\/actualites\/wp-json\/wp\/v2\/posts\/32677\/revisions\/32678"}],"wp:featuredmedia":[{"embeddable":true,"href":"https:\/\/footdavant.fr\/actualites\/wp-json\/wp\/v2\/media\/27571"}],"wp:attachment":[{"href":"https:\/\/footdavant.fr\/actualites\/wp-json\/wp\/v2\/media?parent=32677"}],"wp:term":[{"taxonomy":"category","embeddable":true,"href":"https:\/\/footdavant.fr\/actualites\/wp-json\/wp\/v2\/categories?post=32677"},{"taxonomy":"post_tag","embeddable":true,"href":"https:\/\/footdavant.fr\/actualites\/wp-json\/wp\/v2\/tags?post=32677"}],"curies":[{"name":"wp","href":"https:\/\/api.w.org\/{rel}","templated":true}]}}