{"id":32688,"date":"2025-12-24T03:48:10","date_gmt":"2025-12-24T02:48:10","guid":{"rendered":"https:\/\/footdavant.fr\/actualites\/alejandro-garnacho-doit-maintenant-etre-plus-coherent-pour-passer-a-letape-suivante\/"},"modified":"2025-12-24T03:48:17","modified_gmt":"2025-12-24T02:48:17","slug":"alejandro-garnacho-doit-maintenant-etre-plus-coherent-pour-passer-a-letape-suivante","status":"publish","type":"post","link":"https:\/\/footdavant.fr\/actualites\/alejandro-garnacho-doit-maintenant-etre-plus-coherent-pour-passer-a-letape-suivante\/","title":{"rendered":"Alejandro Garnacho doit maintenant \u00eatre plus coh\u00e9rent pour passer \u00e0 l&#39;\u00e9tape suivante"},"content":{"rendered":"<div>\n<p>Alejandro Garnacho dispute d\u00e9sormais sa CINQUI\u00c8ME saison en Premier League, \u00e0 l&#39;\u00e2ge de 21 ans.<\/p>\n<p>Certes, il est encore un joueur jeune et en d\u00e9veloppement. Cependant, il ne s\u2019agit pas d\u2019un jeune qui vient de se lancer dans le football senior avec peu de matchs \u00e0 son actif. Il est en fait arriv\u00e9 avec une assez bonne exp\u00e9rience en Premier League et \u00e9galement en Europe.<\/p>\n<p>Cependant, lorsque je mets l\u2019accent sur l\u2019exp\u00e9rience, je veux voir de la QUALIT\u00c9 et une exp\u00e9rience d\u2019\u00e9lite. Oui, je sais que ce n\u2019est plus la m\u00e9thode de Chelsea, et ces joueurs co\u00fbtent de l\u2019argent et veulent de gros salaires. Mais c\u2019est pourquoi nos priorit\u00e9s doivent changer. Le feront-ils ? Probablement pas, mais cela ne veut pas dire que nous ne pouvons pas continuer \u00e0 demander des changements. Ce n\u2019est pas parce qu\u2019un joueur a jou\u00e9 cinq saisons en Premier League, surtout \u00e0 l\u2019\u00e2ge de 21 ans, qu\u2019il arrive comme un joueur confirm\u00e9.<\/p>\n<p>L\u2019exp\u00e9rience est bien plus que de simples apparences. C&#39;est bien plus qu&#39;un simple \u00e2ge. Vous devez choisir la bonne exp\u00e9rience.<\/p>\n<p>Mais mon point dans cet article ne concerne m\u00eame pas l&#39;exp\u00e9rience, mais plut\u00f4t le fait que signer Garnacho signifiait simplement plus d&#39;incoh\u00e9rence et ajoutait cela \u00e0 une \u00e9quipe d\u00e9j\u00e0 brute et incoh\u00e9rente.<\/p>\n<p>Je ne pense pas du tout que ce soit un mauvais joueur. Il est direct, il cherchera souvent simplement \u00e0 avancer plut\u00f4t que de toujours passer en arri\u00e8re, recycler ou simplement briser une attaque en surjouant. Il a beaucoup d&#39;atouts. Mais il est toujours brut et toujours incoh\u00e9rent, et nous l&#39;avons s\u00fbrement tous vu lorsqu&#39;il \u00e9tait \u00e0 Manchester United ? Je l\u2019ai certainement fait, c\u2019est pourquoi j\u2019avais des doutes quant \u00e0 la possibilit\u00e9 de lui consacrer 50 millions de livres sterling.<\/p>\n<p>Peut-il aller mieux et devenir tr\u00e8s bon pour nous ? Peut \u00eatre. Vous ne pouvez pas ignorer cela, et je lui donnerai toutes les chances d&#39;y arriver. Mais j&#39;appellerai toujours les choses comme je les vois, et Garnacho n&#39;a jamais \u00e9t\u00e9 un joueur que j&#39;ai regard\u00e9 et pens\u00e9 : \u00ab wow, j&#39;adorerais le voir \u00e0 Chelsea \u00bb, et il ne m&#39;a jamais vraiment \u00e9mu.<\/p>\n<p>Comme je l&#39;ai dit, il peut \u00eatre honn\u00eate. Il a marqu\u00e9 deux tr\u00e8s bons buts contre Cardiff cette semaine, mais il a ensuite laiss\u00e9 tomber un but surprise ce week-end. Il est tout simplement trop incoh\u00e9rent et pour moi, ce n&#39;est m\u00eame pas un d\u00e9bat.<\/p>\n<p> a \u00e9crit apr\u00e8s le match de Newcastle :<\/p>\n<p>\u00ab\u00a0En fin de compte, la performance la plus frustrante et d\u00e9cevante du lot du point de vue des Blues est venue d&#39;Alejandro Garnacho.<\/p>\n<p>\u00a0\u00bb L&#39;ancienne star de Manchester United m\u00e9ritait pleinement ses d\u00e9buts apr\u00e8s son doubl\u00e9 contre Cardiff City en Coupe de la Ligue, mais il n&#39;avait pas l&#39;air aussi dangereux contre les Toon.<\/p>\n<p>\u00a0\u00bb Bobby Vincent de Football.london n&#39;a pas non plus \u00e9t\u00e9 impressionn\u00e9 par l&#39;Argentin, lui attribuant une note de match de 4\/10 \u00e0 temps plein.<\/p>\n<div class=\"captioned-image-container\">\n<figure>\n<div class=\"image2-inset can-restack\">\n<\/div>\n<\/figure>\n<\/div>\n<p>\u00ab\u00a0Cela peut para\u00eetre dur, mais les statistiques de l&#39;ailier justifient largement cette \u00e9valuation.<\/p>\n<p>\u00ab\u00a0Au cours de ses 95 minutes d&#39;action, il a r\u00e9alis\u00e9 cinq tirs, mais un seul a \u00e9t\u00e9 cadr\u00e9, a effectu\u00e9 52 touches mais a perdu le ballon 16 fois, a perdu 50% de ses duels, a \u00e9chou\u00e9 dans 100% de ses centres et a produit un chiffre de passes d\u00e9cisives attendu de seulement 0,07.<\/p>\n<p>\u00ab\u00a0En fin de compte, ce fut une tr\u00e8s mauvaise performance de Garnacho et qui devrait probablement le voir retir\u00e9 de l&#39;alignement pour le prochain match de Chelsea.\u00a0\u00bb<\/p>\n<p>Le probl\u00e8me, c&#39;est que son \u00ab rempla\u00e7ant \u00bb est Jamie Gittens, qui pour moi a \u00e9t\u00e9 encore pire que Garnacho ! Ce qui, encore une fois, soul\u00e8ve les probl\u00e8mes de recrutement que nous constatons r\u00e9guli\u00e8rement.<\/p>\n<p>Je veux signer une fois de plus en disant que je n\u2019\u00e9carte aucun joueur. JE VEUX qu\u2019ils me prouvent le contraire et je leur donnerai toutes les chances de le faire. J&#39;appellerai toujours les choses comme je les vois, qu&#39;il s&#39;agisse d&#39;\u00e9loges ou de critiques. En tant que fan, nous avons le droit de faire \u00e7a. Je ne s\u00e9lectionne aucun joueur ici, je le dis simplement tel quel. Garnacho a aussi beaucoup de points positifs, mais malheureusement ses points n\u00e9gatifs le rendent beaucoup trop incoh\u00e9rent et soul\u00e8vent trop de points d&#39;interrogation.<\/p>\n<\/p><\/div>\n","protected":false},"excerpt":{"rendered":"<p>Alejandro Garnacho dispute d\u00e9sormais sa CINQUI\u00c8ME saison en Premier League, \u00e0 l&#39;\u00e2ge de 21 ans. Certes, il est encore un joueur jeune et en d\u00e9veloppement.<\/p>\n","protected":false},"author":1,"featured_media":32689,"comment_status":"closed","ping_status":"","sticky":false,"template":"","format":"standard","meta":{"footnotes":""},"categories":[3],"tags":[790,1959,578,270,791,7581,579,3211,51,7582],"yoast_head":"<!-- This site is optimized with the Yoast SEO plugin v21.0 - https:\/\/yoast.com\/wordpress\/plugins\/seo\/ -->\n<title>Alejandro Garnacho doit maintenant \u00eatre plus coh\u00e9rent pour passer \u00e0 l&#039;\u00e9tape suivante<\/title>\n<meta name=\"robots\" content=\"index, follow, max-snippet:-1, max-image-preview:large, max-video-preview:-1\" \/>\n<link rel=\"canonical\" href=\"https:\/\/footdavant.fr\/actualites\/alejandro-garnacho-doit-maintenant-etre-plus-coherent-pour-passer-a-letape-suivante\/\" \/>\n<meta property=\"og:locale\" content=\"fr_FR\" \/>\n<meta property=\"og:type\" content=\"article\" \/>\n<meta property=\"og:title\" content=\"Alejandro Garnacho doit maintenant \u00eatre plus coh\u00e9rent pour passer \u00e0 l&#039;\u00e9tape suivante\" \/>\n<meta property=\"og:description\" content=\"Alejandro Garnacho dispute d\u00e9sormais sa CINQUI\u00c8ME saison en Premier League, \u00e0 l&#039;\u00e2ge de 21 ans. Certes, il est encore un joueur jeune et en d\u00e9veloppement.\" \/>\n<meta property=\"og:url\" content=\"https:\/\/footdavant.fr\/actualites\/alejandro-garnacho-doit-maintenant-etre-plus-coherent-pour-passer-a-letape-suivante\/\" \/>\n<meta property=\"og:site_name\" content=\"Foot d&#039;avant\" \/>\n<meta property=\"article:publisher\" content=\"https:\/\/www.facebook.com\/Footdavant\/\" \/>\n<meta property=\"article:published_time\" content=\"2025-12-24T02:48:10+00:00\" \/>\n<meta property=\"article:modified_time\" content=\"2025-12-24T02:48:17+00:00\" \/>\n<meta property=\"og:image\" content=\"https:\/\/footdavant.fr\/actualites\/wp-content\/uploads\/2025\/12\/Alejandro-Garnacho-doit-maintenant-etre-plus-coherent-pour-passer-a.jpg\" \/>\n\t<meta property=\"og:image:width\" content=\"2560\" \/>\n\t<meta property=\"og:image:height\" content=\"1706\" \/>\n\t<meta property=\"og:image:type\" content=\"image\/jpeg\" \/>\n<meta name=\"author\" content=\"Cl\u00e9ment\" \/>\n<meta name=\"twitter:card\" content=\"summary_large_image\" \/>\n<meta name=\"twitter:creator\" content=\"@FootdavantFr\" \/>\n<meta name=\"twitter:site\" content=\"@FootdavantFr\" \/>\n<meta name=\"twitter:label1\" content=\"\u00c9crit par\" \/>\n\t<meta name=\"twitter:data1\" content=\"Cl\u00e9ment\" \/>\n\t<meta name=\"twitter:label2\" content=\"Dur\u00e9e de lecture estim\u00e9e\" \/>\n\t<meta name=\"twitter:data2\" content=\"4 minutes\" \/>\n<script type=\"application\/ld+json\" class=\"yoast-schema-graph\">{\"@context\":\"https:\/\/schema.org\",\"@graph\":[{\"@type\":\"Article\",\"@id\":\"https:\/\/footdavant.fr\/actualites\/alejandro-garnacho-doit-maintenant-etre-plus-coherent-pour-passer-a-letape-suivante\/#article\",\"isPartOf\":{\"@id\":\"https:\/\/footdavant.fr\/actualites\/alejandro-garnacho-doit-maintenant-etre-plus-coherent-pour-passer-a-letape-suivante\/\"},\"author\":{\"name\":\"Cl\u00e9ment\",\"@id\":\"https:\/\/footdavant.fr\/actualites\/#\/schema\/person\/bc222566d95871b37e597b3ed3ba5e1d\"},\"headline\":\"Alejandro Garnacho doit maintenant \u00eatre plus coh\u00e9rent pour passer \u00e0 l&#39;\u00e9tape suivante\",\"datePublished\":\"2025-12-24T02:48:10+00:00\",\"dateModified\":\"2025-12-24T02:48:17+00:00\",\"mainEntityOfPage\":{\"@id\":\"https:\/\/footdavant.fr\/actualites\/alejandro-garnacho-doit-maintenant-etre-plus-coherent-pour-passer-a-letape-suivante\/\"},\"wordCount\":782,\"publisher\":{\"@id\":\"https:\/\/footdavant.fr\/actualites\/#organization\"},\"keywords\":[\"Alejandro\",\"coh\u00e9rent\",\"doit\",\"\u00eatre\",\"Garnacho\",\"l39\u00e9tape\",\"maintenant\",\"Passer\",\"pour\",\"suivante\"],\"articleSection\":[\"Football\"],\"inLanguage\":\"fr-FR\"},{\"@type\":\"WebPage\",\"@id\":\"https:\/\/footdavant.fr\/actualites\/alejandro-garnacho-doit-maintenant-etre-plus-coherent-pour-passer-a-letape-suivante\/\",\"url\":\"https:\/\/footdavant.fr\/actualites\/alejandro-garnacho-doit-maintenant-etre-plus-coherent-pour-passer-a-letape-suivante\/\",\"name\":\"Alejandro Garnacho doit maintenant \u00eatre plus coh\u00e9rent pour passer \u00e0 l&#39;\u00e9tape suivante\",\"isPartOf\":{\"@id\":\"https:\/\/footdavant.fr\/actualites\/#website\"},\"datePublished\":\"2025-12-24T02:48:10+00:00\",\"dateModified\":\"2025-12-24T02:48:17+00:00\",\"breadcrumb\":{\"@id\":\"https:\/\/footdavant.fr\/actualites\/alejandro-garnacho-doit-maintenant-etre-plus-coherent-pour-passer-a-letape-suivante\/#breadcrumb\"},\"inLanguage\":\"fr-FR\",\"potentialAction\":[{\"@type\":\"ReadAction\",\"target\":[\"https:\/\/footdavant.fr\/actualites\/alejandro-garnacho-doit-maintenant-etre-plus-coherent-pour-passer-a-letape-suivante\/\"]}]},{\"@type\":\"BreadcrumbList\",\"@id\":\"https:\/\/footdavant.fr\/actualites\/alejandro-garnacho-doit-maintenant-etre-plus-coherent-pour-passer-a-letape-suivante\/#breadcrumb\",\"itemListElement\":[{\"@type\":\"ListItem\",\"position\":1,\"name\":\"Accueil\",\"item\":\"https:\/\/footdavant.fr\/actualites\/\"},{\"@type\":\"ListItem\",\"position\":2,\"name\":\"Alejandro Garnacho doit maintenant \u00eatre plus coh\u00e9rent pour passer \u00e0 l&#39;\u00e9tape suivante\"}]},{\"@type\":\"WebSite\",\"@id\":\"https:\/\/footdavant.fr\/actualites\/#website\",\"url\":\"https:\/\/footdavant.fr\/actualites\/\",\"name\":\"Foot d'avant\",\"description\":\"\",\"publisher\":{\"@id\":\"https:\/\/footdavant.fr\/actualites\/#organization\"},\"potentialAction\":[{\"@type\":\"SearchAction\",\"target\":{\"@type\":\"EntryPoint\",\"urlTemplate\":\"https:\/\/footdavant.fr\/actualites\/?s={search_term_string}\"},\"query-input\":\"required name=search_term_string\"}],\"inLanguage\":\"fr-FR\"},{\"@type\":\"Organization\",\"@id\":\"https:\/\/footdavant.fr\/actualites\/#organization\",\"name\":\"Foot d'avant\",\"url\":\"https:\/\/footdavant.fr\/actualites\/\",\"logo\":{\"@type\":\"ImageObject\",\"inLanguage\":\"fr-FR\",\"@id\":\"https:\/\/footdavant.fr\/actualites\/#\/schema\/logo\/image\/\",\"url\":\"https:\/\/footdavant.fr\/actualites\/wp-content\/uploads\/2023\/09\/Copy-of-FootDavant-Logo.png\",\"contentUrl\":\"https:\/\/footdavant.fr\/actualites\/wp-content\/uploads\/2023\/09\/Copy-of-FootDavant-Logo.png\",\"width\":936,\"height\":549,\"caption\":\"Foot d'avant\"},\"image\":{\"@id\":\"https:\/\/footdavant.fr\/actualites\/#\/schema\/logo\/image\/\"},\"sameAs\":[\"https:\/\/www.facebook.com\/Footdavant\/\",\"https:\/\/twitter.com\/FootdavantFr\",\"https:\/\/www.instagram.com\/footdavant.fr\/\"]},{\"@type\":\"Person\",\"@id\":\"https:\/\/footdavant.fr\/actualites\/#\/schema\/person\/bc222566d95871b37e597b3ed3ba5e1d\",\"name\":\"Cl\u00e9ment\",\"image\":{\"@type\":\"ImageObject\",\"inLanguage\":\"fr-FR\",\"@id\":\"https:\/\/footdavant.fr\/actualites\/#\/schema\/person\/image\/\",\"url\":\"https:\/\/secure.gravatar.com\/avatar\/7728b29aac2719421e1a9159b2254c44?s=96&d=mm&r=g\",\"contentUrl\":\"https:\/\/secure.gravatar.com\/avatar\/7728b29aac2719421e1a9159b2254c44?s=96&d=mm&r=g\",\"caption\":\"Cl\u00e9ment\"},\"sameAs\":[\"https:\/\/footdavant.fr\/\"]}]}<\/script>\n<!-- \/ Yoast SEO plugin. -->","yoast_head_json":{"title":"Alejandro Garnacho doit maintenant \u00eatre plus coh\u00e9rent pour passer \u00e0 l&#39;\u00e9tape suivante","robots":{"index":"index","follow":"follow","max-snippet":"max-snippet:-1","max-image-preview":"max-image-preview:large","max-video-preview":"max-video-preview:-1"},"canonical":"https:\/\/footdavant.fr\/actualites\/alejandro-garnacho-doit-maintenant-etre-plus-coherent-pour-passer-a-letape-suivante\/","og_locale":"fr_FR","og_type":"article","og_title":"Alejandro Garnacho doit maintenant \u00eatre plus coh\u00e9rent pour passer \u00e0 l&#39;\u00e9tape suivante","og_description":"Alejandro Garnacho dispute d\u00e9sormais sa CINQUI\u00c8ME saison en Premier League, \u00e0 l&#39;\u00e2ge de 21 ans. Certes, il est encore un joueur jeune et en d\u00e9veloppement.","og_url":"https:\/\/footdavant.fr\/actualites\/alejandro-garnacho-doit-maintenant-etre-plus-coherent-pour-passer-a-letape-suivante\/","og_site_name":"Foot d&#039;avant","article_publisher":"https:\/\/www.facebook.com\/Footdavant\/","article_published_time":"2025-12-24T02:48:10+00:00","article_modified_time":"2025-12-24T02:48:17+00:00","og_image":[{"width":2560,"height":1706,"url":"https:\/\/footdavant.fr\/actualites\/wp-content\/uploads\/2025\/12\/Alejandro-Garnacho-doit-maintenant-etre-plus-coherent-pour-passer-a.jpg","type":"image\/jpeg"}],"author":"Cl\u00e9ment","twitter_card":"summary_large_image","twitter_creator":"@FootdavantFr","twitter_site":"@FootdavantFr","twitter_misc":{"\u00c9crit par":"Cl\u00e9ment","Dur\u00e9e de lecture estim\u00e9e":"4 minutes"},"schema":{"@context":"https:\/\/schema.org","@graph":[{"@type":"Article","@id":"https:\/\/footdavant.fr\/actualites\/alejandro-garnacho-doit-maintenant-etre-plus-coherent-pour-passer-a-letape-suivante\/#article","isPartOf":{"@id":"https:\/\/footdavant.fr\/actualites\/alejandro-garnacho-doit-maintenant-etre-plus-coherent-pour-passer-a-letape-suivante\/"},"author":{"name":"Cl\u00e9ment","@id":"https:\/\/footdavant.fr\/actualites\/#\/schema\/person\/bc222566d95871b37e597b3ed3ba5e1d"},"headline":"Alejandro Garnacho doit maintenant \u00eatre plus coh\u00e9rent pour passer \u00e0 l&#39;\u00e9tape suivante","datePublished":"2025-12-24T02:48:10+00:00","dateModified":"2025-12-24T02:48:17+00:00","mainEntityOfPage":{"@id":"https:\/\/footdavant.fr\/actualites\/alejandro-garnacho-doit-maintenant-etre-plus-coherent-pour-passer-a-letape-suivante\/"},"wordCount":782,"publisher":{"@id":"https:\/\/footdavant.fr\/actualites\/#organization"},"keywords":["Alejandro","coh\u00e9rent","doit","\u00eatre","Garnacho","l39\u00e9tape","maintenant","Passer","pour","suivante"],"articleSection":["Football"],"inLanguage":"fr-FR"},{"@type":"WebPage","@id":"https:\/\/footdavant.fr\/actualites\/alejandro-garnacho-doit-maintenant-etre-plus-coherent-pour-passer-a-letape-suivante\/","url":"https:\/\/footdavant.fr\/actualites\/alejandro-garnacho-doit-maintenant-etre-plus-coherent-pour-passer-a-letape-suivante\/","name":"Alejandro Garnacho doit maintenant \u00eatre plus coh\u00e9rent pour passer \u00e0 l&#39;\u00e9tape suivante","isPartOf":{"@id":"https:\/\/footdavant.fr\/actualites\/#website"},"datePublished":"2025-12-24T02:48:10+00:00","dateModified":"2025-12-24T02:48:17+00:00","breadcrumb":{"@id":"https:\/\/footdavant.fr\/actualites\/alejandro-garnacho-doit-maintenant-etre-plus-coherent-pour-passer-a-letape-suivante\/#breadcrumb"},"inLanguage":"fr-FR","potentialAction":[{"@type":"ReadAction","target":["https:\/\/footdavant.fr\/actualites\/alejandro-garnacho-doit-maintenant-etre-plus-coherent-pour-passer-a-letape-suivante\/"]}]},{"@type":"BreadcrumbList","@id":"https:\/\/footdavant.fr\/actualites\/alejandro-garnacho-doit-maintenant-etre-plus-coherent-pour-passer-a-letape-suivante\/#breadcrumb","itemListElement":[{"@type":"ListItem","position":1,"name":"Accueil","item":"https:\/\/footdavant.fr\/actualites\/"},{"@type":"ListItem","position":2,"name":"Alejandro Garnacho doit maintenant \u00eatre plus coh\u00e9rent pour passer \u00e0 l&#39;\u00e9tape suivante"}]},{"@type":"WebSite","@id":"https:\/\/footdavant.fr\/actualites\/#website","url":"https:\/\/footdavant.fr\/actualites\/","name":"Foot d'avant","description":"","publisher":{"@id":"https:\/\/footdavant.fr\/actualites\/#organization"},"potentialAction":[{"@type":"SearchAction","target":{"@type":"EntryPoint","urlTemplate":"https:\/\/footdavant.fr\/actualites\/?s={search_term_string}"},"query-input":"required name=search_term_string"}],"inLanguage":"fr-FR"},{"@type":"Organization","@id":"https:\/\/footdavant.fr\/actualites\/#organization","name":"Foot d'avant","url":"https:\/\/footdavant.fr\/actualites\/","logo":{"@type":"ImageObject","inLanguage":"fr-FR","@id":"https:\/\/footdavant.fr\/actualites\/#\/schema\/logo\/image\/","url":"https:\/\/footdavant.fr\/actualites\/wp-content\/uploads\/2023\/09\/Copy-of-FootDavant-Logo.png","contentUrl":"https:\/\/footdavant.fr\/actualites\/wp-content\/uploads\/2023\/09\/Copy-of-FootDavant-Logo.png","width":936,"height":549,"caption":"Foot d'avant"},"image":{"@id":"https:\/\/footdavant.fr\/actualites\/#\/schema\/logo\/image\/"},"sameAs":["https:\/\/www.facebook.com\/Footdavant\/","https:\/\/twitter.com\/FootdavantFr","https:\/\/www.instagram.com\/footdavant.fr\/"]},{"@type":"Person","@id":"https:\/\/footdavant.fr\/actualites\/#\/schema\/person\/bc222566d95871b37e597b3ed3ba5e1d","name":"Cl\u00e9ment","image":{"@type":"ImageObject","inLanguage":"fr-FR","@id":"https:\/\/footdavant.fr\/actualites\/#\/schema\/person\/image\/","url":"https:\/\/secure.gravatar.com\/avatar\/7728b29aac2719421e1a9159b2254c44?s=96&d=mm&r=g","contentUrl":"https:\/\/secure.gravatar.com\/avatar\/7728b29aac2719421e1a9159b2254c44?s=96&d=mm&r=g","caption":"Cl\u00e9ment"},"sameAs":["https:\/\/footdavant.fr\/"]}]}},"_links":{"self":[{"href":"https:\/\/footdavant.fr\/actualites\/wp-json\/wp\/v2\/posts\/32688"}],"collection":[{"href":"https:\/\/footdavant.fr\/actualites\/wp-json\/wp\/v2\/posts"}],"about":[{"href":"https:\/\/footdavant.fr\/actualites\/wp-json\/wp\/v2\/types\/post"}],"author":[{"embeddable":true,"href":"https:\/\/footdavant.fr\/actualites\/wp-json\/wp\/v2\/users\/1"}],"replies":[{"embeddable":true,"href":"https:\/\/footdavant.fr\/actualites\/wp-json\/wp\/v2\/comments?post=32688"}],"version-history":[{"count":1,"href":"https:\/\/footdavant.fr\/actualites\/wp-json\/wp\/v2\/posts\/32688\/revisions"}],"predecessor-version":[{"id":32690,"href":"https:\/\/footdavant.fr\/actualites\/wp-json\/wp\/v2\/posts\/32688\/revisions\/32690"}],"wp:featuredmedia":[{"embeddable":true,"href":"https:\/\/footdavant.fr\/actualites\/wp-json\/wp\/v2\/media\/32689"}],"wp:attachment":[{"href":"https:\/\/footdavant.fr\/actualites\/wp-json\/wp\/v2\/media?parent=32688"}],"wp:term":[{"taxonomy":"category","embeddable":true,"href":"https:\/\/footdavant.fr\/actualites\/wp-json\/wp\/v2\/categories?post=32688"},{"taxonomy":"post_tag","embeddable":true,"href":"https:\/\/footdavant.fr\/actualites\/wp-json\/wp\/v2\/tags?post=32688"}],"curies":[{"name":"wp","href":"https:\/\/api.w.org\/{rel}","templated":true}]}}