{"id":32734,"date":"2025-12-25T11:48:09","date_gmt":"2025-12-25T10:48:09","guid":{"rendered":"https:\/\/footdavant.fr\/actualites\/chido-obi-united-continue-de-soutenir-wonderkid-malgre-les-commentaires-damorim\/"},"modified":"2025-12-25T11:48:10","modified_gmt":"2025-12-25T10:48:10","slug":"chido-obi-united-continue-de-soutenir-wonderkid-malgre-les-commentaires-damorim","status":"publish","type":"post","link":"https:\/\/footdavant.fr\/actualites\/chido-obi-united-continue-de-soutenir-wonderkid-malgre-les-commentaires-damorim\/","title":{"rendered":"Chido Obi: United continue de soutenir Wonderkid malgr\u00e9 les commentaires d&#39;Amorim &#8211;"},"content":{"rendered":"<div id=\"penci-post-entry-inner\">\n<p>\t\t\t<i class=\"penci-post-countview-number-check\" style=\"display:none\">4<\/i><\/p>\n<p><!--Article Start--><br \/>Manchester United compte 31 buts \u00e0 son actif jusqu&#39;\u00e0 pr\u00e9sent cette saison, ce qui le place au deuxi\u00e8me rang pour les buts marqu\u00e9s en Premier League.<\/p>\n<p>La situation \u00e9tait compl\u00e8tement diff\u00e9rente la derni\u00e8re fois, les Diables Rouges ayant du mal \u00e0 trouver le fond des filets. Une fois la campagne termin\u00e9e, United n&#39;avait domin\u00e9 que quatre \u00e9quipes du classement.<\/p>\n<p>Rasmus Hojlund s&#39;est av\u00e9r\u00e9 \u00eatre l&#39;un des pires achats r\u00e9cents de l&#39;histoire du club et, faute d&#39;options \u00e0 sa disposition, Ruben Amorim s&#39;est tourn\u00e9 vers l&#39;acad\u00e9mie pour obtenir de l&#39;aide.<\/p>\n<p>Chido Obi, alors \u00e2g\u00e9 de 17 ans, a \u00e9t\u00e9 contraint de prendre le relais et, m\u00eame si le jeune Danois a impressionn\u00e9, il n&#39;a pas r\u00e9ussi \u00e0 trouver le chemin des filets en huit apparitions pour l&#39;\u00e9quipe premi\u00e8re.<\/p>\n<h5>Exp\u00e9rience de Chido Obi en \u00e9quipe premi\u00e8re<\/h5>\n<p>Beaucoup s\u2019attendaient \u00e0 ce que l\u2019ancien produit de l\u2019acad\u00e9mie d\u2019Arsenal joue un r\u00f4le substantiel pour l\u2019\u00e9quipe senior cette saison, mais cela ne s\u2019est pas av\u00e9r\u00e9 \u00eatre le cas.<\/p>\n<p>En fait, il a \u00e9t\u00e9 renvoy\u00e9 chez les U21 et a rarement \u00e9t\u00e9 appel\u00e9 \u00e0 l\u2019entra\u00eenement de l\u2019\u00e9quipe premi\u00e8re. M\u00eame avec les difficult\u00e9s de Joshua Zirkzee et la blessure de Benjamin Sesko, il n&#39;y a pas eu de convocation.<\/p>\n<p>En plus de cela, de mani\u00e8re plut\u00f4t surprenante, l&#39;entra\u00eeneur-chef a choisi de l&#39;appeler lors d&#39;une r\u00e9cente conf\u00e9rence de presse au cours de laquelle il a \u00e9t\u00e9 critiqu\u00e9 pour son manque de confiance dans le c\u00e9l\u00e8bre pipeline acad\u00e9mique du club.<\/p>\n<table id=\"tablepress-474\" class=\"tablepress tablepress-id-474\">\n<thead>\n<tr class=\"row-1\">\n<th class=\"column-1\">Concours<\/th>\n<th class=\"column-2\">Applications<\/th>\n<th class=\"column-3\">Objectifs<\/th>\n<th class=\"column-4\">Aides<\/th>\n<th class=\"column-5\">Cartons jaunes<\/th>\n<th class=\"column-6\">Cartons rouges<\/th>\n<th class=\"column-7\">Minutes<\/th>\n<\/tr>\n<\/thead>\n<tbody class=\"row-striping row-hover\">\n<tr class=\"row-2\">\n<td class=\"column-1\">Premi\u00e8re Ligue 2<\/td>\n<td class=\"column-2\">8<\/td>\n<td class=\"column-3\">3<\/td>\n<td class=\"column-4\">\u2013<\/td>\n<td class=\"column-5\">1<\/td>\n<td class=\"column-6\">\u2013<\/td>\n<td class=\"column-7\">368&#39;<\/td>\n<\/tr>\n<tr class=\"row-3\">\n<td class=\"column-1\">Troph\u00e9e EFL<\/td>\n<td class=\"column-2\">3<\/td>\n<td class=\"column-3\">1<\/td>\n<td class=\"column-4\">2<\/td>\n<td class=\"column-5\">\u2013<\/td>\n<td class=\"column-6\">\u2013<\/td>\n<td class=\"column-7\">214&#39;<\/td>\n<\/tr>\n<tr class=\"row-4\">\n<td class=\"column-1\">Coupe de la Ligue nationale<\/td>\n<td class=\"column-2\">3<\/td>\n<td class=\"column-3\">1<\/td>\n<td class=\"column-4\">\u2013<\/td>\n<td class=\"column-5\">\u2013<\/td>\n<td class=\"column-6\">\u2013<\/td>\n<td class=\"column-7\">200&#39;<\/td>\n<\/tr>\n<tr class=\"row-5\">\n<td class=\"column-1\">Coupe Internationale de Premier League U21<\/td>\n<td class=\"column-2\">1<\/td>\n<td class=\"column-3\">\u2013<\/td>\n<td class=\"column-4\">1<\/td>\n<td class=\"column-5\">\u2013<\/td>\n<td class=\"column-6\">\u2013<\/td>\n<td class=\"column-7\">72&#39;<\/td>\n<\/tr>\n<tr class=\"row-6\">\n<td class=\"column-1\"><\/td>\n<td class=\"column-2\"><\/td>\n<td class=\"column-3\"><\/td>\n<td class=\"column-4\"><\/td>\n<td class=\"column-5\"><\/td>\n<td class=\"column-6\"><\/td>\n<td class=\"column-7\"><\/td>\n<\/tr>\n<\/tbody>\n<\/table>\n<p><!-- #tablepress-474 from cache --><\/p>\n<p>\u00ab\u00a0Amass est actuellement en difficult\u00e9 en Championnat. Chido n&#39;est pas toujours titulaire chez les moins de 21 ans. Tous ces gars ont jou\u00e9 alors que beaucoup de gens disaient de limoger l&#39;entra\u00eeneur. Donc vous pouvez voir que je ne suis pas inquiet. Je veux juste gagner.\u00a0\u00bb<\/p>\n<h5>La remarque d&#39;Amorim n&#39;a pas \u00e9t\u00e9 bien accueillie<\/h5>\n<p>Cela a suscit\u00e9 une r\u00e9action sur les r\u00e9seaux sociaux de la part des deux dipl\u00f4m\u00e9s de Carrington, ce qui a peut-\u00eatre prouv\u00e9 que la remarque \u00ab ayant droit \u00bb d&#39;Amorim \u00e9tait correcte en premier lieu.<\/p>\n<p>Selon The Athletic, l&#39;international danois U20 \u00e9tait d\u00e9\u00e7u d&#39;avoir \u00e9t\u00e9 contraint de descendre d&#39;un niveau, car il estimait qu&#39;il avait les qualit\u00e9s n\u00e9cessaires pour exceller en tant que deuxi\u00e8me attaquant.<\/p>\n<p>Cependant, le club conserve sa confiance en lui et le soutient pour qu&#39;il devienne une star de la premi\u00e8re \u00e9quipe \u00e0 l&#39;avenir. Et malgr\u00e9 les rumeurs de sortie de pr\u00eat, les Diables Rouges n\u2019envisagent pas pour l\u2019instant de le pr\u00eater \u00e0 moins qu\u2019une belle opportunit\u00e9 ne se pr\u00e9sente.<\/p>\n<p>\u00ab\u00a0Des sources au sein de United affirment qu&#39;il a \u00e9t\u00e9 d\u00e9cid\u00e9 au sein du club que le retour chez les moins de 21 ans \u00e9tait la meilleure option (pour Chido Obi). Amorim a parl\u00e9 plus t\u00f4t dans cette campagne de la fa\u00e7on dont la convocation d&#39;Obi en \u00e9quipe premi\u00e8re la saison derni\u00e8re \u00e9tait par n\u00e9cessit\u00e9 et \u00e9tait peut-\u00eatre arriv\u00e9e trop t\u00f4t. C&#39;\u00e9tait en quelque sorte une confrontation avec la r\u00e9alit\u00e9.<\/p>\n<h5>D\u00e9cision de pr\u00eat prise<\/h5>\n<p>\u00ab\u00a0Des sources de United affirment que le club a estim\u00e9 qu&#39;il serait pr\u00e9f\u00e9rable qu&#39;Obi perfectionne son talent chez les moins de 21 ans avec moins d&#39;attention sur lui. Les gens du club disent qu&#39;Obi \u00e9tait d\u00e9\u00e7u de la d\u00e9cision, cependant, et qu&#39;il pense qu&#39;il pourrait \u00eatre le deuxi\u00e8me attaquant de United.<\/p>\n<p>\u00ab\u00a0Des sources de United disent que le club \u00e9tait conscient qu&#39;Obi \u00e9tait d\u00e9\u00e7u d&#39;avoir \u00e9t\u00e9 ramen\u00e9 au niveau des moins de 21 ans, mais ils n&#39;\u00e9taient pas inquiets. Il y aurait eu plus d&#39;inqui\u00e9tude s&#39;il en avait \u00e9t\u00e9 content, et des sources disent que le club a \u00e9t\u00e9 encourag\u00e9 par sa r\u00e9ponse depuis.<\/p>\n<p>\u00ab\u00a0Il y a encore beaucoup de confiance dans le club, selon des sources, qu&#39;un joueur avec ce qui a \u00e9t\u00e9 d\u00e9crit comme ayant une finition \u00ab\u00a0glaciale\u00a0\u00bb peut m\u00fbrir et devenir un meilleur buteur de l&#39;\u00e9quipe premi\u00e8re. Mais on r\u00e9alise aussi qu&#39;il faut de la patience. \u00ab\u00a0<\/p>\n<h5>Chido Obi doit s&#39;am\u00e9liorer sur et en dehors du terrain<\/h5>\n<p>\u00ab\u00a0Le plan pour son d\u00e9veloppement est de continuer avec les moins de 21 ans. Des sources proches de ceux qui sont en charge de sa progression disent qu&#39;elles souhaitent qu&#39;il joue r\u00e9guli\u00e8rement, mais il n&#39;est pas pr\u00e9vu, pour le moment, qu&#39;il parte en pr\u00eat en janvier comme son ancien colocataire Amass. Des sources de United disent qu&#39;elles ne recherchent pas activement des clubs pour le prendre temporairement. Cela ne changerait que si une opportunit\u00e9 se pr\u00e9sentait qui, selon eux, l&#39;am\u00e9liorerait maintenant. \u00ab\u00a0<\/p>\n<p>Chido Obi compte cinq buts et trois passes d\u00e9cisives en neuf d\u00e9parts toutes comp\u00e9titions confondues. Esp\u00e9rons qu\u2019il pourra bient\u00f4t convaincre Amorim de ses talents ind\u00e9niables sur le terrain, tout en am\u00e9liorant d\u2019autres facettes de son jeu et son comportement hors du terrain.<\/p>\n<\/p>\n<hr\/>\n<p>The Peoples Person est l&#39;un des principaux sites d&#39;information de Man United au monde depuis plus d&#39;une d\u00e9cennie. Suivez-nous sur Bluesky\u00a0: @peoplesperson.bsky.social<\/p>\n<\/p>\n<p><!-- CONTENT END 2 --><\/p><\/div>\n","protected":false},"excerpt":{"rendered":"<p>4 Manchester United compte 31 buts \u00e0 son actif jusqu&#39;\u00e0 pr\u00e9sent cette saison, ce qui le place au deuxi\u00e8me rang pour les buts marqu\u00e9s en<\/p>\n","protected":false},"author":1,"featured_media":32735,"comment_status":"closed","ping_status":"","sticky":false,"template":"","format":"standard","meta":{"footnotes":""},"categories":[3],"tags":[5832,716,1844,4697,93,2520,1081,4783,13,3127],"yoast_head":"<!-- This site is optimized with the Yoast SEO plugin v21.0 - https:\/\/yoast.com\/wordpress\/plugins\/seo\/ -->\n<title>Chido Obi: United continue de soutenir Wonderkid malgr\u00e9 les commentaires d&#039;Amorim -<\/title>\n<meta name=\"robots\" content=\"index, follow, max-snippet:-1, max-image-preview:large, max-video-preview:-1\" \/>\n<link rel=\"canonical\" href=\"https:\/\/footdavant.fr\/actualites\/chido-obi-united-continue-de-soutenir-wonderkid-malgre-les-commentaires-damorim\/\" \/>\n<meta property=\"og:locale\" content=\"fr_FR\" \/>\n<meta property=\"og:type\" content=\"article\" \/>\n<meta property=\"og:title\" content=\"Chido Obi: United continue de soutenir Wonderkid malgr\u00e9 les commentaires d&#039;Amorim -\" \/>\n<meta property=\"og:description\" content=\"4 Manchester United compte 31 buts \u00e0 son actif jusqu&#039;\u00e0 pr\u00e9sent cette saison, ce qui le place au deuxi\u00e8me rang pour les buts marqu\u00e9s en\" \/>\n<meta property=\"og:url\" content=\"https:\/\/footdavant.fr\/actualites\/chido-obi-united-continue-de-soutenir-wonderkid-malgre-les-commentaires-damorim\/\" \/>\n<meta property=\"og:site_name\" content=\"Foot d&#039;avant\" \/>\n<meta property=\"article:publisher\" content=\"https:\/\/www.facebook.com\/Footdavant\/\" \/>\n<meta property=\"article:published_time\" content=\"2025-12-25T10:48:09+00:00\" \/>\n<meta property=\"article:modified_time\" content=\"2025-12-25T10:48:10+00:00\" \/>\n<meta property=\"og:image\" content=\"https:\/\/footdavant.fr\/actualites\/wp-content\/uploads\/2025\/12\/Chido-Obi-United-continue-de-soutenir-Wonderkid-malgre-les-commentaires.jpg\" \/>\n\t<meta property=\"og:image:width\" content=\"1600\" \/>\n\t<meta property=\"og:image:height\" content=\"727\" \/>\n\t<meta property=\"og:image:type\" content=\"image\/jpeg\" \/>\n<meta name=\"author\" content=\"Cl\u00e9ment\" \/>\n<meta name=\"twitter:card\" content=\"summary_large_image\" \/>\n<meta name=\"twitter:creator\" content=\"@FootdavantFr\" \/>\n<meta name=\"twitter:site\" content=\"@FootdavantFr\" \/>\n<meta name=\"twitter:label1\" content=\"\u00c9crit par\" \/>\n\t<meta name=\"twitter:data1\" content=\"Cl\u00e9ment\" \/>\n\t<meta name=\"twitter:label2\" content=\"Dur\u00e9e de lecture estim\u00e9e\" \/>\n\t<meta name=\"twitter:data2\" content=\"5 minutes\" \/>\n<script type=\"application\/ld+json\" class=\"yoast-schema-graph\">{\"@context\":\"https:\/\/schema.org\",\"@graph\":[{\"@type\":\"Article\",\"@id\":\"https:\/\/footdavant.fr\/actualites\/chido-obi-united-continue-de-soutenir-wonderkid-malgre-les-commentaires-damorim\/#article\",\"isPartOf\":{\"@id\":\"https:\/\/footdavant.fr\/actualites\/chido-obi-united-continue-de-soutenir-wonderkid-malgre-les-commentaires-damorim\/\"},\"author\":{\"name\":\"Cl\u00e9ment\",\"@id\":\"https:\/\/footdavant.fr\/actualites\/#\/schema\/person\/bc222566d95871b37e597b3ed3ba5e1d\"},\"headline\":\"Chido Obi: United continue de soutenir Wonderkid malgr\u00e9 les commentaires d&#39;Amorim &#8211;\",\"datePublished\":\"2025-12-25T10:48:09+00:00\",\"dateModified\":\"2025-12-25T10:48:10+00:00\",\"mainEntityOfPage\":{\"@id\":\"https:\/\/footdavant.fr\/actualites\/chido-obi-united-continue-de-soutenir-wonderkid-malgre-les-commentaires-damorim\/\"},\"wordCount\":958,\"publisher\":{\"@id\":\"https:\/\/footdavant.fr\/actualites\/#organization\"},\"keywords\":[\"Chido\",\"commentaires\",\"continue\",\"d39Amorim\",\"les\",\"malgr\u00e9\",\"Obi\",\"soutenir\",\"United\",\"Wonderkid\"],\"articleSection\":[\"Football\"],\"inLanguage\":\"fr-FR\"},{\"@type\":\"WebPage\",\"@id\":\"https:\/\/footdavant.fr\/actualites\/chido-obi-united-continue-de-soutenir-wonderkid-malgre-les-commentaires-damorim\/\",\"url\":\"https:\/\/footdavant.fr\/actualites\/chido-obi-united-continue-de-soutenir-wonderkid-malgre-les-commentaires-damorim\/\",\"name\":\"Chido Obi: United continue de soutenir Wonderkid malgr\u00e9 les commentaires d&#39;Amorim -\",\"isPartOf\":{\"@id\":\"https:\/\/footdavant.fr\/actualites\/#website\"},\"datePublished\":\"2025-12-25T10:48:09+00:00\",\"dateModified\":\"2025-12-25T10:48:10+00:00\",\"breadcrumb\":{\"@id\":\"https:\/\/footdavant.fr\/actualites\/chido-obi-united-continue-de-soutenir-wonderkid-malgre-les-commentaires-damorim\/#breadcrumb\"},\"inLanguage\":\"fr-FR\",\"potentialAction\":[{\"@type\":\"ReadAction\",\"target\":[\"https:\/\/footdavant.fr\/actualites\/chido-obi-united-continue-de-soutenir-wonderkid-malgre-les-commentaires-damorim\/\"]}]},{\"@type\":\"BreadcrumbList\",\"@id\":\"https:\/\/footdavant.fr\/actualites\/chido-obi-united-continue-de-soutenir-wonderkid-malgre-les-commentaires-damorim\/#breadcrumb\",\"itemListElement\":[{\"@type\":\"ListItem\",\"position\":1,\"name\":\"Accueil\",\"item\":\"https:\/\/footdavant.fr\/actualites\/\"},{\"@type\":\"ListItem\",\"position\":2,\"name\":\"Chido Obi: United continue de soutenir Wonderkid malgr\u00e9 les commentaires d&#39;Amorim &#8211;\"}]},{\"@type\":\"WebSite\",\"@id\":\"https:\/\/footdavant.fr\/actualites\/#website\",\"url\":\"https:\/\/footdavant.fr\/actualites\/\",\"name\":\"Foot d'avant\",\"description\":\"\",\"publisher\":{\"@id\":\"https:\/\/footdavant.fr\/actualites\/#organization\"},\"potentialAction\":[{\"@type\":\"SearchAction\",\"target\":{\"@type\":\"EntryPoint\",\"urlTemplate\":\"https:\/\/footdavant.fr\/actualites\/?s={search_term_string}\"},\"query-input\":\"required name=search_term_string\"}],\"inLanguage\":\"fr-FR\"},{\"@type\":\"Organization\",\"@id\":\"https:\/\/footdavant.fr\/actualites\/#organization\",\"name\":\"Foot d'avant\",\"url\":\"https:\/\/footdavant.fr\/actualites\/\",\"logo\":{\"@type\":\"ImageObject\",\"inLanguage\":\"fr-FR\",\"@id\":\"https:\/\/footdavant.fr\/actualites\/#\/schema\/logo\/image\/\",\"url\":\"https:\/\/footdavant.fr\/actualites\/wp-content\/uploads\/2023\/09\/Copy-of-FootDavant-Logo.png\",\"contentUrl\":\"https:\/\/footdavant.fr\/actualites\/wp-content\/uploads\/2023\/09\/Copy-of-FootDavant-Logo.png\",\"width\":936,\"height\":549,\"caption\":\"Foot d'avant\"},\"image\":{\"@id\":\"https:\/\/footdavant.fr\/actualites\/#\/schema\/logo\/image\/\"},\"sameAs\":[\"https:\/\/www.facebook.com\/Footdavant\/\",\"https:\/\/twitter.com\/FootdavantFr\",\"https:\/\/www.instagram.com\/footdavant.fr\/\"]},{\"@type\":\"Person\",\"@id\":\"https:\/\/footdavant.fr\/actualites\/#\/schema\/person\/bc222566d95871b37e597b3ed3ba5e1d\",\"name\":\"Cl\u00e9ment\",\"image\":{\"@type\":\"ImageObject\",\"inLanguage\":\"fr-FR\",\"@id\":\"https:\/\/footdavant.fr\/actualites\/#\/schema\/person\/image\/\",\"url\":\"https:\/\/secure.gravatar.com\/avatar\/7728b29aac2719421e1a9159b2254c44?s=96&d=mm&r=g\",\"contentUrl\":\"https:\/\/secure.gravatar.com\/avatar\/7728b29aac2719421e1a9159b2254c44?s=96&d=mm&r=g\",\"caption\":\"Cl\u00e9ment\"},\"sameAs\":[\"https:\/\/footdavant.fr\/\"]}]}<\/script>\n<!-- \/ Yoast SEO plugin. -->","yoast_head_json":{"title":"Chido Obi: United continue de soutenir Wonderkid malgr\u00e9 les commentaires d&#39;Amorim -","robots":{"index":"index","follow":"follow","max-snippet":"max-snippet:-1","max-image-preview":"max-image-preview:large","max-video-preview":"max-video-preview:-1"},"canonical":"https:\/\/footdavant.fr\/actualites\/chido-obi-united-continue-de-soutenir-wonderkid-malgre-les-commentaires-damorim\/","og_locale":"fr_FR","og_type":"article","og_title":"Chido Obi: United continue de soutenir Wonderkid malgr\u00e9 les commentaires d&#39;Amorim -","og_description":"4 Manchester United compte 31 buts \u00e0 son actif jusqu&#39;\u00e0 pr\u00e9sent cette saison, ce qui le place au deuxi\u00e8me rang pour les buts marqu\u00e9s en","og_url":"https:\/\/footdavant.fr\/actualites\/chido-obi-united-continue-de-soutenir-wonderkid-malgre-les-commentaires-damorim\/","og_site_name":"Foot d&#039;avant","article_publisher":"https:\/\/www.facebook.com\/Footdavant\/","article_published_time":"2025-12-25T10:48:09+00:00","article_modified_time":"2025-12-25T10:48:10+00:00","og_image":[{"width":1600,"height":727,"url":"https:\/\/footdavant.fr\/actualites\/wp-content\/uploads\/2025\/12\/Chido-Obi-United-continue-de-soutenir-Wonderkid-malgre-les-commentaires.jpg","type":"image\/jpeg"}],"author":"Cl\u00e9ment","twitter_card":"summary_large_image","twitter_creator":"@FootdavantFr","twitter_site":"@FootdavantFr","twitter_misc":{"\u00c9crit par":"Cl\u00e9ment","Dur\u00e9e de lecture estim\u00e9e":"5 minutes"},"schema":{"@context":"https:\/\/schema.org","@graph":[{"@type":"Article","@id":"https:\/\/footdavant.fr\/actualites\/chido-obi-united-continue-de-soutenir-wonderkid-malgre-les-commentaires-damorim\/#article","isPartOf":{"@id":"https:\/\/footdavant.fr\/actualites\/chido-obi-united-continue-de-soutenir-wonderkid-malgre-les-commentaires-damorim\/"},"author":{"name":"Cl\u00e9ment","@id":"https:\/\/footdavant.fr\/actualites\/#\/schema\/person\/bc222566d95871b37e597b3ed3ba5e1d"},"headline":"Chido Obi: United continue de soutenir Wonderkid malgr\u00e9 les commentaires d&#39;Amorim &#8211;","datePublished":"2025-12-25T10:48:09+00:00","dateModified":"2025-12-25T10:48:10+00:00","mainEntityOfPage":{"@id":"https:\/\/footdavant.fr\/actualites\/chido-obi-united-continue-de-soutenir-wonderkid-malgre-les-commentaires-damorim\/"},"wordCount":958,"publisher":{"@id":"https:\/\/footdavant.fr\/actualites\/#organization"},"keywords":["Chido","commentaires","continue","d39Amorim","les","malgr\u00e9","Obi","soutenir","United","Wonderkid"],"articleSection":["Football"],"inLanguage":"fr-FR"},{"@type":"WebPage","@id":"https:\/\/footdavant.fr\/actualites\/chido-obi-united-continue-de-soutenir-wonderkid-malgre-les-commentaires-damorim\/","url":"https:\/\/footdavant.fr\/actualites\/chido-obi-united-continue-de-soutenir-wonderkid-malgre-les-commentaires-damorim\/","name":"Chido Obi: United continue de soutenir Wonderkid malgr\u00e9 les commentaires d&#39;Amorim -","isPartOf":{"@id":"https:\/\/footdavant.fr\/actualites\/#website"},"datePublished":"2025-12-25T10:48:09+00:00","dateModified":"2025-12-25T10:48:10+00:00","breadcrumb":{"@id":"https:\/\/footdavant.fr\/actualites\/chido-obi-united-continue-de-soutenir-wonderkid-malgre-les-commentaires-damorim\/#breadcrumb"},"inLanguage":"fr-FR","potentialAction":[{"@type":"ReadAction","target":["https:\/\/footdavant.fr\/actualites\/chido-obi-united-continue-de-soutenir-wonderkid-malgre-les-commentaires-damorim\/"]}]},{"@type":"BreadcrumbList","@id":"https:\/\/footdavant.fr\/actualites\/chido-obi-united-continue-de-soutenir-wonderkid-malgre-les-commentaires-damorim\/#breadcrumb","itemListElement":[{"@type":"ListItem","position":1,"name":"Accueil","item":"https:\/\/footdavant.fr\/actualites\/"},{"@type":"ListItem","position":2,"name":"Chido Obi: United continue de soutenir Wonderkid malgr\u00e9 les commentaires d&#39;Amorim &#8211;"}]},{"@type":"WebSite","@id":"https:\/\/footdavant.fr\/actualites\/#website","url":"https:\/\/footdavant.fr\/actualites\/","name":"Foot d'avant","description":"","publisher":{"@id":"https:\/\/footdavant.fr\/actualites\/#organization"},"potentialAction":[{"@type":"SearchAction","target":{"@type":"EntryPoint","urlTemplate":"https:\/\/footdavant.fr\/actualites\/?s={search_term_string}"},"query-input":"required name=search_term_string"}],"inLanguage":"fr-FR"},{"@type":"Organization","@id":"https:\/\/footdavant.fr\/actualites\/#organization","name":"Foot d'avant","url":"https:\/\/footdavant.fr\/actualites\/","logo":{"@type":"ImageObject","inLanguage":"fr-FR","@id":"https:\/\/footdavant.fr\/actualites\/#\/schema\/logo\/image\/","url":"https:\/\/footdavant.fr\/actualites\/wp-content\/uploads\/2023\/09\/Copy-of-FootDavant-Logo.png","contentUrl":"https:\/\/footdavant.fr\/actualites\/wp-content\/uploads\/2023\/09\/Copy-of-FootDavant-Logo.png","width":936,"height":549,"caption":"Foot d'avant"},"image":{"@id":"https:\/\/footdavant.fr\/actualites\/#\/schema\/logo\/image\/"},"sameAs":["https:\/\/www.facebook.com\/Footdavant\/","https:\/\/twitter.com\/FootdavantFr","https:\/\/www.instagram.com\/footdavant.fr\/"]},{"@type":"Person","@id":"https:\/\/footdavant.fr\/actualites\/#\/schema\/person\/bc222566d95871b37e597b3ed3ba5e1d","name":"Cl\u00e9ment","image":{"@type":"ImageObject","inLanguage":"fr-FR","@id":"https:\/\/footdavant.fr\/actualites\/#\/schema\/person\/image\/","url":"https:\/\/secure.gravatar.com\/avatar\/7728b29aac2719421e1a9159b2254c44?s=96&d=mm&r=g","contentUrl":"https:\/\/secure.gravatar.com\/avatar\/7728b29aac2719421e1a9159b2254c44?s=96&d=mm&r=g","caption":"Cl\u00e9ment"},"sameAs":["https:\/\/footdavant.fr\/"]}]}},"_links":{"self":[{"href":"https:\/\/footdavant.fr\/actualites\/wp-json\/wp\/v2\/posts\/32734"}],"collection":[{"href":"https:\/\/footdavant.fr\/actualites\/wp-json\/wp\/v2\/posts"}],"about":[{"href":"https:\/\/footdavant.fr\/actualites\/wp-json\/wp\/v2\/types\/post"}],"author":[{"embeddable":true,"href":"https:\/\/footdavant.fr\/actualites\/wp-json\/wp\/v2\/users\/1"}],"replies":[{"embeddable":true,"href":"https:\/\/footdavant.fr\/actualites\/wp-json\/wp\/v2\/comments?post=32734"}],"version-history":[{"count":1,"href":"https:\/\/footdavant.fr\/actualites\/wp-json\/wp\/v2\/posts\/32734\/revisions"}],"predecessor-version":[{"id":32736,"href":"https:\/\/footdavant.fr\/actualites\/wp-json\/wp\/v2\/posts\/32734\/revisions\/32736"}],"wp:featuredmedia":[{"embeddable":true,"href":"https:\/\/footdavant.fr\/actualites\/wp-json\/wp\/v2\/media\/32735"}],"wp:attachment":[{"href":"https:\/\/footdavant.fr\/actualites\/wp-json\/wp\/v2\/media?parent=32734"}],"wp:term":[{"taxonomy":"category","embeddable":true,"href":"https:\/\/footdavant.fr\/actualites\/wp-json\/wp\/v2\/categories?post=32734"},{"taxonomy":"post_tag","embeddable":true,"href":"https:\/\/footdavant.fr\/actualites\/wp-json\/wp\/v2\/tags?post=32734"}],"curies":[{"name":"wp","href":"https:\/\/api.w.org\/{rel}","templated":true}]}}