{"id":32795,"date":"2025-12-27T07:48:03","date_gmt":"2025-12-27T06:48:03","guid":{"rendered":"https:\/\/footdavant.fr\/actualites\/patrick-dorgu-partage-ses-sentiments-apres-letourdissement-de-newcastle\/"},"modified":"2025-12-27T07:48:04","modified_gmt":"2025-12-27T06:48:04","slug":"patrick-dorgu-partage-ses-sentiments-apres-letourdissement-de-newcastle","status":"publish","type":"post","link":"https:\/\/footdavant.fr\/actualites\/patrick-dorgu-partage-ses-sentiments-apres-letourdissement-de-newcastle\/","title":{"rendered":"Patrick Dorgu partage ses sentiments apr\u00e8s l&#39;\u00e9tourdissement de Newcastle \u2013"},"content":{"rendered":"<div id=\"penci-post-entry-inner\">\n<p>\t\t\t<i class=\"penci-post-countview-number-check\" style=\"display:none\">2<\/i><\/p>\n<p><!--Article Start--><br \/>Malgr\u00e9 l&#39;absence de plusieurs membres cl\u00e9s, Manchester United a battu Newcastle 1-0 le lendemain de No\u00ebl \u00e0 Old Trafford.<\/p>\n<p>Les Magpies avaient remport\u00e9 cinq des six derni\u00e8res rencontres entre les deux \u00e9quipes, et comme les h\u00f4tes manquaient Bruno Fernandes, Kobbie Mainoo, Amad, Bryan Mbeumo et Matthijs de Ligt, pour n&#39;en nommer que quelques-uns, on s&#39;attendait \u00e0 ce que ce soit une bataille difficile pour les Diables Rouges.<\/p>\n<p>Cela ne s&#39;est pas av\u00e9r\u00e9 \u00eatre le cas, car les visiteurs n&#39;ont gu\u00e8re menac\u00e9 et l&#39;\u00e9quipe locale a enregistr\u00e9 sa deuxi\u00e8me cage inviol\u00e9e de la campagne.<\/p>\n<p>Ruben Amorim a cr\u00e9\u00e9 plusieurs surprises dans la soir\u00e9e et ils ont rattrap\u00e9 l&#39;\u00e9quipe adverse. L&#39;entra\u00eeneur principal a \u00e9galement d\u00fb s&#39;appuyer sur des stars qu&#39;il avait critiqu\u00e9es r\u00e9cemment, et elles ont prouv\u00e9 de mani\u00e8re \u00e9tonnante \u00e0 leurs sceptiques.<\/p>\n<h5>Patrick Dorgu autoris\u00e9 \u00e0 aller attaquer<\/h5>\n<p>Manuel Ugarte, qui d\u00e9butait au milieu du terrain, bourdonnait autour des joueurs de Newcastle et ne leur laissait pratiquement pas de temps avec le ballon.<\/p>\n<p>Et le but gagnant est venu de la source la plus improbable. Patrick Dorgu a \u00e9t\u00e9 critiqu\u00e9 par l&#39;entra\u00eeneur principal pour son anxi\u00e9t\u00e9 lorsqu&#39;il \u00e9tait avec le ballon.<\/p>\n<p>Mais vendredi, le Danois a obtenu le droit de bombarder \u00e0 volont\u00e9 puisqu&#39;il \u00e9tait jou\u00e9 comme ailier droit au lieu d&#39;ailier.<\/p>\n<p>Cela signifiait qu&#39;il n&#39;avait pas autant de responsabilit\u00e9s d\u00e9fensives, et cela semblait lib\u00e9rer son esprit et par cons\u00e9quent, l&#39;ancien as de Lecce l&#39;exprimait plus librement.<\/p>\n<p>Amorim l&#39;a expliqu\u00e9 apr\u00e8s le match. \u00ab\u00a0Il a jou\u00e9 dans une position diff\u00e9rente aujourd&#39;hui et a jou\u00e9 l\u00e0 o\u00f9 il peut faire plus d&#39;erreurs et ce n&#39;est pas si dangereux pour l&#39;\u00e9quipe et il peut prendre plus de risques et cela a aid\u00e9 Patrick \u00e0 bien jouer.\u00a0\u00bb<\/p>\n<p>Et le vainqueur du match a d\u00e9clar\u00e9 qu&#39;il \u00e9tait ravi de son premier but sous les couleurs de United et qu&#39;il avait suivi les conseils de son entra\u00eeneur principal.<\/p>\n<h5>Patrick Dorgu r\u00e9agit \u00e0 son but merveilleux<\/h5>\n<p>Le joueur de 21 ans a m\u00eame r\u00e9v\u00e9l\u00e9 avec insolence qu&#39;il ne pensait pas avoir une technique de vol\u00e9e aussi \u00e9tonnante dans son casier !<\/p>\n<blockquote class=\"twitter-tweet\" data-width=\"550\" data-dnt=\"true\">\n<p lang=\"en\" dir=\"ltr\">\u00ab\u00a0C&#39;est bon mon fr\u00e8re, nous allons le partager !\u00a0\u00bb <\/p>\n<p>Patrick Dorgu \ud83e\udd1d Ayden Paradis See More <a rel=\"nofollow\" href=\"https:\/\/t.co\/vSkBZQpges\">pic.twitter.com\/vSkBZQpges<\/a><\/p>\n<p>\u2013 Sky Sports Premier League (@SkySportsPL) <a rel=\"nofollow\" href=\"https:\/\/twitter.com\/SkySportsPL\/status\/2004677911811359086?ref_src=twsrc%5Etfw\">26 d\u00e9cembre 2025<\/a><\/p>\n<\/blockquote>\n<p>\u00ab\u00a0C&#39;\u00e9tait un bon coup s\u00fbr. Je ne savais pas que j&#39;\u00e9tais capable de faire \u00e7a, mais j&#39;\u00e9tais \u00e9galement tr\u00e8s heureux de marquer mon premier but dans ce stade. C&#39;\u00e9tait incroyable.<\/p>\n<p>\u00abJ&#39;ai juste pris ce qu&#39;il [Ruben Amorim] m&#39;a dit de travailler sur ma confiance et tout \u00e7a et je pense que j&#39;ai bien fait aujourd&#39;hui. J&#39;ai juste regard\u00e9 le ballon, je l&#39;ai vu tomber et je l&#39;ai juste frapp\u00e9.<\/p>\n<p>\u00ab\u00a0Je me suis entra\u00een\u00e9 \u00e0 l&#39;entra\u00eenement, donc je pense que c&#39;est ce qui m&#39;a aid\u00e9.\u00a0\u00bb<\/p>\n<p>Patrick Dorgu verra probablement plus de temps de jeu dans ce nouveau poste offensif. Amorim esp\u00e8re pouvoir continuer \u00e0 livrer de la m\u00eame mani\u00e8re dans les semaines \u00e0 venir.<\/p>\n<\/p>\n<hr\/>\n<p>The Peoples Person est l&#39;un des principaux sites d&#39;information de Man United au monde depuis plus d&#39;une d\u00e9cennie. Suivez-nous sur Bluesky\u00a0: @peoplesperson.bsky.social<\/p>\n<\/p>\n<p><!-- CONTENT END 2 --><\/p><\/div>\n<p><script async src=\"https:\/\/platform.twitter.com\/widgets.js\" charset=\"utf-8\"><\/script><\/p>\n","protected":false},"excerpt":{"rendered":"<p>2 Malgr\u00e9 l&#39;absence de plusieurs membres cl\u00e9s, Manchester United a battu Newcastle 1-0 le lendemain de No\u00ebl \u00e0 Old Trafford. Les Magpies avaient remport\u00e9 cinq<\/p>\n","protected":false},"author":1,"featured_media":32796,"comment_status":"closed","ping_status":"","sticky":false,"template":"","format":"standard","meta":{"footnotes":""},"categories":[3],"tags":[25,7665,6562,22,1587,3534,2532,154],"yoast_head":"<!-- This site is optimized with the Yoast SEO plugin v21.0 - https:\/\/yoast.com\/wordpress\/plugins\/seo\/ -->\n<title>Patrick Dorgu partage ses sentiments apr\u00e8s l&#039;\u00e9tourdissement de Newcastle \u2013<\/title>\n<meta name=\"robots\" content=\"index, follow, max-snippet:-1, max-image-preview:large, max-video-preview:-1\" \/>\n<link rel=\"canonical\" href=\"https:\/\/footdavant.fr\/actualites\/patrick-dorgu-partage-ses-sentiments-apres-letourdissement-de-newcastle\/\" \/>\n<meta property=\"og:locale\" content=\"fr_FR\" \/>\n<meta property=\"og:type\" content=\"article\" \/>\n<meta property=\"og:title\" content=\"Patrick Dorgu partage ses sentiments apr\u00e8s l&#039;\u00e9tourdissement de Newcastle \u2013\" \/>\n<meta property=\"og:description\" content=\"2 Malgr\u00e9 l&#039;absence de plusieurs membres cl\u00e9s, Manchester United a battu Newcastle 1-0 le lendemain de No\u00ebl \u00e0 Old Trafford. Les Magpies avaient remport\u00e9 cinq\" \/>\n<meta property=\"og:url\" content=\"https:\/\/footdavant.fr\/actualites\/patrick-dorgu-partage-ses-sentiments-apres-letourdissement-de-newcastle\/\" \/>\n<meta property=\"og:site_name\" content=\"Foot d&#039;avant\" \/>\n<meta property=\"article:publisher\" content=\"https:\/\/www.facebook.com\/Footdavant\/\" \/>\n<meta property=\"article:published_time\" content=\"2025-12-27T06:48:03+00:00\" \/>\n<meta property=\"article:modified_time\" content=\"2025-12-27T06:48:04+00:00\" \/>\n<meta property=\"og:image\" content=\"https:\/\/footdavant.fr\/actualites\/wp-content\/uploads\/2025\/12\/Patrick-Dorgu-partage-ses-sentiments-apres-l39etourdissement-de-Newcastle-\u2013.jpg\" \/>\n\t<meta property=\"og:image:width\" content=\"1600\" \/>\n\t<meta property=\"og:image:height\" content=\"706\" \/>\n\t<meta property=\"og:image:type\" content=\"image\/jpeg\" \/>\n<meta name=\"author\" content=\"Cl\u00e9ment\" \/>\n<meta name=\"twitter:card\" content=\"summary_large_image\" \/>\n<meta name=\"twitter:creator\" content=\"@FootdavantFr\" \/>\n<meta name=\"twitter:site\" content=\"@FootdavantFr\" \/>\n<meta name=\"twitter:label1\" content=\"\u00c9crit par\" \/>\n\t<meta name=\"twitter:data1\" content=\"Cl\u00e9ment\" \/>\n\t<meta name=\"twitter:label2\" content=\"Dur\u00e9e de lecture estim\u00e9e\" \/>\n\t<meta name=\"twitter:data2\" content=\"3 minutes\" \/>\n<script type=\"application\/ld+json\" class=\"yoast-schema-graph\">{\"@context\":\"https:\/\/schema.org\",\"@graph\":[{\"@type\":\"Article\",\"@id\":\"https:\/\/footdavant.fr\/actualites\/patrick-dorgu-partage-ses-sentiments-apres-letourdissement-de-newcastle\/#article\",\"isPartOf\":{\"@id\":\"https:\/\/footdavant.fr\/actualites\/patrick-dorgu-partage-ses-sentiments-apres-letourdissement-de-newcastle\/\"},\"author\":{\"name\":\"Cl\u00e9ment\",\"@id\":\"https:\/\/footdavant.fr\/actualites\/#\/schema\/person\/bc222566d95871b37e597b3ed3ba5e1d\"},\"headline\":\"Patrick Dorgu partage ses sentiments apr\u00e8s l&#39;\u00e9tourdissement de Newcastle \u2013\",\"datePublished\":\"2025-12-27T06:48:03+00:00\",\"dateModified\":\"2025-12-27T06:48:04+00:00\",\"mainEntityOfPage\":{\"@id\":\"https:\/\/footdavant.fr\/actualites\/patrick-dorgu-partage-ses-sentiments-apres-letourdissement-de-newcastle\/\"},\"wordCount\":588,\"publisher\":{\"@id\":\"https:\/\/footdavant.fr\/actualites\/#organization\"},\"keywords\":[\"apr\u00e8s\",\"Dorgu\",\"l39\u00e9tourdissement\",\"Newcastle\",\"partage\",\"Patrick\",\"sentiments\",\"ses\"],\"articleSection\":[\"Football\"],\"inLanguage\":\"fr-FR\"},{\"@type\":\"WebPage\",\"@id\":\"https:\/\/footdavant.fr\/actualites\/patrick-dorgu-partage-ses-sentiments-apres-letourdissement-de-newcastle\/\",\"url\":\"https:\/\/footdavant.fr\/actualites\/patrick-dorgu-partage-ses-sentiments-apres-letourdissement-de-newcastle\/\",\"name\":\"Patrick Dorgu partage ses sentiments apr\u00e8s l&#39;\u00e9tourdissement de Newcastle \u2013\",\"isPartOf\":{\"@id\":\"https:\/\/footdavant.fr\/actualites\/#website\"},\"datePublished\":\"2025-12-27T06:48:03+00:00\",\"dateModified\":\"2025-12-27T06:48:04+00:00\",\"breadcrumb\":{\"@id\":\"https:\/\/footdavant.fr\/actualites\/patrick-dorgu-partage-ses-sentiments-apres-letourdissement-de-newcastle\/#breadcrumb\"},\"inLanguage\":\"fr-FR\",\"potentialAction\":[{\"@type\":\"ReadAction\",\"target\":[\"https:\/\/footdavant.fr\/actualites\/patrick-dorgu-partage-ses-sentiments-apres-letourdissement-de-newcastle\/\"]}]},{\"@type\":\"BreadcrumbList\",\"@id\":\"https:\/\/footdavant.fr\/actualites\/patrick-dorgu-partage-ses-sentiments-apres-letourdissement-de-newcastle\/#breadcrumb\",\"itemListElement\":[{\"@type\":\"ListItem\",\"position\":1,\"name\":\"Accueil\",\"item\":\"https:\/\/footdavant.fr\/actualites\/\"},{\"@type\":\"ListItem\",\"position\":2,\"name\":\"Patrick Dorgu partage ses sentiments apr\u00e8s l&#39;\u00e9tourdissement de Newcastle \u2013\"}]},{\"@type\":\"WebSite\",\"@id\":\"https:\/\/footdavant.fr\/actualites\/#website\",\"url\":\"https:\/\/footdavant.fr\/actualites\/\",\"name\":\"Foot d'avant\",\"description\":\"\",\"publisher\":{\"@id\":\"https:\/\/footdavant.fr\/actualites\/#organization\"},\"potentialAction\":[{\"@type\":\"SearchAction\",\"target\":{\"@type\":\"EntryPoint\",\"urlTemplate\":\"https:\/\/footdavant.fr\/actualites\/?s={search_term_string}\"},\"query-input\":\"required name=search_term_string\"}],\"inLanguage\":\"fr-FR\"},{\"@type\":\"Organization\",\"@id\":\"https:\/\/footdavant.fr\/actualites\/#organization\",\"name\":\"Foot d'avant\",\"url\":\"https:\/\/footdavant.fr\/actualites\/\",\"logo\":{\"@type\":\"ImageObject\",\"inLanguage\":\"fr-FR\",\"@id\":\"https:\/\/footdavant.fr\/actualites\/#\/schema\/logo\/image\/\",\"url\":\"https:\/\/footdavant.fr\/actualites\/wp-content\/uploads\/2023\/09\/Copy-of-FootDavant-Logo.png\",\"contentUrl\":\"https:\/\/footdavant.fr\/actualites\/wp-content\/uploads\/2023\/09\/Copy-of-FootDavant-Logo.png\",\"width\":936,\"height\":549,\"caption\":\"Foot d'avant\"},\"image\":{\"@id\":\"https:\/\/footdavant.fr\/actualites\/#\/schema\/logo\/image\/\"},\"sameAs\":[\"https:\/\/www.facebook.com\/Footdavant\/\",\"https:\/\/twitter.com\/FootdavantFr\",\"https:\/\/www.instagram.com\/footdavant.fr\/\"]},{\"@type\":\"Person\",\"@id\":\"https:\/\/footdavant.fr\/actualites\/#\/schema\/person\/bc222566d95871b37e597b3ed3ba5e1d\",\"name\":\"Cl\u00e9ment\",\"image\":{\"@type\":\"ImageObject\",\"inLanguage\":\"fr-FR\",\"@id\":\"https:\/\/footdavant.fr\/actualites\/#\/schema\/person\/image\/\",\"url\":\"https:\/\/secure.gravatar.com\/avatar\/7728b29aac2719421e1a9159b2254c44?s=96&d=mm&r=g\",\"contentUrl\":\"https:\/\/secure.gravatar.com\/avatar\/7728b29aac2719421e1a9159b2254c44?s=96&d=mm&r=g\",\"caption\":\"Cl\u00e9ment\"},\"sameAs\":[\"https:\/\/footdavant.fr\/\"]}]}<\/script>\n<!-- \/ Yoast SEO plugin. -->","yoast_head_json":{"title":"Patrick Dorgu partage ses sentiments apr\u00e8s l&#39;\u00e9tourdissement de Newcastle \u2013","robots":{"index":"index","follow":"follow","max-snippet":"max-snippet:-1","max-image-preview":"max-image-preview:large","max-video-preview":"max-video-preview:-1"},"canonical":"https:\/\/footdavant.fr\/actualites\/patrick-dorgu-partage-ses-sentiments-apres-letourdissement-de-newcastle\/","og_locale":"fr_FR","og_type":"article","og_title":"Patrick Dorgu partage ses sentiments apr\u00e8s l&#39;\u00e9tourdissement de Newcastle \u2013","og_description":"2 Malgr\u00e9 l&#39;absence de plusieurs membres cl\u00e9s, Manchester United a battu Newcastle 1-0 le lendemain de No\u00ebl \u00e0 Old Trafford. Les Magpies avaient remport\u00e9 cinq","og_url":"https:\/\/footdavant.fr\/actualites\/patrick-dorgu-partage-ses-sentiments-apres-letourdissement-de-newcastle\/","og_site_name":"Foot d&#039;avant","article_publisher":"https:\/\/www.facebook.com\/Footdavant\/","article_published_time":"2025-12-27T06:48:03+00:00","article_modified_time":"2025-12-27T06:48:04+00:00","og_image":[{"width":1600,"height":706,"url":"https:\/\/footdavant.fr\/actualites\/wp-content\/uploads\/2025\/12\/Patrick-Dorgu-partage-ses-sentiments-apres-l39etourdissement-de-Newcastle-\u2013.jpg","type":"image\/jpeg"}],"author":"Cl\u00e9ment","twitter_card":"summary_large_image","twitter_creator":"@FootdavantFr","twitter_site":"@FootdavantFr","twitter_misc":{"\u00c9crit par":"Cl\u00e9ment","Dur\u00e9e de lecture estim\u00e9e":"3 minutes"},"schema":{"@context":"https:\/\/schema.org","@graph":[{"@type":"Article","@id":"https:\/\/footdavant.fr\/actualites\/patrick-dorgu-partage-ses-sentiments-apres-letourdissement-de-newcastle\/#article","isPartOf":{"@id":"https:\/\/footdavant.fr\/actualites\/patrick-dorgu-partage-ses-sentiments-apres-letourdissement-de-newcastle\/"},"author":{"name":"Cl\u00e9ment","@id":"https:\/\/footdavant.fr\/actualites\/#\/schema\/person\/bc222566d95871b37e597b3ed3ba5e1d"},"headline":"Patrick Dorgu partage ses sentiments apr\u00e8s l&#39;\u00e9tourdissement de Newcastle \u2013","datePublished":"2025-12-27T06:48:03+00:00","dateModified":"2025-12-27T06:48:04+00:00","mainEntityOfPage":{"@id":"https:\/\/footdavant.fr\/actualites\/patrick-dorgu-partage-ses-sentiments-apres-letourdissement-de-newcastle\/"},"wordCount":588,"publisher":{"@id":"https:\/\/footdavant.fr\/actualites\/#organization"},"keywords":["apr\u00e8s","Dorgu","l39\u00e9tourdissement","Newcastle","partage","Patrick","sentiments","ses"],"articleSection":["Football"],"inLanguage":"fr-FR"},{"@type":"WebPage","@id":"https:\/\/footdavant.fr\/actualites\/patrick-dorgu-partage-ses-sentiments-apres-letourdissement-de-newcastle\/","url":"https:\/\/footdavant.fr\/actualites\/patrick-dorgu-partage-ses-sentiments-apres-letourdissement-de-newcastle\/","name":"Patrick Dorgu partage ses sentiments apr\u00e8s l&#39;\u00e9tourdissement de Newcastle \u2013","isPartOf":{"@id":"https:\/\/footdavant.fr\/actualites\/#website"},"datePublished":"2025-12-27T06:48:03+00:00","dateModified":"2025-12-27T06:48:04+00:00","breadcrumb":{"@id":"https:\/\/footdavant.fr\/actualites\/patrick-dorgu-partage-ses-sentiments-apres-letourdissement-de-newcastle\/#breadcrumb"},"inLanguage":"fr-FR","potentialAction":[{"@type":"ReadAction","target":["https:\/\/footdavant.fr\/actualites\/patrick-dorgu-partage-ses-sentiments-apres-letourdissement-de-newcastle\/"]}]},{"@type":"BreadcrumbList","@id":"https:\/\/footdavant.fr\/actualites\/patrick-dorgu-partage-ses-sentiments-apres-letourdissement-de-newcastle\/#breadcrumb","itemListElement":[{"@type":"ListItem","position":1,"name":"Accueil","item":"https:\/\/footdavant.fr\/actualites\/"},{"@type":"ListItem","position":2,"name":"Patrick Dorgu partage ses sentiments apr\u00e8s l&#39;\u00e9tourdissement de Newcastle \u2013"}]},{"@type":"WebSite","@id":"https:\/\/footdavant.fr\/actualites\/#website","url":"https:\/\/footdavant.fr\/actualites\/","name":"Foot d'avant","description":"","publisher":{"@id":"https:\/\/footdavant.fr\/actualites\/#organization"},"potentialAction":[{"@type":"SearchAction","target":{"@type":"EntryPoint","urlTemplate":"https:\/\/footdavant.fr\/actualites\/?s={search_term_string}"},"query-input":"required name=search_term_string"}],"inLanguage":"fr-FR"},{"@type":"Organization","@id":"https:\/\/footdavant.fr\/actualites\/#organization","name":"Foot d'avant","url":"https:\/\/footdavant.fr\/actualites\/","logo":{"@type":"ImageObject","inLanguage":"fr-FR","@id":"https:\/\/footdavant.fr\/actualites\/#\/schema\/logo\/image\/","url":"https:\/\/footdavant.fr\/actualites\/wp-content\/uploads\/2023\/09\/Copy-of-FootDavant-Logo.png","contentUrl":"https:\/\/footdavant.fr\/actualites\/wp-content\/uploads\/2023\/09\/Copy-of-FootDavant-Logo.png","width":936,"height":549,"caption":"Foot d'avant"},"image":{"@id":"https:\/\/footdavant.fr\/actualites\/#\/schema\/logo\/image\/"},"sameAs":["https:\/\/www.facebook.com\/Footdavant\/","https:\/\/twitter.com\/FootdavantFr","https:\/\/www.instagram.com\/footdavant.fr\/"]},{"@type":"Person","@id":"https:\/\/footdavant.fr\/actualites\/#\/schema\/person\/bc222566d95871b37e597b3ed3ba5e1d","name":"Cl\u00e9ment","image":{"@type":"ImageObject","inLanguage":"fr-FR","@id":"https:\/\/footdavant.fr\/actualites\/#\/schema\/person\/image\/","url":"https:\/\/secure.gravatar.com\/avatar\/7728b29aac2719421e1a9159b2254c44?s=96&d=mm&r=g","contentUrl":"https:\/\/secure.gravatar.com\/avatar\/7728b29aac2719421e1a9159b2254c44?s=96&d=mm&r=g","caption":"Cl\u00e9ment"},"sameAs":["https:\/\/footdavant.fr\/"]}]}},"_links":{"self":[{"href":"https:\/\/footdavant.fr\/actualites\/wp-json\/wp\/v2\/posts\/32795"}],"collection":[{"href":"https:\/\/footdavant.fr\/actualites\/wp-json\/wp\/v2\/posts"}],"about":[{"href":"https:\/\/footdavant.fr\/actualites\/wp-json\/wp\/v2\/types\/post"}],"author":[{"embeddable":true,"href":"https:\/\/footdavant.fr\/actualites\/wp-json\/wp\/v2\/users\/1"}],"replies":[{"embeddable":true,"href":"https:\/\/footdavant.fr\/actualites\/wp-json\/wp\/v2\/comments?post=32795"}],"version-history":[{"count":1,"href":"https:\/\/footdavant.fr\/actualites\/wp-json\/wp\/v2\/posts\/32795\/revisions"}],"predecessor-version":[{"id":32797,"href":"https:\/\/footdavant.fr\/actualites\/wp-json\/wp\/v2\/posts\/32795\/revisions\/32797"}],"wp:featuredmedia":[{"embeddable":true,"href":"https:\/\/footdavant.fr\/actualites\/wp-json\/wp\/v2\/media\/32796"}],"wp:attachment":[{"href":"https:\/\/footdavant.fr\/actualites\/wp-json\/wp\/v2\/media?parent=32795"}],"wp:term":[{"taxonomy":"category","embeddable":true,"href":"https:\/\/footdavant.fr\/actualites\/wp-json\/wp\/v2\/categories?post=32795"},{"taxonomy":"post_tag","embeddable":true,"href":"https:\/\/footdavant.fr\/actualites\/wp-json\/wp\/v2\/tags?post=32795"}],"curies":[{"name":"wp","href":"https:\/\/api.w.org\/{rel}","templated":true}]}}