{"id":32810,"date":"2025-12-27T17:48:08","date_gmt":"2025-12-27T16:48:08","guid":{"rendered":"https:\/\/footdavant.fr\/actualites\/composition-de-sunderland-contre-leeds-united-xi-prevu-pour-le-choc-de-premier-league-au-milieu-du-mal-de-tete-de-regis-le-bris-lors-des-absents-de-lafcon\/"},"modified":"2025-12-27T17:48:09","modified_gmt":"2025-12-27T16:48:09","slug":"composition-de-sunderland-contre-leeds-united-xi-prevu-pour-le-choc-de-premier-league-au-milieu-du-mal-de-tete-de-regis-le-bris-lors-des-absents-de-lafcon","status":"publish","type":"post","link":"https:\/\/footdavant.fr\/actualites\/composition-de-sunderland-contre-leeds-united-xi-prevu-pour-le-choc-de-premier-league-au-milieu-du-mal-de-tete-de-regis-le-bris-lors-des-absents-de-lafcon\/","title":{"rendered":"Composition de Sunderland contre Leeds United : XI pr\u00e9vu pour le choc de Premier League au milieu du mal de t\u00eate de R\u00e9gis Le Bris lors des absents de l&#39;AFCON"},"content":{"rendered":"<div itemprop=\"articleBody\">\n<p>Sunderland devra faire face \u00e0 un certain nombre d&#39;absents dimanche contre Leeds United en Premier League en raison du fait que de nombreux membres de l&#39;\u00e9quipe participent \u00e0 la Coupe d&#39;Afrique des Nations.<\/p>\n<p>Le patron R\u00e9gis Le Bris ne pourra pas s\u00e9lectionner les d\u00e9fenseurs Arthur Masuaku et Reinildo Mandava, ainsi que les milieux de terrain Noah Sadik et Habib Diarra en raison d&#39;engagements internationaux.<\/p>\n<p>La place de Granit Xhaka devant la d\u00e9fense peut \u00eatre assum\u00e9e, mais peut-\u00eatre qu&#39;il sera associ\u00e9 \u00e0 Lutsharel Geertruida, qui a jou\u00e9 \u00e0 ses c\u00f4t\u00e9s contre Brighton &#038; Hove Albion la derni\u00e8re fois.<\/p>\n<p>Les d\u00e9fenseurs centraux Daniel Ballard et Omar Alderete devraient figurer devant le gardien Robin Roefs, tandis que Nordi Mukiele et Trai Hume devraient jouer en tant qu&#39;arri\u00e8res lat\u00e9raux.<\/p>\n<p>Les attaquants Chemsdine Talbi et Bertrand Traor\u00e9 sont \u00e9galement pr\u00e9sents avec leurs nations respectives \u00e0 la CAN, bien que Simon Adingra soit disponible.<\/p>\n<p>Adingra pourrait \u00eatre positionn\u00e9 sur le c\u00f4t\u00e9 gauche de l&#39;attaque, tandis que Chris Rigg pourrait \u00eatre invit\u00e9 \u00e0 le remplacer sur le flanc droit.<\/p>\n<p>Enzo Le Fee est un candidat probable pour jouer, l&#39;attaquant Brian Brobbey \u00e9tant pr\u00eat \u00e0 compl\u00e9ter le onze.<\/p>\n<p>Composition de d\u00e9part possible de Sunderland\u00a0:<\/p>\n<p>Toits\u00a0; Mukiele, Ballard, Alderete, Hume\u00a0; Xhaka, Geertruida; Rigg, Le F\u00e9e, Adingra; Brobb\u00e9<\/p>\n<p>> Cliquez ici pour voir comment Leeds United pourrait s&#39;aligner pour ce match<\/p>\n<\/div>\n","protected":false},"excerpt":{"rendered":"<p>Sunderland devra faire face \u00e0 un certain nombre d&#39;absents dimanche contre Leeds United en Premier League en raison du fait que de nombreux membres de<\/p>\n","protected":false},"author":1,"featured_media":32811,"comment_status":"closed","ping_status":"","sticky":false,"template":"","format":"standard","meta":{"footnotes":""},"categories":[5],"tags":[2151,10180,332,2291,20,12,11208,202,121,64,1283,441,51,201,3924,10179,1955,568,13],"yoast_head":"<!-- This site is optimized with the Yoast SEO plugin v21.0 - https:\/\/yoast.com\/wordpress\/plugins\/seo\/ -->\n<title>Composition de Sunderland contre Leeds United : XI pr\u00e9vu pour le choc de Premier League au milieu du mal de t\u00eate de R\u00e9gis Le Bris lors des absents de l&#039;AFCON<\/title>\n<meta name=\"robots\" content=\"index, follow, max-snippet:-1, max-image-preview:large, max-video-preview:-1\" \/>\n<link rel=\"canonical\" href=\"https:\/\/footdavant.fr\/actualites\/composition-de-sunderland-contre-leeds-united-xi-prevu-pour-le-choc-de-premier-league-au-milieu-du-mal-de-tete-de-regis-le-bris-lors-des-absents-de-lafcon\/\" \/>\n<meta property=\"og:locale\" content=\"fr_FR\" \/>\n<meta property=\"og:type\" content=\"article\" \/>\n<meta property=\"og:title\" content=\"Composition de Sunderland contre Leeds United : XI pr\u00e9vu pour le choc de Premier League au milieu du mal de t\u00eate de R\u00e9gis Le Bris lors des absents de l&#039;AFCON\" \/>\n<meta property=\"og:description\" content=\"Sunderland devra faire face \u00e0 un certain nombre d&#039;absents dimanche contre Leeds United en Premier League en raison du fait que de nombreux membres de\" \/>\n<meta property=\"og:url\" content=\"https:\/\/footdavant.fr\/actualites\/composition-de-sunderland-contre-leeds-united-xi-prevu-pour-le-choc-de-premier-league-au-milieu-du-mal-de-tete-de-regis-le-bris-lors-des-absents-de-lafcon\/\" \/>\n<meta property=\"og:site_name\" content=\"Foot d&#039;avant\" \/>\n<meta property=\"article:publisher\" content=\"https:\/\/www.facebook.com\/Footdavant\/\" \/>\n<meta property=\"article:published_time\" content=\"2025-12-27T16:48:08+00:00\" \/>\n<meta property=\"article:modified_time\" content=\"2025-12-27T16:48:09+00:00\" \/>\n<meta property=\"og:image\" content=\"https:\/\/footdavant.fr\/actualites\/wp-content\/uploads\/2025\/12\/Composition-de-Sunderland-contre-Leeds-United-XI-prevu-pour.net2Fuploads2F20252F112Fevery-second-med.webp\" \/>\n\t<meta property=\"og:image:width\" content=\"720\" \/>\n\t<meta property=\"og:image:height\" content=\"410\" \/>\n\t<meta property=\"og:image:type\" content=\"image\/webp\" \/>\n<meta name=\"author\" content=\"Cl\u00e9ment\" \/>\n<meta name=\"twitter:card\" content=\"summary_large_image\" \/>\n<meta name=\"twitter:creator\" content=\"@FootdavantFr\" \/>\n<meta name=\"twitter:site\" content=\"@FootdavantFr\" \/>\n<meta name=\"twitter:label1\" content=\"\u00c9crit par\" \/>\n\t<meta name=\"twitter:data1\" content=\"Cl\u00e9ment\" \/>\n\t<meta name=\"twitter:label2\" content=\"Dur\u00e9e de lecture estim\u00e9e\" \/>\n\t<meta name=\"twitter:data2\" content=\"1 minute\" \/>\n<script type=\"application\/ld+json\" class=\"yoast-schema-graph\">{\"@context\":\"https:\/\/schema.org\",\"@graph\":[{\"@type\":\"Article\",\"@id\":\"https:\/\/footdavant.fr\/actualites\/composition-de-sunderland-contre-leeds-united-xi-prevu-pour-le-choc-de-premier-league-au-milieu-du-mal-de-tete-de-regis-le-bris-lors-des-absents-de-lafcon\/#article\",\"isPartOf\":{\"@id\":\"https:\/\/footdavant.fr\/actualites\/composition-de-sunderland-contre-leeds-united-xi-prevu-pour-le-choc-de-premier-league-au-milieu-du-mal-de-tete-de-regis-le-bris-lors-des-absents-de-lafcon\/\"},\"author\":{\"name\":\"Cl\u00e9ment\",\"@id\":\"https:\/\/footdavant.fr\/actualites\/#\/schema\/person\/bc222566d95871b37e597b3ed3ba5e1d\"},\"headline\":\"Composition de Sunderland contre Leeds United : XI pr\u00e9vu pour le choc de Premier League au milieu du mal de t\u00eate de R\u00e9gis Le Bris lors des absents de l&#39;AFCON\",\"datePublished\":\"2025-12-27T16:48:08+00:00\",\"dateModified\":\"2025-12-27T16:48:09+00:00\",\"mainEntityOfPage\":{\"@id\":\"https:\/\/footdavant.fr\/actualites\/composition-de-sunderland-contre-leeds-united-xi-prevu-pour-le-choc-de-premier-league-au-milieu-du-mal-de-tete-de-regis-le-bris-lors-des-absents-de-lafcon\/\"},\"wordCount\":272,\"publisher\":{\"@id\":\"https:\/\/footdavant.fr\/actualites\/#organization\"},\"keywords\":[\"absents\",\"Bris\",\"choc\",\"composition\",\"contre\",\"des\",\"l39AFCON\",\"League\",\"Leeds\",\"lors\",\"mal\",\"milieu\",\"pour\",\"Premier\",\"pr\u00e9vu\",\"Regis\",\"Sunderland\",\"t\u00eate\",\"United\"],\"articleSection\":[\"Premier League\"],\"inLanguage\":\"fr-FR\"},{\"@type\":\"WebPage\",\"@id\":\"https:\/\/footdavant.fr\/actualites\/composition-de-sunderland-contre-leeds-united-xi-prevu-pour-le-choc-de-premier-league-au-milieu-du-mal-de-tete-de-regis-le-bris-lors-des-absents-de-lafcon\/\",\"url\":\"https:\/\/footdavant.fr\/actualites\/composition-de-sunderland-contre-leeds-united-xi-prevu-pour-le-choc-de-premier-league-au-milieu-du-mal-de-tete-de-regis-le-bris-lors-des-absents-de-lafcon\/\",\"name\":\"Composition de Sunderland contre Leeds United : XI pr\u00e9vu pour le choc de Premier League au milieu du mal de t\u00eate de R\u00e9gis Le Bris lors des absents de l&#39;AFCON\",\"isPartOf\":{\"@id\":\"https:\/\/footdavant.fr\/actualites\/#website\"},\"datePublished\":\"2025-12-27T16:48:08+00:00\",\"dateModified\":\"2025-12-27T16:48:09+00:00\",\"breadcrumb\":{\"@id\":\"https:\/\/footdavant.fr\/actualites\/composition-de-sunderland-contre-leeds-united-xi-prevu-pour-le-choc-de-premier-league-au-milieu-du-mal-de-tete-de-regis-le-bris-lors-des-absents-de-lafcon\/#breadcrumb\"},\"inLanguage\":\"fr-FR\",\"potentialAction\":[{\"@type\":\"ReadAction\",\"target\":[\"https:\/\/footdavant.fr\/actualites\/composition-de-sunderland-contre-leeds-united-xi-prevu-pour-le-choc-de-premier-league-au-milieu-du-mal-de-tete-de-regis-le-bris-lors-des-absents-de-lafcon\/\"]}]},{\"@type\":\"BreadcrumbList\",\"@id\":\"https:\/\/footdavant.fr\/actualites\/composition-de-sunderland-contre-leeds-united-xi-prevu-pour-le-choc-de-premier-league-au-milieu-du-mal-de-tete-de-regis-le-bris-lors-des-absents-de-lafcon\/#breadcrumb\",\"itemListElement\":[{\"@type\":\"ListItem\",\"position\":1,\"name\":\"Accueil\",\"item\":\"https:\/\/footdavant.fr\/actualites\/\"},{\"@type\":\"ListItem\",\"position\":2,\"name\":\"Composition de Sunderland contre Leeds United : XI pr\u00e9vu pour le choc de Premier League au milieu du mal de t\u00eate de R\u00e9gis Le Bris lors des absents de l&#39;AFCON\"}]},{\"@type\":\"WebSite\",\"@id\":\"https:\/\/footdavant.fr\/actualites\/#website\",\"url\":\"https:\/\/footdavant.fr\/actualites\/\",\"name\":\"Foot d'avant\",\"description\":\"\",\"publisher\":{\"@id\":\"https:\/\/footdavant.fr\/actualites\/#organization\"},\"potentialAction\":[{\"@type\":\"SearchAction\",\"target\":{\"@type\":\"EntryPoint\",\"urlTemplate\":\"https:\/\/footdavant.fr\/actualites\/?s={search_term_string}\"},\"query-input\":\"required name=search_term_string\"}],\"inLanguage\":\"fr-FR\"},{\"@type\":\"Organization\",\"@id\":\"https:\/\/footdavant.fr\/actualites\/#organization\",\"name\":\"Foot d'avant\",\"url\":\"https:\/\/footdavant.fr\/actualites\/\",\"logo\":{\"@type\":\"ImageObject\",\"inLanguage\":\"fr-FR\",\"@id\":\"https:\/\/footdavant.fr\/actualites\/#\/schema\/logo\/image\/\",\"url\":\"https:\/\/footdavant.fr\/actualites\/wp-content\/uploads\/2023\/09\/Copy-of-FootDavant-Logo.png\",\"contentUrl\":\"https:\/\/footdavant.fr\/actualites\/wp-content\/uploads\/2023\/09\/Copy-of-FootDavant-Logo.png\",\"width\":936,\"height\":549,\"caption\":\"Foot d'avant\"},\"image\":{\"@id\":\"https:\/\/footdavant.fr\/actualites\/#\/schema\/logo\/image\/\"},\"sameAs\":[\"https:\/\/www.facebook.com\/Footdavant\/\",\"https:\/\/twitter.com\/FootdavantFr\",\"https:\/\/www.instagram.com\/footdavant.fr\/\"]},{\"@type\":\"Person\",\"@id\":\"https:\/\/footdavant.fr\/actualites\/#\/schema\/person\/bc222566d95871b37e597b3ed3ba5e1d\",\"name\":\"Cl\u00e9ment\",\"image\":{\"@type\":\"ImageObject\",\"inLanguage\":\"fr-FR\",\"@id\":\"https:\/\/footdavant.fr\/actualites\/#\/schema\/person\/image\/\",\"url\":\"https:\/\/secure.gravatar.com\/avatar\/7728b29aac2719421e1a9159b2254c44?s=96&d=mm&r=g\",\"contentUrl\":\"https:\/\/secure.gravatar.com\/avatar\/7728b29aac2719421e1a9159b2254c44?s=96&d=mm&r=g\",\"caption\":\"Cl\u00e9ment\"},\"sameAs\":[\"https:\/\/footdavant.fr\/\"]}]}<\/script>\n<!-- \/ Yoast SEO plugin. -->","yoast_head_json":{"title":"Composition de Sunderland contre Leeds United : XI pr\u00e9vu pour le choc de Premier League au milieu du mal de t\u00eate de R\u00e9gis Le Bris lors des absents de l&#39;AFCON","robots":{"index":"index","follow":"follow","max-snippet":"max-snippet:-1","max-image-preview":"max-image-preview:large","max-video-preview":"max-video-preview:-1"},"canonical":"https:\/\/footdavant.fr\/actualites\/composition-de-sunderland-contre-leeds-united-xi-prevu-pour-le-choc-de-premier-league-au-milieu-du-mal-de-tete-de-regis-le-bris-lors-des-absents-de-lafcon\/","og_locale":"fr_FR","og_type":"article","og_title":"Composition de Sunderland contre Leeds United : XI pr\u00e9vu pour le choc de Premier League au milieu du mal de t\u00eate de R\u00e9gis Le Bris lors des absents de l&#39;AFCON","og_description":"Sunderland devra faire face \u00e0 un certain nombre d&#39;absents dimanche contre Leeds United en Premier League en raison du fait que de nombreux membres de","og_url":"https:\/\/footdavant.fr\/actualites\/composition-de-sunderland-contre-leeds-united-xi-prevu-pour-le-choc-de-premier-league-au-milieu-du-mal-de-tete-de-regis-le-bris-lors-des-absents-de-lafcon\/","og_site_name":"Foot d&#039;avant","article_publisher":"https:\/\/www.facebook.com\/Footdavant\/","article_published_time":"2025-12-27T16:48:08+00:00","article_modified_time":"2025-12-27T16:48:09+00:00","og_image":[{"width":720,"height":410,"url":"https:\/\/footdavant.fr\/actualites\/wp-content\/uploads\/2025\/12\/Composition-de-Sunderland-contre-Leeds-United-XI-prevu-pour.net2Fuploads2F20252F112Fevery-second-med.webp","type":"image\/webp"}],"author":"Cl\u00e9ment","twitter_card":"summary_large_image","twitter_creator":"@FootdavantFr","twitter_site":"@FootdavantFr","twitter_misc":{"\u00c9crit par":"Cl\u00e9ment","Dur\u00e9e de lecture estim\u00e9e":"1 minute"},"schema":{"@context":"https:\/\/schema.org","@graph":[{"@type":"Article","@id":"https:\/\/footdavant.fr\/actualites\/composition-de-sunderland-contre-leeds-united-xi-prevu-pour-le-choc-de-premier-league-au-milieu-du-mal-de-tete-de-regis-le-bris-lors-des-absents-de-lafcon\/#article","isPartOf":{"@id":"https:\/\/footdavant.fr\/actualites\/composition-de-sunderland-contre-leeds-united-xi-prevu-pour-le-choc-de-premier-league-au-milieu-du-mal-de-tete-de-regis-le-bris-lors-des-absents-de-lafcon\/"},"author":{"name":"Cl\u00e9ment","@id":"https:\/\/footdavant.fr\/actualites\/#\/schema\/person\/bc222566d95871b37e597b3ed3ba5e1d"},"headline":"Composition de Sunderland contre Leeds United : XI pr\u00e9vu pour le choc de Premier League au milieu du mal de t\u00eate de R\u00e9gis Le Bris lors des absents de l&#39;AFCON","datePublished":"2025-12-27T16:48:08+00:00","dateModified":"2025-12-27T16:48:09+00:00","mainEntityOfPage":{"@id":"https:\/\/footdavant.fr\/actualites\/composition-de-sunderland-contre-leeds-united-xi-prevu-pour-le-choc-de-premier-league-au-milieu-du-mal-de-tete-de-regis-le-bris-lors-des-absents-de-lafcon\/"},"wordCount":272,"publisher":{"@id":"https:\/\/footdavant.fr\/actualites\/#organization"},"keywords":["absents","Bris","choc","composition","contre","des","l39AFCON","League","Leeds","lors","mal","milieu","pour","Premier","pr\u00e9vu","Regis","Sunderland","t\u00eate","United"],"articleSection":["Premier League"],"inLanguage":"fr-FR"},{"@type":"WebPage","@id":"https:\/\/footdavant.fr\/actualites\/composition-de-sunderland-contre-leeds-united-xi-prevu-pour-le-choc-de-premier-league-au-milieu-du-mal-de-tete-de-regis-le-bris-lors-des-absents-de-lafcon\/","url":"https:\/\/footdavant.fr\/actualites\/composition-de-sunderland-contre-leeds-united-xi-prevu-pour-le-choc-de-premier-league-au-milieu-du-mal-de-tete-de-regis-le-bris-lors-des-absents-de-lafcon\/","name":"Composition de Sunderland contre Leeds United : XI pr\u00e9vu pour le choc de Premier League au milieu du mal de t\u00eate de R\u00e9gis Le Bris lors des absents de l&#39;AFCON","isPartOf":{"@id":"https:\/\/footdavant.fr\/actualites\/#website"},"datePublished":"2025-12-27T16:48:08+00:00","dateModified":"2025-12-27T16:48:09+00:00","breadcrumb":{"@id":"https:\/\/footdavant.fr\/actualites\/composition-de-sunderland-contre-leeds-united-xi-prevu-pour-le-choc-de-premier-league-au-milieu-du-mal-de-tete-de-regis-le-bris-lors-des-absents-de-lafcon\/#breadcrumb"},"inLanguage":"fr-FR","potentialAction":[{"@type":"ReadAction","target":["https:\/\/footdavant.fr\/actualites\/composition-de-sunderland-contre-leeds-united-xi-prevu-pour-le-choc-de-premier-league-au-milieu-du-mal-de-tete-de-regis-le-bris-lors-des-absents-de-lafcon\/"]}]},{"@type":"BreadcrumbList","@id":"https:\/\/footdavant.fr\/actualites\/composition-de-sunderland-contre-leeds-united-xi-prevu-pour-le-choc-de-premier-league-au-milieu-du-mal-de-tete-de-regis-le-bris-lors-des-absents-de-lafcon\/#breadcrumb","itemListElement":[{"@type":"ListItem","position":1,"name":"Accueil","item":"https:\/\/footdavant.fr\/actualites\/"},{"@type":"ListItem","position":2,"name":"Composition de Sunderland contre Leeds United : XI pr\u00e9vu pour le choc de Premier League au milieu du mal de t\u00eate de R\u00e9gis Le Bris lors des absents de l&#39;AFCON"}]},{"@type":"WebSite","@id":"https:\/\/footdavant.fr\/actualites\/#website","url":"https:\/\/footdavant.fr\/actualites\/","name":"Foot d'avant","description":"","publisher":{"@id":"https:\/\/footdavant.fr\/actualites\/#organization"},"potentialAction":[{"@type":"SearchAction","target":{"@type":"EntryPoint","urlTemplate":"https:\/\/footdavant.fr\/actualites\/?s={search_term_string}"},"query-input":"required name=search_term_string"}],"inLanguage":"fr-FR"},{"@type":"Organization","@id":"https:\/\/footdavant.fr\/actualites\/#organization","name":"Foot d'avant","url":"https:\/\/footdavant.fr\/actualites\/","logo":{"@type":"ImageObject","inLanguage":"fr-FR","@id":"https:\/\/footdavant.fr\/actualites\/#\/schema\/logo\/image\/","url":"https:\/\/footdavant.fr\/actualites\/wp-content\/uploads\/2023\/09\/Copy-of-FootDavant-Logo.png","contentUrl":"https:\/\/footdavant.fr\/actualites\/wp-content\/uploads\/2023\/09\/Copy-of-FootDavant-Logo.png","width":936,"height":549,"caption":"Foot d'avant"},"image":{"@id":"https:\/\/footdavant.fr\/actualites\/#\/schema\/logo\/image\/"},"sameAs":["https:\/\/www.facebook.com\/Footdavant\/","https:\/\/twitter.com\/FootdavantFr","https:\/\/www.instagram.com\/footdavant.fr\/"]},{"@type":"Person","@id":"https:\/\/footdavant.fr\/actualites\/#\/schema\/person\/bc222566d95871b37e597b3ed3ba5e1d","name":"Cl\u00e9ment","image":{"@type":"ImageObject","inLanguage":"fr-FR","@id":"https:\/\/footdavant.fr\/actualites\/#\/schema\/person\/image\/","url":"https:\/\/secure.gravatar.com\/avatar\/7728b29aac2719421e1a9159b2254c44?s=96&d=mm&r=g","contentUrl":"https:\/\/secure.gravatar.com\/avatar\/7728b29aac2719421e1a9159b2254c44?s=96&d=mm&r=g","caption":"Cl\u00e9ment"},"sameAs":["https:\/\/footdavant.fr\/"]}]}},"_links":{"self":[{"href":"https:\/\/footdavant.fr\/actualites\/wp-json\/wp\/v2\/posts\/32810"}],"collection":[{"href":"https:\/\/footdavant.fr\/actualites\/wp-json\/wp\/v2\/posts"}],"about":[{"href":"https:\/\/footdavant.fr\/actualites\/wp-json\/wp\/v2\/types\/post"}],"author":[{"embeddable":true,"href":"https:\/\/footdavant.fr\/actualites\/wp-json\/wp\/v2\/users\/1"}],"replies":[{"embeddable":true,"href":"https:\/\/footdavant.fr\/actualites\/wp-json\/wp\/v2\/comments?post=32810"}],"version-history":[{"count":1,"href":"https:\/\/footdavant.fr\/actualites\/wp-json\/wp\/v2\/posts\/32810\/revisions"}],"predecessor-version":[{"id":32812,"href":"https:\/\/footdavant.fr\/actualites\/wp-json\/wp\/v2\/posts\/32810\/revisions\/32812"}],"wp:featuredmedia":[{"embeddable":true,"href":"https:\/\/footdavant.fr\/actualites\/wp-json\/wp\/v2\/media\/32811"}],"wp:attachment":[{"href":"https:\/\/footdavant.fr\/actualites\/wp-json\/wp\/v2\/media?parent=32810"}],"wp:term":[{"taxonomy":"category","embeddable":true,"href":"https:\/\/footdavant.fr\/actualites\/wp-json\/wp\/v2\/categories?post=32810"},{"taxonomy":"post_tag","embeddable":true,"href":"https:\/\/footdavant.fr\/actualites\/wp-json\/wp\/v2\/tags?post=32810"}],"curies":[{"name":"wp","href":"https:\/\/api.w.org\/{rel}","templated":true}]}}