{"id":32861,"date":"2025-12-29T03:48:03","date_gmt":"2025-12-29T02:48:03","guid":{"rendered":"https:\/\/footdavant.fr\/actualites\/marcus-rashford-barcelone-prend-la-decision-finale-sur-le-transfert-de-man-united\/"},"modified":"2025-12-29T03:48:06","modified_gmt":"2025-12-29T02:48:06","slug":"marcus-rashford-barcelone-prend-la-decision-finale-sur-le-transfert-de-man-united","status":"publish","type":"post","link":"https:\/\/footdavant.fr\/actualites\/marcus-rashford-barcelone-prend-la-decision-finale-sur-le-transfert-de-man-united\/","title":{"rendered":"Marcus Rashford: Barcelone prend la d\u00e9cision finale sur le transfert de Man United &#8211;"},"content":{"rendered":"<div id=\"penci-post-entry-inner\">\n<p>\t\t\t<i class=\"penci-post-countview-number-check\" style=\"display:none\">1<\/i><\/p>\n<p><!--Article Start--><br \/>Le FC Barcelone aurait pris une d\u00e9cision finale concernant la signature permanente de Marcus Rashford \u00e0 la fin de la saison \u2013 et il y a un rebondissement dans l&#39;histoire pour l&#39;attaquant de 28 ans.<\/p>\n<h5>Une renaissance espagnole<\/h5>\n<p>Rashford a connu un retour en forme depuis son arriv\u00e9e en Catalogne gr\u00e2ce \u00e0 un pr\u00eat d&#39;une saison de Manchester United au cours de l&#39;\u00e9t\u00e9.<\/p>\n<p>Des retomb\u00e9es publiques avec Ruben Amorim en d\u00e9cembre dernier ont conduit \u00e0 l&#39;exil de Rashford \u00e0 Old Trafford, avec un pr\u00eat accept\u00e9 \u00e0 la h\u00e2te \u00e0 Aston Villa en janvier offrant un soulagement temporaire jusqu&#39;\u00e0 la fin de la campagne 2024\/25.<\/p>\n<p>Il n&#39;y avait cependant aucune perspective de r\u00e9conciliation au retour de Rashford de Villa Park cet \u00e9t\u00e9, car il a \u00e9t\u00e9 d\u00e9sign\u00e9 comme faisant partie de \u00ab l&#39;escouade anti-bombes \u00bb d&#39;Amorim et oblig\u00e9 de s&#39;entra\u00eener s\u00e9par\u00e9ment de la premi\u00e8re \u00e9quipe.<\/p>\n<p>Cela a conduit Rashford \u00e0 rechercher un transfert \u00ab de r\u00eave \u00bb \u00e0 Barcelone, bien qu&#39;en pr\u00eat, alors que le g\u00e9ant espagnol cherchait une option rentable pour renforcer la ligne avant de Hansi Flick \u2013 mais cela s&#39;est av\u00e9r\u00e9 un coup de ma\u00eetre pour les deux parties.<\/p>\n<p>En 24 apparitions pour son \u00e9quipe d&#39;adoption, l&#39;Anglais, qui est fermement de retour dans le giron des Trois Lions sous Thomas Tuchel avant la Coupe du Monde de l&#39;ann\u00e9e prochaine, a inscrit un nombre impressionnant de sept buts et 11 passes d\u00e9cisives.<\/p>\n<h2 id=\"tablepress-500-name\" class=\"tablepress-table-name tablepress-table-name-id-500\">Marcus Rashford Stats &#8211; 2025\/26<\/h2>\n<table id=\"tablepress-500\" class=\"tablepress tablepress-id-500\" aria-labelledby=\"tablepress-500-name\">\n<thead>\n<tr class=\"row-1\">\n<th class=\"column-1\">Matchs<\/th>\n<th class=\"column-2\">Objectifs<\/th>\n<th class=\"column-3\">Aides<\/th>\n<th class=\"column-4\">Minutes <\/th>\n<\/tr>\n<\/thead>\n<tbody class=\"row-striping row-hover\">\n<tr class=\"row-2\">\n<td class=\"column-1\">24<\/td>\n<td class=\"column-2\">7<\/td>\n<td class=\"column-3\">11<\/td>\n<td class=\"column-4\">1574<\/td>\n<\/tr>\n<\/tbody>\n<\/table>\n<p><!-- #tablepress-500 from cache --><\/p>\n<p>Une option d&#39;achat de 30 millions d&#39;euros a \u00e9t\u00e9 incluse dans l&#39;accord, qui pr\u00e9voit \u00e9galement que Barcelone fournit une couverture compl\u00e8te du salaire de Rashford \u00e0 Old Trafford.<\/p>\n<p>Et m\u00eame si cela semblait une \u00e9vidence pour un buteur confirm\u00e9 dot\u00e9 de la polyvalence n\u00e9cessaire pour jouer sur la ligne de front, il est d\u00e9sormais r\u00e9v\u00e9l\u00e9 que Barcelone permettra \u00e0 Rashford de revenir \u00e0 United \u00e0 la fin de la saison dans une tournure explosive.<\/p>\n<h5>Le retour de la \u00ab\u00a0Bomb Squad\u00a0\u00bb<\/h5>\n<p>Le m\u00e9dia espagnol d\u00e9clare les champions de Liga \u00ab<span>n&#39;exerceront pas \u00bb l&#39;option d&#39;achat sur le pr\u00eat de Rashdord car elle est \u00ab hors de leur port\u00e9e \u00bb financi\u00e8rement cet \u00e9t\u00e9. <\/span><\/p>\n<p>\u00ab\u00a0Le passage de Marcus Rashford au FC Barcelone a laiss\u00e9 une impression positive sur le terrain. Sa vitesse, son exp\u00e9rience et sa capacit\u00e9 \u00e0 d\u00e9cider des matches ont \u00e9t\u00e9 valoris\u00e9s en interne, mais pas suffisamment pour justifier un investissement de 30 millions d&#39;euros\u00a0\u00bb, d\u00e9taille le rapport.<\/p>\n<p>Les dirigeants du Camp Nou pensent qu\u2019un accord permanent \u00ab limiterait \u00bb les autres recrues potentielles et chercheront plut\u00f4t une autre option de pr\u00eat en attaque pour faciliter cela \u2013 avec un attaquant diff\u00e9rent \u00e0 Manchester en t\u00eate de leur liste de cibles.<\/p>\n<p>r\u00e9v\u00e8le que les Blaugrana poursuivront Savinho de Manchester City comme alternative, le manque d&#39;opportunit\u00e9s du Br\u00e9silien sous Pep Guardiola ouvrant la possibilit\u00e9 d&#39;une sortie de l&#39;Etihad.<\/p>\n<p>Cela constitue cependant un changement de fortune spectaculaire pour Rashford, qui se serait senti rassur\u00e9 quant \u00e0 ses chances de rester en Catalogne au-del\u00e0 de l&#39;\u00e9t\u00e9 apr\u00e8s sa forme impressionnante cette saison.<\/p>\n<p>La perspective de revenir au Th\u00e9\u00e2tre des R\u00eaves, sous la direction d&#39;un entra\u00eeneur-chef qui d\u00e9teste activement sa pr\u00e9sence l\u00e0-bas, repr\u00e9sente un cauchemar incontestable pour l&#39;attaquant de 28 ans.<\/p>\n<\/p>\n<hr\/>\n<p>The Peoples Person est l&#39;un des principaux sites d&#39;information de Man United au monde depuis plus d&#39;une d\u00e9cennie. Suivez-nous sur Bluesky\u00a0: @peoplesperson.bsky.social<\/p>\n<\/p>\n<p><!-- CONTENT END 2 --><\/p><\/div>\n","protected":false},"excerpt":{"rendered":"<p>1 Le FC Barcelone aurait pris une d\u00e9cision finale concernant la signature permanente de Marcus Rashford \u00e0 la fin de la saison \u2013 et il<\/p>\n","protected":false},"author":1,"featured_media":32862,"comment_status":"closed","ping_status":"","sticky":false,"template":"","format":"standard","meta":{"footnotes":""},"categories":[3],"tags":[130,497,897,24,422,88,423,103,700,13],"yoast_head":"<!-- This site is optimized with the Yoast SEO plugin v21.0 - https:\/\/yoast.com\/wordpress\/plugins\/seo\/ -->\n<title>Marcus Rashford: Barcelone prend la d\u00e9cision finale sur le transfert de Man United -<\/title>\n<meta name=\"robots\" content=\"index, follow, max-snippet:-1, max-image-preview:large, max-video-preview:-1\" \/>\n<link rel=\"canonical\" href=\"https:\/\/footdavant.fr\/actualites\/marcus-rashford-barcelone-prend-la-decision-finale-sur-le-transfert-de-man-united\/\" \/>\n<meta property=\"og:locale\" content=\"fr_FR\" \/>\n<meta property=\"og:type\" content=\"article\" \/>\n<meta property=\"og:title\" content=\"Marcus Rashford: Barcelone prend la d\u00e9cision finale sur le transfert de Man United -\" \/>\n<meta property=\"og:description\" content=\"1 Le FC Barcelone aurait pris une d\u00e9cision finale concernant la signature permanente de Marcus Rashford \u00e0 la fin de la saison \u2013 et il\" \/>\n<meta property=\"og:url\" content=\"https:\/\/footdavant.fr\/actualites\/marcus-rashford-barcelone-prend-la-decision-finale-sur-le-transfert-de-man-united\/\" \/>\n<meta property=\"og:site_name\" content=\"Foot d&#039;avant\" \/>\n<meta property=\"article:publisher\" content=\"https:\/\/www.facebook.com\/Footdavant\/\" \/>\n<meta property=\"article:published_time\" content=\"2025-12-29T02:48:03+00:00\" \/>\n<meta property=\"article:modified_time\" content=\"2025-12-29T02:48:06+00:00\" \/>\n<meta property=\"og:image\" content=\"https:\/\/footdavant.fr\/actualites\/wp-content\/uploads\/2025\/12\/Marcus-Rashford-Barcelone-prend-la-decision-finale-sur-le-transfert.jpg\" \/>\n\t<meta property=\"og:image:width\" content=\"1600\" \/>\n\t<meta property=\"og:image:height\" content=\"714\" \/>\n\t<meta property=\"og:image:type\" content=\"image\/jpeg\" \/>\n<meta name=\"author\" content=\"Cl\u00e9ment\" \/>\n<meta name=\"twitter:card\" content=\"summary_large_image\" \/>\n<meta name=\"twitter:creator\" content=\"@FootdavantFr\" \/>\n<meta name=\"twitter:site\" content=\"@FootdavantFr\" \/>\n<meta name=\"twitter:label1\" content=\"\u00c9crit par\" \/>\n\t<meta name=\"twitter:data1\" content=\"Cl\u00e9ment\" \/>\n\t<meta name=\"twitter:label2\" content=\"Dur\u00e9e de lecture estim\u00e9e\" \/>\n\t<meta name=\"twitter:data2\" content=\"3 minutes\" \/>\n<script type=\"application\/ld+json\" class=\"yoast-schema-graph\">{\"@context\":\"https:\/\/schema.org\",\"@graph\":[{\"@type\":\"Article\",\"@id\":\"https:\/\/footdavant.fr\/actualites\/marcus-rashford-barcelone-prend-la-decision-finale-sur-le-transfert-de-man-united\/#article\",\"isPartOf\":{\"@id\":\"https:\/\/footdavant.fr\/actualites\/marcus-rashford-barcelone-prend-la-decision-finale-sur-le-transfert-de-man-united\/\"},\"author\":{\"name\":\"Cl\u00e9ment\",\"@id\":\"https:\/\/footdavant.fr\/actualites\/#\/schema\/person\/bc222566d95871b37e597b3ed3ba5e1d\"},\"headline\":\"Marcus Rashford: Barcelone prend la d\u00e9cision finale sur le transfert de Man United &#8211;\",\"datePublished\":\"2025-12-29T02:48:03+00:00\",\"dateModified\":\"2025-12-29T02:48:06+00:00\",\"mainEntityOfPage\":{\"@id\":\"https:\/\/footdavant.fr\/actualites\/marcus-rashford-barcelone-prend-la-decision-finale-sur-le-transfert-de-man-united\/\"},\"wordCount\":616,\"publisher\":{\"@id\":\"https:\/\/footdavant.fr\/actualites\/#organization\"},\"keywords\":[\"Barcelone\",\"d\u00e9cision\",\"finale\",\"Man\",\"Marcus\",\"prend\",\"Rashford\",\"sur\",\"transfert\",\"United\"],\"articleSection\":[\"Football\"],\"inLanguage\":\"fr-FR\"},{\"@type\":\"WebPage\",\"@id\":\"https:\/\/footdavant.fr\/actualites\/marcus-rashford-barcelone-prend-la-decision-finale-sur-le-transfert-de-man-united\/\",\"url\":\"https:\/\/footdavant.fr\/actualites\/marcus-rashford-barcelone-prend-la-decision-finale-sur-le-transfert-de-man-united\/\",\"name\":\"Marcus Rashford: Barcelone prend la d\u00e9cision finale sur le transfert de Man United -\",\"isPartOf\":{\"@id\":\"https:\/\/footdavant.fr\/actualites\/#website\"},\"datePublished\":\"2025-12-29T02:48:03+00:00\",\"dateModified\":\"2025-12-29T02:48:06+00:00\",\"breadcrumb\":{\"@id\":\"https:\/\/footdavant.fr\/actualites\/marcus-rashford-barcelone-prend-la-decision-finale-sur-le-transfert-de-man-united\/#breadcrumb\"},\"inLanguage\":\"fr-FR\",\"potentialAction\":[{\"@type\":\"ReadAction\",\"target\":[\"https:\/\/footdavant.fr\/actualites\/marcus-rashford-barcelone-prend-la-decision-finale-sur-le-transfert-de-man-united\/\"]}]},{\"@type\":\"BreadcrumbList\",\"@id\":\"https:\/\/footdavant.fr\/actualites\/marcus-rashford-barcelone-prend-la-decision-finale-sur-le-transfert-de-man-united\/#breadcrumb\",\"itemListElement\":[{\"@type\":\"ListItem\",\"position\":1,\"name\":\"Accueil\",\"item\":\"https:\/\/footdavant.fr\/actualites\/\"},{\"@type\":\"ListItem\",\"position\":2,\"name\":\"Marcus Rashford: Barcelone prend la d\u00e9cision finale sur le transfert de Man United &#8211;\"}]},{\"@type\":\"WebSite\",\"@id\":\"https:\/\/footdavant.fr\/actualites\/#website\",\"url\":\"https:\/\/footdavant.fr\/actualites\/\",\"name\":\"Foot d'avant\",\"description\":\"\",\"publisher\":{\"@id\":\"https:\/\/footdavant.fr\/actualites\/#organization\"},\"potentialAction\":[{\"@type\":\"SearchAction\",\"target\":{\"@type\":\"EntryPoint\",\"urlTemplate\":\"https:\/\/footdavant.fr\/actualites\/?s={search_term_string}\"},\"query-input\":\"required name=search_term_string\"}],\"inLanguage\":\"fr-FR\"},{\"@type\":\"Organization\",\"@id\":\"https:\/\/footdavant.fr\/actualites\/#organization\",\"name\":\"Foot d'avant\",\"url\":\"https:\/\/footdavant.fr\/actualites\/\",\"logo\":{\"@type\":\"ImageObject\",\"inLanguage\":\"fr-FR\",\"@id\":\"https:\/\/footdavant.fr\/actualites\/#\/schema\/logo\/image\/\",\"url\":\"https:\/\/footdavant.fr\/actualites\/wp-content\/uploads\/2023\/09\/Copy-of-FootDavant-Logo.png\",\"contentUrl\":\"https:\/\/footdavant.fr\/actualites\/wp-content\/uploads\/2023\/09\/Copy-of-FootDavant-Logo.png\",\"width\":936,\"height\":549,\"caption\":\"Foot d'avant\"},\"image\":{\"@id\":\"https:\/\/footdavant.fr\/actualites\/#\/schema\/logo\/image\/\"},\"sameAs\":[\"https:\/\/www.facebook.com\/Footdavant\/\",\"https:\/\/twitter.com\/FootdavantFr\",\"https:\/\/www.instagram.com\/footdavant.fr\/\"]},{\"@type\":\"Person\",\"@id\":\"https:\/\/footdavant.fr\/actualites\/#\/schema\/person\/bc222566d95871b37e597b3ed3ba5e1d\",\"name\":\"Cl\u00e9ment\",\"image\":{\"@type\":\"ImageObject\",\"inLanguage\":\"fr-FR\",\"@id\":\"https:\/\/footdavant.fr\/actualites\/#\/schema\/person\/image\/\",\"url\":\"https:\/\/secure.gravatar.com\/avatar\/7728b29aac2719421e1a9159b2254c44?s=96&d=mm&r=g\",\"contentUrl\":\"https:\/\/secure.gravatar.com\/avatar\/7728b29aac2719421e1a9159b2254c44?s=96&d=mm&r=g\",\"caption\":\"Cl\u00e9ment\"},\"sameAs\":[\"https:\/\/footdavant.fr\/\"]}]}<\/script>\n<!-- \/ Yoast SEO plugin. -->","yoast_head_json":{"title":"Marcus Rashford: Barcelone prend la d\u00e9cision finale sur le transfert de Man United -","robots":{"index":"index","follow":"follow","max-snippet":"max-snippet:-1","max-image-preview":"max-image-preview:large","max-video-preview":"max-video-preview:-1"},"canonical":"https:\/\/footdavant.fr\/actualites\/marcus-rashford-barcelone-prend-la-decision-finale-sur-le-transfert-de-man-united\/","og_locale":"fr_FR","og_type":"article","og_title":"Marcus Rashford: Barcelone prend la d\u00e9cision finale sur le transfert de Man United -","og_description":"1 Le FC Barcelone aurait pris une d\u00e9cision finale concernant la signature permanente de Marcus Rashford \u00e0 la fin de la saison \u2013 et il","og_url":"https:\/\/footdavant.fr\/actualites\/marcus-rashford-barcelone-prend-la-decision-finale-sur-le-transfert-de-man-united\/","og_site_name":"Foot d&#039;avant","article_publisher":"https:\/\/www.facebook.com\/Footdavant\/","article_published_time":"2025-12-29T02:48:03+00:00","article_modified_time":"2025-12-29T02:48:06+00:00","og_image":[{"width":1600,"height":714,"url":"https:\/\/footdavant.fr\/actualites\/wp-content\/uploads\/2025\/12\/Marcus-Rashford-Barcelone-prend-la-decision-finale-sur-le-transfert.jpg","type":"image\/jpeg"}],"author":"Cl\u00e9ment","twitter_card":"summary_large_image","twitter_creator":"@FootdavantFr","twitter_site":"@FootdavantFr","twitter_misc":{"\u00c9crit par":"Cl\u00e9ment","Dur\u00e9e de lecture estim\u00e9e":"3 minutes"},"schema":{"@context":"https:\/\/schema.org","@graph":[{"@type":"Article","@id":"https:\/\/footdavant.fr\/actualites\/marcus-rashford-barcelone-prend-la-decision-finale-sur-le-transfert-de-man-united\/#article","isPartOf":{"@id":"https:\/\/footdavant.fr\/actualites\/marcus-rashford-barcelone-prend-la-decision-finale-sur-le-transfert-de-man-united\/"},"author":{"name":"Cl\u00e9ment","@id":"https:\/\/footdavant.fr\/actualites\/#\/schema\/person\/bc222566d95871b37e597b3ed3ba5e1d"},"headline":"Marcus Rashford: Barcelone prend la d\u00e9cision finale sur le transfert de Man United &#8211;","datePublished":"2025-12-29T02:48:03+00:00","dateModified":"2025-12-29T02:48:06+00:00","mainEntityOfPage":{"@id":"https:\/\/footdavant.fr\/actualites\/marcus-rashford-barcelone-prend-la-decision-finale-sur-le-transfert-de-man-united\/"},"wordCount":616,"publisher":{"@id":"https:\/\/footdavant.fr\/actualites\/#organization"},"keywords":["Barcelone","d\u00e9cision","finale","Man","Marcus","prend","Rashford","sur","transfert","United"],"articleSection":["Football"],"inLanguage":"fr-FR"},{"@type":"WebPage","@id":"https:\/\/footdavant.fr\/actualites\/marcus-rashford-barcelone-prend-la-decision-finale-sur-le-transfert-de-man-united\/","url":"https:\/\/footdavant.fr\/actualites\/marcus-rashford-barcelone-prend-la-decision-finale-sur-le-transfert-de-man-united\/","name":"Marcus Rashford: Barcelone prend la d\u00e9cision finale sur le transfert de Man United -","isPartOf":{"@id":"https:\/\/footdavant.fr\/actualites\/#website"},"datePublished":"2025-12-29T02:48:03+00:00","dateModified":"2025-12-29T02:48:06+00:00","breadcrumb":{"@id":"https:\/\/footdavant.fr\/actualites\/marcus-rashford-barcelone-prend-la-decision-finale-sur-le-transfert-de-man-united\/#breadcrumb"},"inLanguage":"fr-FR","potentialAction":[{"@type":"ReadAction","target":["https:\/\/footdavant.fr\/actualites\/marcus-rashford-barcelone-prend-la-decision-finale-sur-le-transfert-de-man-united\/"]}]},{"@type":"BreadcrumbList","@id":"https:\/\/footdavant.fr\/actualites\/marcus-rashford-barcelone-prend-la-decision-finale-sur-le-transfert-de-man-united\/#breadcrumb","itemListElement":[{"@type":"ListItem","position":1,"name":"Accueil","item":"https:\/\/footdavant.fr\/actualites\/"},{"@type":"ListItem","position":2,"name":"Marcus Rashford: Barcelone prend la d\u00e9cision finale sur le transfert de Man United &#8211;"}]},{"@type":"WebSite","@id":"https:\/\/footdavant.fr\/actualites\/#website","url":"https:\/\/footdavant.fr\/actualites\/","name":"Foot d'avant","description":"","publisher":{"@id":"https:\/\/footdavant.fr\/actualites\/#organization"},"potentialAction":[{"@type":"SearchAction","target":{"@type":"EntryPoint","urlTemplate":"https:\/\/footdavant.fr\/actualites\/?s={search_term_string}"},"query-input":"required name=search_term_string"}],"inLanguage":"fr-FR"},{"@type":"Organization","@id":"https:\/\/footdavant.fr\/actualites\/#organization","name":"Foot d'avant","url":"https:\/\/footdavant.fr\/actualites\/","logo":{"@type":"ImageObject","inLanguage":"fr-FR","@id":"https:\/\/footdavant.fr\/actualites\/#\/schema\/logo\/image\/","url":"https:\/\/footdavant.fr\/actualites\/wp-content\/uploads\/2023\/09\/Copy-of-FootDavant-Logo.png","contentUrl":"https:\/\/footdavant.fr\/actualites\/wp-content\/uploads\/2023\/09\/Copy-of-FootDavant-Logo.png","width":936,"height":549,"caption":"Foot d'avant"},"image":{"@id":"https:\/\/footdavant.fr\/actualites\/#\/schema\/logo\/image\/"},"sameAs":["https:\/\/www.facebook.com\/Footdavant\/","https:\/\/twitter.com\/FootdavantFr","https:\/\/www.instagram.com\/footdavant.fr\/"]},{"@type":"Person","@id":"https:\/\/footdavant.fr\/actualites\/#\/schema\/person\/bc222566d95871b37e597b3ed3ba5e1d","name":"Cl\u00e9ment","image":{"@type":"ImageObject","inLanguage":"fr-FR","@id":"https:\/\/footdavant.fr\/actualites\/#\/schema\/person\/image\/","url":"https:\/\/secure.gravatar.com\/avatar\/7728b29aac2719421e1a9159b2254c44?s=96&d=mm&r=g","contentUrl":"https:\/\/secure.gravatar.com\/avatar\/7728b29aac2719421e1a9159b2254c44?s=96&d=mm&r=g","caption":"Cl\u00e9ment"},"sameAs":["https:\/\/footdavant.fr\/"]}]}},"_links":{"self":[{"href":"https:\/\/footdavant.fr\/actualites\/wp-json\/wp\/v2\/posts\/32861"}],"collection":[{"href":"https:\/\/footdavant.fr\/actualites\/wp-json\/wp\/v2\/posts"}],"about":[{"href":"https:\/\/footdavant.fr\/actualites\/wp-json\/wp\/v2\/types\/post"}],"author":[{"embeddable":true,"href":"https:\/\/footdavant.fr\/actualites\/wp-json\/wp\/v2\/users\/1"}],"replies":[{"embeddable":true,"href":"https:\/\/footdavant.fr\/actualites\/wp-json\/wp\/v2\/comments?post=32861"}],"version-history":[{"count":1,"href":"https:\/\/footdavant.fr\/actualites\/wp-json\/wp\/v2\/posts\/32861\/revisions"}],"predecessor-version":[{"id":32863,"href":"https:\/\/footdavant.fr\/actualites\/wp-json\/wp\/v2\/posts\/32861\/revisions\/32863"}],"wp:featuredmedia":[{"embeddable":true,"href":"https:\/\/footdavant.fr\/actualites\/wp-json\/wp\/v2\/media\/32862"}],"wp:attachment":[{"href":"https:\/\/footdavant.fr\/actualites\/wp-json\/wp\/v2\/media?parent=32861"}],"wp:term":[{"taxonomy":"category","embeddable":true,"href":"https:\/\/footdavant.fr\/actualites\/wp-json\/wp\/v2\/categories?post=32861"},{"taxonomy":"post_tag","embeddable":true,"href":"https:\/\/footdavant.fr\/actualites\/wp-json\/wp\/v2\/tags?post=32861"}],"curies":[{"name":"wp","href":"https:\/\/api.w.org\/{rel}","templated":true}]}}