{"id":32864,"date":"2025-12-29T05:48:05","date_gmt":"2025-12-29T04:48:05","guid":{"rendered":"https:\/\/footdavant.fr\/actualites\/nouvelles-de-lequipe-blessure-de-liverpool-contre-wolverhaptton-wanderers-liste-de-suspension-xi-prevus\/"},"modified":"2025-12-29T05:48:06","modified_gmt":"2025-12-29T04:48:06","slug":"nouvelles-de-lequipe-blessure-de-liverpool-contre-wolverhaptton-wanderers-liste-de-suspension-xi-prevus","status":"publish","type":"post","link":"https:\/\/footdavant.fr\/actualites\/nouvelles-de-lequipe-blessure-de-liverpool-contre-wolverhaptton-wanderers-liste-de-suspension-xi-prevus\/","title":{"rendered":"Nouvelles de l&#39;\u00e9quipe: blessure de Liverpool contre Wolverhaptton Wanderers, liste de suspension, XI pr\u00e9vus"},"content":{"rendered":"<div itemprop=\"articleBody\">\n<p>Apr\u00e8s avoir remport\u00e9 des victoires cons\u00e9cutives en Premier League pour la premi\u00e8re fois depuis septembre, Liverpool cherche \u00e0 poursuivre sa s\u00e9quence de victoires en accueillant les derniers Wolverhampton Wanderers \u00e0 Anfield lors de l&#39;un des matchs de samedi.<\/p>\n<p>Le Merseyside Red entre dans cette rencontre apr\u00e8s une victoire acharn\u00e9e 2-1 contre Tottenham Hotspur \u00e0 neuf le week-end dernier, tandis que le Old Gold a remport\u00e9 10 d\u00e9faites cons\u00e9cutives en haut de gamme avec une d\u00e9faite 2-0 contre Brentford la derni\u00e8re fois, et ici, Sports Mole rassemble toutes les derni\u00e8res nouvelles de l&#39;\u00e9quipe des deux clubs.<\/p>\n<h2>LIVERPOOL<\/h2>\n<p>Absents : Wataru Endo (cheville), Joe Gomez (muscle), Giovanni Leoni (LCA), Alexander Isak (cheville), Stefan Bajcetic (ischio-jambiers), Jayden Danns (ischio-jambiers), Mohamed Salah (AFCON), Dominik Szoboszlai (suspendu)<\/p>\n<p>Douteux : Cody Gakpo (muscle), Conor Bradley (ischio-jambiers)<\/p>\n<p>XI pr\u00e9dit par Sports Mole\u00a0: Alisson\u00a0; Bradley, Konate, Van Dijk, Kerkez\u00a0; Jones, Gravenberch\u00a0; Gakpo, Mac Allister, Wirtz; Ekitike<\/p>\n<h2>VOYAGEURS DE WOLVERHAMPTON<\/h2>\n<p>Absents : Rodrigo Gomes (aine), Jean-Ricner Bellegarde (ischio-jambiers), Marshall Munetsi (mollet), Daniel Bentley (cheville), Toti Gomes (ischio-jambiers), Leon Chiwome (genou), Tawanda Chirewa (AFCON), Emmanuel Agbadou (AFCON)<\/p>\n<p>Douteux : Hugo Bueno (non pr\u00e9cis\u00e9)<\/p>\n<p>XI pr\u00e9dit par Sports Mole\u00a0:\u00a0Sa\u00a0; S Bueno, Mosquera, Doherty\u00a0; Cependant, J Gomes, Andre, Krejci, Wolfe\u00a0; Arokodare, Hwang<\/p>\n<\/p>\n<\/div>\n","protected":false},"excerpt":{"rendered":"<p>Apr\u00e8s avoir remport\u00e9 des victoires cons\u00e9cutives en Premier League pour la premi\u00e8re fois depuis septembre, Liverpool cherche \u00e0 poursuivre sa s\u00e9quence de victoires en accueillant<\/p>\n","protected":false},"author":1,"featured_media":32669,"comment_status":"closed","ping_status":"","sticky":false,"template":"","format":"standard","meta":{"footnotes":""},"categories":[5],"tags":[15,20,4219,17,53,461,468,18,745,11234],"yoast_head":"<!-- This site is optimized with the Yoast SEO plugin v21.0 - https:\/\/yoast.com\/wordpress\/plugins\/seo\/ -->\n<title>Nouvelles de l&#039;\u00e9quipe: blessure de Liverpool contre Wolverhaptton Wanderers, liste de suspension, XI pr\u00e9vus<\/title>\n<meta name=\"robots\" content=\"index, follow, max-snippet:-1, max-image-preview:large, max-video-preview:-1\" \/>\n<link rel=\"canonical\" href=\"https:\/\/footdavant.fr\/actualites\/nouvelles-de-lequipe-blessure-de-liverpool-contre-wolverhaptton-wanderers-liste-de-suspension-xi-prevus\/\" \/>\n<meta property=\"og:locale\" content=\"fr_FR\" \/>\n<meta property=\"og:type\" content=\"article\" \/>\n<meta property=\"og:title\" content=\"Nouvelles de l&#039;\u00e9quipe: blessure de Liverpool contre Wolverhaptton Wanderers, liste de suspension, XI pr\u00e9vus\" \/>\n<meta property=\"og:description\" content=\"Apr\u00e8s avoir remport\u00e9 des victoires cons\u00e9cutives en Premier League pour la premi\u00e8re fois depuis septembre, Liverpool cherche \u00e0 poursuivre sa s\u00e9quence de victoires en accueillant\" \/>\n<meta property=\"og:url\" content=\"https:\/\/footdavant.fr\/actualites\/nouvelles-de-lequipe-blessure-de-liverpool-contre-wolverhaptton-wanderers-liste-de-suspension-xi-prevus\/\" \/>\n<meta property=\"og:site_name\" content=\"Foot d&#039;avant\" \/>\n<meta property=\"article:publisher\" content=\"https:\/\/www.facebook.com\/Footdavant\/\" \/>\n<meta property=\"article:published_time\" content=\"2025-12-29T04:48:05+00:00\" \/>\n<meta property=\"article:modified_time\" content=\"2025-12-29T04:48:06+00:00\" \/>\n<meta property=\"og:image\" content=\"https:\/\/footdavant.fr\/actualites\/wp-content\/uploads\/2025\/12\/Le-point-sur-la-blessure-d39Alexander-Isak-le-sentiment-instinctif.net2Fuploads2F20252F122Falexander-isak-1.webp\" \/>\n\t<meta property=\"og:image:width\" content=\"720\" \/>\n\t<meta property=\"og:image:height\" content=\"410\" \/>\n\t<meta property=\"og:image:type\" content=\"image\/webp\" \/>\n<meta name=\"author\" content=\"Cl\u00e9ment\" \/>\n<meta name=\"twitter:card\" content=\"summary_large_image\" \/>\n<meta name=\"twitter:creator\" content=\"@FootdavantFr\" \/>\n<meta name=\"twitter:site\" content=\"@FootdavantFr\" \/>\n<meta name=\"twitter:label1\" content=\"\u00c9crit par\" \/>\n\t<meta name=\"twitter:data1\" content=\"Cl\u00e9ment\" \/>\n\t<meta name=\"twitter:label2\" content=\"Dur\u00e9e de lecture estim\u00e9e\" \/>\n\t<meta name=\"twitter:data2\" content=\"1 minute\" \/>\n<script type=\"application\/ld+json\" class=\"yoast-schema-graph\">{\"@context\":\"https:\/\/schema.org\",\"@graph\":[{\"@type\":\"Article\",\"@id\":\"https:\/\/footdavant.fr\/actualites\/nouvelles-de-lequipe-blessure-de-liverpool-contre-wolverhaptton-wanderers-liste-de-suspension-xi-prevus\/#article\",\"isPartOf\":{\"@id\":\"https:\/\/footdavant.fr\/actualites\/nouvelles-de-lequipe-blessure-de-liverpool-contre-wolverhaptton-wanderers-liste-de-suspension-xi-prevus\/\"},\"author\":{\"name\":\"Cl\u00e9ment\",\"@id\":\"https:\/\/footdavant.fr\/actualites\/#\/schema\/person\/bc222566d95871b37e597b3ed3ba5e1d\"},\"headline\":\"Nouvelles de l&#39;\u00e9quipe: blessure de Liverpool contre Wolverhaptton Wanderers, liste de suspension, XI pr\u00e9vus\",\"datePublished\":\"2025-12-29T04:48:05+00:00\",\"dateModified\":\"2025-12-29T04:48:06+00:00\",\"mainEntityOfPage\":{\"@id\":\"https:\/\/footdavant.fr\/actualites\/nouvelles-de-lequipe-blessure-de-liverpool-contre-wolverhaptton-wanderers-liste-de-suspension-xi-prevus\/\"},\"wordCount\":225,\"publisher\":{\"@id\":\"https:\/\/footdavant.fr\/actualites\/#organization\"},\"keywords\":[\"Blessure\",\"contre\",\"l39\u00e9quipe\",\"liste\",\"Liverpool\",\"Nouvelles\",\"pr\u00e9vus\",\"suspension\",\"Wanderers\",\"Wolverhaptton\"],\"articleSection\":[\"Premier League\"],\"inLanguage\":\"fr-FR\"},{\"@type\":\"WebPage\",\"@id\":\"https:\/\/footdavant.fr\/actualites\/nouvelles-de-lequipe-blessure-de-liverpool-contre-wolverhaptton-wanderers-liste-de-suspension-xi-prevus\/\",\"url\":\"https:\/\/footdavant.fr\/actualites\/nouvelles-de-lequipe-blessure-de-liverpool-contre-wolverhaptton-wanderers-liste-de-suspension-xi-prevus\/\",\"name\":\"Nouvelles de l&#39;\u00e9quipe: blessure de Liverpool contre Wolverhaptton Wanderers, liste de suspension, XI pr\u00e9vus\",\"isPartOf\":{\"@id\":\"https:\/\/footdavant.fr\/actualites\/#website\"},\"datePublished\":\"2025-12-29T04:48:05+00:00\",\"dateModified\":\"2025-12-29T04:48:06+00:00\",\"breadcrumb\":{\"@id\":\"https:\/\/footdavant.fr\/actualites\/nouvelles-de-lequipe-blessure-de-liverpool-contre-wolverhaptton-wanderers-liste-de-suspension-xi-prevus\/#breadcrumb\"},\"inLanguage\":\"fr-FR\",\"potentialAction\":[{\"@type\":\"ReadAction\",\"target\":[\"https:\/\/footdavant.fr\/actualites\/nouvelles-de-lequipe-blessure-de-liverpool-contre-wolverhaptton-wanderers-liste-de-suspension-xi-prevus\/\"]}]},{\"@type\":\"BreadcrumbList\",\"@id\":\"https:\/\/footdavant.fr\/actualites\/nouvelles-de-lequipe-blessure-de-liverpool-contre-wolverhaptton-wanderers-liste-de-suspension-xi-prevus\/#breadcrumb\",\"itemListElement\":[{\"@type\":\"ListItem\",\"position\":1,\"name\":\"Accueil\",\"item\":\"https:\/\/footdavant.fr\/actualites\/\"},{\"@type\":\"ListItem\",\"position\":2,\"name\":\"Nouvelles de l&#39;\u00e9quipe: blessure de Liverpool contre Wolverhaptton Wanderers, liste de suspension, XI pr\u00e9vus\"}]},{\"@type\":\"WebSite\",\"@id\":\"https:\/\/footdavant.fr\/actualites\/#website\",\"url\":\"https:\/\/footdavant.fr\/actualites\/\",\"name\":\"Foot d'avant\",\"description\":\"\",\"publisher\":{\"@id\":\"https:\/\/footdavant.fr\/actualites\/#organization\"},\"potentialAction\":[{\"@type\":\"SearchAction\",\"target\":{\"@type\":\"EntryPoint\",\"urlTemplate\":\"https:\/\/footdavant.fr\/actualites\/?s={search_term_string}\"},\"query-input\":\"required name=search_term_string\"}],\"inLanguage\":\"fr-FR\"},{\"@type\":\"Organization\",\"@id\":\"https:\/\/footdavant.fr\/actualites\/#organization\",\"name\":\"Foot d'avant\",\"url\":\"https:\/\/footdavant.fr\/actualites\/\",\"logo\":{\"@type\":\"ImageObject\",\"inLanguage\":\"fr-FR\",\"@id\":\"https:\/\/footdavant.fr\/actualites\/#\/schema\/logo\/image\/\",\"url\":\"https:\/\/footdavant.fr\/actualites\/wp-content\/uploads\/2023\/09\/Copy-of-FootDavant-Logo.png\",\"contentUrl\":\"https:\/\/footdavant.fr\/actualites\/wp-content\/uploads\/2023\/09\/Copy-of-FootDavant-Logo.png\",\"width\":936,\"height\":549,\"caption\":\"Foot d'avant\"},\"image\":{\"@id\":\"https:\/\/footdavant.fr\/actualites\/#\/schema\/logo\/image\/\"},\"sameAs\":[\"https:\/\/www.facebook.com\/Footdavant\/\",\"https:\/\/twitter.com\/FootdavantFr\",\"https:\/\/www.instagram.com\/footdavant.fr\/\"]},{\"@type\":\"Person\",\"@id\":\"https:\/\/footdavant.fr\/actualites\/#\/schema\/person\/bc222566d95871b37e597b3ed3ba5e1d\",\"name\":\"Cl\u00e9ment\",\"image\":{\"@type\":\"ImageObject\",\"inLanguage\":\"fr-FR\",\"@id\":\"https:\/\/footdavant.fr\/actualites\/#\/schema\/person\/image\/\",\"url\":\"https:\/\/secure.gravatar.com\/avatar\/7728b29aac2719421e1a9159b2254c44?s=96&d=mm&r=g\",\"contentUrl\":\"https:\/\/secure.gravatar.com\/avatar\/7728b29aac2719421e1a9159b2254c44?s=96&d=mm&r=g\",\"caption\":\"Cl\u00e9ment\"},\"sameAs\":[\"https:\/\/footdavant.fr\/\"]}]}<\/script>\n<!-- \/ Yoast SEO plugin. -->","yoast_head_json":{"title":"Nouvelles de l&#39;\u00e9quipe: blessure de Liverpool contre Wolverhaptton Wanderers, liste de suspension, XI pr\u00e9vus","robots":{"index":"index","follow":"follow","max-snippet":"max-snippet:-1","max-image-preview":"max-image-preview:large","max-video-preview":"max-video-preview:-1"},"canonical":"https:\/\/footdavant.fr\/actualites\/nouvelles-de-lequipe-blessure-de-liverpool-contre-wolverhaptton-wanderers-liste-de-suspension-xi-prevus\/","og_locale":"fr_FR","og_type":"article","og_title":"Nouvelles de l&#39;\u00e9quipe: blessure de Liverpool contre Wolverhaptton Wanderers, liste de suspension, XI pr\u00e9vus","og_description":"Apr\u00e8s avoir remport\u00e9 des victoires cons\u00e9cutives en Premier League pour la premi\u00e8re fois depuis septembre, Liverpool cherche \u00e0 poursuivre sa s\u00e9quence de victoires en accueillant","og_url":"https:\/\/footdavant.fr\/actualites\/nouvelles-de-lequipe-blessure-de-liverpool-contre-wolverhaptton-wanderers-liste-de-suspension-xi-prevus\/","og_site_name":"Foot d&#039;avant","article_publisher":"https:\/\/www.facebook.com\/Footdavant\/","article_published_time":"2025-12-29T04:48:05+00:00","article_modified_time":"2025-12-29T04:48:06+00:00","og_image":[{"width":720,"height":410,"url":"https:\/\/footdavant.fr\/actualites\/wp-content\/uploads\/2025\/12\/Le-point-sur-la-blessure-d39Alexander-Isak-le-sentiment-instinctif.net2Fuploads2F20252F122Falexander-isak-1.webp","type":"image\/webp"}],"author":"Cl\u00e9ment","twitter_card":"summary_large_image","twitter_creator":"@FootdavantFr","twitter_site":"@FootdavantFr","twitter_misc":{"\u00c9crit par":"Cl\u00e9ment","Dur\u00e9e de lecture estim\u00e9e":"1 minute"},"schema":{"@context":"https:\/\/schema.org","@graph":[{"@type":"Article","@id":"https:\/\/footdavant.fr\/actualites\/nouvelles-de-lequipe-blessure-de-liverpool-contre-wolverhaptton-wanderers-liste-de-suspension-xi-prevus\/#article","isPartOf":{"@id":"https:\/\/footdavant.fr\/actualites\/nouvelles-de-lequipe-blessure-de-liverpool-contre-wolverhaptton-wanderers-liste-de-suspension-xi-prevus\/"},"author":{"name":"Cl\u00e9ment","@id":"https:\/\/footdavant.fr\/actualites\/#\/schema\/person\/bc222566d95871b37e597b3ed3ba5e1d"},"headline":"Nouvelles de l&#39;\u00e9quipe: blessure de Liverpool contre Wolverhaptton Wanderers, liste de suspension, XI pr\u00e9vus","datePublished":"2025-12-29T04:48:05+00:00","dateModified":"2025-12-29T04:48:06+00:00","mainEntityOfPage":{"@id":"https:\/\/footdavant.fr\/actualites\/nouvelles-de-lequipe-blessure-de-liverpool-contre-wolverhaptton-wanderers-liste-de-suspension-xi-prevus\/"},"wordCount":225,"publisher":{"@id":"https:\/\/footdavant.fr\/actualites\/#organization"},"keywords":["Blessure","contre","l39\u00e9quipe","liste","Liverpool","Nouvelles","pr\u00e9vus","suspension","Wanderers","Wolverhaptton"],"articleSection":["Premier League"],"inLanguage":"fr-FR"},{"@type":"WebPage","@id":"https:\/\/footdavant.fr\/actualites\/nouvelles-de-lequipe-blessure-de-liverpool-contre-wolverhaptton-wanderers-liste-de-suspension-xi-prevus\/","url":"https:\/\/footdavant.fr\/actualites\/nouvelles-de-lequipe-blessure-de-liverpool-contre-wolverhaptton-wanderers-liste-de-suspension-xi-prevus\/","name":"Nouvelles de l&#39;\u00e9quipe: blessure de Liverpool contre Wolverhaptton Wanderers, liste de suspension, XI pr\u00e9vus","isPartOf":{"@id":"https:\/\/footdavant.fr\/actualites\/#website"},"datePublished":"2025-12-29T04:48:05+00:00","dateModified":"2025-12-29T04:48:06+00:00","breadcrumb":{"@id":"https:\/\/footdavant.fr\/actualites\/nouvelles-de-lequipe-blessure-de-liverpool-contre-wolverhaptton-wanderers-liste-de-suspension-xi-prevus\/#breadcrumb"},"inLanguage":"fr-FR","potentialAction":[{"@type":"ReadAction","target":["https:\/\/footdavant.fr\/actualites\/nouvelles-de-lequipe-blessure-de-liverpool-contre-wolverhaptton-wanderers-liste-de-suspension-xi-prevus\/"]}]},{"@type":"BreadcrumbList","@id":"https:\/\/footdavant.fr\/actualites\/nouvelles-de-lequipe-blessure-de-liverpool-contre-wolverhaptton-wanderers-liste-de-suspension-xi-prevus\/#breadcrumb","itemListElement":[{"@type":"ListItem","position":1,"name":"Accueil","item":"https:\/\/footdavant.fr\/actualites\/"},{"@type":"ListItem","position":2,"name":"Nouvelles de l&#39;\u00e9quipe: blessure de Liverpool contre Wolverhaptton Wanderers, liste de suspension, XI pr\u00e9vus"}]},{"@type":"WebSite","@id":"https:\/\/footdavant.fr\/actualites\/#website","url":"https:\/\/footdavant.fr\/actualites\/","name":"Foot d'avant","description":"","publisher":{"@id":"https:\/\/footdavant.fr\/actualites\/#organization"},"potentialAction":[{"@type":"SearchAction","target":{"@type":"EntryPoint","urlTemplate":"https:\/\/footdavant.fr\/actualites\/?s={search_term_string}"},"query-input":"required name=search_term_string"}],"inLanguage":"fr-FR"},{"@type":"Organization","@id":"https:\/\/footdavant.fr\/actualites\/#organization","name":"Foot d'avant","url":"https:\/\/footdavant.fr\/actualites\/","logo":{"@type":"ImageObject","inLanguage":"fr-FR","@id":"https:\/\/footdavant.fr\/actualites\/#\/schema\/logo\/image\/","url":"https:\/\/footdavant.fr\/actualites\/wp-content\/uploads\/2023\/09\/Copy-of-FootDavant-Logo.png","contentUrl":"https:\/\/footdavant.fr\/actualites\/wp-content\/uploads\/2023\/09\/Copy-of-FootDavant-Logo.png","width":936,"height":549,"caption":"Foot d'avant"},"image":{"@id":"https:\/\/footdavant.fr\/actualites\/#\/schema\/logo\/image\/"},"sameAs":["https:\/\/www.facebook.com\/Footdavant\/","https:\/\/twitter.com\/FootdavantFr","https:\/\/www.instagram.com\/footdavant.fr\/"]},{"@type":"Person","@id":"https:\/\/footdavant.fr\/actualites\/#\/schema\/person\/bc222566d95871b37e597b3ed3ba5e1d","name":"Cl\u00e9ment","image":{"@type":"ImageObject","inLanguage":"fr-FR","@id":"https:\/\/footdavant.fr\/actualites\/#\/schema\/person\/image\/","url":"https:\/\/secure.gravatar.com\/avatar\/7728b29aac2719421e1a9159b2254c44?s=96&d=mm&r=g","contentUrl":"https:\/\/secure.gravatar.com\/avatar\/7728b29aac2719421e1a9159b2254c44?s=96&d=mm&r=g","caption":"Cl\u00e9ment"},"sameAs":["https:\/\/footdavant.fr\/"]}]}},"_links":{"self":[{"href":"https:\/\/footdavant.fr\/actualites\/wp-json\/wp\/v2\/posts\/32864"}],"collection":[{"href":"https:\/\/footdavant.fr\/actualites\/wp-json\/wp\/v2\/posts"}],"about":[{"href":"https:\/\/footdavant.fr\/actualites\/wp-json\/wp\/v2\/types\/post"}],"author":[{"embeddable":true,"href":"https:\/\/footdavant.fr\/actualites\/wp-json\/wp\/v2\/users\/1"}],"replies":[{"embeddable":true,"href":"https:\/\/footdavant.fr\/actualites\/wp-json\/wp\/v2\/comments?post=32864"}],"version-history":[{"count":1,"href":"https:\/\/footdavant.fr\/actualites\/wp-json\/wp\/v2\/posts\/32864\/revisions"}],"predecessor-version":[{"id":32865,"href":"https:\/\/footdavant.fr\/actualites\/wp-json\/wp\/v2\/posts\/32864\/revisions\/32865"}],"wp:featuredmedia":[{"embeddable":true,"href":"https:\/\/footdavant.fr\/actualites\/wp-json\/wp\/v2\/media\/32669"}],"wp:attachment":[{"href":"https:\/\/footdavant.fr\/actualites\/wp-json\/wp\/v2\/media?parent=32864"}],"wp:term":[{"taxonomy":"category","embeddable":true,"href":"https:\/\/footdavant.fr\/actualites\/wp-json\/wp\/v2\/categories?post=32864"},{"taxonomy":"post_tag","embeddable":true,"href":"https:\/\/footdavant.fr\/actualites\/wp-json\/wp\/v2\/tags?post=32864"}],"curies":[{"name":"wp","href":"https:\/\/api.w.org\/{rel}","templated":true}]}}