{"id":32875,"date":"2025-12-29T13:48:06","date_gmt":"2025-12-29T12:48:06","guid":{"rendered":"https:\/\/footdavant.fr\/actualites\/nouvelles-du-transfert-daston-villa-pourquoi-un-depart-tres-mediatise-en-janvier-pourrait-etre-complique-en-raison-des-details-du-contrat\/"},"modified":"2025-12-29T13:48:08","modified_gmt":"2025-12-29T12:48:08","slug":"nouvelles-du-transfert-daston-villa-pourquoi-un-depart-tres-mediatise-en-janvier-pourrait-etre-complique-en-raison-des-details-du-contrat","status":"publish","type":"post","link":"https:\/\/footdavant.fr\/actualites\/nouvelles-du-transfert-daston-villa-pourquoi-un-depart-tres-mediatise-en-janvier-pourrait-etre-complique-en-raison-des-details-du-contrat\/","title":{"rendered":"Nouvelles du transfert d&#39;Aston Villa : Pourquoi un \u00ab d\u00e9part tr\u00e8s m\u00e9diatis\u00e9 \u00bb en janvier pourrait \u00eatre compliqu\u00e9 en raison des d\u00e9tails du contrat"},"content":{"rendered":"<div itemprop=\"articleBody\">\n<p>Harvey Elliott est le d\u00e9part le plus m\u00e9diatis\u00e9 d&#39;Aston Villa en janvier, mais son retour \u00e0 Liverpool est compliqu\u00e9, selon le dernier rapport.<\/p>\n<p>Unai Emery a guid\u00e9 son \u00e9quipe vers une victoire 2-1 contre Manchester United le week-end dernier, et il pr\u00e9pare son \u00e9quipe \u00e0 affronter Chelsea samedi lors de son dernier match de Premier League.<\/p>\n<p>Villa est actuellement troisi\u00e8me et ses excellentes performances ces derniers temps ont \u00e9t\u00e9 men\u00e9es par des attaquants tels que Morgan Rogers.<\/p>\n<p>Le nouveau venu Elliott a \u00e9t\u00e9 n\u00e9glig\u00e9 cette saison en raison de la bonne forme du club, l&#39;Anglais n&#39;ayant jou\u00e9 que cinq fois pour l&#39;\u00e9quipe depuis son arriv\u00e9e en provenance de Liverpool, et il n&#39;a pas encore atteint le seuil de 10 matchs qui d\u00e9clencherait l&#39;obligation d&#39;achat de Villa.<\/p>\n<p><em>L&#39;Athl\u00e9tisme<\/em> rapportent qu&#39;Elliott est le joueur de haut niveau le plus susceptible de partir en janvier, mais un retour \u00e0 Liverpool est compliqu\u00e9 car les Reds n&#39;ont pas de clause de rappel et les Lions devraient payer pour mettre fin au pr\u00eat.<\/p>\n<div>\n<div>\n<div>\n<div>\n<div>\n<p>\u00a9 Imago<\/p>\n<\/div>\n<\/div>\n<\/div>\n<\/div>\n<\/div>\n<h2>Harvey Elliott : Pourquoi le pr\u00eat\u00e9 de Liverpool pourrait revenir \u00e0 Anfield<\/h2>\n<p>Emery ne peut pas justifier d&#39;apporter de nombreux changements \u00e0 son \u00e9quipe maintenant qu&#39;elle a remport\u00e9 10 matchs cons\u00e9cutifs, mais ce serait un gaspillage des talents d&#39;Elliott de rater autant de football.<\/p>\n<p>Alors qu&#39;Arne Slot a d\u00e9montr\u00e9 sa r\u00e9ticence \u00e0 le faire jouer en 2024-25 \u00e0 Liverpool, le N\u00e9erlandais n&#39;a peut-\u00eatre pas d&#39;autre choix que de l&#39;utiliser dans son \u00e9quipe cette saison.<\/p>\n<p>Elliott a jou\u00e9 pour Villa et Liverpool cette saison, et il ne peut pas repr\u00e9senter un troisi\u00e8me club en 2025-26, \u00e0 moins de rejoindre une \u00e9quipe qui ne suit pas le calendrier du football europ\u00e9en.<\/p>\n<p>Le joueur de 22 ans a bri\u00e8vement jou\u00e9 pour Liverpool contre Newcastle United en ao\u00fbt, et cette d\u00e9cision pourrait s&#39;av\u00e9rer pr\u00e9judiciable pour la carri\u00e8re d&#39;Elliott, surtout s&#39;il revient \u00e0 Anfield et est rel\u00e9gu\u00e9 dans un r\u00f4le d&#39;\u00e9quipe.<\/p>\n<div>\n<div>\n<div>\n<div>\n<div><img decoding=\"async\" data-img-id=\"152391\" class=\"lazy\" loading=\"lazy\" src=\"https:\/\/footdavant.fr\/actualites\/wp-content\/uploads\/2025\/12\/1767012486_219_Nouvelles-du-transfert-d39Aston-Villa-Pourquoi-un-depart.webp\"\/><\/p>\n<p>\u00a9 Imago<\/p>\n<\/div>\n<\/div>\n<\/div>\n<\/div>\n<\/div>\n<h2>Que devrait faire Aston Villa lors du mercato de janvier ?<\/h2>\n<p>Si Aston Villa a l\u2019ambition de rivaliser avec Arsenal, qui n\u2019a que trois points d\u2019avance \u00e0 la premi\u00e8re place, alors l\u2019ajout d\u2019un autre attaquant serait judicieux.<\/p>\n<p>L&#39;attaquant Ollie Watkins a sembl\u00e9 lent cette campagne et il a eu du mal \u00e0 tirer le meilleur parti des opportunit\u00e9s dangereuses dans le dernier tiers.<\/p>\n<p>L&#39;Anglais n&#39;a marqu\u00e9 que trois buts en 24 matchs pour le club toutes comp\u00e9titions confondues, et il est difficile de voir Villa continuer \u00e0 se battre en t\u00eate du classement sans un autre buteur dans le XI.<\/p>\n<p>Peut-\u00eatre que signer un rempla\u00e7ant pour Rogers serait \u00e9galement judicieux \u00e9tant donn\u00e9 qu&#39;il a marqu\u00e9 six fois et fourni une passe d\u00e9cisive lors de ses six derni\u00e8res sorties en Premier League, et toute blessure de l&#39;attaquant serait probablement d\u00e9vastatrice.<\/p>\n<\/div>\n","protected":false},"excerpt":{"rendered":"<p>Harvey Elliott est le d\u00e9part le plus m\u00e9diatis\u00e9 d&#39;Aston Villa en janvier, mais son retour \u00e0 Liverpool est compliqu\u00e9, selon le dernier rapport. Unai Emery<\/p>\n","protected":false},"author":1,"featured_media":32876,"comment_status":"closed","ping_status":"","sticky":false,"template":"","format":"standard","meta":{"footnotes":""},"categories":[5],"tags":[2419,1218,4823,560,12,3411,270,166,11237,461,610,269,182,700,852,370],"yoast_head":"<!-- This site is optimized with the Yoast SEO plugin v21.0 - https:\/\/yoast.com\/wordpress\/plugins\/seo\/ -->\n<title>Nouvelles du transfert d&#039;Aston Villa : Pourquoi un \u00ab d\u00e9part tr\u00e8s m\u00e9diatis\u00e9 \u00bb en janvier pourrait \u00eatre compliqu\u00e9 en raison des d\u00e9tails du contrat<\/title>\n<meta name=\"robots\" content=\"index, follow, max-snippet:-1, max-image-preview:large, max-video-preview:-1\" \/>\n<link rel=\"canonical\" href=\"https:\/\/footdavant.fr\/actualites\/nouvelles-du-transfert-daston-villa-pourquoi-un-depart-tres-mediatise-en-janvier-pourrait-etre-complique-en-raison-des-details-du-contrat\/\" \/>\n<meta property=\"og:locale\" content=\"fr_FR\" \/>\n<meta property=\"og:type\" content=\"article\" \/>\n<meta property=\"og:title\" content=\"Nouvelles du transfert d&#039;Aston Villa : Pourquoi un \u00ab d\u00e9part tr\u00e8s m\u00e9diatis\u00e9 \u00bb en janvier pourrait \u00eatre compliqu\u00e9 en raison des d\u00e9tails du contrat\" \/>\n<meta property=\"og:description\" content=\"Harvey Elliott est le d\u00e9part le plus m\u00e9diatis\u00e9 d&#039;Aston Villa en janvier, mais son retour \u00e0 Liverpool est compliqu\u00e9, selon le dernier rapport. Unai Emery\" \/>\n<meta property=\"og:url\" content=\"https:\/\/footdavant.fr\/actualites\/nouvelles-du-transfert-daston-villa-pourquoi-un-depart-tres-mediatise-en-janvier-pourrait-etre-complique-en-raison-des-details-du-contrat\/\" \/>\n<meta property=\"og:site_name\" content=\"Foot d&#039;avant\" \/>\n<meta property=\"article:publisher\" content=\"https:\/\/www.facebook.com\/Footdavant\/\" \/>\n<meta property=\"article:published_time\" content=\"2025-12-29T12:48:06+00:00\" \/>\n<meta property=\"article:modified_time\" content=\"2025-12-29T12:48:08+00:00\" \/>\n<meta property=\"og:image\" content=\"https:\/\/footdavant.fr\/actualites\/wp-content\/uploads\/2025\/12\/Nouvelles-du-transfert-d39Aston-Villa-Pourquoi-un-depart.net2Fuploads2F20252F122Femery-and-elliot.webp\" \/>\n\t<meta property=\"og:image:width\" content=\"720\" \/>\n\t<meta property=\"og:image:height\" content=\"410\" \/>\n\t<meta property=\"og:image:type\" content=\"image\/webp\" \/>\n<meta name=\"author\" content=\"Cl\u00e9ment\" \/>\n<meta name=\"twitter:card\" content=\"summary_large_image\" \/>\n<meta name=\"twitter:creator\" content=\"@FootdavantFr\" \/>\n<meta name=\"twitter:site\" content=\"@FootdavantFr\" \/>\n<meta name=\"twitter:label1\" content=\"\u00c9crit par\" \/>\n\t<meta name=\"twitter:data1\" content=\"Cl\u00e9ment\" \/>\n\t<meta name=\"twitter:label2\" content=\"Dur\u00e9e de lecture estim\u00e9e\" \/>\n\t<meta name=\"twitter:data2\" content=\"3 minutes\" \/>\n<script type=\"application\/ld+json\" class=\"yoast-schema-graph\">{\"@context\":\"https:\/\/schema.org\",\"@graph\":[{\"@type\":\"Article\",\"@id\":\"https:\/\/footdavant.fr\/actualites\/nouvelles-du-transfert-daston-villa-pourquoi-un-depart-tres-mediatise-en-janvier-pourrait-etre-complique-en-raison-des-details-du-contrat\/#article\",\"isPartOf\":{\"@id\":\"https:\/\/footdavant.fr\/actualites\/nouvelles-du-transfert-daston-villa-pourquoi-un-depart-tres-mediatise-en-janvier-pourrait-etre-complique-en-raison-des-details-du-contrat\/\"},\"author\":{\"name\":\"Cl\u00e9ment\",\"@id\":\"https:\/\/footdavant.fr\/actualites\/#\/schema\/person\/bc222566d95871b37e597b3ed3ba5e1d\"},\"headline\":\"Nouvelles du transfert d&#39;Aston Villa : Pourquoi un \u00ab d\u00e9part tr\u00e8s m\u00e9diatis\u00e9 \u00bb en janvier pourrait \u00eatre compliqu\u00e9 en raison des d\u00e9tails du contrat\",\"datePublished\":\"2025-12-29T12:48:06+00:00\",\"dateModified\":\"2025-12-29T12:48:08+00:00\",\"mainEntityOfPage\":{\"@id\":\"https:\/\/footdavant.fr\/actualites\/nouvelles-du-transfert-daston-villa-pourquoi-un-depart-tres-mediatise-en-janvier-pourrait-etre-complique-en-raison-des-details-du-contrat\/\"},\"wordCount\":530,\"publisher\":{\"@id\":\"https:\/\/footdavant.fr\/actualites\/#organization\"},\"keywords\":[\"compliqu\u00e9\",\"contrat\",\"d39Aston\",\"d\u00e9part\",\"des\",\"d\u00e9tails\",\"\u00eatre\",\"janvier\",\"m\u00e9diatis\u00e9\",\"Nouvelles\",\"Pourquoi\",\"pourrait\",\"raison\",\"transfert\",\"tr\u00e8s\",\"Villa\"],\"articleSection\":[\"Premier League\"],\"inLanguage\":\"fr-FR\"},{\"@type\":\"WebPage\",\"@id\":\"https:\/\/footdavant.fr\/actualites\/nouvelles-du-transfert-daston-villa-pourquoi-un-depart-tres-mediatise-en-janvier-pourrait-etre-complique-en-raison-des-details-du-contrat\/\",\"url\":\"https:\/\/footdavant.fr\/actualites\/nouvelles-du-transfert-daston-villa-pourquoi-un-depart-tres-mediatise-en-janvier-pourrait-etre-complique-en-raison-des-details-du-contrat\/\",\"name\":\"Nouvelles du transfert d&#39;Aston Villa : Pourquoi un \u00ab d\u00e9part tr\u00e8s m\u00e9diatis\u00e9 \u00bb en janvier pourrait \u00eatre compliqu\u00e9 en raison des d\u00e9tails du contrat\",\"isPartOf\":{\"@id\":\"https:\/\/footdavant.fr\/actualites\/#website\"},\"datePublished\":\"2025-12-29T12:48:06+00:00\",\"dateModified\":\"2025-12-29T12:48:08+00:00\",\"breadcrumb\":{\"@id\":\"https:\/\/footdavant.fr\/actualites\/nouvelles-du-transfert-daston-villa-pourquoi-un-depart-tres-mediatise-en-janvier-pourrait-etre-complique-en-raison-des-details-du-contrat\/#breadcrumb\"},\"inLanguage\":\"fr-FR\",\"potentialAction\":[{\"@type\":\"ReadAction\",\"target\":[\"https:\/\/footdavant.fr\/actualites\/nouvelles-du-transfert-daston-villa-pourquoi-un-depart-tres-mediatise-en-janvier-pourrait-etre-complique-en-raison-des-details-du-contrat\/\"]}]},{\"@type\":\"BreadcrumbList\",\"@id\":\"https:\/\/footdavant.fr\/actualites\/nouvelles-du-transfert-daston-villa-pourquoi-un-depart-tres-mediatise-en-janvier-pourrait-etre-complique-en-raison-des-details-du-contrat\/#breadcrumb\",\"itemListElement\":[{\"@type\":\"ListItem\",\"position\":1,\"name\":\"Accueil\",\"item\":\"https:\/\/footdavant.fr\/actualites\/\"},{\"@type\":\"ListItem\",\"position\":2,\"name\":\"Nouvelles du transfert d&#39;Aston Villa : Pourquoi un \u00ab d\u00e9part tr\u00e8s m\u00e9diatis\u00e9 \u00bb en janvier pourrait \u00eatre compliqu\u00e9 en raison des d\u00e9tails du contrat\"}]},{\"@type\":\"WebSite\",\"@id\":\"https:\/\/footdavant.fr\/actualites\/#website\",\"url\":\"https:\/\/footdavant.fr\/actualites\/\",\"name\":\"Foot d'avant\",\"description\":\"\",\"publisher\":{\"@id\":\"https:\/\/footdavant.fr\/actualites\/#organization\"},\"potentialAction\":[{\"@type\":\"SearchAction\",\"target\":{\"@type\":\"EntryPoint\",\"urlTemplate\":\"https:\/\/footdavant.fr\/actualites\/?s={search_term_string}\"},\"query-input\":\"required name=search_term_string\"}],\"inLanguage\":\"fr-FR\"},{\"@type\":\"Organization\",\"@id\":\"https:\/\/footdavant.fr\/actualites\/#organization\",\"name\":\"Foot d'avant\",\"url\":\"https:\/\/footdavant.fr\/actualites\/\",\"logo\":{\"@type\":\"ImageObject\",\"inLanguage\":\"fr-FR\",\"@id\":\"https:\/\/footdavant.fr\/actualites\/#\/schema\/logo\/image\/\",\"url\":\"https:\/\/footdavant.fr\/actualites\/wp-content\/uploads\/2023\/09\/Copy-of-FootDavant-Logo.png\",\"contentUrl\":\"https:\/\/footdavant.fr\/actualites\/wp-content\/uploads\/2023\/09\/Copy-of-FootDavant-Logo.png\",\"width\":936,\"height\":549,\"caption\":\"Foot d'avant\"},\"image\":{\"@id\":\"https:\/\/footdavant.fr\/actualites\/#\/schema\/logo\/image\/\"},\"sameAs\":[\"https:\/\/www.facebook.com\/Footdavant\/\",\"https:\/\/twitter.com\/FootdavantFr\",\"https:\/\/www.instagram.com\/footdavant.fr\/\"]},{\"@type\":\"Person\",\"@id\":\"https:\/\/footdavant.fr\/actualites\/#\/schema\/person\/bc222566d95871b37e597b3ed3ba5e1d\",\"name\":\"Cl\u00e9ment\",\"image\":{\"@type\":\"ImageObject\",\"inLanguage\":\"fr-FR\",\"@id\":\"https:\/\/footdavant.fr\/actualites\/#\/schema\/person\/image\/\",\"url\":\"https:\/\/secure.gravatar.com\/avatar\/7728b29aac2719421e1a9159b2254c44?s=96&d=mm&r=g\",\"contentUrl\":\"https:\/\/secure.gravatar.com\/avatar\/7728b29aac2719421e1a9159b2254c44?s=96&d=mm&r=g\",\"caption\":\"Cl\u00e9ment\"},\"sameAs\":[\"https:\/\/footdavant.fr\/\"]}]}<\/script>\n<!-- \/ Yoast SEO plugin. -->","yoast_head_json":{"title":"Nouvelles du transfert d&#39;Aston Villa : Pourquoi un \u00ab d\u00e9part tr\u00e8s m\u00e9diatis\u00e9 \u00bb en janvier pourrait \u00eatre compliqu\u00e9 en raison des d\u00e9tails du contrat","robots":{"index":"index","follow":"follow","max-snippet":"max-snippet:-1","max-image-preview":"max-image-preview:large","max-video-preview":"max-video-preview:-1"},"canonical":"https:\/\/footdavant.fr\/actualites\/nouvelles-du-transfert-daston-villa-pourquoi-un-depart-tres-mediatise-en-janvier-pourrait-etre-complique-en-raison-des-details-du-contrat\/","og_locale":"fr_FR","og_type":"article","og_title":"Nouvelles du transfert d&#39;Aston Villa : Pourquoi un \u00ab d\u00e9part tr\u00e8s m\u00e9diatis\u00e9 \u00bb en janvier pourrait \u00eatre compliqu\u00e9 en raison des d\u00e9tails du contrat","og_description":"Harvey Elliott est le d\u00e9part le plus m\u00e9diatis\u00e9 d&#39;Aston Villa en janvier, mais son retour \u00e0 Liverpool est compliqu\u00e9, selon le dernier rapport. Unai Emery","og_url":"https:\/\/footdavant.fr\/actualites\/nouvelles-du-transfert-daston-villa-pourquoi-un-depart-tres-mediatise-en-janvier-pourrait-etre-complique-en-raison-des-details-du-contrat\/","og_site_name":"Foot d&#039;avant","article_publisher":"https:\/\/www.facebook.com\/Footdavant\/","article_published_time":"2025-12-29T12:48:06+00:00","article_modified_time":"2025-12-29T12:48:08+00:00","og_image":[{"width":720,"height":410,"url":"https:\/\/footdavant.fr\/actualites\/wp-content\/uploads\/2025\/12\/Nouvelles-du-transfert-d39Aston-Villa-Pourquoi-un-depart.net2Fuploads2F20252F122Femery-and-elliot.webp","type":"image\/webp"}],"author":"Cl\u00e9ment","twitter_card":"summary_large_image","twitter_creator":"@FootdavantFr","twitter_site":"@FootdavantFr","twitter_misc":{"\u00c9crit par":"Cl\u00e9ment","Dur\u00e9e de lecture estim\u00e9e":"3 minutes"},"schema":{"@context":"https:\/\/schema.org","@graph":[{"@type":"Article","@id":"https:\/\/footdavant.fr\/actualites\/nouvelles-du-transfert-daston-villa-pourquoi-un-depart-tres-mediatise-en-janvier-pourrait-etre-complique-en-raison-des-details-du-contrat\/#article","isPartOf":{"@id":"https:\/\/footdavant.fr\/actualites\/nouvelles-du-transfert-daston-villa-pourquoi-un-depart-tres-mediatise-en-janvier-pourrait-etre-complique-en-raison-des-details-du-contrat\/"},"author":{"name":"Cl\u00e9ment","@id":"https:\/\/footdavant.fr\/actualites\/#\/schema\/person\/bc222566d95871b37e597b3ed3ba5e1d"},"headline":"Nouvelles du transfert d&#39;Aston Villa : Pourquoi un \u00ab d\u00e9part tr\u00e8s m\u00e9diatis\u00e9 \u00bb en janvier pourrait \u00eatre compliqu\u00e9 en raison des d\u00e9tails du contrat","datePublished":"2025-12-29T12:48:06+00:00","dateModified":"2025-12-29T12:48:08+00:00","mainEntityOfPage":{"@id":"https:\/\/footdavant.fr\/actualites\/nouvelles-du-transfert-daston-villa-pourquoi-un-depart-tres-mediatise-en-janvier-pourrait-etre-complique-en-raison-des-details-du-contrat\/"},"wordCount":530,"publisher":{"@id":"https:\/\/footdavant.fr\/actualites\/#organization"},"keywords":["compliqu\u00e9","contrat","d39Aston","d\u00e9part","des","d\u00e9tails","\u00eatre","janvier","m\u00e9diatis\u00e9","Nouvelles","Pourquoi","pourrait","raison","transfert","tr\u00e8s","Villa"],"articleSection":["Premier League"],"inLanguage":"fr-FR"},{"@type":"WebPage","@id":"https:\/\/footdavant.fr\/actualites\/nouvelles-du-transfert-daston-villa-pourquoi-un-depart-tres-mediatise-en-janvier-pourrait-etre-complique-en-raison-des-details-du-contrat\/","url":"https:\/\/footdavant.fr\/actualites\/nouvelles-du-transfert-daston-villa-pourquoi-un-depart-tres-mediatise-en-janvier-pourrait-etre-complique-en-raison-des-details-du-contrat\/","name":"Nouvelles du transfert d&#39;Aston Villa : Pourquoi un \u00ab d\u00e9part tr\u00e8s m\u00e9diatis\u00e9 \u00bb en janvier pourrait \u00eatre compliqu\u00e9 en raison des d\u00e9tails du contrat","isPartOf":{"@id":"https:\/\/footdavant.fr\/actualites\/#website"},"datePublished":"2025-12-29T12:48:06+00:00","dateModified":"2025-12-29T12:48:08+00:00","breadcrumb":{"@id":"https:\/\/footdavant.fr\/actualites\/nouvelles-du-transfert-daston-villa-pourquoi-un-depart-tres-mediatise-en-janvier-pourrait-etre-complique-en-raison-des-details-du-contrat\/#breadcrumb"},"inLanguage":"fr-FR","potentialAction":[{"@type":"ReadAction","target":["https:\/\/footdavant.fr\/actualites\/nouvelles-du-transfert-daston-villa-pourquoi-un-depart-tres-mediatise-en-janvier-pourrait-etre-complique-en-raison-des-details-du-contrat\/"]}]},{"@type":"BreadcrumbList","@id":"https:\/\/footdavant.fr\/actualites\/nouvelles-du-transfert-daston-villa-pourquoi-un-depart-tres-mediatise-en-janvier-pourrait-etre-complique-en-raison-des-details-du-contrat\/#breadcrumb","itemListElement":[{"@type":"ListItem","position":1,"name":"Accueil","item":"https:\/\/footdavant.fr\/actualites\/"},{"@type":"ListItem","position":2,"name":"Nouvelles du transfert d&#39;Aston Villa : Pourquoi un \u00ab d\u00e9part tr\u00e8s m\u00e9diatis\u00e9 \u00bb en janvier pourrait \u00eatre compliqu\u00e9 en raison des d\u00e9tails du contrat"}]},{"@type":"WebSite","@id":"https:\/\/footdavant.fr\/actualites\/#website","url":"https:\/\/footdavant.fr\/actualites\/","name":"Foot d'avant","description":"","publisher":{"@id":"https:\/\/footdavant.fr\/actualites\/#organization"},"potentialAction":[{"@type":"SearchAction","target":{"@type":"EntryPoint","urlTemplate":"https:\/\/footdavant.fr\/actualites\/?s={search_term_string}"},"query-input":"required name=search_term_string"}],"inLanguage":"fr-FR"},{"@type":"Organization","@id":"https:\/\/footdavant.fr\/actualites\/#organization","name":"Foot d'avant","url":"https:\/\/footdavant.fr\/actualites\/","logo":{"@type":"ImageObject","inLanguage":"fr-FR","@id":"https:\/\/footdavant.fr\/actualites\/#\/schema\/logo\/image\/","url":"https:\/\/footdavant.fr\/actualites\/wp-content\/uploads\/2023\/09\/Copy-of-FootDavant-Logo.png","contentUrl":"https:\/\/footdavant.fr\/actualites\/wp-content\/uploads\/2023\/09\/Copy-of-FootDavant-Logo.png","width":936,"height":549,"caption":"Foot d'avant"},"image":{"@id":"https:\/\/footdavant.fr\/actualites\/#\/schema\/logo\/image\/"},"sameAs":["https:\/\/www.facebook.com\/Footdavant\/","https:\/\/twitter.com\/FootdavantFr","https:\/\/www.instagram.com\/footdavant.fr\/"]},{"@type":"Person","@id":"https:\/\/footdavant.fr\/actualites\/#\/schema\/person\/bc222566d95871b37e597b3ed3ba5e1d","name":"Cl\u00e9ment","image":{"@type":"ImageObject","inLanguage":"fr-FR","@id":"https:\/\/footdavant.fr\/actualites\/#\/schema\/person\/image\/","url":"https:\/\/secure.gravatar.com\/avatar\/7728b29aac2719421e1a9159b2254c44?s=96&d=mm&r=g","contentUrl":"https:\/\/secure.gravatar.com\/avatar\/7728b29aac2719421e1a9159b2254c44?s=96&d=mm&r=g","caption":"Cl\u00e9ment"},"sameAs":["https:\/\/footdavant.fr\/"]}]}},"_links":{"self":[{"href":"https:\/\/footdavant.fr\/actualites\/wp-json\/wp\/v2\/posts\/32875"}],"collection":[{"href":"https:\/\/footdavant.fr\/actualites\/wp-json\/wp\/v2\/posts"}],"about":[{"href":"https:\/\/footdavant.fr\/actualites\/wp-json\/wp\/v2\/types\/post"}],"author":[{"embeddable":true,"href":"https:\/\/footdavant.fr\/actualites\/wp-json\/wp\/v2\/users\/1"}],"replies":[{"embeddable":true,"href":"https:\/\/footdavant.fr\/actualites\/wp-json\/wp\/v2\/comments?post=32875"}],"version-history":[{"count":1,"href":"https:\/\/footdavant.fr\/actualites\/wp-json\/wp\/v2\/posts\/32875\/revisions"}],"predecessor-version":[{"id":32877,"href":"https:\/\/footdavant.fr\/actualites\/wp-json\/wp\/v2\/posts\/32875\/revisions\/32877"}],"wp:featuredmedia":[{"embeddable":true,"href":"https:\/\/footdavant.fr\/actualites\/wp-json\/wp\/v2\/media\/32876"}],"wp:attachment":[{"href":"https:\/\/footdavant.fr\/actualites\/wp-json\/wp\/v2\/media?parent=32875"}],"wp:term":[{"taxonomy":"category","embeddable":true,"href":"https:\/\/footdavant.fr\/actualites\/wp-json\/wp\/v2\/categories?post=32875"},{"taxonomy":"post_tag","embeddable":true,"href":"https:\/\/footdavant.fr\/actualites\/wp-json\/wp\/v2\/tags?post=32875"}],"curies":[{"name":"wp","href":"https:\/\/api.w.org\/{rel}","templated":true}]}}