{"id":32878,"date":"2025-12-29T15:48:06","date_gmt":"2025-12-29T14:48:06","guid":{"rendered":"https:\/\/footdavant.fr\/actualites\/fabrizio-romano-confirme-la-position-claire-de-man-united-sur-lavenir-de-jadon-sancho\/"},"modified":"2025-12-29T15:48:07","modified_gmt":"2025-12-29T14:48:07","slug":"fabrizio-romano-confirme-la-position-claire-de-man-united-sur-lavenir-de-jadon-sancho","status":"publish","type":"post","link":"https:\/\/footdavant.fr\/actualites\/fabrizio-romano-confirme-la-position-claire-de-man-united-sur-lavenir-de-jadon-sancho\/","title":{"rendered":"Fabrizio Romano confirme la \u00ab\u00a0position claire\u00a0\u00bb de Man United sur l&#39;avenir de Jadon Sancho &#8211;"},"content":{"rendered":"<div id=\"penci-post-entry-inner\">\n<p>\t\t\t<i class=\"penci-post-countview-number-check\" style=\"display:none\">2<\/i><\/p>\n<p><!--Article Start--><br \/>L&#39;expert en transferts Fabrizio Romano a confirm\u00e9 la position de Manchester United sur l&#39;avenir de Jadon Sancho alors qu&#39;il approche de la fin de son contrat.<\/p>\n<h3>Sancho au bord de l&#39;agence libre<\/h3>\n<p>Sancho est actuellement pr\u00eat\u00e9 \u00e0 Aston Villa apr\u00e8s que Chelsea ait choisi de ne pas le signer \u00e0 la fin de la saison derni\u00e8re.<\/p>\n<p>Chelsea avait l&#39;obligation de rendre cette d\u00e9cision permanente, mais il n&#39;a pas r\u00e9ussi \u00e0 avoir un impact significatif, obligeant le club \u00e0 payer \u00e0 United des frais de 5 millions de livres sterling pour annuler l&#39;accord.<\/p>\n<p>Il est encore en train de trouver ses marques \u00e0 Villa et n&#39;a pas encore d\u00e9but\u00e9 un match de Premier League, apr\u00e8s avoir disput\u00e9 ses huit apparitions en tant que rempla\u00e7ant sans enregistrer de but ni de passe d\u00e9cisive.<\/p>\n<table id=\"tablepress-509\" class=\"tablepress tablepress-id-509\">\n<thead>\n<tr class=\"row-1\">\n<th class=\"column-1\">Concours<\/th>\n<th class=\"column-2\">Apparitions<\/th>\n<th class=\"column-3\">Objectifs<\/th>\n<th class=\"column-4\">Aides<\/th>\n<th class=\"column-5\">Minutes jou\u00e9es<\/th>\n<\/tr>\n<\/thead>\n<tbody class=\"row-striping row-hover\">\n<tr class=\"row-2\">\n<td class=\"column-1\">Premi\u00e8re Ligue<\/td>\n<td class=\"column-2\">8<\/td>\n<td class=\"column-3\">&#8211;<\/td>\n<td class=\"column-4\">&#8211;<\/td>\n<td class=\"column-5\">158&#39;<\/td>\n<\/tr>\n<tr class=\"row-3\">\n<td class=\"column-1\">Ligue Europa<\/td>\n<td class=\"column-2\">5<\/td>\n<td class=\"column-3\">&#8211;<\/td>\n<td class=\"column-4\">&#8211;<\/td>\n<td class=\"column-5\">328&#39;<\/td>\n<\/tr>\n<tr class=\"row-4\">\n<td class=\"column-1\">Coupe EFL<\/td>\n<td class=\"column-2\">1<\/td>\n<td class=\"column-3\">&#8211;<\/td>\n<td class=\"column-4\">&#8211;<\/td>\n<td class=\"column-5\">74&#39;<\/td>\n<\/tr>\n<tr class=\"row-5\">\n<td class=\"column-1\"><\/td>\n<td class=\"column-2\"><\/td>\n<td class=\"column-3\"><\/td>\n<td class=\"column-4\"><\/td>\n<td class=\"column-5\"><\/td>\n<\/tr>\n<\/tbody>\n<\/table>\n<p><!-- #tablepress-509 from cache --><\/p>\n<p>Le contrat de Sancho avec United expire cet \u00e9t\u00e9, bien que les Red Devils conservent une clause de prolongation de 12 mois, qu&#39;ils pourraient d\u00e9clencher pour prot\u00e9ger sa valeur et tenter d&#39;obtenir des frais de transfert en se s\u00e9parant de lui.<\/p>\n<p>On pense que l\u2019international anglais suscite l\u2019int\u00e9r\u00eat de la Turquie, avec des joueurs comme Besiktas et Fenerbahce qui le regardent.<\/p>\n<p>Cependant, selon Romano, United n\u2019a aucune envie de garder Sancho plus longtemps que n\u00e9cessaire. L&#39;\u00e9quipe de Ruben Amorim a pris la d\u00e9cision de laisser le joueur de 25 ans partir en tant qu&#39;agent libre.<\/p>\n<h3>Romano confirme la position de Sancho de United<\/h3>\n<p>S&#39;exprimant sur sa cha\u00eene YouTube, Romano a expliqu\u00e9 : \u00ab\u00a0Jadon Sancho est en fin de contrat pendant le mercato d&#39;\u00e9t\u00e9. Man Utd a la possibilit\u00e9 de prolonger, mais d&#39;apr\u00e8s ce qu&#39;on m&#39;a dit, ils ont d\u00e9j\u00e0 \u00e9t\u00e9 clairs avec les personnes proches de Sancho.\u00a0\u00bb<\/p>\n<p>\u00ab\u00a0Man Utd pense que le chapitre de Sancho \u00e0 Man Utd est ferm\u00e9 et qu&#39;il n&#39;y a aucune chance de trouver une voie diff\u00e9rente.\u00a0\u00bb<\/p>\n<p>\u00ab\u00a0Sancho ne jouera plus pour Man Utd et c&#39;est la position claire du club.\u00a0\u00bb<\/p>\n<p>Le journaliste italien a poursuivi : \u00ab\u00a0Nous suivrons ce qui va se passer. Maintenant, je pense qu&#39;il est temps de laisser Jadon Sancho prendre son temps avec Aston Villa, profiter de son temps \u00e0 Aston Villa et essayer d&#39;avoir un impact.\u00a0\u00bb<\/p>\n<p>United a d\u00e9bours\u00e9 72 millions de livres sterling pour recruter Sancho du Borussia Dortmund en 2021.<\/p>\n<\/p>\n<hr\/>\n<p>The Peoples Person est l&#39;un des principaux sites d&#39;information de Man United au monde depuis plus d&#39;une d\u00e9cennie. Suivez-nous sur Bluesky\u00a0: @peoplesperson.bsky.social<\/p>\n<\/p>\n<p><!-- CONTENT END 2 --><\/p><\/div>\n","protected":false},"excerpt":{"rendered":"<p>2 L&#39;expert en transferts Fabrizio Romano a confirm\u00e9 la position de Manchester United sur l&#39;avenir de Jadon Sancho alors qu&#39;il approche de la fin de<\/p>\n","protected":false},"author":1,"featured_media":32879,"comment_status":"closed","ping_status":"","sticky":false,"template":"","format":"standard","meta":{"footnotes":""},"categories":[3],"tags":[4855,40,1113,353,4309,24,2283,1114,354,103,13],"yoast_head":"<!-- This site is optimized with the Yoast SEO plugin v21.0 - https:\/\/yoast.com\/wordpress\/plugins\/seo\/ -->\n<title>Fabrizio Romano confirme la &quot;position claire&quot; de Man United sur l&#039;avenir de Jadon Sancho -<\/title>\n<meta name=\"robots\" content=\"index, follow, max-snippet:-1, max-image-preview:large, max-video-preview:-1\" \/>\n<link rel=\"canonical\" href=\"https:\/\/footdavant.fr\/actualites\/fabrizio-romano-confirme-la-position-claire-de-man-united-sur-lavenir-de-jadon-sancho\/\" \/>\n<meta property=\"og:locale\" content=\"fr_FR\" \/>\n<meta property=\"og:type\" content=\"article\" \/>\n<meta property=\"og:title\" content=\"Fabrizio Romano confirme la &quot;position claire&quot; de Man United sur l&#039;avenir de Jadon Sancho -\" \/>\n<meta property=\"og:description\" content=\"2 L&#039;expert en transferts Fabrizio Romano a confirm\u00e9 la position de Manchester United sur l&#039;avenir de Jadon Sancho alors qu&#039;il approche de la fin de\" \/>\n<meta property=\"og:url\" content=\"https:\/\/footdavant.fr\/actualites\/fabrizio-romano-confirme-la-position-claire-de-man-united-sur-lavenir-de-jadon-sancho\/\" \/>\n<meta property=\"og:site_name\" content=\"Foot d&#039;avant\" \/>\n<meta property=\"article:publisher\" content=\"https:\/\/www.facebook.com\/Footdavant\/\" \/>\n<meta property=\"article:published_time\" content=\"2025-12-29T14:48:06+00:00\" \/>\n<meta property=\"article:modified_time\" content=\"2025-12-29T14:48:07+00:00\" \/>\n<meta property=\"og:image\" content=\"https:\/\/footdavant.fr\/actualites\/wp-content\/uploads\/2025\/12\/Fabrizio-Romano-confirme-la-position-claire-de-Man-United-sur.jpg\" \/>\n\t<meta property=\"og:image:width\" content=\"1600\" \/>\n\t<meta property=\"og:image:height\" content=\"700\" \/>\n\t<meta property=\"og:image:type\" content=\"image\/jpeg\" \/>\n<meta name=\"author\" content=\"Cl\u00e9ment\" \/>\n<meta name=\"twitter:card\" content=\"summary_large_image\" \/>\n<meta name=\"twitter:creator\" content=\"@FootdavantFr\" \/>\n<meta name=\"twitter:site\" content=\"@FootdavantFr\" \/>\n<meta name=\"twitter:label1\" content=\"\u00c9crit par\" \/>\n\t<meta name=\"twitter:data1\" content=\"Cl\u00e9ment\" \/>\n\t<meta name=\"twitter:label2\" content=\"Dur\u00e9e de lecture estim\u00e9e\" \/>\n\t<meta name=\"twitter:data2\" content=\"2 minutes\" \/>\n<script type=\"application\/ld+json\" class=\"yoast-schema-graph\">{\"@context\":\"https:\/\/schema.org\",\"@graph\":[{\"@type\":\"Article\",\"@id\":\"https:\/\/footdavant.fr\/actualites\/fabrizio-romano-confirme-la-position-claire-de-man-united-sur-lavenir-de-jadon-sancho\/#article\",\"isPartOf\":{\"@id\":\"https:\/\/footdavant.fr\/actualites\/fabrizio-romano-confirme-la-position-claire-de-man-united-sur-lavenir-de-jadon-sancho\/\"},\"author\":{\"name\":\"Cl\u00e9ment\",\"@id\":\"https:\/\/footdavant.fr\/actualites\/#\/schema\/person\/bc222566d95871b37e597b3ed3ba5e1d\"},\"headline\":\"Fabrizio Romano confirme la \u00ab\u00a0position claire\u00a0\u00bb de Man United sur l&#39;avenir de Jadon Sancho &#8211;\",\"datePublished\":\"2025-12-29T14:48:06+00:00\",\"dateModified\":\"2025-12-29T14:48:07+00:00\",\"mainEntityOfPage\":{\"@id\":\"https:\/\/footdavant.fr\/actualites\/fabrizio-romano-confirme-la-position-claire-de-man-united-sur-lavenir-de-jadon-sancho\/\"},\"wordCount\":468,\"publisher\":{\"@id\":\"https:\/\/footdavant.fr\/actualites\/#organization\"},\"keywords\":[\"claire\",\"confirme\",\"Fabrizio\",\"Jadon\",\"l39avenir\",\"Man\",\"position\",\"Romano\",\"Sancho\",\"sur\",\"United\"],\"articleSection\":[\"Football\"],\"inLanguage\":\"fr-FR\"},{\"@type\":\"WebPage\",\"@id\":\"https:\/\/footdavant.fr\/actualites\/fabrizio-romano-confirme-la-position-claire-de-man-united-sur-lavenir-de-jadon-sancho\/\",\"url\":\"https:\/\/footdavant.fr\/actualites\/fabrizio-romano-confirme-la-position-claire-de-man-united-sur-lavenir-de-jadon-sancho\/\",\"name\":\"Fabrizio Romano confirme la \\\"position claire\\\" de Man United sur l&#39;avenir de Jadon Sancho -\",\"isPartOf\":{\"@id\":\"https:\/\/footdavant.fr\/actualites\/#website\"},\"datePublished\":\"2025-12-29T14:48:06+00:00\",\"dateModified\":\"2025-12-29T14:48:07+00:00\",\"breadcrumb\":{\"@id\":\"https:\/\/footdavant.fr\/actualites\/fabrizio-romano-confirme-la-position-claire-de-man-united-sur-lavenir-de-jadon-sancho\/#breadcrumb\"},\"inLanguage\":\"fr-FR\",\"potentialAction\":[{\"@type\":\"ReadAction\",\"target\":[\"https:\/\/footdavant.fr\/actualites\/fabrizio-romano-confirme-la-position-claire-de-man-united-sur-lavenir-de-jadon-sancho\/\"]}]},{\"@type\":\"BreadcrumbList\",\"@id\":\"https:\/\/footdavant.fr\/actualites\/fabrizio-romano-confirme-la-position-claire-de-man-united-sur-lavenir-de-jadon-sancho\/#breadcrumb\",\"itemListElement\":[{\"@type\":\"ListItem\",\"position\":1,\"name\":\"Accueil\",\"item\":\"https:\/\/footdavant.fr\/actualites\/\"},{\"@type\":\"ListItem\",\"position\":2,\"name\":\"Fabrizio Romano confirme la \u00ab\u00a0position claire\u00a0\u00bb de Man United sur l&#39;avenir de Jadon Sancho &#8211;\"}]},{\"@type\":\"WebSite\",\"@id\":\"https:\/\/footdavant.fr\/actualites\/#website\",\"url\":\"https:\/\/footdavant.fr\/actualites\/\",\"name\":\"Foot d'avant\",\"description\":\"\",\"publisher\":{\"@id\":\"https:\/\/footdavant.fr\/actualites\/#organization\"},\"potentialAction\":[{\"@type\":\"SearchAction\",\"target\":{\"@type\":\"EntryPoint\",\"urlTemplate\":\"https:\/\/footdavant.fr\/actualites\/?s={search_term_string}\"},\"query-input\":\"required name=search_term_string\"}],\"inLanguage\":\"fr-FR\"},{\"@type\":\"Organization\",\"@id\":\"https:\/\/footdavant.fr\/actualites\/#organization\",\"name\":\"Foot d'avant\",\"url\":\"https:\/\/footdavant.fr\/actualites\/\",\"logo\":{\"@type\":\"ImageObject\",\"inLanguage\":\"fr-FR\",\"@id\":\"https:\/\/footdavant.fr\/actualites\/#\/schema\/logo\/image\/\",\"url\":\"https:\/\/footdavant.fr\/actualites\/wp-content\/uploads\/2023\/09\/Copy-of-FootDavant-Logo.png\",\"contentUrl\":\"https:\/\/footdavant.fr\/actualites\/wp-content\/uploads\/2023\/09\/Copy-of-FootDavant-Logo.png\",\"width\":936,\"height\":549,\"caption\":\"Foot d'avant\"},\"image\":{\"@id\":\"https:\/\/footdavant.fr\/actualites\/#\/schema\/logo\/image\/\"},\"sameAs\":[\"https:\/\/www.facebook.com\/Footdavant\/\",\"https:\/\/twitter.com\/FootdavantFr\",\"https:\/\/www.instagram.com\/footdavant.fr\/\"]},{\"@type\":\"Person\",\"@id\":\"https:\/\/footdavant.fr\/actualites\/#\/schema\/person\/bc222566d95871b37e597b3ed3ba5e1d\",\"name\":\"Cl\u00e9ment\",\"image\":{\"@type\":\"ImageObject\",\"inLanguage\":\"fr-FR\",\"@id\":\"https:\/\/footdavant.fr\/actualites\/#\/schema\/person\/image\/\",\"url\":\"https:\/\/secure.gravatar.com\/avatar\/7728b29aac2719421e1a9159b2254c44?s=96&d=mm&r=g\",\"contentUrl\":\"https:\/\/secure.gravatar.com\/avatar\/7728b29aac2719421e1a9159b2254c44?s=96&d=mm&r=g\",\"caption\":\"Cl\u00e9ment\"},\"sameAs\":[\"https:\/\/footdavant.fr\/\"]}]}<\/script>\n<!-- \/ Yoast SEO plugin. -->","yoast_head_json":{"title":"Fabrizio Romano confirme la \"position claire\" de Man United sur l&#39;avenir de Jadon Sancho -","robots":{"index":"index","follow":"follow","max-snippet":"max-snippet:-1","max-image-preview":"max-image-preview:large","max-video-preview":"max-video-preview:-1"},"canonical":"https:\/\/footdavant.fr\/actualites\/fabrizio-romano-confirme-la-position-claire-de-man-united-sur-lavenir-de-jadon-sancho\/","og_locale":"fr_FR","og_type":"article","og_title":"Fabrizio Romano confirme la \"position claire\" de Man United sur l&#39;avenir de Jadon Sancho -","og_description":"2 L&#39;expert en transferts Fabrizio Romano a confirm\u00e9 la position de Manchester United sur l&#39;avenir de Jadon Sancho alors qu&#39;il approche de la fin de","og_url":"https:\/\/footdavant.fr\/actualites\/fabrizio-romano-confirme-la-position-claire-de-man-united-sur-lavenir-de-jadon-sancho\/","og_site_name":"Foot d&#039;avant","article_publisher":"https:\/\/www.facebook.com\/Footdavant\/","article_published_time":"2025-12-29T14:48:06+00:00","article_modified_time":"2025-12-29T14:48:07+00:00","og_image":[{"width":1600,"height":700,"url":"https:\/\/footdavant.fr\/actualites\/wp-content\/uploads\/2025\/12\/Fabrizio-Romano-confirme-la-position-claire-de-Man-United-sur.jpg","type":"image\/jpeg"}],"author":"Cl\u00e9ment","twitter_card":"summary_large_image","twitter_creator":"@FootdavantFr","twitter_site":"@FootdavantFr","twitter_misc":{"\u00c9crit par":"Cl\u00e9ment","Dur\u00e9e de lecture estim\u00e9e":"2 minutes"},"schema":{"@context":"https:\/\/schema.org","@graph":[{"@type":"Article","@id":"https:\/\/footdavant.fr\/actualites\/fabrizio-romano-confirme-la-position-claire-de-man-united-sur-lavenir-de-jadon-sancho\/#article","isPartOf":{"@id":"https:\/\/footdavant.fr\/actualites\/fabrizio-romano-confirme-la-position-claire-de-man-united-sur-lavenir-de-jadon-sancho\/"},"author":{"name":"Cl\u00e9ment","@id":"https:\/\/footdavant.fr\/actualites\/#\/schema\/person\/bc222566d95871b37e597b3ed3ba5e1d"},"headline":"Fabrizio Romano confirme la \u00ab\u00a0position claire\u00a0\u00bb de Man United sur l&#39;avenir de Jadon Sancho &#8211;","datePublished":"2025-12-29T14:48:06+00:00","dateModified":"2025-12-29T14:48:07+00:00","mainEntityOfPage":{"@id":"https:\/\/footdavant.fr\/actualites\/fabrizio-romano-confirme-la-position-claire-de-man-united-sur-lavenir-de-jadon-sancho\/"},"wordCount":468,"publisher":{"@id":"https:\/\/footdavant.fr\/actualites\/#organization"},"keywords":["claire","confirme","Fabrizio","Jadon","l39avenir","Man","position","Romano","Sancho","sur","United"],"articleSection":["Football"],"inLanguage":"fr-FR"},{"@type":"WebPage","@id":"https:\/\/footdavant.fr\/actualites\/fabrizio-romano-confirme-la-position-claire-de-man-united-sur-lavenir-de-jadon-sancho\/","url":"https:\/\/footdavant.fr\/actualites\/fabrizio-romano-confirme-la-position-claire-de-man-united-sur-lavenir-de-jadon-sancho\/","name":"Fabrizio Romano confirme la \"position claire\" de Man United sur l&#39;avenir de Jadon Sancho -","isPartOf":{"@id":"https:\/\/footdavant.fr\/actualites\/#website"},"datePublished":"2025-12-29T14:48:06+00:00","dateModified":"2025-12-29T14:48:07+00:00","breadcrumb":{"@id":"https:\/\/footdavant.fr\/actualites\/fabrizio-romano-confirme-la-position-claire-de-man-united-sur-lavenir-de-jadon-sancho\/#breadcrumb"},"inLanguage":"fr-FR","potentialAction":[{"@type":"ReadAction","target":["https:\/\/footdavant.fr\/actualites\/fabrizio-romano-confirme-la-position-claire-de-man-united-sur-lavenir-de-jadon-sancho\/"]}]},{"@type":"BreadcrumbList","@id":"https:\/\/footdavant.fr\/actualites\/fabrizio-romano-confirme-la-position-claire-de-man-united-sur-lavenir-de-jadon-sancho\/#breadcrumb","itemListElement":[{"@type":"ListItem","position":1,"name":"Accueil","item":"https:\/\/footdavant.fr\/actualites\/"},{"@type":"ListItem","position":2,"name":"Fabrizio Romano confirme la \u00ab\u00a0position claire\u00a0\u00bb de Man United sur l&#39;avenir de Jadon Sancho &#8211;"}]},{"@type":"WebSite","@id":"https:\/\/footdavant.fr\/actualites\/#website","url":"https:\/\/footdavant.fr\/actualites\/","name":"Foot d'avant","description":"","publisher":{"@id":"https:\/\/footdavant.fr\/actualites\/#organization"},"potentialAction":[{"@type":"SearchAction","target":{"@type":"EntryPoint","urlTemplate":"https:\/\/footdavant.fr\/actualites\/?s={search_term_string}"},"query-input":"required name=search_term_string"}],"inLanguage":"fr-FR"},{"@type":"Organization","@id":"https:\/\/footdavant.fr\/actualites\/#organization","name":"Foot d'avant","url":"https:\/\/footdavant.fr\/actualites\/","logo":{"@type":"ImageObject","inLanguage":"fr-FR","@id":"https:\/\/footdavant.fr\/actualites\/#\/schema\/logo\/image\/","url":"https:\/\/footdavant.fr\/actualites\/wp-content\/uploads\/2023\/09\/Copy-of-FootDavant-Logo.png","contentUrl":"https:\/\/footdavant.fr\/actualites\/wp-content\/uploads\/2023\/09\/Copy-of-FootDavant-Logo.png","width":936,"height":549,"caption":"Foot d'avant"},"image":{"@id":"https:\/\/footdavant.fr\/actualites\/#\/schema\/logo\/image\/"},"sameAs":["https:\/\/www.facebook.com\/Footdavant\/","https:\/\/twitter.com\/FootdavantFr","https:\/\/www.instagram.com\/footdavant.fr\/"]},{"@type":"Person","@id":"https:\/\/footdavant.fr\/actualites\/#\/schema\/person\/bc222566d95871b37e597b3ed3ba5e1d","name":"Cl\u00e9ment","image":{"@type":"ImageObject","inLanguage":"fr-FR","@id":"https:\/\/footdavant.fr\/actualites\/#\/schema\/person\/image\/","url":"https:\/\/secure.gravatar.com\/avatar\/7728b29aac2719421e1a9159b2254c44?s=96&d=mm&r=g","contentUrl":"https:\/\/secure.gravatar.com\/avatar\/7728b29aac2719421e1a9159b2254c44?s=96&d=mm&r=g","caption":"Cl\u00e9ment"},"sameAs":["https:\/\/footdavant.fr\/"]}]}},"_links":{"self":[{"href":"https:\/\/footdavant.fr\/actualites\/wp-json\/wp\/v2\/posts\/32878"}],"collection":[{"href":"https:\/\/footdavant.fr\/actualites\/wp-json\/wp\/v2\/posts"}],"about":[{"href":"https:\/\/footdavant.fr\/actualites\/wp-json\/wp\/v2\/types\/post"}],"author":[{"embeddable":true,"href":"https:\/\/footdavant.fr\/actualites\/wp-json\/wp\/v2\/users\/1"}],"replies":[{"embeddable":true,"href":"https:\/\/footdavant.fr\/actualites\/wp-json\/wp\/v2\/comments?post=32878"}],"version-history":[{"count":1,"href":"https:\/\/footdavant.fr\/actualites\/wp-json\/wp\/v2\/posts\/32878\/revisions"}],"predecessor-version":[{"id":32880,"href":"https:\/\/footdavant.fr\/actualites\/wp-json\/wp\/v2\/posts\/32878\/revisions\/32880"}],"wp:featuredmedia":[{"embeddable":true,"href":"https:\/\/footdavant.fr\/actualites\/wp-json\/wp\/v2\/media\/32879"}],"wp:attachment":[{"href":"https:\/\/footdavant.fr\/actualites\/wp-json\/wp\/v2\/media?parent=32878"}],"wp:term":[{"taxonomy":"category","embeddable":true,"href":"https:\/\/footdavant.fr\/actualites\/wp-json\/wp\/v2\/categories?post=32878"},{"taxonomy":"post_tag","embeddable":true,"href":"https:\/\/footdavant.fr\/actualites\/wp-json\/wp\/v2\/tags?post=32878"}],"curies":[{"name":"wp","href":"https:\/\/api.w.org\/{rel}","templated":true}]}}