{"id":32889,"date":"2025-12-29T23:48:21","date_gmt":"2025-12-29T22:48:21","guid":{"rendered":"https:\/\/footdavant.fr\/actualites\/en-retard-joyeux-gabriel-a-toi\/"},"modified":"2025-12-29T23:48:23","modified_gmt":"2025-12-29T22:48:23","slug":"en-retard-joyeux-gabriel-a-toi","status":"publish","type":"post","link":"https:\/\/footdavant.fr\/actualites\/en-retard-joyeux-gabriel-a-toi\/","title":{"rendered":"En retard Joyeux Gabriel \u00e0 toi"},"content":{"rendered":"<div>\n<p>Matin.<\/p>\n<p>D\u00e9sol\u00e9 pour le retard du blog d&#39;aujourd&#39;hui, mais j&#39;ai dormi malgr\u00e9 deux alarmes. Tout le vin de f\u00eate me rattrape, je suppose. Il ne semble pas se passer grand-chose en ce moment, et je ne pense pas qu&#39;il y ait grand-chose \u00e0 dire apr\u00e8s la victoire contre Brighton.<\/p>\n<p>Je suis conscient du fait que mon exp\u00e9rience de ce match \u00e9tait vraiment un \u00ab premier probl\u00e8me mondial \u00bb en termes de football de nos jours. J&#39;ai exprim\u00e9 mes sentiments hier sur le blog et dans l&#39;Arsecast Extra, mais la r\u00e9alit\u00e9 est que mon \u00e9quipe a gagn\u00e9 et nous sommes en t\u00eate du classement. C&#39;est plut\u00f4t bien, tu sais. Jolie, jolie, plut\u00f4t bonne.<\/p>\n<p>Nous avons des choses \u00e0 r\u00e9gler, mais c\u2019est le meilleur endroit possible pour le faire. Je suis encourag\u00e9 par le retour de Gabriel, un joueur qui, je pense, nous a beaucoup manqu\u00e9 m\u00eame si les r\u00e9sultats ne le d\u00e9montrent pas forc\u00e9ment. Je dirai que je ne pense pas que nous perdrons contre Aston Villa s\u2019il est dans l\u2019\u00e9quipe, ce qui n\u2019est pas \u00e0 bl\u00e2mer pour cette d\u00e9faite. C&#39;est juste qu&#39;il a une pr\u00e9sence qui manquerait \u00e0 n&#39;importe quelle \u00e9quipe dans le monde.<\/p>\n<p>Pas seulement d\u00e9fensivement, mais aussi offensivement. Il a un but et deux passes d\u00e9cisives en Premier League cette saison, ce n&#39;est pas un chiffre \u00e9norme, mais le simple fait d&#39;\u00eatre l\u00e0 d\u00e9stabilise les d\u00e9fenses et nous rend plus dangereux sur coups de pied arr\u00eat\u00e9s. J\u2019esp\u00e8re qu\u2019il perturbera la merde toujours amoureuse d\u2019Aston Villa demain, mais je pense aussi que le fait de r\u00e9unir \u00e0 nouveau le meilleur partenariat d\u00e9fensif central d\u2019Europe aura \u00e9galement un impact sur notre jeu offensif.<\/p>\n<p>On s\u2019y int\u00e9resse tellement en ce moment, et je le comprends. Pour moi, c&#39;est un peu plus une question de ma\u00eetrise que de produit final. Chaque \u00e9quipe manque des occasions, mais si vous \u00eates une unit\u00e9 coh\u00e9rente, vous en cr\u00e9ez g\u00e9n\u00e9ralement suffisamment pour compenser. Nous avons eu beaucoup d&#39;instabilit\u00e9 en d\u00e9fense, avec presque une s\u00e9lection diff\u00e9rente \u00e0 chaque match cette saison, et cela a un impact. Esp\u00e9rons qu\u2019un peu de coh\u00e9rence l\u00e0-bas puisse porter ses fruits plus haut sur le terrain.<\/p>\n<p>Quoi qu&#39;il en soit, c&#39;est tout ce que j&#39;ai ce matin, dans cette \u00e9trange p\u00e9riode de flou entre No\u00ebl et le nouvel an. Je sais que c&#39;est un lundi sur papier, mais cela ne ressemble pas du tout \u00e0 un jour normal de la semaine. J&#39;aurais bien trouv\u00e9 un nom pour cela, mais je n&#39;en ai tout simplement pas le courage aujourd&#39;hui. Me r\u00e9veiller tard me d\u00e9range d&#39;une mani\u00e8re que je ne peux pas vraiment expliquer. C&#39;est comme ne pas \u00eatre \u00e0 l&#39;heure pour quelque chose mais amplifi\u00e9 de six mille milliards quarante-deux. Ce qui est bizarre, car au final, je peux publier le blog quand je veux et personne ne va me gronder.<\/p>\n<p>Mon patron ne va pas me r\u00e9primander, parce qu&#39;il. Ou du moins, c&#39;est moi, et je peux essentiellement faire ce que je veux, mais j&#39;ai commenc\u00e9 aujourd&#39;hui avec le sentiment de vous avoir tous laiss\u00e9 tomber et j&#39;en suis d\u00e9sol\u00e9. Comme si j&#39;avais \u00e9t\u00e9 envoy\u00e9 au but par Bukayo Saka et que je l&#39;avais lanc\u00e9 au-dessus de la barre \u00e0 6 m\u00e8tres. Cela dit, m\u00eame si je n&#39;ai pas le rythme n\u00e9cessaire pour acc\u00e9der \u00e0 cette position ces jours-ci, je serais confiant de pouvoir le mettre au fond des filets \u00e0 partir de l\u00e0. Donc, finalement, tout cela est de la faute de Gabriel Martinelli et il nous doit quelques buts contre Villa.<\/p>\n<p>C&#39;est vrai, \u00e7a suffit. Plus tard, nous aurons un \u00e9pisode de The 30 pour vous, rassemblant toute l&#39;action de la Premier League de ce week-end, ainsi qu&#39;un module de pr\u00e9visualisation d&#39;Aston Villa, sur Patreon. Rejoignez-nous l\u00e0-bas pour tout cela. En attendant, profitez de votre pas vraiment lundi qui est en fait un lundi des derniers jours de 2025.<\/p>\n<p>Au revoir.<\/p>\n<\/div>\n","protected":false},"excerpt":{"rendered":"<p>Matin. D\u00e9sol\u00e9 pour le retard du blog d&#39;aujourd&#39;hui, mais j&#39;ai dormi malgr\u00e9 deux alarmes. Tout le vin de f\u00eate me rattrape, je suppose. Il ne<\/p>\n","protected":false},"author":1,"featured_media":32890,"comment_status":"closed","ping_status":"","sticky":false,"template":"","format":"standard","meta":{"footnotes":""},"categories":[3],"tags":[233,11242,2884,11243],"yoast_head":"<!-- This site is optimized with the Yoast SEO plugin v21.0 - https:\/\/yoast.com\/wordpress\/plugins\/seo\/ -->\n<title>En retard Joyeux Gabriel \u00e0 toi<\/title>\n<meta name=\"robots\" content=\"index, follow, max-snippet:-1, max-image-preview:large, max-video-preview:-1\" \/>\n<link rel=\"canonical\" href=\"https:\/\/footdavant.fr\/actualites\/en-retard-joyeux-gabriel-a-toi\/\" \/>\n<meta property=\"og:locale\" content=\"fr_FR\" \/>\n<meta property=\"og:type\" content=\"article\" \/>\n<meta property=\"og:title\" content=\"En retard Joyeux Gabriel \u00e0 toi\" \/>\n<meta property=\"og:description\" content=\"Matin. D\u00e9sol\u00e9 pour le retard du blog d&#039;aujourd&#039;hui, mais j&#039;ai dormi malgr\u00e9 deux alarmes. Tout le vin de f\u00eate me rattrape, je suppose. Il ne\" \/>\n<meta property=\"og:url\" content=\"https:\/\/footdavant.fr\/actualites\/en-retard-joyeux-gabriel-a-toi\/\" \/>\n<meta property=\"og:site_name\" content=\"Foot d&#039;avant\" \/>\n<meta property=\"article:publisher\" content=\"https:\/\/www.facebook.com\/Footdavant\/\" \/>\n<meta property=\"article:published_time\" content=\"2025-12-29T22:48:21+00:00\" \/>\n<meta property=\"article:modified_time\" content=\"2025-12-29T22:48:23+00:00\" \/>\n<meta property=\"og:image\" content=\"https:\/\/footdavant.fr\/actualites\/wp-content\/uploads\/2025\/12\/En-retard-Joyeux-Gabriel-a-toi.jpg\" \/>\n\t<meta property=\"og:image:width\" content=\"1500\" \/>\n\t<meta property=\"og:image:height\" content=\"750\" \/>\n\t<meta property=\"og:image:type\" content=\"image\/jpeg\" \/>\n<meta name=\"author\" content=\"Cl\u00e9ment\" \/>\n<meta name=\"twitter:card\" content=\"summary_large_image\" \/>\n<meta name=\"twitter:creator\" content=\"@FootdavantFr\" \/>\n<meta name=\"twitter:site\" content=\"@FootdavantFr\" \/>\n<meta name=\"twitter:label1\" content=\"\u00c9crit par\" \/>\n\t<meta name=\"twitter:data1\" content=\"Cl\u00e9ment\" \/>\n\t<meta name=\"twitter:label2\" content=\"Dur\u00e9e de lecture estim\u00e9e\" \/>\n\t<meta name=\"twitter:data2\" content=\"4 minutes\" \/>\n<script type=\"application\/ld+json\" class=\"yoast-schema-graph\">{\"@context\":\"https:\/\/schema.org\",\"@graph\":[{\"@type\":\"Article\",\"@id\":\"https:\/\/footdavant.fr\/actualites\/en-retard-joyeux-gabriel-a-toi\/#article\",\"isPartOf\":{\"@id\":\"https:\/\/footdavant.fr\/actualites\/en-retard-joyeux-gabriel-a-toi\/\"},\"author\":{\"name\":\"Cl\u00e9ment\",\"@id\":\"https:\/\/footdavant.fr\/actualites\/#\/schema\/person\/bc222566d95871b37e597b3ed3ba5e1d\"},\"headline\":\"En retard Joyeux Gabriel \u00e0 toi\",\"datePublished\":\"2025-12-29T22:48:21+00:00\",\"dateModified\":\"2025-12-29T22:48:23+00:00\",\"mainEntityOfPage\":{\"@id\":\"https:\/\/footdavant.fr\/actualites\/en-retard-joyeux-gabriel-a-toi\/\"},\"wordCount\":727,\"publisher\":{\"@id\":\"https:\/\/footdavant.fr\/actualites\/#organization\"},\"keywords\":[\"Gabriel\",\"Joyeux\",\"retard\",\"toi\"],\"articleSection\":[\"Football\"],\"inLanguage\":\"fr-FR\"},{\"@type\":\"WebPage\",\"@id\":\"https:\/\/footdavant.fr\/actualites\/en-retard-joyeux-gabriel-a-toi\/\",\"url\":\"https:\/\/footdavant.fr\/actualites\/en-retard-joyeux-gabriel-a-toi\/\",\"name\":\"En retard Joyeux Gabriel \u00e0 toi\",\"isPartOf\":{\"@id\":\"https:\/\/footdavant.fr\/actualites\/#website\"},\"datePublished\":\"2025-12-29T22:48:21+00:00\",\"dateModified\":\"2025-12-29T22:48:23+00:00\",\"breadcrumb\":{\"@id\":\"https:\/\/footdavant.fr\/actualites\/en-retard-joyeux-gabriel-a-toi\/#breadcrumb\"},\"inLanguage\":\"fr-FR\",\"potentialAction\":[{\"@type\":\"ReadAction\",\"target\":[\"https:\/\/footdavant.fr\/actualites\/en-retard-joyeux-gabriel-a-toi\/\"]}]},{\"@type\":\"BreadcrumbList\",\"@id\":\"https:\/\/footdavant.fr\/actualites\/en-retard-joyeux-gabriel-a-toi\/#breadcrumb\",\"itemListElement\":[{\"@type\":\"ListItem\",\"position\":1,\"name\":\"Accueil\",\"item\":\"https:\/\/footdavant.fr\/actualites\/\"},{\"@type\":\"ListItem\",\"position\":2,\"name\":\"En retard Joyeux Gabriel \u00e0 toi\"}]},{\"@type\":\"WebSite\",\"@id\":\"https:\/\/footdavant.fr\/actualites\/#website\",\"url\":\"https:\/\/footdavant.fr\/actualites\/\",\"name\":\"Foot d'avant\",\"description\":\"\",\"publisher\":{\"@id\":\"https:\/\/footdavant.fr\/actualites\/#organization\"},\"potentialAction\":[{\"@type\":\"SearchAction\",\"target\":{\"@type\":\"EntryPoint\",\"urlTemplate\":\"https:\/\/footdavant.fr\/actualites\/?s={search_term_string}\"},\"query-input\":\"required name=search_term_string\"}],\"inLanguage\":\"fr-FR\"},{\"@type\":\"Organization\",\"@id\":\"https:\/\/footdavant.fr\/actualites\/#organization\",\"name\":\"Foot d'avant\",\"url\":\"https:\/\/footdavant.fr\/actualites\/\",\"logo\":{\"@type\":\"ImageObject\",\"inLanguage\":\"fr-FR\",\"@id\":\"https:\/\/footdavant.fr\/actualites\/#\/schema\/logo\/image\/\",\"url\":\"https:\/\/footdavant.fr\/actualites\/wp-content\/uploads\/2023\/09\/Copy-of-FootDavant-Logo.png\",\"contentUrl\":\"https:\/\/footdavant.fr\/actualites\/wp-content\/uploads\/2023\/09\/Copy-of-FootDavant-Logo.png\",\"width\":936,\"height\":549,\"caption\":\"Foot d'avant\"},\"image\":{\"@id\":\"https:\/\/footdavant.fr\/actualites\/#\/schema\/logo\/image\/\"},\"sameAs\":[\"https:\/\/www.facebook.com\/Footdavant\/\",\"https:\/\/twitter.com\/FootdavantFr\",\"https:\/\/www.instagram.com\/footdavant.fr\/\"]},{\"@type\":\"Person\",\"@id\":\"https:\/\/footdavant.fr\/actualites\/#\/schema\/person\/bc222566d95871b37e597b3ed3ba5e1d\",\"name\":\"Cl\u00e9ment\",\"image\":{\"@type\":\"ImageObject\",\"inLanguage\":\"fr-FR\",\"@id\":\"https:\/\/footdavant.fr\/actualites\/#\/schema\/person\/image\/\",\"url\":\"https:\/\/secure.gravatar.com\/avatar\/7728b29aac2719421e1a9159b2254c44?s=96&d=mm&r=g\",\"contentUrl\":\"https:\/\/secure.gravatar.com\/avatar\/7728b29aac2719421e1a9159b2254c44?s=96&d=mm&r=g\",\"caption\":\"Cl\u00e9ment\"},\"sameAs\":[\"https:\/\/footdavant.fr\/\"]}]}<\/script>\n<!-- \/ Yoast SEO plugin. -->","yoast_head_json":{"title":"En retard Joyeux Gabriel \u00e0 toi","robots":{"index":"index","follow":"follow","max-snippet":"max-snippet:-1","max-image-preview":"max-image-preview:large","max-video-preview":"max-video-preview:-1"},"canonical":"https:\/\/footdavant.fr\/actualites\/en-retard-joyeux-gabriel-a-toi\/","og_locale":"fr_FR","og_type":"article","og_title":"En retard Joyeux Gabriel \u00e0 toi","og_description":"Matin. D\u00e9sol\u00e9 pour le retard du blog d&#39;aujourd&#39;hui, mais j&#39;ai dormi malgr\u00e9 deux alarmes. Tout le vin de f\u00eate me rattrape, je suppose. Il ne","og_url":"https:\/\/footdavant.fr\/actualites\/en-retard-joyeux-gabriel-a-toi\/","og_site_name":"Foot d&#039;avant","article_publisher":"https:\/\/www.facebook.com\/Footdavant\/","article_published_time":"2025-12-29T22:48:21+00:00","article_modified_time":"2025-12-29T22:48:23+00:00","og_image":[{"width":1500,"height":750,"url":"https:\/\/footdavant.fr\/actualites\/wp-content\/uploads\/2025\/12\/En-retard-Joyeux-Gabriel-a-toi.jpg","type":"image\/jpeg"}],"author":"Cl\u00e9ment","twitter_card":"summary_large_image","twitter_creator":"@FootdavantFr","twitter_site":"@FootdavantFr","twitter_misc":{"\u00c9crit par":"Cl\u00e9ment","Dur\u00e9e de lecture estim\u00e9e":"4 minutes"},"schema":{"@context":"https:\/\/schema.org","@graph":[{"@type":"Article","@id":"https:\/\/footdavant.fr\/actualites\/en-retard-joyeux-gabriel-a-toi\/#article","isPartOf":{"@id":"https:\/\/footdavant.fr\/actualites\/en-retard-joyeux-gabriel-a-toi\/"},"author":{"name":"Cl\u00e9ment","@id":"https:\/\/footdavant.fr\/actualites\/#\/schema\/person\/bc222566d95871b37e597b3ed3ba5e1d"},"headline":"En retard Joyeux Gabriel \u00e0 toi","datePublished":"2025-12-29T22:48:21+00:00","dateModified":"2025-12-29T22:48:23+00:00","mainEntityOfPage":{"@id":"https:\/\/footdavant.fr\/actualites\/en-retard-joyeux-gabriel-a-toi\/"},"wordCount":727,"publisher":{"@id":"https:\/\/footdavant.fr\/actualites\/#organization"},"keywords":["Gabriel","Joyeux","retard","toi"],"articleSection":["Football"],"inLanguage":"fr-FR"},{"@type":"WebPage","@id":"https:\/\/footdavant.fr\/actualites\/en-retard-joyeux-gabriel-a-toi\/","url":"https:\/\/footdavant.fr\/actualites\/en-retard-joyeux-gabriel-a-toi\/","name":"En retard Joyeux Gabriel \u00e0 toi","isPartOf":{"@id":"https:\/\/footdavant.fr\/actualites\/#website"},"datePublished":"2025-12-29T22:48:21+00:00","dateModified":"2025-12-29T22:48:23+00:00","breadcrumb":{"@id":"https:\/\/footdavant.fr\/actualites\/en-retard-joyeux-gabriel-a-toi\/#breadcrumb"},"inLanguage":"fr-FR","potentialAction":[{"@type":"ReadAction","target":["https:\/\/footdavant.fr\/actualites\/en-retard-joyeux-gabriel-a-toi\/"]}]},{"@type":"BreadcrumbList","@id":"https:\/\/footdavant.fr\/actualites\/en-retard-joyeux-gabriel-a-toi\/#breadcrumb","itemListElement":[{"@type":"ListItem","position":1,"name":"Accueil","item":"https:\/\/footdavant.fr\/actualites\/"},{"@type":"ListItem","position":2,"name":"En retard Joyeux Gabriel \u00e0 toi"}]},{"@type":"WebSite","@id":"https:\/\/footdavant.fr\/actualites\/#website","url":"https:\/\/footdavant.fr\/actualites\/","name":"Foot d'avant","description":"","publisher":{"@id":"https:\/\/footdavant.fr\/actualites\/#organization"},"potentialAction":[{"@type":"SearchAction","target":{"@type":"EntryPoint","urlTemplate":"https:\/\/footdavant.fr\/actualites\/?s={search_term_string}"},"query-input":"required name=search_term_string"}],"inLanguage":"fr-FR"},{"@type":"Organization","@id":"https:\/\/footdavant.fr\/actualites\/#organization","name":"Foot d'avant","url":"https:\/\/footdavant.fr\/actualites\/","logo":{"@type":"ImageObject","inLanguage":"fr-FR","@id":"https:\/\/footdavant.fr\/actualites\/#\/schema\/logo\/image\/","url":"https:\/\/footdavant.fr\/actualites\/wp-content\/uploads\/2023\/09\/Copy-of-FootDavant-Logo.png","contentUrl":"https:\/\/footdavant.fr\/actualites\/wp-content\/uploads\/2023\/09\/Copy-of-FootDavant-Logo.png","width":936,"height":549,"caption":"Foot d'avant"},"image":{"@id":"https:\/\/footdavant.fr\/actualites\/#\/schema\/logo\/image\/"},"sameAs":["https:\/\/www.facebook.com\/Footdavant\/","https:\/\/twitter.com\/FootdavantFr","https:\/\/www.instagram.com\/footdavant.fr\/"]},{"@type":"Person","@id":"https:\/\/footdavant.fr\/actualites\/#\/schema\/person\/bc222566d95871b37e597b3ed3ba5e1d","name":"Cl\u00e9ment","image":{"@type":"ImageObject","inLanguage":"fr-FR","@id":"https:\/\/footdavant.fr\/actualites\/#\/schema\/person\/image\/","url":"https:\/\/secure.gravatar.com\/avatar\/7728b29aac2719421e1a9159b2254c44?s=96&d=mm&r=g","contentUrl":"https:\/\/secure.gravatar.com\/avatar\/7728b29aac2719421e1a9159b2254c44?s=96&d=mm&r=g","caption":"Cl\u00e9ment"},"sameAs":["https:\/\/footdavant.fr\/"]}]}},"_links":{"self":[{"href":"https:\/\/footdavant.fr\/actualites\/wp-json\/wp\/v2\/posts\/32889"}],"collection":[{"href":"https:\/\/footdavant.fr\/actualites\/wp-json\/wp\/v2\/posts"}],"about":[{"href":"https:\/\/footdavant.fr\/actualites\/wp-json\/wp\/v2\/types\/post"}],"author":[{"embeddable":true,"href":"https:\/\/footdavant.fr\/actualites\/wp-json\/wp\/v2\/users\/1"}],"replies":[{"embeddable":true,"href":"https:\/\/footdavant.fr\/actualites\/wp-json\/wp\/v2\/comments?post=32889"}],"version-history":[{"count":1,"href":"https:\/\/footdavant.fr\/actualites\/wp-json\/wp\/v2\/posts\/32889\/revisions"}],"predecessor-version":[{"id":32891,"href":"https:\/\/footdavant.fr\/actualites\/wp-json\/wp\/v2\/posts\/32889\/revisions\/32891"}],"wp:featuredmedia":[{"embeddable":true,"href":"https:\/\/footdavant.fr\/actualites\/wp-json\/wp\/v2\/media\/32890"}],"wp:attachment":[{"href":"https:\/\/footdavant.fr\/actualites\/wp-json\/wp\/v2\/media?parent=32889"}],"wp:term":[{"taxonomy":"category","embeddable":true,"href":"https:\/\/footdavant.fr\/actualites\/wp-json\/wp\/v2\/categories?post=32889"},{"taxonomy":"post_tag","embeddable":true,"href":"https:\/\/footdavant.fr\/actualites\/wp-json\/wp\/v2\/tags?post=32889"}],"curies":[{"name":"wp","href":"https:\/\/api.w.org\/{rel}","templated":true}]}}