{"id":32907,"date":"2025-12-30T11:48:13","date_gmt":"2025-12-30T10:48:13","guid":{"rendered":"https:\/\/footdavant.fr\/actualites\/lea-schuller-man-united-women-signe-officiellement-lattaquant-vedette\/"},"modified":"2025-12-30T11:48:15","modified_gmt":"2025-12-30T10:48:15","slug":"lea-schuller-man-united-women-signe-officiellement-lattaquant-vedette","status":"publish","type":"post","link":"https:\/\/footdavant.fr\/actualites\/lea-schuller-man-united-women-signe-officiellement-lattaquant-vedette\/","title":{"rendered":"Lea Schuller: Man United Women signe officiellement l&#39;attaquant vedette &#8211;"},"content":{"rendered":"<div id=\"penci-post-entry-inner\">\n<p>\t\t\t<i class=\"penci-post-countview-number-check\" style=\"display:none\">3<\/i><\/p>\n<p>Manchester United Women a r\u00e9alis\u00e9 un tripl\u00e9 d&#39;annonces hier apr\u00e8s-midi.<\/p>\n<h3>Fin d&#39;ann\u00e9e charg\u00e9e<\/h3>\n<p>Marc Skinner a longuement expliqu\u00e9 \u00e0 quel point son \u00e9quipe avait besoin de plus de profondeur pour la seconde moiti\u00e9 de la saison.<\/p>\n<p>United a annonc\u00e9 il y a quelques jours la signature de l&#39;internationale su\u00e9doise Hanna Lundkvist apr\u00e8s avoir quitt\u00e9 le San Diego Wave en tant qu&#39;agent libre.<\/p>\n<p>Les Diables Rouges ont \u00e9galement annonc\u00e9 que le populaire milieu de terrain Hinata Miyazawa avait accept\u00e9 un nouvel accord \u00e0 long terme.<\/p>\n<h3>L\u00e9a Schuller signe<\/h3>\n<p>Le club a ajout\u00e9 \u00e0 l&#39;enthousiasme de l&#39;apr\u00e8s-No\u00ebl en annon\u00e7ant officiellement que l&#39;attaquante allemande Lea Sch\u00fcller rejoindrait \u00e9galement le club.<\/p>\n<p>Le site officiel du club a indiqu\u00e9 que \u00ab\u00a0Manchester United est heureux de confirmer que Lea Sch\u00fcller a accept\u00e9 de rejoindre le club le 1er janvier 2026 en provenance du Bayern Munich, sous r\u00e9serve d&#39;une autorisation et d&#39;un enregistrement internationaux.\u00a0\u00bb<\/p>\n<p>Le club a \u00e9galement confirm\u00e9 qu&#39;elle \u00ab\u00a0avait conclu un contrat jusqu&#39;en juin 2029\u00a0\u00bb, la liant dans un avenir pr\u00e9visible.<\/p>\n<h3>Le club parfait<\/h3>\n<p>L&#39;ancienne star du Bayern Munich est clairement enthousiasm\u00e9e par cette d\u00e9cision et a d\u00e9clar\u00e9 sur le site du club que \u00ab\u00a0d\u00e8s les premi\u00e8res conversations que j&#39;ai eues avec Marc et le club, les ambitions de tout le monde ici \u00e9taient tr\u00e8s claires\u00a0\u00bb.<\/p>\n<p>Elle a poursuivi: \u00ab\u00a0J&#39;ai encore tellement de choses \u00e0 accomplir dans ma carri\u00e8re et je sais que Manchester United est le club id\u00e9al \u00e0 rejoindre.\u00a0\u00bb<\/p>\n<p>Elle a \u00e9galement assur\u00e9 aux fans qu&#39;elle pensait que le style de football du club correspondait vraiment \u00e0 la fa\u00e7on dont elle jouait et qu&#39;elle esp\u00e9rait que \u00ab\u00a0ses qualit\u00e9s et son exp\u00e9rience pourront nous aider \u00e0 atteindre nos objectifs en Angleterre et en Ligue des champions\u00a0\u00bb.<\/p>\n<blockquote class=\"twitter-tweet\">\n<p lang=\"en\" dir=\"ltr\">Vous ne l&#39;avez jamais vu venir \ud83d\ude09<\/p>\n<p>Accueillez chaleureusement Lea Schuller \u00e0 United ! \u270d\ufe0f\ud83c\udde9\ud83c\uddea <a rel=\"nofollow\" href=\"https:\/\/t.co\/PyloWFydlY\">pic.twitter.com\/PyloWFydlY<\/a><\/p>\n<p>\u2013 Manchester United Femmes (@ManUtdWomen) <a rel=\"nofollow\" href=\"https:\/\/twitter.com\/ManUtdWomen\/status\/2005655053504561309?ref_src=twsrc%5Etfw\">29 d\u00e9cembre 2025<\/a><\/p>\n<\/blockquote>\n<p>Le directeur du football f\u00e9minin de Manchester United, Matt Johnson, a \u00e9galement ajout\u00e9 : \u00ab\u00a0Le record de buts de Lea est ph\u00e9nom\u00e9nal, son style de jeu donnera \u00e0 notre attaque une nouvelle dimension passionnante. Nous sommes ravis d&#39;ajouter une joueuse de son pedigree au groupe.\u00a0\u00bb<\/p>\n<p>Il a \u00e9galement expliqu\u00e9 que son exp\u00e9rience et sa mentalit\u00e9 gagnante donneront, esp\u00e9rons-le, un excellent exemple au jeune groupe.<\/p>\n<h2 id=\"tablepress-502-name\" class=\"tablepress-table-name tablepress-table-name-id-502\">Statistiques de carri\u00e8re de L\u00e9a Schuller<\/h2>\n<table id=\"tablepress-502\" class=\"tablepress tablepress-id-502\" aria-labelledby=\"tablepress-502-name\">\n<thead>\n<tr class=\"row-1\">\n<th class=\"column-1\">\u00c9quipe<\/th>\n<th class=\"column-2\">Apparitions<\/th>\n<th class=\"column-3\">Objectifs<\/th>\n<th class=\"column-4\">Ann\u00e9es d&#39;activit\u00e9<\/th>\n<\/tr>\n<\/thead>\n<tbody class=\"row-striping row-hover\">\n<tr class=\"row-2\">\n<td class=\"column-1\">Bayern Munich<\/td>\n<td class=\"column-2\">177<\/td>\n<td class=\"column-3\">102<\/td>\n<td class=\"column-4\">2019-<\/td>\n<\/tr>\n<tr class=\"row-3\">\n<td class=\"column-1\">SGS Essen<\/td>\n<td class=\"column-2\">143<\/td>\n<td class=\"column-3\">77<\/td>\n<td class=\"column-4\">2013-2019<\/td>\n<\/tr>\n<tr class=\"row-4\">\n<td class=\"column-1\">Allemagne<\/td>\n<td class=\"column-2\">82<\/td>\n<td class=\"column-3\">54<\/td>\n<td class=\"column-4\">2017-<\/td>\n<\/tr>\n<\/tbody>\n<\/table>\n<p><!-- #tablepress-502 from cache --><\/p>\n<p>Source : Wikip\u00e9dia<\/p>\n<hr\/>\n<p>The Peoples Person est l&#39;un des principaux sites d&#39;information de Man United au monde depuis plus d&#39;une d\u00e9cennie. Suivez-nous sur Bluesky\u00a0: @peoplesperson.bsky.social<\/p>\n<\/p>\n<p><!-- CONTENT END 2 --><\/p><\/div>\n<p><script async src=\"https:\/\/platform.twitter.com\/widgets.js\" charset=\"utf-8\"><\/script><\/p>\n","protected":false},"excerpt":{"rendered":"<p>3 Manchester United Women a r\u00e9alis\u00e9 un tripl\u00e9 d&#39;annonces hier apr\u00e8s-midi. Fin d&#39;ann\u00e9e charg\u00e9e Marc Skinner a longuement expliqu\u00e9 \u00e0 quel point son \u00e9quipe avait<\/p>\n","protected":false},"author":1,"featured_media":32908,"comment_status":"closed","ping_status":"","sticky":false,"template":"","format":"standard","meta":{"footnotes":""},"categories":[3],"tags":[4304,11246,24,766,11247,515,13,4554,4059],"yoast_head":"<!-- This site is optimized with the Yoast SEO plugin v21.0 - https:\/\/yoast.com\/wordpress\/plugins\/seo\/ -->\n<title>Lea Schuller: Man United Women signe officiellement l&#039;attaquant vedette -<\/title>\n<meta name=\"robots\" content=\"index, follow, max-snippet:-1, max-image-preview:large, max-video-preview:-1\" \/>\n<link rel=\"canonical\" href=\"https:\/\/footdavant.fr\/actualites\/lea-schuller-man-united-women-signe-officiellement-lattaquant-vedette\/\" \/>\n<meta property=\"og:locale\" content=\"fr_FR\" \/>\n<meta property=\"og:type\" content=\"article\" \/>\n<meta property=\"og:title\" content=\"Lea Schuller: Man United Women signe officiellement l&#039;attaquant vedette -\" \/>\n<meta property=\"og:description\" content=\"3 Manchester United Women a r\u00e9alis\u00e9 un tripl\u00e9 d&#039;annonces hier apr\u00e8s-midi. Fin d&#039;ann\u00e9e charg\u00e9e Marc Skinner a longuement expliqu\u00e9 \u00e0 quel point son \u00e9quipe avait\" \/>\n<meta property=\"og:url\" content=\"https:\/\/footdavant.fr\/actualites\/lea-schuller-man-united-women-signe-officiellement-lattaquant-vedette\/\" \/>\n<meta property=\"og:site_name\" content=\"Foot d&#039;avant\" \/>\n<meta property=\"article:publisher\" content=\"https:\/\/www.facebook.com\/Footdavant\/\" \/>\n<meta property=\"article:published_time\" content=\"2025-12-30T10:48:13+00:00\" \/>\n<meta property=\"article:modified_time\" content=\"2025-12-30T10:48:15+00:00\" \/>\n<meta property=\"og:image\" content=\"https:\/\/footdavant.fr\/actualites\/wp-content\/uploads\/2025\/12\/Lea-Schuller-Man-United-Women-signe-officiellement-l39attaquant-vedette.webp.webp\" \/>\n\t<meta property=\"og:image:width\" content=\"1200\" \/>\n\t<meta property=\"og:image:height\" content=\"800\" \/>\n\t<meta property=\"og:image:type\" content=\"image\/webp\" \/>\n<meta name=\"author\" content=\"Cl\u00e9ment\" \/>\n<meta name=\"twitter:card\" content=\"summary_large_image\" \/>\n<meta name=\"twitter:creator\" content=\"@FootdavantFr\" \/>\n<meta name=\"twitter:site\" content=\"@FootdavantFr\" \/>\n<meta name=\"twitter:label1\" content=\"\u00c9crit par\" \/>\n\t<meta name=\"twitter:data1\" content=\"Cl\u00e9ment\" \/>\n\t<meta name=\"twitter:label2\" content=\"Dur\u00e9e de lecture estim\u00e9e\" \/>\n\t<meta name=\"twitter:data2\" content=\"2 minutes\" \/>\n<script type=\"application\/ld+json\" class=\"yoast-schema-graph\">{\"@context\":\"https:\/\/schema.org\",\"@graph\":[{\"@type\":\"Article\",\"@id\":\"https:\/\/footdavant.fr\/actualites\/lea-schuller-man-united-women-signe-officiellement-lattaquant-vedette\/#article\",\"isPartOf\":{\"@id\":\"https:\/\/footdavant.fr\/actualites\/lea-schuller-man-united-women-signe-officiellement-lattaquant-vedette\/\"},\"author\":{\"name\":\"Cl\u00e9ment\",\"@id\":\"https:\/\/footdavant.fr\/actualites\/#\/schema\/person\/bc222566d95871b37e597b3ed3ba5e1d\"},\"headline\":\"Lea Schuller: Man United Women signe officiellement l&#39;attaquant vedette &#8211;\",\"datePublished\":\"2025-12-30T10:48:13+00:00\",\"dateModified\":\"2025-12-30T10:48:15+00:00\",\"mainEntityOfPage\":{\"@id\":\"https:\/\/footdavant.fr\/actualites\/lea-schuller-man-united-women-signe-officiellement-lattaquant-vedette\/\"},\"wordCount\":470,\"publisher\":{\"@id\":\"https:\/\/footdavant.fr\/actualites\/#organization\"},\"keywords\":[\"l39attaquant\",\"Lea\",\"Man\",\"officiellement\",\"Schuller\",\"signe\",\"United\",\"vedette\",\"Women\"],\"articleSection\":[\"Football\"],\"inLanguage\":\"fr-FR\"},{\"@type\":\"WebPage\",\"@id\":\"https:\/\/footdavant.fr\/actualites\/lea-schuller-man-united-women-signe-officiellement-lattaquant-vedette\/\",\"url\":\"https:\/\/footdavant.fr\/actualites\/lea-schuller-man-united-women-signe-officiellement-lattaquant-vedette\/\",\"name\":\"Lea Schuller: Man United Women signe officiellement l&#39;attaquant vedette -\",\"isPartOf\":{\"@id\":\"https:\/\/footdavant.fr\/actualites\/#website\"},\"datePublished\":\"2025-12-30T10:48:13+00:00\",\"dateModified\":\"2025-12-30T10:48:15+00:00\",\"breadcrumb\":{\"@id\":\"https:\/\/footdavant.fr\/actualites\/lea-schuller-man-united-women-signe-officiellement-lattaquant-vedette\/#breadcrumb\"},\"inLanguage\":\"fr-FR\",\"potentialAction\":[{\"@type\":\"ReadAction\",\"target\":[\"https:\/\/footdavant.fr\/actualites\/lea-schuller-man-united-women-signe-officiellement-lattaquant-vedette\/\"]}]},{\"@type\":\"BreadcrumbList\",\"@id\":\"https:\/\/footdavant.fr\/actualites\/lea-schuller-man-united-women-signe-officiellement-lattaquant-vedette\/#breadcrumb\",\"itemListElement\":[{\"@type\":\"ListItem\",\"position\":1,\"name\":\"Accueil\",\"item\":\"https:\/\/footdavant.fr\/actualites\/\"},{\"@type\":\"ListItem\",\"position\":2,\"name\":\"Lea Schuller: Man United Women signe officiellement l&#39;attaquant vedette &#8211;\"}]},{\"@type\":\"WebSite\",\"@id\":\"https:\/\/footdavant.fr\/actualites\/#website\",\"url\":\"https:\/\/footdavant.fr\/actualites\/\",\"name\":\"Foot d'avant\",\"description\":\"\",\"publisher\":{\"@id\":\"https:\/\/footdavant.fr\/actualites\/#organization\"},\"potentialAction\":[{\"@type\":\"SearchAction\",\"target\":{\"@type\":\"EntryPoint\",\"urlTemplate\":\"https:\/\/footdavant.fr\/actualites\/?s={search_term_string}\"},\"query-input\":\"required name=search_term_string\"}],\"inLanguage\":\"fr-FR\"},{\"@type\":\"Organization\",\"@id\":\"https:\/\/footdavant.fr\/actualites\/#organization\",\"name\":\"Foot d'avant\",\"url\":\"https:\/\/footdavant.fr\/actualites\/\",\"logo\":{\"@type\":\"ImageObject\",\"inLanguage\":\"fr-FR\",\"@id\":\"https:\/\/footdavant.fr\/actualites\/#\/schema\/logo\/image\/\",\"url\":\"https:\/\/footdavant.fr\/actualites\/wp-content\/uploads\/2023\/09\/Copy-of-FootDavant-Logo.png\",\"contentUrl\":\"https:\/\/footdavant.fr\/actualites\/wp-content\/uploads\/2023\/09\/Copy-of-FootDavant-Logo.png\",\"width\":936,\"height\":549,\"caption\":\"Foot d'avant\"},\"image\":{\"@id\":\"https:\/\/footdavant.fr\/actualites\/#\/schema\/logo\/image\/\"},\"sameAs\":[\"https:\/\/www.facebook.com\/Footdavant\/\",\"https:\/\/twitter.com\/FootdavantFr\",\"https:\/\/www.instagram.com\/footdavant.fr\/\"]},{\"@type\":\"Person\",\"@id\":\"https:\/\/footdavant.fr\/actualites\/#\/schema\/person\/bc222566d95871b37e597b3ed3ba5e1d\",\"name\":\"Cl\u00e9ment\",\"image\":{\"@type\":\"ImageObject\",\"inLanguage\":\"fr-FR\",\"@id\":\"https:\/\/footdavant.fr\/actualites\/#\/schema\/person\/image\/\",\"url\":\"https:\/\/secure.gravatar.com\/avatar\/7728b29aac2719421e1a9159b2254c44?s=96&d=mm&r=g\",\"contentUrl\":\"https:\/\/secure.gravatar.com\/avatar\/7728b29aac2719421e1a9159b2254c44?s=96&d=mm&r=g\",\"caption\":\"Cl\u00e9ment\"},\"sameAs\":[\"https:\/\/footdavant.fr\/\"]}]}<\/script>\n<!-- \/ Yoast SEO plugin. -->","yoast_head_json":{"title":"Lea Schuller: Man United Women signe officiellement l&#39;attaquant vedette -","robots":{"index":"index","follow":"follow","max-snippet":"max-snippet:-1","max-image-preview":"max-image-preview:large","max-video-preview":"max-video-preview:-1"},"canonical":"https:\/\/footdavant.fr\/actualites\/lea-schuller-man-united-women-signe-officiellement-lattaquant-vedette\/","og_locale":"fr_FR","og_type":"article","og_title":"Lea Schuller: Man United Women signe officiellement l&#39;attaquant vedette -","og_description":"3 Manchester United Women a r\u00e9alis\u00e9 un tripl\u00e9 d&#39;annonces hier apr\u00e8s-midi. Fin d&#39;ann\u00e9e charg\u00e9e Marc Skinner a longuement expliqu\u00e9 \u00e0 quel point son \u00e9quipe avait","og_url":"https:\/\/footdavant.fr\/actualites\/lea-schuller-man-united-women-signe-officiellement-lattaquant-vedette\/","og_site_name":"Foot d&#039;avant","article_publisher":"https:\/\/www.facebook.com\/Footdavant\/","article_published_time":"2025-12-30T10:48:13+00:00","article_modified_time":"2025-12-30T10:48:15+00:00","og_image":[{"width":1200,"height":800,"url":"https:\/\/footdavant.fr\/actualites\/wp-content\/uploads\/2025\/12\/Lea-Schuller-Man-United-Women-signe-officiellement-l39attaquant-vedette.webp.webp","type":"image\/webp"}],"author":"Cl\u00e9ment","twitter_card":"summary_large_image","twitter_creator":"@FootdavantFr","twitter_site":"@FootdavantFr","twitter_misc":{"\u00c9crit par":"Cl\u00e9ment","Dur\u00e9e de lecture estim\u00e9e":"2 minutes"},"schema":{"@context":"https:\/\/schema.org","@graph":[{"@type":"Article","@id":"https:\/\/footdavant.fr\/actualites\/lea-schuller-man-united-women-signe-officiellement-lattaquant-vedette\/#article","isPartOf":{"@id":"https:\/\/footdavant.fr\/actualites\/lea-schuller-man-united-women-signe-officiellement-lattaquant-vedette\/"},"author":{"name":"Cl\u00e9ment","@id":"https:\/\/footdavant.fr\/actualites\/#\/schema\/person\/bc222566d95871b37e597b3ed3ba5e1d"},"headline":"Lea Schuller: Man United Women signe officiellement l&#39;attaquant vedette &#8211;","datePublished":"2025-12-30T10:48:13+00:00","dateModified":"2025-12-30T10:48:15+00:00","mainEntityOfPage":{"@id":"https:\/\/footdavant.fr\/actualites\/lea-schuller-man-united-women-signe-officiellement-lattaquant-vedette\/"},"wordCount":470,"publisher":{"@id":"https:\/\/footdavant.fr\/actualites\/#organization"},"keywords":["l39attaquant","Lea","Man","officiellement","Schuller","signe","United","vedette","Women"],"articleSection":["Football"],"inLanguage":"fr-FR"},{"@type":"WebPage","@id":"https:\/\/footdavant.fr\/actualites\/lea-schuller-man-united-women-signe-officiellement-lattaquant-vedette\/","url":"https:\/\/footdavant.fr\/actualites\/lea-schuller-man-united-women-signe-officiellement-lattaquant-vedette\/","name":"Lea Schuller: Man United Women signe officiellement l&#39;attaquant vedette -","isPartOf":{"@id":"https:\/\/footdavant.fr\/actualites\/#website"},"datePublished":"2025-12-30T10:48:13+00:00","dateModified":"2025-12-30T10:48:15+00:00","breadcrumb":{"@id":"https:\/\/footdavant.fr\/actualites\/lea-schuller-man-united-women-signe-officiellement-lattaquant-vedette\/#breadcrumb"},"inLanguage":"fr-FR","potentialAction":[{"@type":"ReadAction","target":["https:\/\/footdavant.fr\/actualites\/lea-schuller-man-united-women-signe-officiellement-lattaquant-vedette\/"]}]},{"@type":"BreadcrumbList","@id":"https:\/\/footdavant.fr\/actualites\/lea-schuller-man-united-women-signe-officiellement-lattaquant-vedette\/#breadcrumb","itemListElement":[{"@type":"ListItem","position":1,"name":"Accueil","item":"https:\/\/footdavant.fr\/actualites\/"},{"@type":"ListItem","position":2,"name":"Lea Schuller: Man United Women signe officiellement l&#39;attaquant vedette &#8211;"}]},{"@type":"WebSite","@id":"https:\/\/footdavant.fr\/actualites\/#website","url":"https:\/\/footdavant.fr\/actualites\/","name":"Foot d'avant","description":"","publisher":{"@id":"https:\/\/footdavant.fr\/actualites\/#organization"},"potentialAction":[{"@type":"SearchAction","target":{"@type":"EntryPoint","urlTemplate":"https:\/\/footdavant.fr\/actualites\/?s={search_term_string}"},"query-input":"required name=search_term_string"}],"inLanguage":"fr-FR"},{"@type":"Organization","@id":"https:\/\/footdavant.fr\/actualites\/#organization","name":"Foot d'avant","url":"https:\/\/footdavant.fr\/actualites\/","logo":{"@type":"ImageObject","inLanguage":"fr-FR","@id":"https:\/\/footdavant.fr\/actualites\/#\/schema\/logo\/image\/","url":"https:\/\/footdavant.fr\/actualites\/wp-content\/uploads\/2023\/09\/Copy-of-FootDavant-Logo.png","contentUrl":"https:\/\/footdavant.fr\/actualites\/wp-content\/uploads\/2023\/09\/Copy-of-FootDavant-Logo.png","width":936,"height":549,"caption":"Foot d'avant"},"image":{"@id":"https:\/\/footdavant.fr\/actualites\/#\/schema\/logo\/image\/"},"sameAs":["https:\/\/www.facebook.com\/Footdavant\/","https:\/\/twitter.com\/FootdavantFr","https:\/\/www.instagram.com\/footdavant.fr\/"]},{"@type":"Person","@id":"https:\/\/footdavant.fr\/actualites\/#\/schema\/person\/bc222566d95871b37e597b3ed3ba5e1d","name":"Cl\u00e9ment","image":{"@type":"ImageObject","inLanguage":"fr-FR","@id":"https:\/\/footdavant.fr\/actualites\/#\/schema\/person\/image\/","url":"https:\/\/secure.gravatar.com\/avatar\/7728b29aac2719421e1a9159b2254c44?s=96&d=mm&r=g","contentUrl":"https:\/\/secure.gravatar.com\/avatar\/7728b29aac2719421e1a9159b2254c44?s=96&d=mm&r=g","caption":"Cl\u00e9ment"},"sameAs":["https:\/\/footdavant.fr\/"]}]}},"_links":{"self":[{"href":"https:\/\/footdavant.fr\/actualites\/wp-json\/wp\/v2\/posts\/32907"}],"collection":[{"href":"https:\/\/footdavant.fr\/actualites\/wp-json\/wp\/v2\/posts"}],"about":[{"href":"https:\/\/footdavant.fr\/actualites\/wp-json\/wp\/v2\/types\/post"}],"author":[{"embeddable":true,"href":"https:\/\/footdavant.fr\/actualites\/wp-json\/wp\/v2\/users\/1"}],"replies":[{"embeddable":true,"href":"https:\/\/footdavant.fr\/actualites\/wp-json\/wp\/v2\/comments?post=32907"}],"version-history":[{"count":1,"href":"https:\/\/footdavant.fr\/actualites\/wp-json\/wp\/v2\/posts\/32907\/revisions"}],"predecessor-version":[{"id":32909,"href":"https:\/\/footdavant.fr\/actualites\/wp-json\/wp\/v2\/posts\/32907\/revisions\/32909"}],"wp:featuredmedia":[{"embeddable":true,"href":"https:\/\/footdavant.fr\/actualites\/wp-json\/wp\/v2\/media\/32908"}],"wp:attachment":[{"href":"https:\/\/footdavant.fr\/actualites\/wp-json\/wp\/v2\/media?parent=32907"}],"wp:term":[{"taxonomy":"category","embeddable":true,"href":"https:\/\/footdavant.fr\/actualites\/wp-json\/wp\/v2\/categories?post=32907"},{"taxonomy":"post_tag","embeddable":true,"href":"https:\/\/footdavant.fr\/actualites\/wp-json\/wp\/v2\/tags?post=32907"}],"curies":[{"name":"wp","href":"https:\/\/api.w.org\/{rel}","templated":true}]}}