{"id":32919,"date":"2025-12-30T19:48:14","date_gmt":"2025-12-30T18:48:14","guid":{"rendered":"https:\/\/footdavant.fr\/actualites\/le-duo-defensif-central-pourrait-etre-la-cle-pour-prendre-la-revanche-de-villa\/"},"modified":"2025-12-30T19:48:16","modified_gmt":"2025-12-30T18:48:16","slug":"le-duo-defensif-central-pourrait-etre-la-cle-pour-prendre-la-revanche-de-villa","status":"publish","type":"post","link":"https:\/\/footdavant.fr\/actualites\/le-duo-defensif-central-pourrait-etre-la-cle-pour-prendre-la-revanche-de-villa\/","title":{"rendered":"Le duo d\u00e9fensif central pourrait \u00eatre la cl\u00e9 pour prendre la revanche de Villa"},"content":{"rendered":"<div>\n<p>Bonjour \u00e0 tous.<\/p>\n<p>C&#39;est un grand \u00e9v\u00e9nement ce soir en Premier League avec l&#39;arriv\u00e9e d&#39;Aston Villa en ville. Laissons de c\u00f4t\u00e9 toute l&#39;histoire d&#39;Unai Emery, cela n&#39;a aucune importance \u00e0 ce stade, mais nous sommes face \u00e0 une \u00e9quipe en grande forme, qui a remport\u00e9 11 matchs d&#39;affil\u00e9e toutes comp\u00e9titions confondues, et qui nous a battus plus t\u00f4t ce mois-ci avec un but tardif \u00e0 Villa Park.<\/p>\n<p>On a demand\u00e9 \u00e0 Mikel Arteta ce qu&#39;il pouvait apprendre de ce match \u00e0 Villa Park et a r\u00e9pondu :<\/p>\n<blockquote>\n<p>Nous le reverrons. J&#39;ai quelques id\u00e9es et choses que nous devons am\u00e9liorer. La fa\u00e7on dont nous l&#39;avons perdu a \u00e9galement \u00e9t\u00e9 assez cruelle, mais nous en tirerons des le\u00e7ons.<\/p>\n<\/blockquote>\n<p>Je pensais que c&#39;\u00e9tait un match relativement \u00e9quilibr\u00e9, mais la diff\u00e9rence \u00e9vidente entre ce soir et ensuite est la disponibilit\u00e9 de William Saliba et Gabriel. \u00c0 Villa Park, le partenariat central-d\u00e9fensif \u00e9tait compos\u00e9 de Jurrien Timber et Piero Hincapie qui, je pense avoir raison de le dire, n&#39;avaient jamais commenc\u00e9 ensemble en tant que partenariat auparavant. M\u00eame si ce n&#39;\u00e9tait pas terrible, je pense que cela nous a laiss\u00e9 ouverts d&#39;une mani\u00e8re que nous le sommes rarement avec ce duo de premier choix sur le terrain, et tout va bien, nous aurons cela \u00e0 notre disposition ce soir. Il y a simplement une plus grande s\u00e9curit\u00e9, et en retour, je pense que cela a un impact sur notre capacit\u00e9 \u00e0 attaquer l&#39;opposition avec une plus grande efficacit\u00e9.<\/p>\n<p>Pour l&#39;instant, nous ne savons pas quelle est la situation de Jurrien Timber et de Riccardo Calafiori, mais avoir le premier dans le onze de d\u00e9part serait \u00e9videmment tr\u00e8s important pour la construction du reste de l&#39;\u00e9quipe. Declan Rice a fait un travail fantastique \u00e0 l&#39;arri\u00e8re droit contre Brighton, mais dans un match comme celui-ci, vous le voulez dans la salle des machines, surtout quand Villa manque Boubacar Kamara \u2013 qui a \u00e9t\u00e9 un joueur tr\u00e8s important pour eux cette saison \u2013 pour cause de suspension. Villa est fort l\u00e0-bas de toute fa\u00e7on, mais Rice en tant qu&#39;arri\u00e8re lat\u00e9ral n&#39;est pas id\u00e9al, et s&#39;il revient \u00e0 sa position normale, je m&#39;attendrais \u00e0 ce qu&#39;il soit l\u00e0 avec Martin Zubimendi et Martin Odegaard.<\/p>\n<p>L\u00e0 o\u00f9 je pense qu\u2019il y a une d\u00e9cision int\u00e9ressante \u00e0 prendre, c\u2019est d\u00e8s le d\u00e9part. J&#39;ai vu que Kai Havertz faisait partie de l&#39;\u00e9quipe, mais s&#39;il est inclus, il n&#39;y a aucun moyen qu&#39;il commence un match de cette intensit\u00e9 apr\u00e8s si longtemps d&#39;absence. Villa manque \u00e9galement Matty Cash pour cause de suspension, et Pau Torres est \u00e9galement absent, donc leurs options d\u00e9fensives ne sont pas aussi profondes qu&#39;elles pourraient l&#39;\u00eatre. Ce qui me fait me demander si cela pourrait \u00eatre un match pour Gabriel Martinelli \u00e0 gauche, et cela influe sur la d\u00e9cision que vous pourriez prendre avec l\u2019attaquant.<\/p>\n<p>Je serais vraiment tent\u00e9 par Gabriel Jesus d\u00e8s le d\u00e9part ce soir, sa relation avec Martinelli est excellente, et je ne pense pas que Viktor Gyokeres soit dans le genre de forme qui le rend ind\u00e9tr\u00f4nable. Le Br\u00e9silien offre \u00e9galement un peu plus en termes de jeu global, il a tendance \u00e0 se combiner avec les autres pour plus d&#39;effet, et m\u00eame si je ne peux pas dire qu&#39;il offre beaucoup plus de menace de but, je soup\u00e7onne que la fa\u00e7on dont il lie le jeu pourrait lui permettre d&#39;obtenir le feu vert plus tard. Et si cela ne fonctionne pas, nous avons alors de s\u00e9rieuses options sur le banc pour changer les choses.<\/p>\n<p>Apr\u00e8s cela, il s&#39;agit de g\u00e9rer l&#39;\u00e9v\u00e9nement et les enjeux \u00e9lev\u00e9s qui accompagnent ce match. C&#39;est premier contre troisi\u00e8me, c&#39;est une chance pour Arsenal de faire une d\u00e9claration et de mettre un peu de distance entre nous et Villa. Sans parler de Man City qui ne joue que jeudi, donc les allers-retours dans la course au titre et la pression que nous pouvons exercer en font aussi partie. Et bien s\u00fbr, on a le sentiment qu&#39;une certaine revanche s&#39;impose apr\u00e8s ce qui s&#39;est pass\u00e9 lors de notre dernier match contre eux.<\/p>\n<p>Perdre sur le dernier coup de pied du match est cruel, et on pouvait voir \u00e0 la r\u00e9action des joueurs \u00e0 quel point cela faisait mal. Vous pouvez \u00eatre s\u00fbr qu\u2019Arteta l\u2019utilisera comme carburant suppl\u00e9mentaire pour ce qui, esp\u00e9rons-le, sera un incendie d\u2019Arsenal ce soir. Cela ressemble \u00e0 un match \u00e9norme, dans lequel une bonne performance et une victoire apporteront non seulement le b\u00e9n\u00e9fice des points, mais aussi un certain r\u00e9confort apr\u00e8s quelques matchs o\u00f9 les choses ont \u00e9t\u00e9 presque trop serr\u00e9es pour en profiter correctement.<\/p>\n<p>Mais avant tout, et surtout, il s\u2019agit de points. Si c&#39;est un 1-0 d\u00e9cousu, j&#39;accepterais cela, mais si nous pouvons gagner celui-ci de mani\u00e8re convaincante, il y aurait beaucoup \u00e0 en tirer. Ce qui est loin d&#39;\u00eatre gagn\u00e9 d&#39;avance, nous allons devoir travailler tr\u00e8s dur et tr\u00e8s bien jouer pour y parvenir, mais je pense aussi que c&#39;est dans nos capacit\u00e9s de le faire. On croise les doigts.<\/p>\n<p>D&#39;accord, je vais en rester l\u00e0 pour l&#39;instant. Nous avons un podcast en avant-premi\u00e8re sur Patreon si vous avez besoin de quelque chose \u00e0 \u00e9couter, et comme toujours, nous aurons une couverture de blog en direct et tous les \u00e9l\u00e9ments d&#39;apr\u00e8s-match sur Arseblog News plus tard.<\/p>\n<p>Allez les rouges !<\/p>\n<\/div>\n","protected":false},"excerpt":{"rendered":"<p>Bonjour \u00e0 tous. C&#39;est un grand \u00e9v\u00e9nement ce soir en Premier League avec l&#39;arriv\u00e9e d&#39;Aston Villa en ville. Laissons de c\u00f4t\u00e9 toute l&#39;histoire d&#39;Unai Emery,<\/p>\n","protected":false},"author":1,"featured_media":32920,"comment_status":"closed","ping_status":"","sticky":false,"template":"","format":"standard","meta":{"footnotes":""},"categories":[3],"tags":[1118,443,2285,469,270,51,269,2354,4366,370],"yoast_head":"<!-- This site is optimized with the Yoast SEO plugin v21.0 - https:\/\/yoast.com\/wordpress\/plugins\/seo\/ -->\n<title>Le duo d\u00e9fensif central pourrait \u00eatre la cl\u00e9 pour prendre la revanche de Villa<\/title>\n<meta name=\"robots\" content=\"index, follow, max-snippet:-1, max-image-preview:large, max-video-preview:-1\" \/>\n<link rel=\"canonical\" href=\"https:\/\/footdavant.fr\/actualites\/le-duo-defensif-central-pourrait-etre-la-cle-pour-prendre-la-revanche-de-villa\/\" \/>\n<meta property=\"og:locale\" content=\"fr_FR\" \/>\n<meta property=\"og:type\" content=\"article\" \/>\n<meta property=\"og:title\" content=\"Le duo d\u00e9fensif central pourrait \u00eatre la cl\u00e9 pour prendre la revanche de Villa\" \/>\n<meta property=\"og:description\" content=\"Bonjour \u00e0 tous. C&#039;est un grand \u00e9v\u00e9nement ce soir en Premier League avec l&#039;arriv\u00e9e d&#039;Aston Villa en ville. Laissons de c\u00f4t\u00e9 toute l&#039;histoire d&#039;Unai Emery,\" \/>\n<meta property=\"og:url\" content=\"https:\/\/footdavant.fr\/actualites\/le-duo-defensif-central-pourrait-etre-la-cle-pour-prendre-la-revanche-de-villa\/\" \/>\n<meta property=\"og:site_name\" content=\"Foot d&#039;avant\" \/>\n<meta property=\"article:publisher\" content=\"https:\/\/www.facebook.com\/Footdavant\/\" \/>\n<meta property=\"article:published_time\" content=\"2025-12-30T18:48:14+00:00\" \/>\n<meta property=\"article:modified_time\" content=\"2025-12-30T18:48:16+00:00\" \/>\n<meta property=\"og:image\" content=\"https:\/\/footdavant.fr\/actualites\/wp-content\/uploads\/2025\/12\/Le-duo-defensif-central-pourrait-etre-la-cle-pour-prendre.jpg\" \/>\n\t<meta property=\"og:image:width\" content=\"1500\" \/>\n\t<meta property=\"og:image:height\" content=\"750\" \/>\n\t<meta property=\"og:image:type\" content=\"image\/jpeg\" \/>\n<meta name=\"author\" content=\"Cl\u00e9ment\" \/>\n<meta name=\"twitter:card\" content=\"summary_large_image\" \/>\n<meta name=\"twitter:creator\" content=\"@FootdavantFr\" \/>\n<meta name=\"twitter:site\" content=\"@FootdavantFr\" \/>\n<meta name=\"twitter:label1\" content=\"\u00c9crit par\" \/>\n\t<meta name=\"twitter:data1\" content=\"Cl\u00e9ment\" \/>\n\t<meta name=\"twitter:label2\" content=\"Dur\u00e9e de lecture estim\u00e9e\" \/>\n\t<meta name=\"twitter:data2\" content=\"5 minutes\" \/>\n<script type=\"application\/ld+json\" class=\"yoast-schema-graph\">{\"@context\":\"https:\/\/schema.org\",\"@graph\":[{\"@type\":\"Article\",\"@id\":\"https:\/\/footdavant.fr\/actualites\/le-duo-defensif-central-pourrait-etre-la-cle-pour-prendre-la-revanche-de-villa\/#article\",\"isPartOf\":{\"@id\":\"https:\/\/footdavant.fr\/actualites\/le-duo-defensif-central-pourrait-etre-la-cle-pour-prendre-la-revanche-de-villa\/\"},\"author\":{\"name\":\"Cl\u00e9ment\",\"@id\":\"https:\/\/footdavant.fr\/actualites\/#\/schema\/person\/bc222566d95871b37e597b3ed3ba5e1d\"},\"headline\":\"Le duo d\u00e9fensif central pourrait \u00eatre la cl\u00e9 pour prendre la revanche de Villa\",\"datePublished\":\"2025-12-30T18:48:14+00:00\",\"dateModified\":\"2025-12-30T18:48:16+00:00\",\"mainEntityOfPage\":{\"@id\":\"https:\/\/footdavant.fr\/actualites\/le-duo-defensif-central-pourrait-etre-la-cle-pour-prendre-la-revanche-de-villa\/\"},\"wordCount\":987,\"publisher\":{\"@id\":\"https:\/\/footdavant.fr\/actualites\/#organization\"},\"keywords\":[\"central\",\"cl\u00e9..\",\"d\u00e9fensif\",\"duo\",\"\u00eatre\",\"pour\",\"pourrait\",\"prendre\",\"revanche\",\"Villa\"],\"articleSection\":[\"Football\"],\"inLanguage\":\"fr-FR\"},{\"@type\":\"WebPage\",\"@id\":\"https:\/\/footdavant.fr\/actualites\/le-duo-defensif-central-pourrait-etre-la-cle-pour-prendre-la-revanche-de-villa\/\",\"url\":\"https:\/\/footdavant.fr\/actualites\/le-duo-defensif-central-pourrait-etre-la-cle-pour-prendre-la-revanche-de-villa\/\",\"name\":\"Le duo d\u00e9fensif central pourrait \u00eatre la cl\u00e9 pour prendre la revanche de Villa\",\"isPartOf\":{\"@id\":\"https:\/\/footdavant.fr\/actualites\/#website\"},\"datePublished\":\"2025-12-30T18:48:14+00:00\",\"dateModified\":\"2025-12-30T18:48:16+00:00\",\"breadcrumb\":{\"@id\":\"https:\/\/footdavant.fr\/actualites\/le-duo-defensif-central-pourrait-etre-la-cle-pour-prendre-la-revanche-de-villa\/#breadcrumb\"},\"inLanguage\":\"fr-FR\",\"potentialAction\":[{\"@type\":\"ReadAction\",\"target\":[\"https:\/\/footdavant.fr\/actualites\/le-duo-defensif-central-pourrait-etre-la-cle-pour-prendre-la-revanche-de-villa\/\"]}]},{\"@type\":\"BreadcrumbList\",\"@id\":\"https:\/\/footdavant.fr\/actualites\/le-duo-defensif-central-pourrait-etre-la-cle-pour-prendre-la-revanche-de-villa\/#breadcrumb\",\"itemListElement\":[{\"@type\":\"ListItem\",\"position\":1,\"name\":\"Accueil\",\"item\":\"https:\/\/footdavant.fr\/actualites\/\"},{\"@type\":\"ListItem\",\"position\":2,\"name\":\"Le duo d\u00e9fensif central pourrait \u00eatre la cl\u00e9 pour prendre la revanche de Villa\"}]},{\"@type\":\"WebSite\",\"@id\":\"https:\/\/footdavant.fr\/actualites\/#website\",\"url\":\"https:\/\/footdavant.fr\/actualites\/\",\"name\":\"Foot d'avant\",\"description\":\"\",\"publisher\":{\"@id\":\"https:\/\/footdavant.fr\/actualites\/#organization\"},\"potentialAction\":[{\"@type\":\"SearchAction\",\"target\":{\"@type\":\"EntryPoint\",\"urlTemplate\":\"https:\/\/footdavant.fr\/actualites\/?s={search_term_string}\"},\"query-input\":\"required name=search_term_string\"}],\"inLanguage\":\"fr-FR\"},{\"@type\":\"Organization\",\"@id\":\"https:\/\/footdavant.fr\/actualites\/#organization\",\"name\":\"Foot d'avant\",\"url\":\"https:\/\/footdavant.fr\/actualites\/\",\"logo\":{\"@type\":\"ImageObject\",\"inLanguage\":\"fr-FR\",\"@id\":\"https:\/\/footdavant.fr\/actualites\/#\/schema\/logo\/image\/\",\"url\":\"https:\/\/footdavant.fr\/actualites\/wp-content\/uploads\/2023\/09\/Copy-of-FootDavant-Logo.png\",\"contentUrl\":\"https:\/\/footdavant.fr\/actualites\/wp-content\/uploads\/2023\/09\/Copy-of-FootDavant-Logo.png\",\"width\":936,\"height\":549,\"caption\":\"Foot d'avant\"},\"image\":{\"@id\":\"https:\/\/footdavant.fr\/actualites\/#\/schema\/logo\/image\/\"},\"sameAs\":[\"https:\/\/www.facebook.com\/Footdavant\/\",\"https:\/\/twitter.com\/FootdavantFr\",\"https:\/\/www.instagram.com\/footdavant.fr\/\"]},{\"@type\":\"Person\",\"@id\":\"https:\/\/footdavant.fr\/actualites\/#\/schema\/person\/bc222566d95871b37e597b3ed3ba5e1d\",\"name\":\"Cl\u00e9ment\",\"image\":{\"@type\":\"ImageObject\",\"inLanguage\":\"fr-FR\",\"@id\":\"https:\/\/footdavant.fr\/actualites\/#\/schema\/person\/image\/\",\"url\":\"https:\/\/secure.gravatar.com\/avatar\/7728b29aac2719421e1a9159b2254c44?s=96&d=mm&r=g\",\"contentUrl\":\"https:\/\/secure.gravatar.com\/avatar\/7728b29aac2719421e1a9159b2254c44?s=96&d=mm&r=g\",\"caption\":\"Cl\u00e9ment\"},\"sameAs\":[\"https:\/\/footdavant.fr\/\"]}]}<\/script>\n<!-- \/ Yoast SEO plugin. -->","yoast_head_json":{"title":"Le duo d\u00e9fensif central pourrait \u00eatre la cl\u00e9 pour prendre la revanche de Villa","robots":{"index":"index","follow":"follow","max-snippet":"max-snippet:-1","max-image-preview":"max-image-preview:large","max-video-preview":"max-video-preview:-1"},"canonical":"https:\/\/footdavant.fr\/actualites\/le-duo-defensif-central-pourrait-etre-la-cle-pour-prendre-la-revanche-de-villa\/","og_locale":"fr_FR","og_type":"article","og_title":"Le duo d\u00e9fensif central pourrait \u00eatre la cl\u00e9 pour prendre la revanche de Villa","og_description":"Bonjour \u00e0 tous. C&#39;est un grand \u00e9v\u00e9nement ce soir en Premier League avec l&#39;arriv\u00e9e d&#39;Aston Villa en ville. Laissons de c\u00f4t\u00e9 toute l&#39;histoire d&#39;Unai Emery,","og_url":"https:\/\/footdavant.fr\/actualites\/le-duo-defensif-central-pourrait-etre-la-cle-pour-prendre-la-revanche-de-villa\/","og_site_name":"Foot d&#039;avant","article_publisher":"https:\/\/www.facebook.com\/Footdavant\/","article_published_time":"2025-12-30T18:48:14+00:00","article_modified_time":"2025-12-30T18:48:16+00:00","og_image":[{"width":1500,"height":750,"url":"https:\/\/footdavant.fr\/actualites\/wp-content\/uploads\/2025\/12\/Le-duo-defensif-central-pourrait-etre-la-cle-pour-prendre.jpg","type":"image\/jpeg"}],"author":"Cl\u00e9ment","twitter_card":"summary_large_image","twitter_creator":"@FootdavantFr","twitter_site":"@FootdavantFr","twitter_misc":{"\u00c9crit par":"Cl\u00e9ment","Dur\u00e9e de lecture estim\u00e9e":"5 minutes"},"schema":{"@context":"https:\/\/schema.org","@graph":[{"@type":"Article","@id":"https:\/\/footdavant.fr\/actualites\/le-duo-defensif-central-pourrait-etre-la-cle-pour-prendre-la-revanche-de-villa\/#article","isPartOf":{"@id":"https:\/\/footdavant.fr\/actualites\/le-duo-defensif-central-pourrait-etre-la-cle-pour-prendre-la-revanche-de-villa\/"},"author":{"name":"Cl\u00e9ment","@id":"https:\/\/footdavant.fr\/actualites\/#\/schema\/person\/bc222566d95871b37e597b3ed3ba5e1d"},"headline":"Le duo d\u00e9fensif central pourrait \u00eatre la cl\u00e9 pour prendre la revanche de Villa","datePublished":"2025-12-30T18:48:14+00:00","dateModified":"2025-12-30T18:48:16+00:00","mainEntityOfPage":{"@id":"https:\/\/footdavant.fr\/actualites\/le-duo-defensif-central-pourrait-etre-la-cle-pour-prendre-la-revanche-de-villa\/"},"wordCount":987,"publisher":{"@id":"https:\/\/footdavant.fr\/actualites\/#organization"},"keywords":["central","cl\u00e9..","d\u00e9fensif","duo","\u00eatre","pour","pourrait","prendre","revanche","Villa"],"articleSection":["Football"],"inLanguage":"fr-FR"},{"@type":"WebPage","@id":"https:\/\/footdavant.fr\/actualites\/le-duo-defensif-central-pourrait-etre-la-cle-pour-prendre-la-revanche-de-villa\/","url":"https:\/\/footdavant.fr\/actualites\/le-duo-defensif-central-pourrait-etre-la-cle-pour-prendre-la-revanche-de-villa\/","name":"Le duo d\u00e9fensif central pourrait \u00eatre la cl\u00e9 pour prendre la revanche de Villa","isPartOf":{"@id":"https:\/\/footdavant.fr\/actualites\/#website"},"datePublished":"2025-12-30T18:48:14+00:00","dateModified":"2025-12-30T18:48:16+00:00","breadcrumb":{"@id":"https:\/\/footdavant.fr\/actualites\/le-duo-defensif-central-pourrait-etre-la-cle-pour-prendre-la-revanche-de-villa\/#breadcrumb"},"inLanguage":"fr-FR","potentialAction":[{"@type":"ReadAction","target":["https:\/\/footdavant.fr\/actualites\/le-duo-defensif-central-pourrait-etre-la-cle-pour-prendre-la-revanche-de-villa\/"]}]},{"@type":"BreadcrumbList","@id":"https:\/\/footdavant.fr\/actualites\/le-duo-defensif-central-pourrait-etre-la-cle-pour-prendre-la-revanche-de-villa\/#breadcrumb","itemListElement":[{"@type":"ListItem","position":1,"name":"Accueil","item":"https:\/\/footdavant.fr\/actualites\/"},{"@type":"ListItem","position":2,"name":"Le duo d\u00e9fensif central pourrait \u00eatre la cl\u00e9 pour prendre la revanche de Villa"}]},{"@type":"WebSite","@id":"https:\/\/footdavant.fr\/actualites\/#website","url":"https:\/\/footdavant.fr\/actualites\/","name":"Foot d'avant","description":"","publisher":{"@id":"https:\/\/footdavant.fr\/actualites\/#organization"},"potentialAction":[{"@type":"SearchAction","target":{"@type":"EntryPoint","urlTemplate":"https:\/\/footdavant.fr\/actualites\/?s={search_term_string}"},"query-input":"required name=search_term_string"}],"inLanguage":"fr-FR"},{"@type":"Organization","@id":"https:\/\/footdavant.fr\/actualites\/#organization","name":"Foot d'avant","url":"https:\/\/footdavant.fr\/actualites\/","logo":{"@type":"ImageObject","inLanguage":"fr-FR","@id":"https:\/\/footdavant.fr\/actualites\/#\/schema\/logo\/image\/","url":"https:\/\/footdavant.fr\/actualites\/wp-content\/uploads\/2023\/09\/Copy-of-FootDavant-Logo.png","contentUrl":"https:\/\/footdavant.fr\/actualites\/wp-content\/uploads\/2023\/09\/Copy-of-FootDavant-Logo.png","width":936,"height":549,"caption":"Foot d'avant"},"image":{"@id":"https:\/\/footdavant.fr\/actualites\/#\/schema\/logo\/image\/"},"sameAs":["https:\/\/www.facebook.com\/Footdavant\/","https:\/\/twitter.com\/FootdavantFr","https:\/\/www.instagram.com\/footdavant.fr\/"]},{"@type":"Person","@id":"https:\/\/footdavant.fr\/actualites\/#\/schema\/person\/bc222566d95871b37e597b3ed3ba5e1d","name":"Cl\u00e9ment","image":{"@type":"ImageObject","inLanguage":"fr-FR","@id":"https:\/\/footdavant.fr\/actualites\/#\/schema\/person\/image\/","url":"https:\/\/secure.gravatar.com\/avatar\/7728b29aac2719421e1a9159b2254c44?s=96&d=mm&r=g","contentUrl":"https:\/\/secure.gravatar.com\/avatar\/7728b29aac2719421e1a9159b2254c44?s=96&d=mm&r=g","caption":"Cl\u00e9ment"},"sameAs":["https:\/\/footdavant.fr\/"]}]}},"_links":{"self":[{"href":"https:\/\/footdavant.fr\/actualites\/wp-json\/wp\/v2\/posts\/32919"}],"collection":[{"href":"https:\/\/footdavant.fr\/actualites\/wp-json\/wp\/v2\/posts"}],"about":[{"href":"https:\/\/footdavant.fr\/actualites\/wp-json\/wp\/v2\/types\/post"}],"author":[{"embeddable":true,"href":"https:\/\/footdavant.fr\/actualites\/wp-json\/wp\/v2\/users\/1"}],"replies":[{"embeddable":true,"href":"https:\/\/footdavant.fr\/actualites\/wp-json\/wp\/v2\/comments?post=32919"}],"version-history":[{"count":1,"href":"https:\/\/footdavant.fr\/actualites\/wp-json\/wp\/v2\/posts\/32919\/revisions"}],"predecessor-version":[{"id":32921,"href":"https:\/\/footdavant.fr\/actualites\/wp-json\/wp\/v2\/posts\/32919\/revisions\/32921"}],"wp:featuredmedia":[{"embeddable":true,"href":"https:\/\/footdavant.fr\/actualites\/wp-json\/wp\/v2\/media\/32920"}],"wp:attachment":[{"href":"https:\/\/footdavant.fr\/actualites\/wp-json\/wp\/v2\/media?parent=32919"}],"wp:term":[{"taxonomy":"category","embeddable":true,"href":"https:\/\/footdavant.fr\/actualites\/wp-json\/wp\/v2\/categories?post=32919"},{"taxonomy":"post_tag","embeddable":true,"href":"https:\/\/footdavant.fr\/actualites\/wp-json\/wp\/v2\/tags?post=32919"}],"curies":[{"name":"wp","href":"https:\/\/api.w.org\/{rel}","templated":true}]}}