{"id":32922,"date":"2025-12-30T21:48:04","date_gmt":"2025-12-30T20:48:04","guid":{"rendered":"https:\/\/footdavant.fr\/actualites\/composition-de-crystal-palace-contre-tottenham-xi-prevu-pour-le-choc-de-premier-league-au-milieu-des-inquietudes-de-richards-et-mateta\/"},"modified":"2025-12-30T21:48:05","modified_gmt":"2025-12-30T20:48:05","slug":"composition-de-crystal-palace-contre-tottenham-xi-prevu-pour-le-choc-de-premier-league-au-milieu-des-inquietudes-de-richards-et-mateta","status":"publish","type":"post","link":"https:\/\/footdavant.fr\/actualites\/composition-de-crystal-palace-contre-tottenham-xi-prevu-pour-le-choc-de-premier-league-au-milieu-des-inquietudes-de-richards-et-mateta\/","title":{"rendered":"Composition de Crystal Palace contre Tottenham : XI pr\u00e9vu pour le choc de Premier League au milieu des inqui\u00e9tudes de Richards et Mateta"},"content":{"rendered":"<div itemprop=\"articleBody\">\n<p>L&#39;entra\u00eeneur-chef de Crystal Palace, Oliver Glasner, n&#39;a pas exclu Chris Richards du choc de dimanche en Premier League contre son rival du derby de Londres, Tottenham Hotspur, \u00e0 Selhurst Park.<\/p>\n<p>Le d\u00e9fenseur am\u00e9ricain a sembl\u00e9 subir une blessure grave mardi soir, lorsqu&#39;il a \u00e9t\u00e9 \u00e9tir\u00e9 hors du terrain lors de la d\u00e9faite aux tirs au but contre Arsenal en quarts de finale de la Coupe EFL.<\/p>\n<p>Cependant, Glasner a r\u00e9v\u00e9l\u00e9 que Richards avait simplement subi une coupure au pied qui n\u00e9cessitait des points de suture, et il y a une chance qu&#39;il puisse reprendre son r\u00f4le en d\u00e9fense pour le derby.<\/p>\n<p>Le choc du Nouvel An avec Fulham est cependant une date de retour plus probable, donc Jaydee Canvot devrait s&#39;attendre \u00e0 un rare d\u00e9part en Premier League aux c\u00f4t\u00e9s de Marc Guehi et Maxence Lacroix en d\u00e9fense.<\/p>\n<p>Le gardien de la Coupe Walter Benitez a sauv\u00e9 la peau de Palace pendant les 90 minutes contre Arsenal, mais le num\u00e9ro un reconnu Dean Henderson reviendra certainement pour la visite des vainqueurs de la Ligue Europa.<\/p>\n<p>Canvot passant \u00e0 l&#39;arri\u00e8re central devrait voir Nathaniel Clyne revenir \u00e0 l&#39;arri\u00e8re droit \u2013 Daniel Munoz est toujours bless\u00e9 \u2013 tandis que Will Hughes pourrait \u00e9galement r\u00e9trograder Jefferson Lerma sur le banc.<\/p>\n<p>La participation d&#39;Eddie Nketiah est mise en doute en raison d&#39;un coup, Justin Devenny pourrait donc \u00eatre r\u00e9compens\u00e9 de ses r\u00e9cents exploits par une titularisation aux c\u00f4t\u00e9s de Yeremy Pino et Jean-Philippe Mateta.<\/p>\n<p>Ce dernier a jou\u00e9 l&#39;int\u00e9gralit\u00e9 des 90 en milieu de semaine malgr\u00e9 des inqui\u00e9tudes persistantes concernant un probl\u00e8me au genou, mais Christantus Uche attend dans les coulisses si besoin est.<\/p>\n<p>Composition de d\u00e9part possible de Crystal Palace :<\/p>\n<p>Henderson\u00a0; Canvot, Lacroix, Gu\u00e9hi; Clyne, Wharton, Hughes, Mitchell\u00a0; Pino, Devenny; Mateta<\/p>\n<p>> Cliquez ici pour voir comment les Spurs pourraient s&#39;aligner pour ce match<\/p>\n<\/div>\n","protected":false},"excerpt":{"rendered":"<p>L&#39;entra\u00eeneur-chef de Crystal Palace, Oliver Glasner, n&#39;a pas exclu Chris Richards du choc de dimanche en Premier League contre son rival du derby de Londres,<\/p>\n","protected":false},"author":1,"featured_media":32923,"comment_status":"closed","ping_status":"","sticky":false,"template":"","format":"standard","meta":{"footnotes":""},"categories":[5],"tags":[332,2291,20,1008,12,1401,202,3399,441,815,51,201,3924,5165,68],"yoast_head":"<!-- This site is optimized with the Yoast SEO plugin v21.0 - https:\/\/yoast.com\/wordpress\/plugins\/seo\/ -->\n<title>Composition de Crystal Palace contre Tottenham : XI pr\u00e9vu pour le choc de Premier League au milieu des inqui\u00e9tudes de Richards et Mateta<\/title>\n<meta name=\"robots\" content=\"index, follow, max-snippet:-1, max-image-preview:large, max-video-preview:-1\" \/>\n<link rel=\"canonical\" href=\"https:\/\/footdavant.fr\/actualites\/composition-de-crystal-palace-contre-tottenham-xi-prevu-pour-le-choc-de-premier-league-au-milieu-des-inquietudes-de-richards-et-mateta\/\" \/>\n<meta property=\"og:locale\" content=\"fr_FR\" \/>\n<meta property=\"og:type\" content=\"article\" \/>\n<meta property=\"og:title\" content=\"Composition de Crystal Palace contre Tottenham : XI pr\u00e9vu pour le choc de Premier League au milieu des inqui\u00e9tudes de Richards et Mateta\" \/>\n<meta property=\"og:description\" content=\"L&#039;entra\u00eeneur-chef de Crystal Palace, Oliver Glasner, n&#039;a pas exclu Chris Richards du choc de dimanche en Premier League contre son rival du derby de Londres,\" \/>\n<meta property=\"og:url\" content=\"https:\/\/footdavant.fr\/actualites\/composition-de-crystal-palace-contre-tottenham-xi-prevu-pour-le-choc-de-premier-league-au-milieu-des-inquietudes-de-richards-et-mateta\/\" \/>\n<meta property=\"og:site_name\" content=\"Foot d&#039;avant\" \/>\n<meta property=\"article:publisher\" content=\"https:\/\/www.facebook.com\/Footdavant\/\" \/>\n<meta property=\"article:published_time\" content=\"2025-12-30T20:48:04+00:00\" \/>\n<meta property=\"article:modified_time\" content=\"2025-12-30T20:48:05+00:00\" \/>\n<meta property=\"og:image\" content=\"https:\/\/footdavant.fr\/actualites\/wp-content\/uploads\/2025\/12\/Composition-de-Crystal-Palace-contre-Tottenham-XI-prevu-pour.net2Fuploads2F20252F122Faction-plus-chri.webp\" \/>\n\t<meta property=\"og:image:width\" content=\"720\" \/>\n\t<meta property=\"og:image:height\" content=\"410\" \/>\n\t<meta property=\"og:image:type\" content=\"image\/webp\" \/>\n<meta name=\"author\" content=\"Cl\u00e9ment\" \/>\n<meta name=\"twitter:card\" content=\"summary_large_image\" \/>\n<meta name=\"twitter:creator\" content=\"@FootdavantFr\" \/>\n<meta name=\"twitter:site\" content=\"@FootdavantFr\" \/>\n<meta name=\"twitter:label1\" content=\"\u00c9crit par\" \/>\n\t<meta name=\"twitter:data1\" content=\"Cl\u00e9ment\" \/>\n\t<meta name=\"twitter:label2\" content=\"Dur\u00e9e de lecture estim\u00e9e\" \/>\n\t<meta name=\"twitter:data2\" content=\"2 minutes\" \/>\n<script type=\"application\/ld+json\" class=\"yoast-schema-graph\">{\"@context\":\"https:\/\/schema.org\",\"@graph\":[{\"@type\":\"Article\",\"@id\":\"https:\/\/footdavant.fr\/actualites\/composition-de-crystal-palace-contre-tottenham-xi-prevu-pour-le-choc-de-premier-league-au-milieu-des-inquietudes-de-richards-et-mateta\/#article\",\"isPartOf\":{\"@id\":\"https:\/\/footdavant.fr\/actualites\/composition-de-crystal-palace-contre-tottenham-xi-prevu-pour-le-choc-de-premier-league-au-milieu-des-inquietudes-de-richards-et-mateta\/\"},\"author\":{\"name\":\"Cl\u00e9ment\",\"@id\":\"https:\/\/footdavant.fr\/actualites\/#\/schema\/person\/bc222566d95871b37e597b3ed3ba5e1d\"},\"headline\":\"Composition de Crystal Palace contre Tottenham : XI pr\u00e9vu pour le choc de Premier League au milieu des inqui\u00e9tudes de Richards et Mateta\",\"datePublished\":\"2025-12-30T20:48:04+00:00\",\"dateModified\":\"2025-12-30T20:48:05+00:00\",\"mainEntityOfPage\":{\"@id\":\"https:\/\/footdavant.fr\/actualites\/composition-de-crystal-palace-contre-tottenham-xi-prevu-pour-le-choc-de-premier-league-au-milieu-des-inquietudes-de-richards-et-mateta\/\"},\"wordCount\":353,\"publisher\":{\"@id\":\"https:\/\/footdavant.fr\/actualites\/#organization\"},\"keywords\":[\"choc\",\"composition\",\"contre\",\"Crystal\",\"des\",\"inqui\u00e9tudes\",\"League\",\"Mateta\",\"milieu\",\"Palace\",\"pour\",\"Premier\",\"pr\u00e9vu\",\"Richards\",\"Tottenham\"],\"articleSection\":[\"Premier League\"],\"inLanguage\":\"fr-FR\"},{\"@type\":\"WebPage\",\"@id\":\"https:\/\/footdavant.fr\/actualites\/composition-de-crystal-palace-contre-tottenham-xi-prevu-pour-le-choc-de-premier-league-au-milieu-des-inquietudes-de-richards-et-mateta\/\",\"url\":\"https:\/\/footdavant.fr\/actualites\/composition-de-crystal-palace-contre-tottenham-xi-prevu-pour-le-choc-de-premier-league-au-milieu-des-inquietudes-de-richards-et-mateta\/\",\"name\":\"Composition de Crystal Palace contre Tottenham : XI pr\u00e9vu pour le choc de Premier League au milieu des inqui\u00e9tudes de Richards et Mateta\",\"isPartOf\":{\"@id\":\"https:\/\/footdavant.fr\/actualites\/#website\"},\"datePublished\":\"2025-12-30T20:48:04+00:00\",\"dateModified\":\"2025-12-30T20:48:05+00:00\",\"breadcrumb\":{\"@id\":\"https:\/\/footdavant.fr\/actualites\/composition-de-crystal-palace-contre-tottenham-xi-prevu-pour-le-choc-de-premier-league-au-milieu-des-inquietudes-de-richards-et-mateta\/#breadcrumb\"},\"inLanguage\":\"fr-FR\",\"potentialAction\":[{\"@type\":\"ReadAction\",\"target\":[\"https:\/\/footdavant.fr\/actualites\/composition-de-crystal-palace-contre-tottenham-xi-prevu-pour-le-choc-de-premier-league-au-milieu-des-inquietudes-de-richards-et-mateta\/\"]}]},{\"@type\":\"BreadcrumbList\",\"@id\":\"https:\/\/footdavant.fr\/actualites\/composition-de-crystal-palace-contre-tottenham-xi-prevu-pour-le-choc-de-premier-league-au-milieu-des-inquietudes-de-richards-et-mateta\/#breadcrumb\",\"itemListElement\":[{\"@type\":\"ListItem\",\"position\":1,\"name\":\"Accueil\",\"item\":\"https:\/\/footdavant.fr\/actualites\/\"},{\"@type\":\"ListItem\",\"position\":2,\"name\":\"Composition de Crystal Palace contre Tottenham : XI pr\u00e9vu pour le choc de Premier League au milieu des inqui\u00e9tudes de Richards et Mateta\"}]},{\"@type\":\"WebSite\",\"@id\":\"https:\/\/footdavant.fr\/actualites\/#website\",\"url\":\"https:\/\/footdavant.fr\/actualites\/\",\"name\":\"Foot d'avant\",\"description\":\"\",\"publisher\":{\"@id\":\"https:\/\/footdavant.fr\/actualites\/#organization\"},\"potentialAction\":[{\"@type\":\"SearchAction\",\"target\":{\"@type\":\"EntryPoint\",\"urlTemplate\":\"https:\/\/footdavant.fr\/actualites\/?s={search_term_string}\"},\"query-input\":\"required name=search_term_string\"}],\"inLanguage\":\"fr-FR\"},{\"@type\":\"Organization\",\"@id\":\"https:\/\/footdavant.fr\/actualites\/#organization\",\"name\":\"Foot d'avant\",\"url\":\"https:\/\/footdavant.fr\/actualites\/\",\"logo\":{\"@type\":\"ImageObject\",\"inLanguage\":\"fr-FR\",\"@id\":\"https:\/\/footdavant.fr\/actualites\/#\/schema\/logo\/image\/\",\"url\":\"https:\/\/footdavant.fr\/actualites\/wp-content\/uploads\/2023\/09\/Copy-of-FootDavant-Logo.png\",\"contentUrl\":\"https:\/\/footdavant.fr\/actualites\/wp-content\/uploads\/2023\/09\/Copy-of-FootDavant-Logo.png\",\"width\":936,\"height\":549,\"caption\":\"Foot d'avant\"},\"image\":{\"@id\":\"https:\/\/footdavant.fr\/actualites\/#\/schema\/logo\/image\/\"},\"sameAs\":[\"https:\/\/www.facebook.com\/Footdavant\/\",\"https:\/\/twitter.com\/FootdavantFr\",\"https:\/\/www.instagram.com\/footdavant.fr\/\"]},{\"@type\":\"Person\",\"@id\":\"https:\/\/footdavant.fr\/actualites\/#\/schema\/person\/bc222566d95871b37e597b3ed3ba5e1d\",\"name\":\"Cl\u00e9ment\",\"image\":{\"@type\":\"ImageObject\",\"inLanguage\":\"fr-FR\",\"@id\":\"https:\/\/footdavant.fr\/actualites\/#\/schema\/person\/image\/\",\"url\":\"https:\/\/secure.gravatar.com\/avatar\/7728b29aac2719421e1a9159b2254c44?s=96&d=mm&r=g\",\"contentUrl\":\"https:\/\/secure.gravatar.com\/avatar\/7728b29aac2719421e1a9159b2254c44?s=96&d=mm&r=g\",\"caption\":\"Cl\u00e9ment\"},\"sameAs\":[\"https:\/\/footdavant.fr\/\"]}]}<\/script>\n<!-- \/ Yoast SEO plugin. -->","yoast_head_json":{"title":"Composition de Crystal Palace contre Tottenham : XI pr\u00e9vu pour le choc de Premier League au milieu des inqui\u00e9tudes de Richards et Mateta","robots":{"index":"index","follow":"follow","max-snippet":"max-snippet:-1","max-image-preview":"max-image-preview:large","max-video-preview":"max-video-preview:-1"},"canonical":"https:\/\/footdavant.fr\/actualites\/composition-de-crystal-palace-contre-tottenham-xi-prevu-pour-le-choc-de-premier-league-au-milieu-des-inquietudes-de-richards-et-mateta\/","og_locale":"fr_FR","og_type":"article","og_title":"Composition de Crystal Palace contre Tottenham : XI pr\u00e9vu pour le choc de Premier League au milieu des inqui\u00e9tudes de Richards et Mateta","og_description":"L&#39;entra\u00eeneur-chef de Crystal Palace, Oliver Glasner, n&#39;a pas exclu Chris Richards du choc de dimanche en Premier League contre son rival du derby de Londres,","og_url":"https:\/\/footdavant.fr\/actualites\/composition-de-crystal-palace-contre-tottenham-xi-prevu-pour-le-choc-de-premier-league-au-milieu-des-inquietudes-de-richards-et-mateta\/","og_site_name":"Foot d&#039;avant","article_publisher":"https:\/\/www.facebook.com\/Footdavant\/","article_published_time":"2025-12-30T20:48:04+00:00","article_modified_time":"2025-12-30T20:48:05+00:00","og_image":[{"width":720,"height":410,"url":"https:\/\/footdavant.fr\/actualites\/wp-content\/uploads\/2025\/12\/Composition-de-Crystal-Palace-contre-Tottenham-XI-prevu-pour.net2Fuploads2F20252F122Faction-plus-chri.webp","type":"image\/webp"}],"author":"Cl\u00e9ment","twitter_card":"summary_large_image","twitter_creator":"@FootdavantFr","twitter_site":"@FootdavantFr","twitter_misc":{"\u00c9crit par":"Cl\u00e9ment","Dur\u00e9e de lecture estim\u00e9e":"2 minutes"},"schema":{"@context":"https:\/\/schema.org","@graph":[{"@type":"Article","@id":"https:\/\/footdavant.fr\/actualites\/composition-de-crystal-palace-contre-tottenham-xi-prevu-pour-le-choc-de-premier-league-au-milieu-des-inquietudes-de-richards-et-mateta\/#article","isPartOf":{"@id":"https:\/\/footdavant.fr\/actualites\/composition-de-crystal-palace-contre-tottenham-xi-prevu-pour-le-choc-de-premier-league-au-milieu-des-inquietudes-de-richards-et-mateta\/"},"author":{"name":"Cl\u00e9ment","@id":"https:\/\/footdavant.fr\/actualites\/#\/schema\/person\/bc222566d95871b37e597b3ed3ba5e1d"},"headline":"Composition de Crystal Palace contre Tottenham : XI pr\u00e9vu pour le choc de Premier League au milieu des inqui\u00e9tudes de Richards et Mateta","datePublished":"2025-12-30T20:48:04+00:00","dateModified":"2025-12-30T20:48:05+00:00","mainEntityOfPage":{"@id":"https:\/\/footdavant.fr\/actualites\/composition-de-crystal-palace-contre-tottenham-xi-prevu-pour-le-choc-de-premier-league-au-milieu-des-inquietudes-de-richards-et-mateta\/"},"wordCount":353,"publisher":{"@id":"https:\/\/footdavant.fr\/actualites\/#organization"},"keywords":["choc","composition","contre","Crystal","des","inqui\u00e9tudes","League","Mateta","milieu","Palace","pour","Premier","pr\u00e9vu","Richards","Tottenham"],"articleSection":["Premier League"],"inLanguage":"fr-FR"},{"@type":"WebPage","@id":"https:\/\/footdavant.fr\/actualites\/composition-de-crystal-palace-contre-tottenham-xi-prevu-pour-le-choc-de-premier-league-au-milieu-des-inquietudes-de-richards-et-mateta\/","url":"https:\/\/footdavant.fr\/actualites\/composition-de-crystal-palace-contre-tottenham-xi-prevu-pour-le-choc-de-premier-league-au-milieu-des-inquietudes-de-richards-et-mateta\/","name":"Composition de Crystal Palace contre Tottenham : XI pr\u00e9vu pour le choc de Premier League au milieu des inqui\u00e9tudes de Richards et Mateta","isPartOf":{"@id":"https:\/\/footdavant.fr\/actualites\/#website"},"datePublished":"2025-12-30T20:48:04+00:00","dateModified":"2025-12-30T20:48:05+00:00","breadcrumb":{"@id":"https:\/\/footdavant.fr\/actualites\/composition-de-crystal-palace-contre-tottenham-xi-prevu-pour-le-choc-de-premier-league-au-milieu-des-inquietudes-de-richards-et-mateta\/#breadcrumb"},"inLanguage":"fr-FR","potentialAction":[{"@type":"ReadAction","target":["https:\/\/footdavant.fr\/actualites\/composition-de-crystal-palace-contre-tottenham-xi-prevu-pour-le-choc-de-premier-league-au-milieu-des-inquietudes-de-richards-et-mateta\/"]}]},{"@type":"BreadcrumbList","@id":"https:\/\/footdavant.fr\/actualites\/composition-de-crystal-palace-contre-tottenham-xi-prevu-pour-le-choc-de-premier-league-au-milieu-des-inquietudes-de-richards-et-mateta\/#breadcrumb","itemListElement":[{"@type":"ListItem","position":1,"name":"Accueil","item":"https:\/\/footdavant.fr\/actualites\/"},{"@type":"ListItem","position":2,"name":"Composition de Crystal Palace contre Tottenham : XI pr\u00e9vu pour le choc de Premier League au milieu des inqui\u00e9tudes de Richards et Mateta"}]},{"@type":"WebSite","@id":"https:\/\/footdavant.fr\/actualites\/#website","url":"https:\/\/footdavant.fr\/actualites\/","name":"Foot d'avant","description":"","publisher":{"@id":"https:\/\/footdavant.fr\/actualites\/#organization"},"potentialAction":[{"@type":"SearchAction","target":{"@type":"EntryPoint","urlTemplate":"https:\/\/footdavant.fr\/actualites\/?s={search_term_string}"},"query-input":"required name=search_term_string"}],"inLanguage":"fr-FR"},{"@type":"Organization","@id":"https:\/\/footdavant.fr\/actualites\/#organization","name":"Foot d'avant","url":"https:\/\/footdavant.fr\/actualites\/","logo":{"@type":"ImageObject","inLanguage":"fr-FR","@id":"https:\/\/footdavant.fr\/actualites\/#\/schema\/logo\/image\/","url":"https:\/\/footdavant.fr\/actualites\/wp-content\/uploads\/2023\/09\/Copy-of-FootDavant-Logo.png","contentUrl":"https:\/\/footdavant.fr\/actualites\/wp-content\/uploads\/2023\/09\/Copy-of-FootDavant-Logo.png","width":936,"height":549,"caption":"Foot d'avant"},"image":{"@id":"https:\/\/footdavant.fr\/actualites\/#\/schema\/logo\/image\/"},"sameAs":["https:\/\/www.facebook.com\/Footdavant\/","https:\/\/twitter.com\/FootdavantFr","https:\/\/www.instagram.com\/footdavant.fr\/"]},{"@type":"Person","@id":"https:\/\/footdavant.fr\/actualites\/#\/schema\/person\/bc222566d95871b37e597b3ed3ba5e1d","name":"Cl\u00e9ment","image":{"@type":"ImageObject","inLanguage":"fr-FR","@id":"https:\/\/footdavant.fr\/actualites\/#\/schema\/person\/image\/","url":"https:\/\/secure.gravatar.com\/avatar\/7728b29aac2719421e1a9159b2254c44?s=96&d=mm&r=g","contentUrl":"https:\/\/secure.gravatar.com\/avatar\/7728b29aac2719421e1a9159b2254c44?s=96&d=mm&r=g","caption":"Cl\u00e9ment"},"sameAs":["https:\/\/footdavant.fr\/"]}]}},"_links":{"self":[{"href":"https:\/\/footdavant.fr\/actualites\/wp-json\/wp\/v2\/posts\/32922"}],"collection":[{"href":"https:\/\/footdavant.fr\/actualites\/wp-json\/wp\/v2\/posts"}],"about":[{"href":"https:\/\/footdavant.fr\/actualites\/wp-json\/wp\/v2\/types\/post"}],"author":[{"embeddable":true,"href":"https:\/\/footdavant.fr\/actualites\/wp-json\/wp\/v2\/users\/1"}],"replies":[{"embeddable":true,"href":"https:\/\/footdavant.fr\/actualites\/wp-json\/wp\/v2\/comments?post=32922"}],"version-history":[{"count":1,"href":"https:\/\/footdavant.fr\/actualites\/wp-json\/wp\/v2\/posts\/32922\/revisions"}],"predecessor-version":[{"id":32924,"href":"https:\/\/footdavant.fr\/actualites\/wp-json\/wp\/v2\/posts\/32922\/revisions\/32924"}],"wp:featuredmedia":[{"embeddable":true,"href":"https:\/\/footdavant.fr\/actualites\/wp-json\/wp\/v2\/media\/32923"}],"wp:attachment":[{"href":"https:\/\/footdavant.fr\/actualites\/wp-json\/wp\/v2\/media?parent=32922"}],"wp:term":[{"taxonomy":"category","embeddable":true,"href":"https:\/\/footdavant.fr\/actualites\/wp-json\/wp\/v2\/categories?post=32922"},{"taxonomy":"post_tag","embeddable":true,"href":"https:\/\/footdavant.fr\/actualites\/wp-json\/wp\/v2\/tags?post=32922"}],"curies":[{"name":"wp","href":"https:\/\/api.w.org\/{rel}","templated":true}]}}