{"id":32925,"date":"2025-12-30T23:48:14","date_gmt":"2025-12-30T22:48:14","guid":{"rendered":"https:\/\/footdavant.fr\/actualites\/qui-va-remplacer-lentraineur-de-liverpool\/"},"modified":"2025-12-30T23:48:16","modified_gmt":"2025-12-30T22:48:16","slug":"qui-va-remplacer-lentraineur-de-liverpool","status":"publish","type":"post","link":"https:\/\/footdavant.fr\/actualites\/qui-va-remplacer-lentraineur-de-liverpool\/","title":{"rendered":"Qui va remplacer l\u2019entra\u00eeneur de Liverpool ?"},"content":{"rendered":"<p><\/p>\n<div id=\"article-body\">\n<!-- Article Start --><\/p>\n<p>Liverpool s&#39;est s\u00e9par\u00e9 aujourd&#39;hui de l&#39;entra\u00eeneur Aaron Briggs.<\/p>\n<p>Briggs, qui travaillait auparavant chez son rival de Premier League, Manchester City, a \u00e9t\u00e9 initialement nomm\u00e9 nouvel entra\u00eeneur de d\u00e9veloppement individuel de la premi\u00e8re \u00e9quipe du club en juillet 2024, mais a acc\u00e9d\u00e9 au r\u00f4le de r\u00e9f\u00e9rence l&#39;\u00e9t\u00e9 dernier apr\u00e8s que Liverpool a annonc\u00e9 le poste vacant mais n&#39;a pas trouv\u00e9 de candidat appropri\u00e9.<\/p>\n<p>L&#39;Athletic a maintenant signal\u00e9 qu&#39;il n&#39;y avait \u00ab aucun rempla\u00e7ant pr\u00e9vu \u00bb pour le moment et que les responsabilit\u00e9s pr\u00e9c\u00e9dentes de Briggs incomberaient d\u00e9sormais \u00e0 un certain nombre de \u00ab membres existants \u00bb du personnel d&#39;entra\u00eeneurs.<\/p>\n<p>Pour le dire gentiment, Liverpool a \u00e9t\u00e9 choquant sur les coups de pied arr\u00eat\u00e9s cette saison \u2013 tant en attaque qu\u2019en d\u00e9fense.<\/p>\n<p>Sans compter les p\u00e9nalit\u00e9s, les champions de Premier League ont encaiss\u00e9 12 buts sur coups de pied arr\u00eat\u00e9s dans l&#39;\u00e9lite. C&#39;est plus que n&#39;importe quel autre c\u00f4t\u00e9.<\/p>\n<p>Nous n&#39;avons marqu\u00e9 que trois coups de pied arr\u00eat\u00e9s sans penalty cette saison, ce qui signifie que nous sommes plut\u00f4t ternes face aux situations de ballon mort aux deux extr\u00e9mit\u00e9s du terrain.<\/p>\n<p>Les coups de pied arr\u00eat\u00e9s ont toujours jou\u00e9 un r\u00f4le important dans le jeu, mais on a l&#39;impression que cette saison, l&#39;accent a \u00e9t\u00e9 mis davantage sur eux.<\/p>\n<p>Nous avons vu de longues remises en jeu redevenir monnaie courante et des joueurs comme Mikel Arteta et Unai Emery c\u00e9l\u00e9brer de mani\u00e8re extravagante avec leurs propres entra\u00eeneurs respectifs pendant les matchs.<\/p>\n<p>Nos deux derniers matchs auraient d\u00fb \u00eatre routiniers apr\u00e8s avoir men\u00e9 2-0, mais nous avons laiss\u00e9 l&#39;adversaire revenir dans le match via une mauvaise d\u00e9fense sur coups de pied arr\u00eat\u00e9s, ce qui a \u00e9t\u00e9 un probl\u00e8me tout au long de la saison.<\/p>\n<p>Il n&#39;est donc pas surprenant que Briggs ait \u00e9t\u00e9 d\u00e9mis de ses fonctions.<\/p>\n<p>Il reste \u00e0 voir quel est le plan \u00e0 long terme de son successeur \u2013 mais pour l&#39;instant, c&#39;est \u00e0 Slot and Co., en tant que collectif, de trouver une solution.<\/p>\n<p><!-- Article End -->\t\t\t\t<\/div>\n","protected":false},"excerpt":{"rendered":"<p>Liverpool s&#39;est s\u00e9par\u00e9 aujourd&#39;hui de l&#39;entra\u00eeneur Aaron Briggs. Briggs, qui travaillait auparavant chez son rival de Premier League, Manchester City, a \u00e9t\u00e9 initialement nomm\u00e9 nouvel<\/p>\n","protected":false},"author":1,"featured_media":32926,"comment_status":"closed","ping_status":"","sticky":false,"template":"","format":"standard","meta":{"footnotes":""},"categories":[3],"tags":[899,53,243,1162],"yoast_head":"<!-- This site is optimized with the Yoast SEO plugin v21.0 - https:\/\/yoast.com\/wordpress\/plugins\/seo\/ -->\n<title>Qui va remplacer l\u2019entra\u00eeneur de Liverpool ?<\/title>\n<meta name=\"robots\" content=\"index, follow, max-snippet:-1, max-image-preview:large, max-video-preview:-1\" \/>\n<link rel=\"canonical\" href=\"https:\/\/footdavant.fr\/actualites\/qui-va-remplacer-lentraineur-de-liverpool\/\" \/>\n<meta property=\"og:locale\" content=\"fr_FR\" \/>\n<meta property=\"og:type\" content=\"article\" \/>\n<meta property=\"og:title\" content=\"Qui va remplacer l\u2019entra\u00eeneur de Liverpool ?\" \/>\n<meta property=\"og:description\" content=\"Liverpool s&#039;est s\u00e9par\u00e9 aujourd&#039;hui de l&#039;entra\u00eeneur Aaron Briggs. Briggs, qui travaillait auparavant chez son rival de Premier League, Manchester City, a \u00e9t\u00e9 initialement nomm\u00e9 nouvel\" \/>\n<meta property=\"og:url\" content=\"https:\/\/footdavant.fr\/actualites\/qui-va-remplacer-lentraineur-de-liverpool\/\" \/>\n<meta property=\"og:site_name\" content=\"Foot d&#039;avant\" \/>\n<meta property=\"article:publisher\" content=\"https:\/\/www.facebook.com\/Footdavant\/\" \/>\n<meta property=\"article:published_time\" content=\"2025-12-30T22:48:14+00:00\" \/>\n<meta property=\"article:modified_time\" content=\"2025-12-30T22:48:16+00:00\" \/>\n<meta property=\"og:image\" content=\"https:\/\/footdavant.fr\/actualites\/wp-content\/uploads\/2025\/12\/Qui-va-remplacer-lentraineur-de-Liverpool.jpg\" \/>\n\t<meta property=\"og:image:width\" content=\"1478\" \/>\n\t<meta property=\"og:image:height\" content=\"834\" \/>\n\t<meta property=\"og:image:type\" content=\"image\/jpeg\" \/>\n<meta name=\"author\" content=\"Cl\u00e9ment\" \/>\n<meta name=\"twitter:card\" content=\"summary_large_image\" \/>\n<meta name=\"twitter:creator\" content=\"@FootdavantFr\" \/>\n<meta name=\"twitter:site\" content=\"@FootdavantFr\" \/>\n<meta name=\"twitter:label1\" content=\"\u00c9crit par\" \/>\n\t<meta name=\"twitter:data1\" content=\"Cl\u00e9ment\" \/>\n\t<meta name=\"twitter:label2\" content=\"Dur\u00e9e de lecture estim\u00e9e\" \/>\n\t<meta name=\"twitter:data2\" content=\"2 minutes\" \/>\n<script type=\"application\/ld+json\" class=\"yoast-schema-graph\">{\"@context\":\"https:\/\/schema.org\",\"@graph\":[{\"@type\":\"Article\",\"@id\":\"https:\/\/footdavant.fr\/actualites\/qui-va-remplacer-lentraineur-de-liverpool\/#article\",\"isPartOf\":{\"@id\":\"https:\/\/footdavant.fr\/actualites\/qui-va-remplacer-lentraineur-de-liverpool\/\"},\"author\":{\"name\":\"Cl\u00e9ment\",\"@id\":\"https:\/\/footdavant.fr\/actualites\/#\/schema\/person\/bc222566d95871b37e597b3ed3ba5e1d\"},\"headline\":\"Qui va remplacer l\u2019entra\u00eeneur de Liverpool ?\",\"datePublished\":\"2025-12-30T22:48:14+00:00\",\"dateModified\":\"2025-12-30T22:48:16+00:00\",\"mainEntityOfPage\":{\"@id\":\"https:\/\/footdavant.fr\/actualites\/qui-va-remplacer-lentraineur-de-liverpool\/\"},\"wordCount\":384,\"publisher\":{\"@id\":\"https:\/\/footdavant.fr\/actualites\/#organization\"},\"keywords\":[\"Lentra\u00eeneur\",\"Liverpool\",\"qui\",\"remplacer\"],\"articleSection\":[\"Football\"],\"inLanguage\":\"fr-FR\"},{\"@type\":\"WebPage\",\"@id\":\"https:\/\/footdavant.fr\/actualites\/qui-va-remplacer-lentraineur-de-liverpool\/\",\"url\":\"https:\/\/footdavant.fr\/actualites\/qui-va-remplacer-lentraineur-de-liverpool\/\",\"name\":\"Qui va remplacer l\u2019entra\u00eeneur de Liverpool ?\",\"isPartOf\":{\"@id\":\"https:\/\/footdavant.fr\/actualites\/#website\"},\"datePublished\":\"2025-12-30T22:48:14+00:00\",\"dateModified\":\"2025-12-30T22:48:16+00:00\",\"breadcrumb\":{\"@id\":\"https:\/\/footdavant.fr\/actualites\/qui-va-remplacer-lentraineur-de-liverpool\/#breadcrumb\"},\"inLanguage\":\"fr-FR\",\"potentialAction\":[{\"@type\":\"ReadAction\",\"target\":[\"https:\/\/footdavant.fr\/actualites\/qui-va-remplacer-lentraineur-de-liverpool\/\"]}]},{\"@type\":\"BreadcrumbList\",\"@id\":\"https:\/\/footdavant.fr\/actualites\/qui-va-remplacer-lentraineur-de-liverpool\/#breadcrumb\",\"itemListElement\":[{\"@type\":\"ListItem\",\"position\":1,\"name\":\"Accueil\",\"item\":\"https:\/\/footdavant.fr\/actualites\/\"},{\"@type\":\"ListItem\",\"position\":2,\"name\":\"Qui va remplacer l\u2019entra\u00eeneur de Liverpool ?\"}]},{\"@type\":\"WebSite\",\"@id\":\"https:\/\/footdavant.fr\/actualites\/#website\",\"url\":\"https:\/\/footdavant.fr\/actualites\/\",\"name\":\"Foot d'avant\",\"description\":\"\",\"publisher\":{\"@id\":\"https:\/\/footdavant.fr\/actualites\/#organization\"},\"potentialAction\":[{\"@type\":\"SearchAction\",\"target\":{\"@type\":\"EntryPoint\",\"urlTemplate\":\"https:\/\/footdavant.fr\/actualites\/?s={search_term_string}\"},\"query-input\":\"required name=search_term_string\"}],\"inLanguage\":\"fr-FR\"},{\"@type\":\"Organization\",\"@id\":\"https:\/\/footdavant.fr\/actualites\/#organization\",\"name\":\"Foot d'avant\",\"url\":\"https:\/\/footdavant.fr\/actualites\/\",\"logo\":{\"@type\":\"ImageObject\",\"inLanguage\":\"fr-FR\",\"@id\":\"https:\/\/footdavant.fr\/actualites\/#\/schema\/logo\/image\/\",\"url\":\"https:\/\/footdavant.fr\/actualites\/wp-content\/uploads\/2023\/09\/Copy-of-FootDavant-Logo.png\",\"contentUrl\":\"https:\/\/footdavant.fr\/actualites\/wp-content\/uploads\/2023\/09\/Copy-of-FootDavant-Logo.png\",\"width\":936,\"height\":549,\"caption\":\"Foot d'avant\"},\"image\":{\"@id\":\"https:\/\/footdavant.fr\/actualites\/#\/schema\/logo\/image\/\"},\"sameAs\":[\"https:\/\/www.facebook.com\/Footdavant\/\",\"https:\/\/twitter.com\/FootdavantFr\",\"https:\/\/www.instagram.com\/footdavant.fr\/\"]},{\"@type\":\"Person\",\"@id\":\"https:\/\/footdavant.fr\/actualites\/#\/schema\/person\/bc222566d95871b37e597b3ed3ba5e1d\",\"name\":\"Cl\u00e9ment\",\"image\":{\"@type\":\"ImageObject\",\"inLanguage\":\"fr-FR\",\"@id\":\"https:\/\/footdavant.fr\/actualites\/#\/schema\/person\/image\/\",\"url\":\"https:\/\/secure.gravatar.com\/avatar\/7728b29aac2719421e1a9159b2254c44?s=96&d=mm&r=g\",\"contentUrl\":\"https:\/\/secure.gravatar.com\/avatar\/7728b29aac2719421e1a9159b2254c44?s=96&d=mm&r=g\",\"caption\":\"Cl\u00e9ment\"},\"sameAs\":[\"https:\/\/footdavant.fr\/\"]}]}<\/script>\n<!-- \/ Yoast SEO plugin. -->","yoast_head_json":{"title":"Qui va remplacer l\u2019entra\u00eeneur de Liverpool ?","robots":{"index":"index","follow":"follow","max-snippet":"max-snippet:-1","max-image-preview":"max-image-preview:large","max-video-preview":"max-video-preview:-1"},"canonical":"https:\/\/footdavant.fr\/actualites\/qui-va-remplacer-lentraineur-de-liverpool\/","og_locale":"fr_FR","og_type":"article","og_title":"Qui va remplacer l\u2019entra\u00eeneur de Liverpool ?","og_description":"Liverpool s&#39;est s\u00e9par\u00e9 aujourd&#39;hui de l&#39;entra\u00eeneur Aaron Briggs. Briggs, qui travaillait auparavant chez son rival de Premier League, Manchester City, a \u00e9t\u00e9 initialement nomm\u00e9 nouvel","og_url":"https:\/\/footdavant.fr\/actualites\/qui-va-remplacer-lentraineur-de-liverpool\/","og_site_name":"Foot d&#039;avant","article_publisher":"https:\/\/www.facebook.com\/Footdavant\/","article_published_time":"2025-12-30T22:48:14+00:00","article_modified_time":"2025-12-30T22:48:16+00:00","og_image":[{"width":1478,"height":834,"url":"https:\/\/footdavant.fr\/actualites\/wp-content\/uploads\/2025\/12\/Qui-va-remplacer-lentraineur-de-Liverpool.jpg","type":"image\/jpeg"}],"author":"Cl\u00e9ment","twitter_card":"summary_large_image","twitter_creator":"@FootdavantFr","twitter_site":"@FootdavantFr","twitter_misc":{"\u00c9crit par":"Cl\u00e9ment","Dur\u00e9e de lecture estim\u00e9e":"2 minutes"},"schema":{"@context":"https:\/\/schema.org","@graph":[{"@type":"Article","@id":"https:\/\/footdavant.fr\/actualites\/qui-va-remplacer-lentraineur-de-liverpool\/#article","isPartOf":{"@id":"https:\/\/footdavant.fr\/actualites\/qui-va-remplacer-lentraineur-de-liverpool\/"},"author":{"name":"Cl\u00e9ment","@id":"https:\/\/footdavant.fr\/actualites\/#\/schema\/person\/bc222566d95871b37e597b3ed3ba5e1d"},"headline":"Qui va remplacer l\u2019entra\u00eeneur de Liverpool ?","datePublished":"2025-12-30T22:48:14+00:00","dateModified":"2025-12-30T22:48:16+00:00","mainEntityOfPage":{"@id":"https:\/\/footdavant.fr\/actualites\/qui-va-remplacer-lentraineur-de-liverpool\/"},"wordCount":384,"publisher":{"@id":"https:\/\/footdavant.fr\/actualites\/#organization"},"keywords":["Lentra\u00eeneur","Liverpool","qui","remplacer"],"articleSection":["Football"],"inLanguage":"fr-FR"},{"@type":"WebPage","@id":"https:\/\/footdavant.fr\/actualites\/qui-va-remplacer-lentraineur-de-liverpool\/","url":"https:\/\/footdavant.fr\/actualites\/qui-va-remplacer-lentraineur-de-liverpool\/","name":"Qui va remplacer l\u2019entra\u00eeneur de Liverpool ?","isPartOf":{"@id":"https:\/\/footdavant.fr\/actualites\/#website"},"datePublished":"2025-12-30T22:48:14+00:00","dateModified":"2025-12-30T22:48:16+00:00","breadcrumb":{"@id":"https:\/\/footdavant.fr\/actualites\/qui-va-remplacer-lentraineur-de-liverpool\/#breadcrumb"},"inLanguage":"fr-FR","potentialAction":[{"@type":"ReadAction","target":["https:\/\/footdavant.fr\/actualites\/qui-va-remplacer-lentraineur-de-liverpool\/"]}]},{"@type":"BreadcrumbList","@id":"https:\/\/footdavant.fr\/actualites\/qui-va-remplacer-lentraineur-de-liverpool\/#breadcrumb","itemListElement":[{"@type":"ListItem","position":1,"name":"Accueil","item":"https:\/\/footdavant.fr\/actualites\/"},{"@type":"ListItem","position":2,"name":"Qui va remplacer l\u2019entra\u00eeneur de Liverpool ?"}]},{"@type":"WebSite","@id":"https:\/\/footdavant.fr\/actualites\/#website","url":"https:\/\/footdavant.fr\/actualites\/","name":"Foot d'avant","description":"","publisher":{"@id":"https:\/\/footdavant.fr\/actualites\/#organization"},"potentialAction":[{"@type":"SearchAction","target":{"@type":"EntryPoint","urlTemplate":"https:\/\/footdavant.fr\/actualites\/?s={search_term_string}"},"query-input":"required name=search_term_string"}],"inLanguage":"fr-FR"},{"@type":"Organization","@id":"https:\/\/footdavant.fr\/actualites\/#organization","name":"Foot d'avant","url":"https:\/\/footdavant.fr\/actualites\/","logo":{"@type":"ImageObject","inLanguage":"fr-FR","@id":"https:\/\/footdavant.fr\/actualites\/#\/schema\/logo\/image\/","url":"https:\/\/footdavant.fr\/actualites\/wp-content\/uploads\/2023\/09\/Copy-of-FootDavant-Logo.png","contentUrl":"https:\/\/footdavant.fr\/actualites\/wp-content\/uploads\/2023\/09\/Copy-of-FootDavant-Logo.png","width":936,"height":549,"caption":"Foot d'avant"},"image":{"@id":"https:\/\/footdavant.fr\/actualites\/#\/schema\/logo\/image\/"},"sameAs":["https:\/\/www.facebook.com\/Footdavant\/","https:\/\/twitter.com\/FootdavantFr","https:\/\/www.instagram.com\/footdavant.fr\/"]},{"@type":"Person","@id":"https:\/\/footdavant.fr\/actualites\/#\/schema\/person\/bc222566d95871b37e597b3ed3ba5e1d","name":"Cl\u00e9ment","image":{"@type":"ImageObject","inLanguage":"fr-FR","@id":"https:\/\/footdavant.fr\/actualites\/#\/schema\/person\/image\/","url":"https:\/\/secure.gravatar.com\/avatar\/7728b29aac2719421e1a9159b2254c44?s=96&d=mm&r=g","contentUrl":"https:\/\/secure.gravatar.com\/avatar\/7728b29aac2719421e1a9159b2254c44?s=96&d=mm&r=g","caption":"Cl\u00e9ment"},"sameAs":["https:\/\/footdavant.fr\/"]}]}},"_links":{"self":[{"href":"https:\/\/footdavant.fr\/actualites\/wp-json\/wp\/v2\/posts\/32925"}],"collection":[{"href":"https:\/\/footdavant.fr\/actualites\/wp-json\/wp\/v2\/posts"}],"about":[{"href":"https:\/\/footdavant.fr\/actualites\/wp-json\/wp\/v2\/types\/post"}],"author":[{"embeddable":true,"href":"https:\/\/footdavant.fr\/actualites\/wp-json\/wp\/v2\/users\/1"}],"replies":[{"embeddable":true,"href":"https:\/\/footdavant.fr\/actualites\/wp-json\/wp\/v2\/comments?post=32925"}],"version-history":[{"count":1,"href":"https:\/\/footdavant.fr\/actualites\/wp-json\/wp\/v2\/posts\/32925\/revisions"}],"predecessor-version":[{"id":32927,"href":"https:\/\/footdavant.fr\/actualites\/wp-json\/wp\/v2\/posts\/32925\/revisions\/32927"}],"wp:featuredmedia":[{"embeddable":true,"href":"https:\/\/footdavant.fr\/actualites\/wp-json\/wp\/v2\/media\/32926"}],"wp:attachment":[{"href":"https:\/\/footdavant.fr\/actualites\/wp-json\/wp\/v2\/media?parent=32925"}],"wp:term":[{"taxonomy":"category","embeddable":true,"href":"https:\/\/footdavant.fr\/actualites\/wp-json\/wp\/v2\/categories?post=32925"},{"taxonomy":"post_tag","embeddable":true,"href":"https:\/\/footdavant.fr\/actualites\/wp-json\/wp\/v2\/tags?post=32925"}],"curies":[{"name":"wp","href":"https:\/\/api.w.org\/{rel}","templated":true}]}}