{"id":32940,"date":"2025-12-31T09:48:25","date_gmt":"2025-12-31T08:48:25","guid":{"rendered":"https:\/\/footdavant.fr\/actualites\/nouvelles-du-transfert-de-man-utd-les-situations-contractuelles-de-casemiro-et-harry-maguire-clarifiees-dans-la-derniere-mise-a-jour-de-ruben-amorim\/"},"modified":"2025-12-31T09:48:27","modified_gmt":"2025-12-31T08:48:27","slug":"nouvelles-du-transfert-de-man-utd-les-situations-contractuelles-de-casemiro-et-harry-maguire-clarifiees-dans-la-derniere-mise-a-jour-de-ruben-amorim","status":"publish","type":"post","link":"https:\/\/footdavant.fr\/actualites\/nouvelles-du-transfert-de-man-utd-les-situations-contractuelles-de-casemiro-et-harry-maguire-clarifiees-dans-la-derniere-mise-a-jour-de-ruben-amorim\/","title":{"rendered":"Nouvelles du transfert de Man Utd: les situations contractuelles de Casemiro et Harry Maguire clarifi\u00e9es dans la derni\u00e8re mise \u00e0 jour de Ruben Amorim"},"content":{"rendered":"<div itemprop=\"articleBody\">\n<p>Le manager de Manchester United, Ruben Amorim, a confirm\u00e9 l&#39;\u00e9tat actuel des lieux concernant les situations contractuelles de Casemiro et Harry Maguire \u00e0 Old Trafford.<\/p>\n<p>Les deux joueurs v\u00e9t\u00e9rans devraient devenir agents libres \u00e0 la fin de la saison, ce qui signifie que chacun sera libre d&#39;avoir des n\u00e9gociations pr\u00e9alables \u00e0 un contrat avec des clubs \u00e9trangers \u00e0 l&#39;ouverture de la fen\u00eatre de transfert de janvier.<\/p>\n<p>Casemiro &#8211; qui reviendra de suspension lors du choc de Premier League vendredi contre Newcastle United &#8211; a connu un r\u00e9surgence sous Ruben Amorim ces derniers mois, faisant 15 apparitions dans l&#39;\u00e9lite cette saison et marquant quatre buts.<\/p>\n<p>Le quintuple vainqueur de la Ligue des champions est toujours dans les m\u00eames conditions qu&#39;il a \u00e9crites \u00e0 son arriv\u00e9e du Real Madrid en 2022, mais les Diables rouges ont la possibilit\u00e9 de prolonger son mandat de 12 mois suppl\u00e9mentaires.<\/p>\n<p>Pendant ce temps, Maguire &#8211; qui est actuellement bless\u00e9 \u00e0 la cuisse &#8211; n&#39;a jou\u00e9 qu&#39;un r\u00f4le mineur cette saison, commen\u00e7ant seulement quatre matchs de Premier League au milieu de la concurrence de Matthijs de Ligt, Ayden Heaven, Luke Shaw et Leny Yoro.<\/p>\n<h2>Ruben Amorim r\u00e9v\u00e8le les derni\u00e8res nouvelles sur la situation contractuelle de Casemiro et Harry Maguire avec Man Utd<\/h2>\n<div>\n<div>\n<p>\u00a9 Imago<\/p>\n<\/div>\n<\/div>\n<p>S&#39;adressant aux journalistes lors de sa conf\u00e9rence de presse avant Newcastle, Amorim a insist\u00e9 sur le fait qu&#39;aucune d\u00e9cision n&#39;avait \u00e9t\u00e9 prise quant \u00e0 leur avenir, mais il a \u00e9galement sugg\u00e9r\u00e9 que la participation europ\u00e9enne de Man Utd la saison prochaine jouerait un r\u00f4le cl\u00e9 dans tout appel.<\/p>\n<p>\u00ab\u00a0Non, il n&#39;y a pas de d\u00e9cision. Nous avons beaucoup \u00e0 faire. Nous devons comprendre ce qui va se passer la saison prochaine, car nous devons comprendre s&#39;il y aura des matchs europ\u00e9ens\u00a0\u00bb, a d\u00e9clar\u00e9 Amorim aux journalistes.<\/p>\n<p>\u00ab\u00a0Je suis vraiment content d&#39;eux, mais je ne sais pas ce qui va se passer, donc nous verrons ce qui va se passer jusqu&#39;\u00e0 la fin de la saison, quelle position nous serons, et ensuite nous verrons.\u00a0\u00bb<\/p>\n<p>La septi\u00e8me place actuelle de Manchester United au classement de la Premier League pourrait \u00eatre suffisante pour le football europ\u00e9en la saison prochaine, en fonction des r\u00e9sultats du dernier coefficient de l&#39;UEFA et des vainqueurs de la Coupe EFL et de la FA Cup.<\/p>\n<p>Les Red Devils pourraient \u00e9galement se qualifier pour la Ligue Europa en remportant la FA Cup 2025-26, mais les hommes d&#39;Amorim font face \u00e0 un test d&#39;ouverture difficile contre Brighton &#038; Hove Albion lors du troisi\u00e8me tour de janvier.<\/p>\n<h2>Man United devrait-il garder ou lib\u00e9rer Casemiro, Harry Maguire ?<\/h2>\n<div>\n<div><img decoding=\"async\" data-img-id=\"151126\" class=\"lazy\" loading=\"lazy\" src=\"https:\/\/footdavant.fr\/actualites\/wp-content\/uploads\/2025\/10\/1761670105_320_Man-United-dans-le-mix-pour-devenir-bientot-agent-libre.webp\"\/><\/p>\n<p>\u00a9 Imago<\/p>\n<\/div>\n<\/div>\n<p>Les d\u00e9cisions de Man United concernant Casemiro et Maguire sont rendues encore plus difficiles par le fait que les deux hommes font tous deux partie des quatre meilleurs salari\u00e9s du club, le premier empochant 350 000 \u00a3 par semaine, un sommet pour l&#39;\u00e9quipe, selon <em>Capologie<\/em>.<\/p>\n<p>D\u00e9clencher la prolongation du Br\u00e9silien le maintiendrait avec le m\u00eame salaire exorbitant, que les chefs de club ne seraient peut-\u00eatre pas dispos\u00e9s \u00e0 sanctionner pour un joueur vieillissant, quelle que soit son influence cette saison.<\/p>\n<p>Man Utd pourrait tr\u00e8s bien essayer de n\u00e9gocier une prolongation distincte avec une r\u00e9duction de salaire pour Casemiro, dont la mentalit\u00e9 et l&#39;exp\u00e9rience de victoire du titre sont inestimables pour les jeunes joueurs de l&#39;\u00e9quipe, mais une s\u00e9paration des chemins est le r\u00e9sultat le plus probable si ce sc\u00e9nario ne se concr\u00e9tise pas.<\/p>\n<p>Maguire poss\u00e8de \u00e9galement une grande exp\u00e9rience et des qualit\u00e9s de leadership, mais l&#39;Anglais gagne \u00e9galement 190 000 \u00a3 par semaine et \u00e9tait largement exc\u00e9dentaire par rapport aux besoins plus t\u00f4t cette saison avant de subir sa blessure.<\/p>\n<p>Heaven s&#39;est parfaitement int\u00e9gr\u00e9 aux r\u00e9cents matches de Man Utd, et apr\u00e8s avoir d\u00e9j\u00e0 activ\u00e9 une prolongation de contrat, son temps pourrait \u00eatre \u00e9coul\u00e9 l&#39;ann\u00e9e prochaine.<\/p>\n<\/div>\n","protected":false},"excerpt":{"rendered":"<p>Le manager de Manchester United, Ruben Amorim, a confirm\u00e9 l&#39;\u00e9tat actuel des lieux concernant les situations contractuelles de Casemiro et Harry Maguire \u00e0 Old Trafford.<\/p>\n","protected":false},"author":1,"featured_media":32941,"comment_status":"closed","ping_status":"","sticky":false,"template":"","format":"standard","meta":{"footnotes":""},"categories":[5],"tags":[4477,410,11251,3524,19,657,32,328,93,33,24,327,461,160,11250,700,296],"yoast_head":"<!-- This site is optimized with the Yoast SEO plugin v21.0 - https:\/\/yoast.com\/wordpress\/plugins\/seo\/ -->\n<title>Nouvelles du transfert de Man Utd: les situations contractuelles de Casemiro et Harry Maguire clarifi\u00e9es dans la derni\u00e8re mise \u00e0 jour de Ruben Amorim<\/title>\n<meta name=\"robots\" content=\"index, follow, max-snippet:-1, max-image-preview:large, max-video-preview:-1\" \/>\n<link rel=\"canonical\" href=\"https:\/\/footdavant.fr\/actualites\/nouvelles-du-transfert-de-man-utd-les-situations-contractuelles-de-casemiro-et-harry-maguire-clarifiees-dans-la-derniere-mise-a-jour-de-ruben-amorim\/\" \/>\n<meta property=\"og:locale\" content=\"fr_FR\" \/>\n<meta property=\"og:type\" content=\"article\" \/>\n<meta property=\"og:title\" content=\"Nouvelles du transfert de Man Utd: les situations contractuelles de Casemiro et Harry Maguire clarifi\u00e9es dans la derni\u00e8re mise \u00e0 jour de Ruben Amorim\" \/>\n<meta property=\"og:description\" content=\"Le manager de Manchester United, Ruben Amorim, a confirm\u00e9 l&#039;\u00e9tat actuel des lieux concernant les situations contractuelles de Casemiro et Harry Maguire \u00e0 Old Trafford.\" \/>\n<meta property=\"og:url\" content=\"https:\/\/footdavant.fr\/actualites\/nouvelles-du-transfert-de-man-utd-les-situations-contractuelles-de-casemiro-et-harry-maguire-clarifiees-dans-la-derniere-mise-a-jour-de-ruben-amorim\/\" \/>\n<meta property=\"og:site_name\" content=\"Foot d&#039;avant\" \/>\n<meta property=\"article:publisher\" content=\"https:\/\/www.facebook.com\/Footdavant\/\" \/>\n<meta property=\"article:published_time\" content=\"2025-12-31T08:48:25+00:00\" \/>\n<meta property=\"article:modified_time\" content=\"2025-12-31T08:48:27+00:00\" \/>\n<meta property=\"og:image\" content=\"https:\/\/footdavant.fr\/actualites\/wp-content\/uploads\/2025\/12\/Nouvelles-du-transfert-de-Man-Utd-les-situations-contractuelles-de.jpg\" \/>\n\t<meta property=\"og:image:width\" content=\"720\" \/>\n\t<meta property=\"og:image:height\" content=\"410\" \/>\n\t<meta property=\"og:image:type\" content=\"image\/jpeg\" \/>\n<meta name=\"author\" content=\"Cl\u00e9ment\" \/>\n<meta name=\"twitter:card\" content=\"summary_large_image\" \/>\n<meta name=\"twitter:creator\" content=\"@FootdavantFr\" \/>\n<meta name=\"twitter:site\" content=\"@FootdavantFr\" \/>\n<meta name=\"twitter:label1\" content=\"\u00c9crit par\" \/>\n\t<meta name=\"twitter:data1\" content=\"Cl\u00e9ment\" \/>\n\t<meta name=\"twitter:label2\" content=\"Dur\u00e9e de lecture estim\u00e9e\" \/>\n\t<meta name=\"twitter:data2\" content=\"3 minutes\" \/>\n<script type=\"application\/ld+json\" class=\"yoast-schema-graph\">{\"@context\":\"https:\/\/schema.org\",\"@graph\":[{\"@type\":\"Article\",\"@id\":\"https:\/\/footdavant.fr\/actualites\/nouvelles-du-transfert-de-man-utd-les-situations-contractuelles-de-casemiro-et-harry-maguire-clarifiees-dans-la-derniere-mise-a-jour-de-ruben-amorim\/#article\",\"isPartOf\":{\"@id\":\"https:\/\/footdavant.fr\/actualites\/nouvelles-du-transfert-de-man-utd-les-situations-contractuelles-de-casemiro-et-harry-maguire-clarifiees-dans-la-derniere-mise-a-jour-de-ruben-amorim\/\"},\"author\":{\"name\":\"Cl\u00e9ment\",\"@id\":\"https:\/\/footdavant.fr\/actualites\/#\/schema\/person\/bc222566d95871b37e597b3ed3ba5e1d\"},\"headline\":\"Nouvelles du transfert de Man Utd: les situations contractuelles de Casemiro et Harry Maguire clarifi\u00e9es dans la derni\u00e8re mise \u00e0 jour de Ruben Amorim\",\"datePublished\":\"2025-12-31T08:48:25+00:00\",\"dateModified\":\"2025-12-31T08:48:27+00:00\",\"mainEntityOfPage\":{\"@id\":\"https:\/\/footdavant.fr\/actualites\/nouvelles-du-transfert-de-man-utd-les-situations-contractuelles-de-casemiro-et-harry-maguire-clarifiees-dans-la-derniere-mise-a-jour-de-ruben-amorim\/\"},\"wordCount\":697,\"publisher\":{\"@id\":\"https:\/\/footdavant.fr\/actualites\/#organization\"},\"keywords\":[\"Amorim\",\"Casemiro\",\"clarifi\u00e9es\",\"contractuelles\",\"dans\",\"derni\u00e8re\",\"Harry\",\"jour\",\"les\",\"Maguire\",\"Man\",\"mise\",\"Nouvelles\",\"Ruben\",\"situations\",\"transfert\",\"Utd\"],\"articleSection\":[\"Premier League\"],\"inLanguage\":\"fr-FR\"},{\"@type\":\"WebPage\",\"@id\":\"https:\/\/footdavant.fr\/actualites\/nouvelles-du-transfert-de-man-utd-les-situations-contractuelles-de-casemiro-et-harry-maguire-clarifiees-dans-la-derniere-mise-a-jour-de-ruben-amorim\/\",\"url\":\"https:\/\/footdavant.fr\/actualites\/nouvelles-du-transfert-de-man-utd-les-situations-contractuelles-de-casemiro-et-harry-maguire-clarifiees-dans-la-derniere-mise-a-jour-de-ruben-amorim\/\",\"name\":\"Nouvelles du transfert de Man Utd: les situations contractuelles de Casemiro et Harry Maguire clarifi\u00e9es dans la derni\u00e8re mise \u00e0 jour de Ruben Amorim\",\"isPartOf\":{\"@id\":\"https:\/\/footdavant.fr\/actualites\/#website\"},\"datePublished\":\"2025-12-31T08:48:25+00:00\",\"dateModified\":\"2025-12-31T08:48:27+00:00\",\"breadcrumb\":{\"@id\":\"https:\/\/footdavant.fr\/actualites\/nouvelles-du-transfert-de-man-utd-les-situations-contractuelles-de-casemiro-et-harry-maguire-clarifiees-dans-la-derniere-mise-a-jour-de-ruben-amorim\/#breadcrumb\"},\"inLanguage\":\"fr-FR\",\"potentialAction\":[{\"@type\":\"ReadAction\",\"target\":[\"https:\/\/footdavant.fr\/actualites\/nouvelles-du-transfert-de-man-utd-les-situations-contractuelles-de-casemiro-et-harry-maguire-clarifiees-dans-la-derniere-mise-a-jour-de-ruben-amorim\/\"]}]},{\"@type\":\"BreadcrumbList\",\"@id\":\"https:\/\/footdavant.fr\/actualites\/nouvelles-du-transfert-de-man-utd-les-situations-contractuelles-de-casemiro-et-harry-maguire-clarifiees-dans-la-derniere-mise-a-jour-de-ruben-amorim\/#breadcrumb\",\"itemListElement\":[{\"@type\":\"ListItem\",\"position\":1,\"name\":\"Accueil\",\"item\":\"https:\/\/footdavant.fr\/actualites\/\"},{\"@type\":\"ListItem\",\"position\":2,\"name\":\"Nouvelles du transfert de Man Utd: les situations contractuelles de Casemiro et Harry Maguire clarifi\u00e9es dans la derni\u00e8re mise \u00e0 jour de Ruben Amorim\"}]},{\"@type\":\"WebSite\",\"@id\":\"https:\/\/footdavant.fr\/actualites\/#website\",\"url\":\"https:\/\/footdavant.fr\/actualites\/\",\"name\":\"Foot d'avant\",\"description\":\"\",\"publisher\":{\"@id\":\"https:\/\/footdavant.fr\/actualites\/#organization\"},\"potentialAction\":[{\"@type\":\"SearchAction\",\"target\":{\"@type\":\"EntryPoint\",\"urlTemplate\":\"https:\/\/footdavant.fr\/actualites\/?s={search_term_string}\"},\"query-input\":\"required name=search_term_string\"}],\"inLanguage\":\"fr-FR\"},{\"@type\":\"Organization\",\"@id\":\"https:\/\/footdavant.fr\/actualites\/#organization\",\"name\":\"Foot d'avant\",\"url\":\"https:\/\/footdavant.fr\/actualites\/\",\"logo\":{\"@type\":\"ImageObject\",\"inLanguage\":\"fr-FR\",\"@id\":\"https:\/\/footdavant.fr\/actualites\/#\/schema\/logo\/image\/\",\"url\":\"https:\/\/footdavant.fr\/actualites\/wp-content\/uploads\/2023\/09\/Copy-of-FootDavant-Logo.png\",\"contentUrl\":\"https:\/\/footdavant.fr\/actualites\/wp-content\/uploads\/2023\/09\/Copy-of-FootDavant-Logo.png\",\"width\":936,\"height\":549,\"caption\":\"Foot d'avant\"},\"image\":{\"@id\":\"https:\/\/footdavant.fr\/actualites\/#\/schema\/logo\/image\/\"},\"sameAs\":[\"https:\/\/www.facebook.com\/Footdavant\/\",\"https:\/\/twitter.com\/FootdavantFr\",\"https:\/\/www.instagram.com\/footdavant.fr\/\"]},{\"@type\":\"Person\",\"@id\":\"https:\/\/footdavant.fr\/actualites\/#\/schema\/person\/bc222566d95871b37e597b3ed3ba5e1d\",\"name\":\"Cl\u00e9ment\",\"image\":{\"@type\":\"ImageObject\",\"inLanguage\":\"fr-FR\",\"@id\":\"https:\/\/footdavant.fr\/actualites\/#\/schema\/person\/image\/\",\"url\":\"https:\/\/secure.gravatar.com\/avatar\/7728b29aac2719421e1a9159b2254c44?s=96&d=mm&r=g\",\"contentUrl\":\"https:\/\/secure.gravatar.com\/avatar\/7728b29aac2719421e1a9159b2254c44?s=96&d=mm&r=g\",\"caption\":\"Cl\u00e9ment\"},\"sameAs\":[\"https:\/\/footdavant.fr\/\"]}]}<\/script>\n<!-- \/ Yoast SEO plugin. -->","yoast_head_json":{"title":"Nouvelles du transfert de Man Utd: les situations contractuelles de Casemiro et Harry Maguire clarifi\u00e9es dans la derni\u00e8re mise \u00e0 jour de Ruben Amorim","robots":{"index":"index","follow":"follow","max-snippet":"max-snippet:-1","max-image-preview":"max-image-preview:large","max-video-preview":"max-video-preview:-1"},"canonical":"https:\/\/footdavant.fr\/actualites\/nouvelles-du-transfert-de-man-utd-les-situations-contractuelles-de-casemiro-et-harry-maguire-clarifiees-dans-la-derniere-mise-a-jour-de-ruben-amorim\/","og_locale":"fr_FR","og_type":"article","og_title":"Nouvelles du transfert de Man Utd: les situations contractuelles de Casemiro et Harry Maguire clarifi\u00e9es dans la derni\u00e8re mise \u00e0 jour de Ruben Amorim","og_description":"Le manager de Manchester United, Ruben Amorim, a confirm\u00e9 l&#39;\u00e9tat actuel des lieux concernant les situations contractuelles de Casemiro et Harry Maguire \u00e0 Old Trafford.","og_url":"https:\/\/footdavant.fr\/actualites\/nouvelles-du-transfert-de-man-utd-les-situations-contractuelles-de-casemiro-et-harry-maguire-clarifiees-dans-la-derniere-mise-a-jour-de-ruben-amorim\/","og_site_name":"Foot d&#039;avant","article_publisher":"https:\/\/www.facebook.com\/Footdavant\/","article_published_time":"2025-12-31T08:48:25+00:00","article_modified_time":"2025-12-31T08:48:27+00:00","og_image":[{"width":720,"height":410,"url":"https:\/\/footdavant.fr\/actualites\/wp-content\/uploads\/2025\/12\/Nouvelles-du-transfert-de-Man-Utd-les-situations-contractuelles-de.jpg","type":"image\/jpeg"}],"author":"Cl\u00e9ment","twitter_card":"summary_large_image","twitter_creator":"@FootdavantFr","twitter_site":"@FootdavantFr","twitter_misc":{"\u00c9crit par":"Cl\u00e9ment","Dur\u00e9e de lecture estim\u00e9e":"3 minutes"},"schema":{"@context":"https:\/\/schema.org","@graph":[{"@type":"Article","@id":"https:\/\/footdavant.fr\/actualites\/nouvelles-du-transfert-de-man-utd-les-situations-contractuelles-de-casemiro-et-harry-maguire-clarifiees-dans-la-derniere-mise-a-jour-de-ruben-amorim\/#article","isPartOf":{"@id":"https:\/\/footdavant.fr\/actualites\/nouvelles-du-transfert-de-man-utd-les-situations-contractuelles-de-casemiro-et-harry-maguire-clarifiees-dans-la-derniere-mise-a-jour-de-ruben-amorim\/"},"author":{"name":"Cl\u00e9ment","@id":"https:\/\/footdavant.fr\/actualites\/#\/schema\/person\/bc222566d95871b37e597b3ed3ba5e1d"},"headline":"Nouvelles du transfert de Man Utd: les situations contractuelles de Casemiro et Harry Maguire clarifi\u00e9es dans la derni\u00e8re mise \u00e0 jour de Ruben Amorim","datePublished":"2025-12-31T08:48:25+00:00","dateModified":"2025-12-31T08:48:27+00:00","mainEntityOfPage":{"@id":"https:\/\/footdavant.fr\/actualites\/nouvelles-du-transfert-de-man-utd-les-situations-contractuelles-de-casemiro-et-harry-maguire-clarifiees-dans-la-derniere-mise-a-jour-de-ruben-amorim\/"},"wordCount":697,"publisher":{"@id":"https:\/\/footdavant.fr\/actualites\/#organization"},"keywords":["Amorim","Casemiro","clarifi\u00e9es","contractuelles","dans","derni\u00e8re","Harry","jour","les","Maguire","Man","mise","Nouvelles","Ruben","situations","transfert","Utd"],"articleSection":["Premier League"],"inLanguage":"fr-FR"},{"@type":"WebPage","@id":"https:\/\/footdavant.fr\/actualites\/nouvelles-du-transfert-de-man-utd-les-situations-contractuelles-de-casemiro-et-harry-maguire-clarifiees-dans-la-derniere-mise-a-jour-de-ruben-amorim\/","url":"https:\/\/footdavant.fr\/actualites\/nouvelles-du-transfert-de-man-utd-les-situations-contractuelles-de-casemiro-et-harry-maguire-clarifiees-dans-la-derniere-mise-a-jour-de-ruben-amorim\/","name":"Nouvelles du transfert de Man Utd: les situations contractuelles de Casemiro et Harry Maguire clarifi\u00e9es dans la derni\u00e8re mise \u00e0 jour de Ruben Amorim","isPartOf":{"@id":"https:\/\/footdavant.fr\/actualites\/#website"},"datePublished":"2025-12-31T08:48:25+00:00","dateModified":"2025-12-31T08:48:27+00:00","breadcrumb":{"@id":"https:\/\/footdavant.fr\/actualites\/nouvelles-du-transfert-de-man-utd-les-situations-contractuelles-de-casemiro-et-harry-maguire-clarifiees-dans-la-derniere-mise-a-jour-de-ruben-amorim\/#breadcrumb"},"inLanguage":"fr-FR","potentialAction":[{"@type":"ReadAction","target":["https:\/\/footdavant.fr\/actualites\/nouvelles-du-transfert-de-man-utd-les-situations-contractuelles-de-casemiro-et-harry-maguire-clarifiees-dans-la-derniere-mise-a-jour-de-ruben-amorim\/"]}]},{"@type":"BreadcrumbList","@id":"https:\/\/footdavant.fr\/actualites\/nouvelles-du-transfert-de-man-utd-les-situations-contractuelles-de-casemiro-et-harry-maguire-clarifiees-dans-la-derniere-mise-a-jour-de-ruben-amorim\/#breadcrumb","itemListElement":[{"@type":"ListItem","position":1,"name":"Accueil","item":"https:\/\/footdavant.fr\/actualites\/"},{"@type":"ListItem","position":2,"name":"Nouvelles du transfert de Man Utd: les situations contractuelles de Casemiro et Harry Maguire clarifi\u00e9es dans la derni\u00e8re mise \u00e0 jour de Ruben Amorim"}]},{"@type":"WebSite","@id":"https:\/\/footdavant.fr\/actualites\/#website","url":"https:\/\/footdavant.fr\/actualites\/","name":"Foot d'avant","description":"","publisher":{"@id":"https:\/\/footdavant.fr\/actualites\/#organization"},"potentialAction":[{"@type":"SearchAction","target":{"@type":"EntryPoint","urlTemplate":"https:\/\/footdavant.fr\/actualites\/?s={search_term_string}"},"query-input":"required name=search_term_string"}],"inLanguage":"fr-FR"},{"@type":"Organization","@id":"https:\/\/footdavant.fr\/actualites\/#organization","name":"Foot d'avant","url":"https:\/\/footdavant.fr\/actualites\/","logo":{"@type":"ImageObject","inLanguage":"fr-FR","@id":"https:\/\/footdavant.fr\/actualites\/#\/schema\/logo\/image\/","url":"https:\/\/footdavant.fr\/actualites\/wp-content\/uploads\/2023\/09\/Copy-of-FootDavant-Logo.png","contentUrl":"https:\/\/footdavant.fr\/actualites\/wp-content\/uploads\/2023\/09\/Copy-of-FootDavant-Logo.png","width":936,"height":549,"caption":"Foot d'avant"},"image":{"@id":"https:\/\/footdavant.fr\/actualites\/#\/schema\/logo\/image\/"},"sameAs":["https:\/\/www.facebook.com\/Footdavant\/","https:\/\/twitter.com\/FootdavantFr","https:\/\/www.instagram.com\/footdavant.fr\/"]},{"@type":"Person","@id":"https:\/\/footdavant.fr\/actualites\/#\/schema\/person\/bc222566d95871b37e597b3ed3ba5e1d","name":"Cl\u00e9ment","image":{"@type":"ImageObject","inLanguage":"fr-FR","@id":"https:\/\/footdavant.fr\/actualites\/#\/schema\/person\/image\/","url":"https:\/\/secure.gravatar.com\/avatar\/7728b29aac2719421e1a9159b2254c44?s=96&d=mm&r=g","contentUrl":"https:\/\/secure.gravatar.com\/avatar\/7728b29aac2719421e1a9159b2254c44?s=96&d=mm&r=g","caption":"Cl\u00e9ment"},"sameAs":["https:\/\/footdavant.fr\/"]}]}},"_links":{"self":[{"href":"https:\/\/footdavant.fr\/actualites\/wp-json\/wp\/v2\/posts\/32940"}],"collection":[{"href":"https:\/\/footdavant.fr\/actualites\/wp-json\/wp\/v2\/posts"}],"about":[{"href":"https:\/\/footdavant.fr\/actualites\/wp-json\/wp\/v2\/types\/post"}],"author":[{"embeddable":true,"href":"https:\/\/footdavant.fr\/actualites\/wp-json\/wp\/v2\/users\/1"}],"replies":[{"embeddable":true,"href":"https:\/\/footdavant.fr\/actualites\/wp-json\/wp\/v2\/comments?post=32940"}],"version-history":[{"count":1,"href":"https:\/\/footdavant.fr\/actualites\/wp-json\/wp\/v2\/posts\/32940\/revisions"}],"predecessor-version":[{"id":32942,"href":"https:\/\/footdavant.fr\/actualites\/wp-json\/wp\/v2\/posts\/32940\/revisions\/32942"}],"wp:featuredmedia":[{"embeddable":true,"href":"https:\/\/footdavant.fr\/actualites\/wp-json\/wp\/v2\/media\/32941"}],"wp:attachment":[{"href":"https:\/\/footdavant.fr\/actualites\/wp-json\/wp\/v2\/media?parent=32940"}],"wp:term":[{"taxonomy":"category","embeddable":true,"href":"https:\/\/footdavant.fr\/actualites\/wp-json\/wp\/v2\/categories?post=32940"},{"taxonomy":"post_tag","embeddable":true,"href":"https:\/\/footdavant.fr\/actualites\/wp-json\/wp\/v2\/tags?post=32940"}],"curies":[{"name":"wp","href":"https:\/\/api.w.org\/{rel}","templated":true}]}}