{"id":32958,"date":"2025-12-31T21:48:17","date_gmt":"2025-12-31T20:48:17","guid":{"rendered":"https:\/\/footdavant.fr\/actualites\/man-utd-rappelle-un-joueur-de-21-ans-prete-au-championnat-alors-que-ruben-amorim-joue-avec-la-decision-de-transfert\/"},"modified":"2025-12-31T21:48:18","modified_gmt":"2025-12-31T20:48:18","slug":"man-utd-rappelle-un-joueur-de-21-ans-prete-au-championnat-alors-que-ruben-amorim-joue-avec-la-decision-de-transfert","status":"publish","type":"post","link":"https:\/\/footdavant.fr\/actualites\/man-utd-rappelle-un-joueur-de-21-ans-prete-au-championnat-alors-que-ruben-amorim-joue-avec-la-decision-de-transfert\/","title":{"rendered":"Man Utd rappelle un joueur de 21 ans pr\u00eat\u00e9 au championnat alors que Ruben Amorim \u00ab\u00a0joue\u00a0\u00bb avec la d\u00e9cision de transfert"},"content":{"rendered":"<div itemprop=\"articleBody\">\n<p>Manchester United aurait rappel\u00e9 Toby Collyer de son pr\u00eat \u00e0 West Bromwich Albion, mais le milieu de terrain n&#39;a peut-\u00eatre pas encore sa chance en \u00e9quipe premi\u00e8re.<\/p>\n<p>Ruben Amorim est aux prises avec une p\u00e9nurie de milieu de terrain avant le choc de Premier League de vendredi avec Newcastle United, que Kobbie Mainoo et Bruno Fernandes manqueront tous deux en raison d&#39;une blessure.<\/p>\n<p>Mainoo a pass\u00e9 plus d&#39;une semaine \u00e0 l&#39;\u00e9cart avec un probl\u00e8me au mollet, qui ne devrait pas prendre trop de temps \u00e0 gu\u00e9rir, mais le probl\u00e8me aux ischio-jambiers de Fernandes pourrait \u00e9loigner le capitaine des Red Devils pour les prochaines semaines.<\/p>\n<p>En termes de joueurs seniors, les seuls milieux de terrain centraux reconnus de Man United \u00e0 l&#39;heure actuelle sont Manuel Ugarte et Casemiro, dont le premier n&#39;a pas r\u00e9ussi \u00e0 impressionner lors d&#39;un rare d\u00e9part lors de la d\u00e9faite 2-1 du week-end dernier contre Aston Villa.<\/p>\n<p>Mason Mount peut occuper un r\u00f4le plus important, mais a \u00e9t\u00e9 d\u00e9ploy\u00e9 comme l&#39;un des num\u00e9ros 10 d&#39;Amorim ces derniers temps, bien que Lisandro Martinez pourrait \u00eatre une alternative d&#39;urgence aux c\u00f4t\u00e9s de son compatriote sud-am\u00e9ricain Casemiro.<\/p>\n<h2>Man Utd \u00ab rappelle \u00bb Toby Collyer bless\u00e9 du pr\u00eat de West Brom<\/h2>\n<div>\n<div>\n<p>\u00a9 Imago<\/p>\n<\/div>\n<\/div>\n<p>Au milieu de la p\u00e9nurie de milieu de terrain d&#39;Amorim, <em>L&#39;Athl\u00e9tisme<\/em> rapporte que Man United a discr\u00e8tement rappel\u00e9 Collyer des Hawthorns, mettant fin pr\u00e9matur\u00e9ment au pr\u00eat de l&#39;Anglais dans le championnat.<\/p>\n<p>Collyer a enregistr\u00e9 une passe d\u00e9cisive en 12 matches pour l&#39;\u00e9quipe de Ryan Mason, bien qu&#39;il n&#39;ait fait que trois d\u00e9parts en deuxi\u00e8me division et ait \u00e9t\u00e9 renvoy\u00e9 \u00e0 Carrington fin novembre apr\u00e8s avoir subi une blessure au mollet.<\/p>\n<p>Man United a maintenant d\u00e9cid\u00e9 que Collyer ne retournerait pas \u00e0 West Brom une fois r\u00e9tabli, ce qui signifie que le joueur de 21 ans pourrait fournir un renfort suppl\u00e9mentaire au milieu de terrain pour la seconde moiti\u00e9 de la campagne.<\/p>\n<p>Cependant, un certain nombre d&#39;autres clubs de championnat seraient dispos\u00e9s \u00e0 pr\u00eater Collyer pour les six prochains mois, car il pourrait avoir du mal \u00e0 trouver des opportunit\u00e9s lorsque Mainoo et Fernandes reviendront tous les deux.<\/p>\n<h2>La position de Toby Collyer de Man Utd \u00ab r\u00e9v\u00e9l\u00e9e \u00bb apr\u00e8s le rappel du pr\u00eat<\/h2>\n<div>\n<div><img decoding=\"async\" data-img-id=\"146496\" class=\"lazy\" loading=\"lazy\" src=\"https:\/\/footdavant.fr\/actualites\/wp-content\/uploads\/2025\/12\/1767214097_32_Man-Utd-rappelle-un-joueur-de-21-ans-prete-au.jpg\"\/><\/p>\n<p>\u00a9 Imago<\/p>\n<\/div>\n<\/div>\n<p>Malgr\u00e9 son manque actuel d&#39;options au milieu de terrain, Amorim serait heureux de donner son feu vert \u00e0 une autre sortie de pr\u00eat pour Collyer, selon un rapport distinct de <em>Le Soleil<\/em>.<\/p>\n<p>M\u00eame si les Diables Rouges n&#39;ont pas pris de d\u00e9cision ferme dans un sens ou dans l&#39;autre, ils \u00e9valuent leurs options et n&#39;excluent pas de permettre au joueur de 21 ans de gagner \u00e0 nouveau du temps de jeu r\u00e9gulier dans les ligues inf\u00e9rieures.<\/p>\n<p>Dans le m\u00eame temps, cependant, Amorim \u00ab\u00a0jouerait\u00a0\u00bb avec l&#39;id\u00e9e de donner \u00e0 Collyer quelques minutes en \u00e9quipe premi\u00e8re, mais le milieu de terrain reconna\u00eet que ses opportunit\u00e9s seront limit\u00e9es en raison du manque de football europ\u00e9en et de Coupe EFL de Man Utd.<\/p>\n<p>L&#39;international anglais des moins de 20 ans a d\u00e9j\u00e0 fait 13 apparitions pour la premi\u00e8re \u00e9quipe de Man United, toutes survenues au cours de la campagne 2024-25 sous la direction d&#39;Amorim et Erik ten Hag, dont cinq sorties de remplacement en Premier League.<\/p>\n<p>Collyer a rejoint Man United depuis Brighton d\u00e9but 2022 et son contrat avec les Red Devils expire \u00e0 la fin de la saison 2026-27.<\/p>\n<\/div>\n","protected":false},"excerpt":{"rendered":"<p>Manchester United aurait rappel\u00e9 Toby Collyer de son pr\u00eat \u00e0 West Bromwich Albion, mais le milieu de terrain n&#39;a peut-\u00eatre pas encore sa chance en<\/p>\n","protected":false},"author":1,"featured_media":32959,"comment_status":"closed","ping_status":"","sticky":false,"template":"","format":"standard","meta":{"footnotes":""},"categories":[5],"tags":[318,4477,209,91,2086,497,1432,1221,24,1602,3098,160,700,296],"yoast_head":"<!-- This site is optimized with the Yoast SEO plugin v21.0 - https:\/\/yoast.com\/wordpress\/plugins\/seo\/ -->\n<title>Man Utd rappelle un joueur de 21 ans pr\u00eat\u00e9 au championnat alors que Ruben Amorim &quot;joue&quot; avec la d\u00e9cision de transfert<\/title>\n<meta name=\"robots\" content=\"index, follow, max-snippet:-1, max-image-preview:large, max-video-preview:-1\" \/>\n<link rel=\"canonical\" href=\"https:\/\/footdavant.fr\/actualites\/man-utd-rappelle-un-joueur-de-21-ans-prete-au-championnat-alors-que-ruben-amorim-joue-avec-la-decision-de-transfert\/\" \/>\n<meta property=\"og:locale\" content=\"fr_FR\" \/>\n<meta property=\"og:type\" content=\"article\" \/>\n<meta property=\"og:title\" content=\"Man Utd rappelle un joueur de 21 ans pr\u00eat\u00e9 au championnat alors que Ruben Amorim &quot;joue&quot; avec la d\u00e9cision de transfert\" \/>\n<meta property=\"og:description\" content=\"Manchester United aurait rappel\u00e9 Toby Collyer de son pr\u00eat \u00e0 West Bromwich Albion, mais le milieu de terrain n&#039;a peut-\u00eatre pas encore sa chance en\" \/>\n<meta property=\"og:url\" content=\"https:\/\/footdavant.fr\/actualites\/man-utd-rappelle-un-joueur-de-21-ans-prete-au-championnat-alors-que-ruben-amorim-joue-avec-la-decision-de-transfert\/\" \/>\n<meta property=\"og:site_name\" content=\"Foot d&#039;avant\" \/>\n<meta property=\"article:publisher\" content=\"https:\/\/www.facebook.com\/Footdavant\/\" \/>\n<meta property=\"article:published_time\" content=\"2025-12-31T20:48:17+00:00\" \/>\n<meta property=\"article:modified_time\" content=\"2025-12-31T20:48:18+00:00\" \/>\n<meta property=\"og:image\" content=\"https:\/\/footdavant.fr\/actualites\/wp-content\/uploads\/2025\/12\/1767214098_Man-Utd-rappelle-un-joueur-de-21-ans-prete-au.jpg\" \/>\n\t<meta property=\"og:image:width\" content=\"720\" \/>\n\t<meta property=\"og:image:height\" content=\"410\" \/>\n\t<meta property=\"og:image:type\" content=\"image\/jpeg\" \/>\n<meta name=\"author\" content=\"Cl\u00e9ment\" \/>\n<meta name=\"twitter:card\" content=\"summary_large_image\" \/>\n<meta name=\"twitter:creator\" content=\"@FootdavantFr\" \/>\n<meta name=\"twitter:site\" content=\"@FootdavantFr\" \/>\n<meta name=\"twitter:label1\" content=\"\u00c9crit par\" \/>\n\t<meta name=\"twitter:data1\" content=\"Cl\u00e9ment\" \/>\n\t<meta name=\"twitter:label2\" content=\"Dur\u00e9e de lecture estim\u00e9e\" \/>\n\t<meta name=\"twitter:data2\" content=\"3 minutes\" \/>\n<script type=\"application\/ld+json\" class=\"yoast-schema-graph\">{\"@context\":\"https:\/\/schema.org\",\"@graph\":[{\"@type\":\"Article\",\"@id\":\"https:\/\/footdavant.fr\/actualites\/man-utd-rappelle-un-joueur-de-21-ans-prete-au-championnat-alors-que-ruben-amorim-joue-avec-la-decision-de-transfert\/#article\",\"isPartOf\":{\"@id\":\"https:\/\/footdavant.fr\/actualites\/man-utd-rappelle-un-joueur-de-21-ans-prete-au-championnat-alors-que-ruben-amorim-joue-avec-la-decision-de-transfert\/\"},\"author\":{\"name\":\"Cl\u00e9ment\",\"@id\":\"https:\/\/footdavant.fr\/actualites\/#\/schema\/person\/bc222566d95871b37e597b3ed3ba5e1d\"},\"headline\":\"Man Utd rappelle un joueur de 21 ans pr\u00eat\u00e9 au championnat alors que Ruben Amorim \u00ab\u00a0joue\u00a0\u00bb avec la d\u00e9cision de transfert\",\"datePublished\":\"2025-12-31T20:48:17+00:00\",\"dateModified\":\"2025-12-31T20:48:18+00:00\",\"mainEntityOfPage\":{\"@id\":\"https:\/\/footdavant.fr\/actualites\/man-utd-rappelle-un-joueur-de-21-ans-prete-au-championnat-alors-que-ruben-amorim-joue-avec-la-decision-de-transfert\/\"},\"wordCount\":626,\"publisher\":{\"@id\":\"https:\/\/footdavant.fr\/actualites\/#organization\"},\"keywords\":[\"alors\",\"Amorim\",\"ans\",\"avec\",\"championnat\",\"d\u00e9cision\",\"joue\",\"joueur\",\"Man\",\"pr\u00eat\u00e9\",\"rappelle\",\"Ruben\",\"transfert\",\"Utd\"],\"articleSection\":[\"Premier League\"],\"inLanguage\":\"fr-FR\"},{\"@type\":\"WebPage\",\"@id\":\"https:\/\/footdavant.fr\/actualites\/man-utd-rappelle-un-joueur-de-21-ans-prete-au-championnat-alors-que-ruben-amorim-joue-avec-la-decision-de-transfert\/\",\"url\":\"https:\/\/footdavant.fr\/actualites\/man-utd-rappelle-un-joueur-de-21-ans-prete-au-championnat-alors-que-ruben-amorim-joue-avec-la-decision-de-transfert\/\",\"name\":\"Man Utd rappelle un joueur de 21 ans pr\u00eat\u00e9 au championnat alors que Ruben Amorim \\\"joue\\\" avec la d\u00e9cision de transfert\",\"isPartOf\":{\"@id\":\"https:\/\/footdavant.fr\/actualites\/#website\"},\"datePublished\":\"2025-12-31T20:48:17+00:00\",\"dateModified\":\"2025-12-31T20:48:18+00:00\",\"breadcrumb\":{\"@id\":\"https:\/\/footdavant.fr\/actualites\/man-utd-rappelle-un-joueur-de-21-ans-prete-au-championnat-alors-que-ruben-amorim-joue-avec-la-decision-de-transfert\/#breadcrumb\"},\"inLanguage\":\"fr-FR\",\"potentialAction\":[{\"@type\":\"ReadAction\",\"target\":[\"https:\/\/footdavant.fr\/actualites\/man-utd-rappelle-un-joueur-de-21-ans-prete-au-championnat-alors-que-ruben-amorim-joue-avec-la-decision-de-transfert\/\"]}]},{\"@type\":\"BreadcrumbList\",\"@id\":\"https:\/\/footdavant.fr\/actualites\/man-utd-rappelle-un-joueur-de-21-ans-prete-au-championnat-alors-que-ruben-amorim-joue-avec-la-decision-de-transfert\/#breadcrumb\",\"itemListElement\":[{\"@type\":\"ListItem\",\"position\":1,\"name\":\"Accueil\",\"item\":\"https:\/\/footdavant.fr\/actualites\/\"},{\"@type\":\"ListItem\",\"position\":2,\"name\":\"Man Utd rappelle un joueur de 21 ans pr\u00eat\u00e9 au championnat alors que Ruben Amorim \u00ab\u00a0joue\u00a0\u00bb avec la d\u00e9cision de transfert\"}]},{\"@type\":\"WebSite\",\"@id\":\"https:\/\/footdavant.fr\/actualites\/#website\",\"url\":\"https:\/\/footdavant.fr\/actualites\/\",\"name\":\"Foot d'avant\",\"description\":\"\",\"publisher\":{\"@id\":\"https:\/\/footdavant.fr\/actualites\/#organization\"},\"potentialAction\":[{\"@type\":\"SearchAction\",\"target\":{\"@type\":\"EntryPoint\",\"urlTemplate\":\"https:\/\/footdavant.fr\/actualites\/?s={search_term_string}\"},\"query-input\":\"required name=search_term_string\"}],\"inLanguage\":\"fr-FR\"},{\"@type\":\"Organization\",\"@id\":\"https:\/\/footdavant.fr\/actualites\/#organization\",\"name\":\"Foot d'avant\",\"url\":\"https:\/\/footdavant.fr\/actualites\/\",\"logo\":{\"@type\":\"ImageObject\",\"inLanguage\":\"fr-FR\",\"@id\":\"https:\/\/footdavant.fr\/actualites\/#\/schema\/logo\/image\/\",\"url\":\"https:\/\/footdavant.fr\/actualites\/wp-content\/uploads\/2023\/09\/Copy-of-FootDavant-Logo.png\",\"contentUrl\":\"https:\/\/footdavant.fr\/actualites\/wp-content\/uploads\/2023\/09\/Copy-of-FootDavant-Logo.png\",\"width\":936,\"height\":549,\"caption\":\"Foot d'avant\"},\"image\":{\"@id\":\"https:\/\/footdavant.fr\/actualites\/#\/schema\/logo\/image\/\"},\"sameAs\":[\"https:\/\/www.facebook.com\/Footdavant\/\",\"https:\/\/twitter.com\/FootdavantFr\",\"https:\/\/www.instagram.com\/footdavant.fr\/\"]},{\"@type\":\"Person\",\"@id\":\"https:\/\/footdavant.fr\/actualites\/#\/schema\/person\/bc222566d95871b37e597b3ed3ba5e1d\",\"name\":\"Cl\u00e9ment\",\"image\":{\"@type\":\"ImageObject\",\"inLanguage\":\"fr-FR\",\"@id\":\"https:\/\/footdavant.fr\/actualites\/#\/schema\/person\/image\/\",\"url\":\"https:\/\/secure.gravatar.com\/avatar\/7728b29aac2719421e1a9159b2254c44?s=96&d=mm&r=g\",\"contentUrl\":\"https:\/\/secure.gravatar.com\/avatar\/7728b29aac2719421e1a9159b2254c44?s=96&d=mm&r=g\",\"caption\":\"Cl\u00e9ment\"},\"sameAs\":[\"https:\/\/footdavant.fr\/\"]}]}<\/script>\n<!-- \/ Yoast SEO plugin. -->","yoast_head_json":{"title":"Man Utd rappelle un joueur de 21 ans pr\u00eat\u00e9 au championnat alors que Ruben Amorim \"joue\" avec la d\u00e9cision de transfert","robots":{"index":"index","follow":"follow","max-snippet":"max-snippet:-1","max-image-preview":"max-image-preview:large","max-video-preview":"max-video-preview:-1"},"canonical":"https:\/\/footdavant.fr\/actualites\/man-utd-rappelle-un-joueur-de-21-ans-prete-au-championnat-alors-que-ruben-amorim-joue-avec-la-decision-de-transfert\/","og_locale":"fr_FR","og_type":"article","og_title":"Man Utd rappelle un joueur de 21 ans pr\u00eat\u00e9 au championnat alors que Ruben Amorim \"joue\" avec la d\u00e9cision de transfert","og_description":"Manchester United aurait rappel\u00e9 Toby Collyer de son pr\u00eat \u00e0 West Bromwich Albion, mais le milieu de terrain n&#39;a peut-\u00eatre pas encore sa chance en","og_url":"https:\/\/footdavant.fr\/actualites\/man-utd-rappelle-un-joueur-de-21-ans-prete-au-championnat-alors-que-ruben-amorim-joue-avec-la-decision-de-transfert\/","og_site_name":"Foot d&#039;avant","article_publisher":"https:\/\/www.facebook.com\/Footdavant\/","article_published_time":"2025-12-31T20:48:17+00:00","article_modified_time":"2025-12-31T20:48:18+00:00","og_image":[{"width":720,"height":410,"url":"https:\/\/footdavant.fr\/actualites\/wp-content\/uploads\/2025\/12\/1767214098_Man-Utd-rappelle-un-joueur-de-21-ans-prete-au.jpg","type":"image\/jpeg"}],"author":"Cl\u00e9ment","twitter_card":"summary_large_image","twitter_creator":"@FootdavantFr","twitter_site":"@FootdavantFr","twitter_misc":{"\u00c9crit par":"Cl\u00e9ment","Dur\u00e9e de lecture estim\u00e9e":"3 minutes"},"schema":{"@context":"https:\/\/schema.org","@graph":[{"@type":"Article","@id":"https:\/\/footdavant.fr\/actualites\/man-utd-rappelle-un-joueur-de-21-ans-prete-au-championnat-alors-que-ruben-amorim-joue-avec-la-decision-de-transfert\/#article","isPartOf":{"@id":"https:\/\/footdavant.fr\/actualites\/man-utd-rappelle-un-joueur-de-21-ans-prete-au-championnat-alors-que-ruben-amorim-joue-avec-la-decision-de-transfert\/"},"author":{"name":"Cl\u00e9ment","@id":"https:\/\/footdavant.fr\/actualites\/#\/schema\/person\/bc222566d95871b37e597b3ed3ba5e1d"},"headline":"Man Utd rappelle un joueur de 21 ans pr\u00eat\u00e9 au championnat alors que Ruben Amorim \u00ab\u00a0joue\u00a0\u00bb avec la d\u00e9cision de transfert","datePublished":"2025-12-31T20:48:17+00:00","dateModified":"2025-12-31T20:48:18+00:00","mainEntityOfPage":{"@id":"https:\/\/footdavant.fr\/actualites\/man-utd-rappelle-un-joueur-de-21-ans-prete-au-championnat-alors-que-ruben-amorim-joue-avec-la-decision-de-transfert\/"},"wordCount":626,"publisher":{"@id":"https:\/\/footdavant.fr\/actualites\/#organization"},"keywords":["alors","Amorim","ans","avec","championnat","d\u00e9cision","joue","joueur","Man","pr\u00eat\u00e9","rappelle","Ruben","transfert","Utd"],"articleSection":["Premier League"],"inLanguage":"fr-FR"},{"@type":"WebPage","@id":"https:\/\/footdavant.fr\/actualites\/man-utd-rappelle-un-joueur-de-21-ans-prete-au-championnat-alors-que-ruben-amorim-joue-avec-la-decision-de-transfert\/","url":"https:\/\/footdavant.fr\/actualites\/man-utd-rappelle-un-joueur-de-21-ans-prete-au-championnat-alors-que-ruben-amorim-joue-avec-la-decision-de-transfert\/","name":"Man Utd rappelle un joueur de 21 ans pr\u00eat\u00e9 au championnat alors que Ruben Amorim \"joue\" avec la d\u00e9cision de transfert","isPartOf":{"@id":"https:\/\/footdavant.fr\/actualites\/#website"},"datePublished":"2025-12-31T20:48:17+00:00","dateModified":"2025-12-31T20:48:18+00:00","breadcrumb":{"@id":"https:\/\/footdavant.fr\/actualites\/man-utd-rappelle-un-joueur-de-21-ans-prete-au-championnat-alors-que-ruben-amorim-joue-avec-la-decision-de-transfert\/#breadcrumb"},"inLanguage":"fr-FR","potentialAction":[{"@type":"ReadAction","target":["https:\/\/footdavant.fr\/actualites\/man-utd-rappelle-un-joueur-de-21-ans-prete-au-championnat-alors-que-ruben-amorim-joue-avec-la-decision-de-transfert\/"]}]},{"@type":"BreadcrumbList","@id":"https:\/\/footdavant.fr\/actualites\/man-utd-rappelle-un-joueur-de-21-ans-prete-au-championnat-alors-que-ruben-amorim-joue-avec-la-decision-de-transfert\/#breadcrumb","itemListElement":[{"@type":"ListItem","position":1,"name":"Accueil","item":"https:\/\/footdavant.fr\/actualites\/"},{"@type":"ListItem","position":2,"name":"Man Utd rappelle un joueur de 21 ans pr\u00eat\u00e9 au championnat alors que Ruben Amorim \u00ab\u00a0joue\u00a0\u00bb avec la d\u00e9cision de transfert"}]},{"@type":"WebSite","@id":"https:\/\/footdavant.fr\/actualites\/#website","url":"https:\/\/footdavant.fr\/actualites\/","name":"Foot d'avant","description":"","publisher":{"@id":"https:\/\/footdavant.fr\/actualites\/#organization"},"potentialAction":[{"@type":"SearchAction","target":{"@type":"EntryPoint","urlTemplate":"https:\/\/footdavant.fr\/actualites\/?s={search_term_string}"},"query-input":"required name=search_term_string"}],"inLanguage":"fr-FR"},{"@type":"Organization","@id":"https:\/\/footdavant.fr\/actualites\/#organization","name":"Foot d'avant","url":"https:\/\/footdavant.fr\/actualites\/","logo":{"@type":"ImageObject","inLanguage":"fr-FR","@id":"https:\/\/footdavant.fr\/actualites\/#\/schema\/logo\/image\/","url":"https:\/\/footdavant.fr\/actualites\/wp-content\/uploads\/2023\/09\/Copy-of-FootDavant-Logo.png","contentUrl":"https:\/\/footdavant.fr\/actualites\/wp-content\/uploads\/2023\/09\/Copy-of-FootDavant-Logo.png","width":936,"height":549,"caption":"Foot d'avant"},"image":{"@id":"https:\/\/footdavant.fr\/actualites\/#\/schema\/logo\/image\/"},"sameAs":["https:\/\/www.facebook.com\/Footdavant\/","https:\/\/twitter.com\/FootdavantFr","https:\/\/www.instagram.com\/footdavant.fr\/"]},{"@type":"Person","@id":"https:\/\/footdavant.fr\/actualites\/#\/schema\/person\/bc222566d95871b37e597b3ed3ba5e1d","name":"Cl\u00e9ment","image":{"@type":"ImageObject","inLanguage":"fr-FR","@id":"https:\/\/footdavant.fr\/actualites\/#\/schema\/person\/image\/","url":"https:\/\/secure.gravatar.com\/avatar\/7728b29aac2719421e1a9159b2254c44?s=96&d=mm&r=g","contentUrl":"https:\/\/secure.gravatar.com\/avatar\/7728b29aac2719421e1a9159b2254c44?s=96&d=mm&r=g","caption":"Cl\u00e9ment"},"sameAs":["https:\/\/footdavant.fr\/"]}]}},"_links":{"self":[{"href":"https:\/\/footdavant.fr\/actualites\/wp-json\/wp\/v2\/posts\/32958"}],"collection":[{"href":"https:\/\/footdavant.fr\/actualites\/wp-json\/wp\/v2\/posts"}],"about":[{"href":"https:\/\/footdavant.fr\/actualites\/wp-json\/wp\/v2\/types\/post"}],"author":[{"embeddable":true,"href":"https:\/\/footdavant.fr\/actualites\/wp-json\/wp\/v2\/users\/1"}],"replies":[{"embeddable":true,"href":"https:\/\/footdavant.fr\/actualites\/wp-json\/wp\/v2\/comments?post=32958"}],"version-history":[{"count":1,"href":"https:\/\/footdavant.fr\/actualites\/wp-json\/wp\/v2\/posts\/32958\/revisions"}],"predecessor-version":[{"id":32960,"href":"https:\/\/footdavant.fr\/actualites\/wp-json\/wp\/v2\/posts\/32958\/revisions\/32960"}],"wp:featuredmedia":[{"embeddable":true,"href":"https:\/\/footdavant.fr\/actualites\/wp-json\/wp\/v2\/media\/32959"}],"wp:attachment":[{"href":"https:\/\/footdavant.fr\/actualites\/wp-json\/wp\/v2\/media?parent=32958"}],"wp:term":[{"taxonomy":"category","embeddable":true,"href":"https:\/\/footdavant.fr\/actualites\/wp-json\/wp\/v2\/categories?post=32958"},{"taxonomy":"post_tag","embeddable":true,"href":"https:\/\/footdavant.fr\/actualites\/wp-json\/wp\/v2\/tags?post=32958"}],"curies":[{"name":"wp","href":"https:\/\/api.w.org\/{rel}","templated":true}]}}