{"id":32961,"date":"2025-12-31T23:48:05","date_gmt":"2025-12-31T22:48:05","guid":{"rendered":"https:\/\/footdavant.fr\/actualites\/jean%e2%80%91philippe-mateta-man-united-envisage-un-coup-de-janvier-pour-un-prolifique-attaquant-francais\/"},"modified":"2025-12-31T23:48:07","modified_gmt":"2025-12-31T22:48:07","slug":"jean%e2%80%91philippe-mateta-man-united-envisage-un-coup-de-janvier-pour-un-prolifique-attaquant-francais","status":"publish","type":"post","link":"https:\/\/footdavant.fr\/actualites\/jean%e2%80%91philippe-mateta-man-united-envisage-un-coup-de-janvier-pour-un-prolifique-attaquant-francais\/","title":{"rendered":"Jean\u2011Philippe Mateta: Man United envisage un coup de janvier pour un prolifique attaquant fran\u00e7ais &#8211;"},"content":{"rendered":"<div id=\"penci-post-entry-inner\">\n<p>\t\t\t<i class=\"penci-post-countview-number-check\" style=\"display:none\">8<\/i><\/p>\n<p><!--Article Start--><br \/>Fabrizio Romano a r\u00e9cemment affirm\u00e9 que Manchester United recherchait activement une signature offensive cet hiver.<\/p>\n<p>Le gourou des transferts a soulign\u00e9 que, malgr\u00e9 l&#39;absence d&#39;Antoine Semenyo, en route vers Manchester City, les plans de United pour cette fen\u00eatre restent inchang\u00e9s.<\/p>\n<p>Les Diables Rouges restent d\u00e9termin\u00e9s \u00e0 renforcer leur ligne de front, une d\u00e9cision qui ouvrirait la voie au transfert de Joshua Zirkzee \u00e0 l&#39;AS Roma.<\/p>\n<p>Cela \u00e9tant dit, pour ceux qui sont curieux de savoir quel attaquant United pourrait cibler, Pete O&#39;Rourke a maintenant offert un indice important.<\/p>\n<h2>United revient pour Mateta<\/h2>\n<p>Via Football Insider, O&#39;Rourke rapporte :<\/p>\n<p>\u00ab\u00a0Manchester United a tourn\u00e9 son attention vers une d\u00e9cision en janvier pour l&#39;attaquant de Crystal Palace Jean-Philippe Mateta.\u00a0\u00bb<\/p>\n<p>United a tent\u00e9 de signer Mateta l&#39;\u00e9t\u00e9 dernier mais n&#39;a pas r\u00e9ussi \u00e0 conclure un accord, bien qu&#39;ils aient continu\u00e9 et sign\u00e9 Benjamin Sesko.<\/p>\n<h2>Opportunit\u00e9 Mateta<\/h2>\n<p>Aujourd&#39;hui, alors que le joueur de 28 ans entre dans les 18 derniers mois de son contrat et que les n\u00e9gociations de prolongation sont au point mort, une opportunit\u00e9 de transfert commence \u00e0 \u00e9merger.<\/p>\n<p>Fait int\u00e9ressant, O&#39;Rourke affirme que Palace a d\u00e9j\u00e0 commenc\u00e9 \u00e0 \u00e9valuer les remplacements potentiels alors qu&#39;ils se pr\u00e9parent au d\u00e9part \u00e9ventuel du Fran\u00e7ais.<\/p>\n<p>Alors que les Eagles se pr\u00e9parent \u00e0 vivre sans lui, il sera fascinant de voir comment ils r\u00e9agiront si United teste leur d\u00e9termination avec une offre audacieuse cet hiver.<\/p>\n<h2>Le rempla\u00e7ant de Zirkzee<\/h2>\n<p>Mateta n&#39;a peut-\u00eatre pas atteint les sommets de la saison derni\u00e8re, lorsqu&#39;il a marqu\u00e9 17 buts, mais il en a quand m\u00eame r\u00e9ussi neuf cette saison. On s&#39;attendait \u00e0 ce qu&#39;il s&#39;appuie sur le r\u00e9sultat de l&#39;ann\u00e9e derni\u00e8re, mais sa production a chut\u00e9.<\/p>\n<p>N\u00e9anmoins, en tant que num\u00e9ro neuf classique, Mateta offre une pr\u00e9sence physique, une force a\u00e9rienne et une finition clinique. Il pourrait s&#39;av\u00e9rer le rempla\u00e7ant id\u00e9al de Zirkzee et une alternative solide \u00e0 Sesko. Son arriv\u00e9e pousserait l\u2019attaquant slov\u00e8ne dans ses derniers retranchements, pouvant potentiellement tirer le meilleur de lui-m\u00eame.<\/p>\n<h2>Un buteur fiable fait passer United au niveau sup\u00e9rieur<\/h2>\n<p>United, notamment, figure d\u00e9j\u00e0 parmi les meilleurs buteurs de la Premier League, seuls Manchester City et Arsenal devant eux.<\/p>\n<p>Pourtant, l\u2019absence d\u2019un attaquant fiable et inconditionnel continue de les freiner. Les difficult\u00e9s de Sesko et Zirkzee devant le but ont \u00e9t\u00e9 une pierre d&#39;achoppement majeure, et Mateta pourrait \u00eatre la solution \u00e0 ce probl\u00e8me.<\/p>\n<\/p>\n<hr\/>\n<p>The Peoples Person est l&#39;un des principaux sites d&#39;information de Man United au monde depuis plus d&#39;une d\u00e9cennie. Suivez-nous sur Bluesky\u00a0: @peoplesperson.bsky.social<\/p>\n<\/p>\n<p><!-- CONTENT END 2 --><\/p><\/div>\n","protected":false},"excerpt":{"rendered":"<p>8 Fabrizio Romano a r\u00e9cemment affirm\u00e9 que Manchester United recherchait activement une signature offensive cet hiver. Le gourou des transferts a soulign\u00e9 que, malgr\u00e9 l&#39;absence<\/p>\n","protected":false},"author":1,"featured_media":32962,"comment_status":"closed","ping_status":"","sticky":false,"template":"","format":"standard","meta":{"footnotes":""},"categories":[3],"tags":[778,489,496,2918,166,7694,24,3399,51,3453,13],"yoast_head":"<!-- This site is optimized with the Yoast SEO plugin v21.0 - https:\/\/yoast.com\/wordpress\/plugins\/seo\/ -->\n<title>Jean\u2011Philippe Mateta: Man United envisage un coup de janvier pour un prolifique attaquant fran\u00e7ais -<\/title>\n<meta name=\"robots\" content=\"index, follow, max-snippet:-1, max-image-preview:large, max-video-preview:-1\" \/>\n<link rel=\"canonical\" href=\"https:\/\/footdavant.fr\/actualites\/jean\u2011philippe-mateta-man-united-envisage-un-coup-de-janvier-pour-un-prolifique-attaquant-francais\/\" \/>\n<meta property=\"og:locale\" content=\"fr_FR\" \/>\n<meta property=\"og:type\" content=\"article\" \/>\n<meta property=\"og:title\" content=\"Jean\u2011Philippe Mateta: Man United envisage un coup de janvier pour un prolifique attaquant fran\u00e7ais -\" \/>\n<meta property=\"og:description\" content=\"8 Fabrizio Romano a r\u00e9cemment affirm\u00e9 que Manchester United recherchait activement une signature offensive cet hiver. Le gourou des transferts a soulign\u00e9 que, malgr\u00e9 l&#039;absence\" \/>\n<meta property=\"og:url\" content=\"https:\/\/footdavant.fr\/actualites\/jean\u2011philippe-mateta-man-united-envisage-un-coup-de-janvier-pour-un-prolifique-attaquant-francais\/\" \/>\n<meta property=\"og:site_name\" content=\"Foot d&#039;avant\" \/>\n<meta property=\"article:publisher\" content=\"https:\/\/www.facebook.com\/Footdavant\/\" \/>\n<meta property=\"article:published_time\" content=\"2025-12-31T22:48:05+00:00\" \/>\n<meta property=\"article:modified_time\" content=\"2025-12-31T22:48:07+00:00\" \/>\n<meta property=\"og:image\" content=\"https:\/\/footdavant.fr\/actualites\/wp-content\/uploads\/2025\/12\/Jean\u2011Philippe-Mateta-Man-United-envisage-un-coup-de-janvier-pour.jpg\" \/>\n\t<meta property=\"og:image:width\" content=\"1600\" \/>\n\t<meta property=\"og:image:height\" content=\"717\" \/>\n\t<meta property=\"og:image:type\" content=\"image\/jpeg\" \/>\n<meta name=\"author\" content=\"Cl\u00e9ment\" \/>\n<meta name=\"twitter:card\" content=\"summary_large_image\" \/>\n<meta name=\"twitter:creator\" content=\"@FootdavantFr\" \/>\n<meta name=\"twitter:site\" content=\"@FootdavantFr\" \/>\n<meta name=\"twitter:label1\" content=\"\u00c9crit par\" \/>\n\t<meta name=\"twitter:data1\" content=\"Cl\u00e9ment\" \/>\n\t<meta name=\"twitter:label2\" content=\"Dur\u00e9e de lecture estim\u00e9e\" \/>\n\t<meta name=\"twitter:data2\" content=\"2 minutes\" \/>\n<script type=\"application\/ld+json\" class=\"yoast-schema-graph\">{\"@context\":\"https:\/\/schema.org\",\"@graph\":[{\"@type\":\"Article\",\"@id\":\"https:\/\/footdavant.fr\/actualites\/jean%e2%80%91philippe-mateta-man-united-envisage-un-coup-de-janvier-pour-un-prolifique-attaquant-francais\/#article\",\"isPartOf\":{\"@id\":\"https:\/\/footdavant.fr\/actualites\/jean%e2%80%91philippe-mateta-man-united-envisage-un-coup-de-janvier-pour-un-prolifique-attaquant-francais\/\"},\"author\":{\"name\":\"Cl\u00e9ment\",\"@id\":\"https:\/\/footdavant.fr\/actualites\/#\/schema\/person\/bc222566d95871b37e597b3ed3ba5e1d\"},\"headline\":\"Jean\u2011Philippe Mateta: Man United envisage un coup de janvier pour un prolifique attaquant fran\u00e7ais &#8211;\",\"datePublished\":\"2025-12-31T22:48:05+00:00\",\"dateModified\":\"2025-12-31T22:48:07+00:00\",\"mainEntityOfPage\":{\"@id\":\"https:\/\/footdavant.fr\/actualites\/jean%e2%80%91philippe-mateta-man-united-envisage-un-coup-de-janvier-pour-un-prolifique-attaquant-francais\/\"},\"wordCount\":481,\"publisher\":{\"@id\":\"https:\/\/footdavant.fr\/actualites\/#organization\"},\"keywords\":[\"attaquant\",\"coup\",\"envisage\",\"fran\u00e7ais\",\"janvier\",\"JeanPhilippe\",\"Man\",\"Mateta\",\"pour\",\"prolifique\",\"United\"],\"articleSection\":[\"Football\"],\"inLanguage\":\"fr-FR\"},{\"@type\":\"WebPage\",\"@id\":\"https:\/\/footdavant.fr\/actualites\/jean%e2%80%91philippe-mateta-man-united-envisage-un-coup-de-janvier-pour-un-prolifique-attaquant-francais\/\",\"url\":\"https:\/\/footdavant.fr\/actualites\/jean%e2%80%91philippe-mateta-man-united-envisage-un-coup-de-janvier-pour-un-prolifique-attaquant-francais\/\",\"name\":\"Jean\u2011Philippe Mateta: Man United envisage un coup de janvier pour un prolifique attaquant fran\u00e7ais -\",\"isPartOf\":{\"@id\":\"https:\/\/footdavant.fr\/actualites\/#website\"},\"datePublished\":\"2025-12-31T22:48:05+00:00\",\"dateModified\":\"2025-12-31T22:48:07+00:00\",\"breadcrumb\":{\"@id\":\"https:\/\/footdavant.fr\/actualites\/jean%e2%80%91philippe-mateta-man-united-envisage-un-coup-de-janvier-pour-un-prolifique-attaquant-francais\/#breadcrumb\"},\"inLanguage\":\"fr-FR\",\"potentialAction\":[{\"@type\":\"ReadAction\",\"target\":[\"https:\/\/footdavant.fr\/actualites\/jean%e2%80%91philippe-mateta-man-united-envisage-un-coup-de-janvier-pour-un-prolifique-attaquant-francais\/\"]}]},{\"@type\":\"BreadcrumbList\",\"@id\":\"https:\/\/footdavant.fr\/actualites\/jean%e2%80%91philippe-mateta-man-united-envisage-un-coup-de-janvier-pour-un-prolifique-attaquant-francais\/#breadcrumb\",\"itemListElement\":[{\"@type\":\"ListItem\",\"position\":1,\"name\":\"Accueil\",\"item\":\"https:\/\/footdavant.fr\/actualites\/\"},{\"@type\":\"ListItem\",\"position\":2,\"name\":\"Jean\u2011Philippe Mateta: Man United envisage un coup de janvier pour un prolifique attaquant fran\u00e7ais &#8211;\"}]},{\"@type\":\"WebSite\",\"@id\":\"https:\/\/footdavant.fr\/actualites\/#website\",\"url\":\"https:\/\/footdavant.fr\/actualites\/\",\"name\":\"Foot d'avant\",\"description\":\"\",\"publisher\":{\"@id\":\"https:\/\/footdavant.fr\/actualites\/#organization\"},\"potentialAction\":[{\"@type\":\"SearchAction\",\"target\":{\"@type\":\"EntryPoint\",\"urlTemplate\":\"https:\/\/footdavant.fr\/actualites\/?s={search_term_string}\"},\"query-input\":\"required name=search_term_string\"}],\"inLanguage\":\"fr-FR\"},{\"@type\":\"Organization\",\"@id\":\"https:\/\/footdavant.fr\/actualites\/#organization\",\"name\":\"Foot d'avant\",\"url\":\"https:\/\/footdavant.fr\/actualites\/\",\"logo\":{\"@type\":\"ImageObject\",\"inLanguage\":\"fr-FR\",\"@id\":\"https:\/\/footdavant.fr\/actualites\/#\/schema\/logo\/image\/\",\"url\":\"https:\/\/footdavant.fr\/actualites\/wp-content\/uploads\/2023\/09\/Copy-of-FootDavant-Logo.png\",\"contentUrl\":\"https:\/\/footdavant.fr\/actualites\/wp-content\/uploads\/2023\/09\/Copy-of-FootDavant-Logo.png\",\"width\":936,\"height\":549,\"caption\":\"Foot d'avant\"},\"image\":{\"@id\":\"https:\/\/footdavant.fr\/actualites\/#\/schema\/logo\/image\/\"},\"sameAs\":[\"https:\/\/www.facebook.com\/Footdavant\/\",\"https:\/\/twitter.com\/FootdavantFr\",\"https:\/\/www.instagram.com\/footdavant.fr\/\"]},{\"@type\":\"Person\",\"@id\":\"https:\/\/footdavant.fr\/actualites\/#\/schema\/person\/bc222566d95871b37e597b3ed3ba5e1d\",\"name\":\"Cl\u00e9ment\",\"image\":{\"@type\":\"ImageObject\",\"inLanguage\":\"fr-FR\",\"@id\":\"https:\/\/footdavant.fr\/actualites\/#\/schema\/person\/image\/\",\"url\":\"https:\/\/secure.gravatar.com\/avatar\/7728b29aac2719421e1a9159b2254c44?s=96&d=mm&r=g\",\"contentUrl\":\"https:\/\/secure.gravatar.com\/avatar\/7728b29aac2719421e1a9159b2254c44?s=96&d=mm&r=g\",\"caption\":\"Cl\u00e9ment\"},\"sameAs\":[\"https:\/\/footdavant.fr\/\"]}]}<\/script>\n<!-- \/ Yoast SEO plugin. -->","yoast_head_json":{"title":"Jean\u2011Philippe Mateta: Man United envisage un coup de janvier pour un prolifique attaquant fran\u00e7ais -","robots":{"index":"index","follow":"follow","max-snippet":"max-snippet:-1","max-image-preview":"max-image-preview:large","max-video-preview":"max-video-preview:-1"},"canonical":"https:\/\/footdavant.fr\/actualites\/jean\u2011philippe-mateta-man-united-envisage-un-coup-de-janvier-pour-un-prolifique-attaquant-francais\/","og_locale":"fr_FR","og_type":"article","og_title":"Jean\u2011Philippe Mateta: Man United envisage un coup de janvier pour un prolifique attaquant fran\u00e7ais -","og_description":"8 Fabrizio Romano a r\u00e9cemment affirm\u00e9 que Manchester United recherchait activement une signature offensive cet hiver. Le gourou des transferts a soulign\u00e9 que, malgr\u00e9 l&#39;absence","og_url":"https:\/\/footdavant.fr\/actualites\/jean\u2011philippe-mateta-man-united-envisage-un-coup-de-janvier-pour-un-prolifique-attaquant-francais\/","og_site_name":"Foot d&#039;avant","article_publisher":"https:\/\/www.facebook.com\/Footdavant\/","article_published_time":"2025-12-31T22:48:05+00:00","article_modified_time":"2025-12-31T22:48:07+00:00","og_image":[{"width":1600,"height":717,"url":"https:\/\/footdavant.fr\/actualites\/wp-content\/uploads\/2025\/12\/Jean\u2011Philippe-Mateta-Man-United-envisage-un-coup-de-janvier-pour.jpg","type":"image\/jpeg"}],"author":"Cl\u00e9ment","twitter_card":"summary_large_image","twitter_creator":"@FootdavantFr","twitter_site":"@FootdavantFr","twitter_misc":{"\u00c9crit par":"Cl\u00e9ment","Dur\u00e9e de lecture estim\u00e9e":"2 minutes"},"schema":{"@context":"https:\/\/schema.org","@graph":[{"@type":"Article","@id":"https:\/\/footdavant.fr\/actualites\/jean%e2%80%91philippe-mateta-man-united-envisage-un-coup-de-janvier-pour-un-prolifique-attaquant-francais\/#article","isPartOf":{"@id":"https:\/\/footdavant.fr\/actualites\/jean%e2%80%91philippe-mateta-man-united-envisage-un-coup-de-janvier-pour-un-prolifique-attaquant-francais\/"},"author":{"name":"Cl\u00e9ment","@id":"https:\/\/footdavant.fr\/actualites\/#\/schema\/person\/bc222566d95871b37e597b3ed3ba5e1d"},"headline":"Jean\u2011Philippe Mateta: Man United envisage un coup de janvier pour un prolifique attaquant fran\u00e7ais &#8211;","datePublished":"2025-12-31T22:48:05+00:00","dateModified":"2025-12-31T22:48:07+00:00","mainEntityOfPage":{"@id":"https:\/\/footdavant.fr\/actualites\/jean%e2%80%91philippe-mateta-man-united-envisage-un-coup-de-janvier-pour-un-prolifique-attaquant-francais\/"},"wordCount":481,"publisher":{"@id":"https:\/\/footdavant.fr\/actualites\/#organization"},"keywords":["attaquant","coup","envisage","fran\u00e7ais","janvier","JeanPhilippe","Man","Mateta","pour","prolifique","United"],"articleSection":["Football"],"inLanguage":"fr-FR"},{"@type":"WebPage","@id":"https:\/\/footdavant.fr\/actualites\/jean%e2%80%91philippe-mateta-man-united-envisage-un-coup-de-janvier-pour-un-prolifique-attaquant-francais\/","url":"https:\/\/footdavant.fr\/actualites\/jean%e2%80%91philippe-mateta-man-united-envisage-un-coup-de-janvier-pour-un-prolifique-attaquant-francais\/","name":"Jean\u2011Philippe Mateta: Man United envisage un coup de janvier pour un prolifique attaquant fran\u00e7ais -","isPartOf":{"@id":"https:\/\/footdavant.fr\/actualites\/#website"},"datePublished":"2025-12-31T22:48:05+00:00","dateModified":"2025-12-31T22:48:07+00:00","breadcrumb":{"@id":"https:\/\/footdavant.fr\/actualites\/jean%e2%80%91philippe-mateta-man-united-envisage-un-coup-de-janvier-pour-un-prolifique-attaquant-francais\/#breadcrumb"},"inLanguage":"fr-FR","potentialAction":[{"@type":"ReadAction","target":["https:\/\/footdavant.fr\/actualites\/jean%e2%80%91philippe-mateta-man-united-envisage-un-coup-de-janvier-pour-un-prolifique-attaquant-francais\/"]}]},{"@type":"BreadcrumbList","@id":"https:\/\/footdavant.fr\/actualites\/jean%e2%80%91philippe-mateta-man-united-envisage-un-coup-de-janvier-pour-un-prolifique-attaquant-francais\/#breadcrumb","itemListElement":[{"@type":"ListItem","position":1,"name":"Accueil","item":"https:\/\/footdavant.fr\/actualites\/"},{"@type":"ListItem","position":2,"name":"Jean\u2011Philippe Mateta: Man United envisage un coup de janvier pour un prolifique attaquant fran\u00e7ais &#8211;"}]},{"@type":"WebSite","@id":"https:\/\/footdavant.fr\/actualites\/#website","url":"https:\/\/footdavant.fr\/actualites\/","name":"Foot d'avant","description":"","publisher":{"@id":"https:\/\/footdavant.fr\/actualites\/#organization"},"potentialAction":[{"@type":"SearchAction","target":{"@type":"EntryPoint","urlTemplate":"https:\/\/footdavant.fr\/actualites\/?s={search_term_string}"},"query-input":"required name=search_term_string"}],"inLanguage":"fr-FR"},{"@type":"Organization","@id":"https:\/\/footdavant.fr\/actualites\/#organization","name":"Foot d'avant","url":"https:\/\/footdavant.fr\/actualites\/","logo":{"@type":"ImageObject","inLanguage":"fr-FR","@id":"https:\/\/footdavant.fr\/actualites\/#\/schema\/logo\/image\/","url":"https:\/\/footdavant.fr\/actualites\/wp-content\/uploads\/2023\/09\/Copy-of-FootDavant-Logo.png","contentUrl":"https:\/\/footdavant.fr\/actualites\/wp-content\/uploads\/2023\/09\/Copy-of-FootDavant-Logo.png","width":936,"height":549,"caption":"Foot d'avant"},"image":{"@id":"https:\/\/footdavant.fr\/actualites\/#\/schema\/logo\/image\/"},"sameAs":["https:\/\/www.facebook.com\/Footdavant\/","https:\/\/twitter.com\/FootdavantFr","https:\/\/www.instagram.com\/footdavant.fr\/"]},{"@type":"Person","@id":"https:\/\/footdavant.fr\/actualites\/#\/schema\/person\/bc222566d95871b37e597b3ed3ba5e1d","name":"Cl\u00e9ment","image":{"@type":"ImageObject","inLanguage":"fr-FR","@id":"https:\/\/footdavant.fr\/actualites\/#\/schema\/person\/image\/","url":"https:\/\/secure.gravatar.com\/avatar\/7728b29aac2719421e1a9159b2254c44?s=96&d=mm&r=g","contentUrl":"https:\/\/secure.gravatar.com\/avatar\/7728b29aac2719421e1a9159b2254c44?s=96&d=mm&r=g","caption":"Cl\u00e9ment"},"sameAs":["https:\/\/footdavant.fr\/"]}]}},"_links":{"self":[{"href":"https:\/\/footdavant.fr\/actualites\/wp-json\/wp\/v2\/posts\/32961"}],"collection":[{"href":"https:\/\/footdavant.fr\/actualites\/wp-json\/wp\/v2\/posts"}],"about":[{"href":"https:\/\/footdavant.fr\/actualites\/wp-json\/wp\/v2\/types\/post"}],"author":[{"embeddable":true,"href":"https:\/\/footdavant.fr\/actualites\/wp-json\/wp\/v2\/users\/1"}],"replies":[{"embeddable":true,"href":"https:\/\/footdavant.fr\/actualites\/wp-json\/wp\/v2\/comments?post=32961"}],"version-history":[{"count":1,"href":"https:\/\/footdavant.fr\/actualites\/wp-json\/wp\/v2\/posts\/32961\/revisions"}],"predecessor-version":[{"id":32963,"href":"https:\/\/footdavant.fr\/actualites\/wp-json\/wp\/v2\/posts\/32961\/revisions\/32963"}],"wp:featuredmedia":[{"embeddable":true,"href":"https:\/\/footdavant.fr\/actualites\/wp-json\/wp\/v2\/media\/32962"}],"wp:attachment":[{"href":"https:\/\/footdavant.fr\/actualites\/wp-json\/wp\/v2\/media?parent=32961"}],"wp:term":[{"taxonomy":"category","embeddable":true,"href":"https:\/\/footdavant.fr\/actualites\/wp-json\/wp\/v2\/categories?post=32961"},{"taxonomy":"post_tag","embeddable":true,"href":"https:\/\/footdavant.fr\/actualites\/wp-json\/wp\/v2\/tags?post=32961"}],"curies":[{"name":"wp","href":"https:\/\/api.w.org\/{rel}","templated":true}]}}