{"id":32964,"date":"2026-01-01T01:48:26","date_gmt":"2026-01-01T00:48:26","guid":{"rendered":"https:\/\/footdavant.fr\/actualites\/mikel-arteta-livre-des-nouvelles-mitigees-de-lequipe-darsenal-pour-brighton-alors-que-kai-havertz-et-les-mises-a-jour-sur-les-blessures-de-gabriel-magalhaes-sont-revelees\/"},"modified":"2026-01-01T01:48:30","modified_gmt":"2026-01-01T00:48:30","slug":"mikel-arteta-livre-des-nouvelles-mitigees-de-lequipe-darsenal-pour-brighton-alors-que-kai-havertz-et-les-mises-a-jour-sur-les-blessures-de-gabriel-magalhaes-sont-revelees","status":"publish","type":"post","link":"https:\/\/footdavant.fr\/actualites\/mikel-arteta-livre-des-nouvelles-mitigees-de-lequipe-darsenal-pour-brighton-alors-que-kai-havertz-et-les-mises-a-jour-sur-les-blessures-de-gabriel-magalhaes-sont-revelees\/","title":{"rendered":"Mikel Arteta livre des nouvelles mitig\u00e9es de l\u2019\u00e9quipe d\u2019Arsenal pour Brighton alors que Kai Havertz et les mises \u00e0 jour sur les blessures de Gabriel Magalhaes sont r\u00e9v\u00e9l\u00e9es"},"content":{"rendered":"<div itemprop=\"articleBody\">\n<p>Le patron d&#39;Arsenal, Mikel Arteta, a fait le point sur les blessures de Gabriel Magalhaes et Kai Havertz avant le choc de samedi en Premier League avec Brighton &#038; Hove Albion.<\/p>\n<p>Apr\u00e8s avoir pass\u00e9 le jour de No\u00ebl en t\u00eate du classement de la Premier League, les Gunners pourraient \u00eatre bri\u00e8vement rel\u00e9gu\u00e9s \u00e0 la deuxi\u00e8me place par Manchester City avant que les hommes d&#39;Arteta n&#39;affrontent les Seagulls \u00e0 l&#39;Emirates.<\/p>\n<p>L&#39;\u00e9quipe de Pep Guardiola &#8211; qui est \u00e0 deux points d&#39;Arsenal &#8211; affronte Nottingham Forest lors du coup d&#39;envoi \u00e0 midi, bien que les hommes d&#39;Arteta aient r\u00e9pondu \u00e0 la victoire pr\u00e9coce des Sky Blues contre West Ham United en devan\u00e7ant Everton le week-end dernier.<\/p>\n<p>Havertz et Gabriel faisaient partie des joueurs d&#39;Arsenal qui ont assist\u00e9 \u00e0 cette victoire 1-0 depuis le banc de touche, mais le premier &#8211; absent depuis ao\u00fbt en raison d&#39;un probl\u00e8me au genou &#8211; a maintenant fait son retour tant attendu \u00e0 l&#39;entra\u00eenement en \u00e9quipe premi\u00e8re.<\/p>\n<p>S&#39;adressant aux journalistes lors de sa conf\u00e9rence de presse d&#39;avant-match le lendemain de No\u00ebl, Arteta a r\u00e9v\u00e9l\u00e9 que ce n&#39;\u00e9tait peut-\u00eatre que \u00ab\u00a0une question de jours\u00a0\u00bb avant que Havertz ne soit \u00e0 nouveau \u00e9ligible \u00e0 l&#39;action, ce qui signifie qu&#39;une apparition contre Aston Villa le 30 d\u00e9cembre n&#39;a pas \u00e9t\u00e9 exclue.<\/p>\n<h2>Mikel Arteta fait le point sur les blessures de Kai Havertz et Gabriel avant Brighton<\/h2>\n<div>\n<div>\n<div>\n<p>\u00a9 Imago<\/p>\n<\/div>\n<\/div>\n<\/div>\n<p>Lorsqu&#39;on lui a demand\u00e9 \u00e0 quel point Havertz \u00e9tait proche d&#39;un retour, Arteta a r\u00e9pondu : \u00ab\u00a0Assez proche. Je pense que ce sera une question de jours, voire de semaines.<\/p>\n<p>\u00ab\u00a0Nous verrons lors de la prochaine \u00e9tape comment il r\u00e9agira \u00e0 cela. C&#39;est un joueur qui nous a beaucoup manqu\u00e9. Un joueur qui am\u00e8ne l&#39;\u00e9quipe dans une dimension diff\u00e9rente. Donc, je suis vraiment heureux de le retrouver bient\u00f4t.\u00a0\u00bb<\/p>\n<p>Cependant, l&#39;entra\u00eeneur des Gunners a admis que Gabriel &#8211; qui s&#39;est bless\u00e9 aux ischio-jambiers alors qu&#39;il repr\u00e9sentait le Br\u00e9sil lors de la derni\u00e8re tr\u00eave internationale &#8211; n&#39;\u00e9tait pas plus proche d&#39;un retour, n&#39;ayant pas encore rejoint l&#39;entra\u00eenement de l&#39;\u00e9quipe.<\/p>\n<p>\u00ab\u00a0Nous devons attendre et revoir\u00a0\u00bb, a ajout\u00e9 Arteta. \u00ab\u00a0Il ne s&#39;est pas encore entra\u00een\u00e9. Il est stable en r\u00e9\u00e9ducation. Mais j&#39;esp\u00e8re que nous le r\u00e9cup\u00e9rerons le plus t\u00f4t possible car nous connaissons la situation dans laquelle nous nous trouvons en d\u00e9fense.\u00a0\u00bb<\/p>\n<p>Ben White (ischio-jambiers), Cristhian Mosquera (cheville) et Max Dowman (cheville) ne joueront \u00e9galement aucun r\u00f4le dans la bataille avec les hommes de Fabian Hurzeler, tandis que Piero Hincapie (\u00e9paule) et Gabriel Martinelli (coup) sont tous deux incertains suite aux r\u00e9cents coups.<\/p>\n<h2>Arsenal contre Brighton : Viktor Gyokeres ou Gabriel Jesus devraient-ils commencer ?<\/h2>\n<p>Arsenal accueille ses homologues du Sud \u00e0 la suite d&#39;une victoire peu convaincante aux tirs au but en Coupe EFL contre Crystal Palace, contre qui Gabriel Jesus a fait son premier d\u00e9part en pr\u00e8s d&#39;un an apr\u00e8s sa convalescence d&#39;une blessure au LCA.<\/p>\n<p>Jesus s&#39;\u00e9tait d\u00e9j\u00e0 fait remarquer lors de ses apparitions en tant que rempla\u00e7ant contre le Club de Bruges et Everton, et m\u00eame s&#39;il manque encore d&#39;acuit\u00e9 dans le match, il \u00e9tait toujours un fil conducteur en quart de finale.<\/p>\n<p>Pendant ce temps, Gyokeres a peut-\u00eatre battu Everton avec un penalty puissant, mais le Su\u00e9dois a toujours du mal \u00e0 s&#39;adapter au syst\u00e8me d&#39;Arsenal et aux d\u00e9fenses profondes de la Premier League, qui limitent sa capacit\u00e9 \u00e0 \u00e9clater dans l&#39;espace.<\/p>\n<p>Cependant, Gyokeres pourrait potentiellement b\u00e9n\u00e9ficier de l&#39;approche agressive de Brighton, et Jesus ne sera s\u00fbrement pas encore pr\u00eat pour deux d\u00e9parts en une semaine, le Scandinave est donc un choix infaillible.<\/p>\n<\/div>\n","protected":false},"excerpt":{"rendered":"<p>Le patron d&#39;Arsenal, Mikel Arteta, a fait le point sur les blessures de Gabriel Magalhaes et Kai Havertz avant le choc de samedi en Premier<\/p>\n","protected":false},"author":1,"featured_media":32799,"comment_status":"closed","ping_status":"","sticky":false,"template":"","format":"standard","meta":{"footnotes":""},"categories":[5],"tags":[318,211,155,349,59,12,233,1307,328,2336,9,93,3085,3410,210,2836,10874,461,51,7155,45,103],"yoast_head":"<!-- This site is optimized with the Yoast SEO plugin v21.0 - https:\/\/yoast.com\/wordpress\/plugins\/seo\/ -->\n<title>Mikel Arteta livre des nouvelles mitig\u00e9es de l\u2019\u00e9quipe d\u2019Arsenal pour Brighton alors que Kai Havertz et les mises \u00e0 jour sur les blessures de Gabriel Magalhaes sont r\u00e9v\u00e9l\u00e9es<\/title>\n<meta name=\"robots\" content=\"index, follow, max-snippet:-1, max-image-preview:large, max-video-preview:-1\" \/>\n<link rel=\"canonical\" href=\"https:\/\/footdavant.fr\/actualites\/mikel-arteta-livre-des-nouvelles-mitigees-de-lequipe-darsenal-pour-brighton-alors-que-kai-havertz-et-les-mises-a-jour-sur-les-blessures-de-gabriel-magalhaes-sont-revelees\/\" \/>\n<meta property=\"og:locale\" content=\"fr_FR\" \/>\n<meta property=\"og:type\" content=\"article\" \/>\n<meta property=\"og:title\" content=\"Mikel Arteta livre des nouvelles mitig\u00e9es de l\u2019\u00e9quipe d\u2019Arsenal pour Brighton alors que Kai Havertz et les mises \u00e0 jour sur les blessures de Gabriel Magalhaes sont r\u00e9v\u00e9l\u00e9es\" \/>\n<meta property=\"og:description\" content=\"Le patron d&#039;Arsenal, Mikel Arteta, a fait le point sur les blessures de Gabriel Magalhaes et Kai Havertz avant le choc de samedi en Premier\" \/>\n<meta property=\"og:url\" content=\"https:\/\/footdavant.fr\/actualites\/mikel-arteta-livre-des-nouvelles-mitigees-de-lequipe-darsenal-pour-brighton-alors-que-kai-havertz-et-les-mises-a-jour-sur-les-blessures-de-gabriel-magalhaes-sont-revelees\/\" \/>\n<meta property=\"og:site_name\" content=\"Foot d&#039;avant\" \/>\n<meta property=\"article:publisher\" content=\"https:\/\/www.facebook.com\/Footdavant\/\" \/>\n<meta property=\"article:published_time\" content=\"2026-01-01T00:48:26+00:00\" \/>\n<meta property=\"article:modified_time\" content=\"2026-01-01T00:48:30+00:00\" \/>\n<meta property=\"og:image\" content=\"https:\/\/footdavant.fr\/actualites\/wp-content\/uploads\/2025\/12\/Arsenal-recoit-une-augmentation-inattendue-des-blessures-tardives-avant-le.net2Fuploads2F20252F122Fns-3-photo-frame.webp\" \/>\n\t<meta property=\"og:image:width\" content=\"720\" \/>\n\t<meta property=\"og:image:height\" content=\"410\" \/>\n\t<meta property=\"og:image:type\" content=\"image\/webp\" \/>\n<meta name=\"author\" content=\"Cl\u00e9ment\" \/>\n<meta name=\"twitter:card\" content=\"summary_large_image\" \/>\n<meta name=\"twitter:creator\" content=\"@FootdavantFr\" \/>\n<meta name=\"twitter:site\" content=\"@FootdavantFr\" \/>\n<meta name=\"twitter:label1\" content=\"\u00c9crit par\" \/>\n\t<meta name=\"twitter:data1\" content=\"Cl\u00e9ment\" \/>\n\t<meta name=\"twitter:label2\" content=\"Dur\u00e9e de lecture estim\u00e9e\" \/>\n\t<meta name=\"twitter:data2\" content=\"3 minutes\" \/>\n<script type=\"application\/ld+json\" class=\"yoast-schema-graph\">{\"@context\":\"https:\/\/schema.org\",\"@graph\":[{\"@type\":\"Article\",\"@id\":\"https:\/\/footdavant.fr\/actualites\/mikel-arteta-livre-des-nouvelles-mitigees-de-lequipe-darsenal-pour-brighton-alors-que-kai-havertz-et-les-mises-a-jour-sur-les-blessures-de-gabriel-magalhaes-sont-revelees\/#article\",\"isPartOf\":{\"@id\":\"https:\/\/footdavant.fr\/actualites\/mikel-arteta-livre-des-nouvelles-mitigees-de-lequipe-darsenal-pour-brighton-alors-que-kai-havertz-et-les-mises-a-jour-sur-les-blessures-de-gabriel-magalhaes-sont-revelees\/\"},\"author\":{\"name\":\"Cl\u00e9ment\",\"@id\":\"https:\/\/footdavant.fr\/actualites\/#\/schema\/person\/bc222566d95871b37e597b3ed3ba5e1d\"},\"headline\":\"Mikel Arteta livre des nouvelles mitig\u00e9es de l\u2019\u00e9quipe d\u2019Arsenal pour Brighton alors que Kai Havertz et les mises \u00e0 jour sur les blessures de Gabriel Magalhaes sont r\u00e9v\u00e9l\u00e9es\",\"datePublished\":\"2026-01-01T00:48:26+00:00\",\"dateModified\":\"2026-01-01T00:48:30+00:00\",\"mainEntityOfPage\":{\"@id\":\"https:\/\/footdavant.fr\/actualites\/mikel-arteta-livre-des-nouvelles-mitigees-de-lequipe-darsenal-pour-brighton-alors-que-kai-havertz-et-les-mises-a-jour-sur-les-blessures-de-gabriel-magalhaes-sont-revelees\/\"},\"wordCount\":691,\"publisher\":{\"@id\":\"https:\/\/footdavant.fr\/actualites\/#organization\"},\"keywords\":[\"alors\",\"Arteta\",\"blessures\",\"Brighton\",\"dArsenal\",\"des\",\"Gabriel\",\"Havertz\",\"jour\",\"Kai\",\"l\u00e9quipe\",\"les\",\"livre\",\"Magalhaes\",\"Mikel\",\"Mises\",\"mitig\u00e9es\",\"Nouvelles\",\"pour\",\"r\u00e9v\u00e9l\u00e9es\",\"sont\",\"sur\"],\"articleSection\":[\"Premier League\"],\"inLanguage\":\"fr-FR\"},{\"@type\":\"WebPage\",\"@id\":\"https:\/\/footdavant.fr\/actualites\/mikel-arteta-livre-des-nouvelles-mitigees-de-lequipe-darsenal-pour-brighton-alors-que-kai-havertz-et-les-mises-a-jour-sur-les-blessures-de-gabriel-magalhaes-sont-revelees\/\",\"url\":\"https:\/\/footdavant.fr\/actualites\/mikel-arteta-livre-des-nouvelles-mitigees-de-lequipe-darsenal-pour-brighton-alors-que-kai-havertz-et-les-mises-a-jour-sur-les-blessures-de-gabriel-magalhaes-sont-revelees\/\",\"name\":\"Mikel Arteta livre des nouvelles mitig\u00e9es de l\u2019\u00e9quipe d\u2019Arsenal pour Brighton alors que Kai Havertz et les mises \u00e0 jour sur les blessures de Gabriel Magalhaes sont r\u00e9v\u00e9l\u00e9es\",\"isPartOf\":{\"@id\":\"https:\/\/footdavant.fr\/actualites\/#website\"},\"datePublished\":\"2026-01-01T00:48:26+00:00\",\"dateModified\":\"2026-01-01T00:48:30+00:00\",\"breadcrumb\":{\"@id\":\"https:\/\/footdavant.fr\/actualites\/mikel-arteta-livre-des-nouvelles-mitigees-de-lequipe-darsenal-pour-brighton-alors-que-kai-havertz-et-les-mises-a-jour-sur-les-blessures-de-gabriel-magalhaes-sont-revelees\/#breadcrumb\"},\"inLanguage\":\"fr-FR\",\"potentialAction\":[{\"@type\":\"ReadAction\",\"target\":[\"https:\/\/footdavant.fr\/actualites\/mikel-arteta-livre-des-nouvelles-mitigees-de-lequipe-darsenal-pour-brighton-alors-que-kai-havertz-et-les-mises-a-jour-sur-les-blessures-de-gabriel-magalhaes-sont-revelees\/\"]}]},{\"@type\":\"BreadcrumbList\",\"@id\":\"https:\/\/footdavant.fr\/actualites\/mikel-arteta-livre-des-nouvelles-mitigees-de-lequipe-darsenal-pour-brighton-alors-que-kai-havertz-et-les-mises-a-jour-sur-les-blessures-de-gabriel-magalhaes-sont-revelees\/#breadcrumb\",\"itemListElement\":[{\"@type\":\"ListItem\",\"position\":1,\"name\":\"Accueil\",\"item\":\"https:\/\/footdavant.fr\/actualites\/\"},{\"@type\":\"ListItem\",\"position\":2,\"name\":\"Mikel Arteta livre des nouvelles mitig\u00e9es de l\u2019\u00e9quipe d\u2019Arsenal pour Brighton alors que Kai Havertz et les mises \u00e0 jour sur les blessures de Gabriel Magalhaes sont r\u00e9v\u00e9l\u00e9es\"}]},{\"@type\":\"WebSite\",\"@id\":\"https:\/\/footdavant.fr\/actualites\/#website\",\"url\":\"https:\/\/footdavant.fr\/actualites\/\",\"name\":\"Foot d'avant\",\"description\":\"\",\"publisher\":{\"@id\":\"https:\/\/footdavant.fr\/actualites\/#organization\"},\"potentialAction\":[{\"@type\":\"SearchAction\",\"target\":{\"@type\":\"EntryPoint\",\"urlTemplate\":\"https:\/\/footdavant.fr\/actualites\/?s={search_term_string}\"},\"query-input\":\"required name=search_term_string\"}],\"inLanguage\":\"fr-FR\"},{\"@type\":\"Organization\",\"@id\":\"https:\/\/footdavant.fr\/actualites\/#organization\",\"name\":\"Foot d'avant\",\"url\":\"https:\/\/footdavant.fr\/actualites\/\",\"logo\":{\"@type\":\"ImageObject\",\"inLanguage\":\"fr-FR\",\"@id\":\"https:\/\/footdavant.fr\/actualites\/#\/schema\/logo\/image\/\",\"url\":\"https:\/\/footdavant.fr\/actualites\/wp-content\/uploads\/2023\/09\/Copy-of-FootDavant-Logo.png\",\"contentUrl\":\"https:\/\/footdavant.fr\/actualites\/wp-content\/uploads\/2023\/09\/Copy-of-FootDavant-Logo.png\",\"width\":936,\"height\":549,\"caption\":\"Foot d'avant\"},\"image\":{\"@id\":\"https:\/\/footdavant.fr\/actualites\/#\/schema\/logo\/image\/\"},\"sameAs\":[\"https:\/\/www.facebook.com\/Footdavant\/\",\"https:\/\/twitter.com\/FootdavantFr\",\"https:\/\/www.instagram.com\/footdavant.fr\/\"]},{\"@type\":\"Person\",\"@id\":\"https:\/\/footdavant.fr\/actualites\/#\/schema\/person\/bc222566d95871b37e597b3ed3ba5e1d\",\"name\":\"Cl\u00e9ment\",\"image\":{\"@type\":\"ImageObject\",\"inLanguage\":\"fr-FR\",\"@id\":\"https:\/\/footdavant.fr\/actualites\/#\/schema\/person\/image\/\",\"url\":\"https:\/\/secure.gravatar.com\/avatar\/7728b29aac2719421e1a9159b2254c44?s=96&d=mm&r=g\",\"contentUrl\":\"https:\/\/secure.gravatar.com\/avatar\/7728b29aac2719421e1a9159b2254c44?s=96&d=mm&r=g\",\"caption\":\"Cl\u00e9ment\"},\"sameAs\":[\"https:\/\/footdavant.fr\/\"]}]}<\/script>\n<!-- \/ Yoast SEO plugin. -->","yoast_head_json":{"title":"Mikel Arteta livre des nouvelles mitig\u00e9es de l\u2019\u00e9quipe d\u2019Arsenal pour Brighton alors que Kai Havertz et les mises \u00e0 jour sur les blessures de Gabriel Magalhaes sont r\u00e9v\u00e9l\u00e9es","robots":{"index":"index","follow":"follow","max-snippet":"max-snippet:-1","max-image-preview":"max-image-preview:large","max-video-preview":"max-video-preview:-1"},"canonical":"https:\/\/footdavant.fr\/actualites\/mikel-arteta-livre-des-nouvelles-mitigees-de-lequipe-darsenal-pour-brighton-alors-que-kai-havertz-et-les-mises-a-jour-sur-les-blessures-de-gabriel-magalhaes-sont-revelees\/","og_locale":"fr_FR","og_type":"article","og_title":"Mikel Arteta livre des nouvelles mitig\u00e9es de l\u2019\u00e9quipe d\u2019Arsenal pour Brighton alors que Kai Havertz et les mises \u00e0 jour sur les blessures de Gabriel Magalhaes sont r\u00e9v\u00e9l\u00e9es","og_description":"Le patron d&#39;Arsenal, Mikel Arteta, a fait le point sur les blessures de Gabriel Magalhaes et Kai Havertz avant le choc de samedi en Premier","og_url":"https:\/\/footdavant.fr\/actualites\/mikel-arteta-livre-des-nouvelles-mitigees-de-lequipe-darsenal-pour-brighton-alors-que-kai-havertz-et-les-mises-a-jour-sur-les-blessures-de-gabriel-magalhaes-sont-revelees\/","og_site_name":"Foot d&#039;avant","article_publisher":"https:\/\/www.facebook.com\/Footdavant\/","article_published_time":"2026-01-01T00:48:26+00:00","article_modified_time":"2026-01-01T00:48:30+00:00","og_image":[{"width":720,"height":410,"url":"https:\/\/footdavant.fr\/actualites\/wp-content\/uploads\/2025\/12\/Arsenal-recoit-une-augmentation-inattendue-des-blessures-tardives-avant-le.net2Fuploads2F20252F122Fns-3-photo-frame.webp","type":"image\/webp"}],"author":"Cl\u00e9ment","twitter_card":"summary_large_image","twitter_creator":"@FootdavantFr","twitter_site":"@FootdavantFr","twitter_misc":{"\u00c9crit par":"Cl\u00e9ment","Dur\u00e9e de lecture estim\u00e9e":"3 minutes"},"schema":{"@context":"https:\/\/schema.org","@graph":[{"@type":"Article","@id":"https:\/\/footdavant.fr\/actualites\/mikel-arteta-livre-des-nouvelles-mitigees-de-lequipe-darsenal-pour-brighton-alors-que-kai-havertz-et-les-mises-a-jour-sur-les-blessures-de-gabriel-magalhaes-sont-revelees\/#article","isPartOf":{"@id":"https:\/\/footdavant.fr\/actualites\/mikel-arteta-livre-des-nouvelles-mitigees-de-lequipe-darsenal-pour-brighton-alors-que-kai-havertz-et-les-mises-a-jour-sur-les-blessures-de-gabriel-magalhaes-sont-revelees\/"},"author":{"name":"Cl\u00e9ment","@id":"https:\/\/footdavant.fr\/actualites\/#\/schema\/person\/bc222566d95871b37e597b3ed3ba5e1d"},"headline":"Mikel Arteta livre des nouvelles mitig\u00e9es de l\u2019\u00e9quipe d\u2019Arsenal pour Brighton alors que Kai Havertz et les mises \u00e0 jour sur les blessures de Gabriel Magalhaes sont r\u00e9v\u00e9l\u00e9es","datePublished":"2026-01-01T00:48:26+00:00","dateModified":"2026-01-01T00:48:30+00:00","mainEntityOfPage":{"@id":"https:\/\/footdavant.fr\/actualites\/mikel-arteta-livre-des-nouvelles-mitigees-de-lequipe-darsenal-pour-brighton-alors-que-kai-havertz-et-les-mises-a-jour-sur-les-blessures-de-gabriel-magalhaes-sont-revelees\/"},"wordCount":691,"publisher":{"@id":"https:\/\/footdavant.fr\/actualites\/#organization"},"keywords":["alors","Arteta","blessures","Brighton","dArsenal","des","Gabriel","Havertz","jour","Kai","l\u00e9quipe","les","livre","Magalhaes","Mikel","Mises","mitig\u00e9es","Nouvelles","pour","r\u00e9v\u00e9l\u00e9es","sont","sur"],"articleSection":["Premier League"],"inLanguage":"fr-FR"},{"@type":"WebPage","@id":"https:\/\/footdavant.fr\/actualites\/mikel-arteta-livre-des-nouvelles-mitigees-de-lequipe-darsenal-pour-brighton-alors-que-kai-havertz-et-les-mises-a-jour-sur-les-blessures-de-gabriel-magalhaes-sont-revelees\/","url":"https:\/\/footdavant.fr\/actualites\/mikel-arteta-livre-des-nouvelles-mitigees-de-lequipe-darsenal-pour-brighton-alors-que-kai-havertz-et-les-mises-a-jour-sur-les-blessures-de-gabriel-magalhaes-sont-revelees\/","name":"Mikel Arteta livre des nouvelles mitig\u00e9es de l\u2019\u00e9quipe d\u2019Arsenal pour Brighton alors que Kai Havertz et les mises \u00e0 jour sur les blessures de Gabriel Magalhaes sont r\u00e9v\u00e9l\u00e9es","isPartOf":{"@id":"https:\/\/footdavant.fr\/actualites\/#website"},"datePublished":"2026-01-01T00:48:26+00:00","dateModified":"2026-01-01T00:48:30+00:00","breadcrumb":{"@id":"https:\/\/footdavant.fr\/actualites\/mikel-arteta-livre-des-nouvelles-mitigees-de-lequipe-darsenal-pour-brighton-alors-que-kai-havertz-et-les-mises-a-jour-sur-les-blessures-de-gabriel-magalhaes-sont-revelees\/#breadcrumb"},"inLanguage":"fr-FR","potentialAction":[{"@type":"ReadAction","target":["https:\/\/footdavant.fr\/actualites\/mikel-arteta-livre-des-nouvelles-mitigees-de-lequipe-darsenal-pour-brighton-alors-que-kai-havertz-et-les-mises-a-jour-sur-les-blessures-de-gabriel-magalhaes-sont-revelees\/"]}]},{"@type":"BreadcrumbList","@id":"https:\/\/footdavant.fr\/actualites\/mikel-arteta-livre-des-nouvelles-mitigees-de-lequipe-darsenal-pour-brighton-alors-que-kai-havertz-et-les-mises-a-jour-sur-les-blessures-de-gabriel-magalhaes-sont-revelees\/#breadcrumb","itemListElement":[{"@type":"ListItem","position":1,"name":"Accueil","item":"https:\/\/footdavant.fr\/actualites\/"},{"@type":"ListItem","position":2,"name":"Mikel Arteta livre des nouvelles mitig\u00e9es de l\u2019\u00e9quipe d\u2019Arsenal pour Brighton alors que Kai Havertz et les mises \u00e0 jour sur les blessures de Gabriel Magalhaes sont r\u00e9v\u00e9l\u00e9es"}]},{"@type":"WebSite","@id":"https:\/\/footdavant.fr\/actualites\/#website","url":"https:\/\/footdavant.fr\/actualites\/","name":"Foot d'avant","description":"","publisher":{"@id":"https:\/\/footdavant.fr\/actualites\/#organization"},"potentialAction":[{"@type":"SearchAction","target":{"@type":"EntryPoint","urlTemplate":"https:\/\/footdavant.fr\/actualites\/?s={search_term_string}"},"query-input":"required name=search_term_string"}],"inLanguage":"fr-FR"},{"@type":"Organization","@id":"https:\/\/footdavant.fr\/actualites\/#organization","name":"Foot d'avant","url":"https:\/\/footdavant.fr\/actualites\/","logo":{"@type":"ImageObject","inLanguage":"fr-FR","@id":"https:\/\/footdavant.fr\/actualites\/#\/schema\/logo\/image\/","url":"https:\/\/footdavant.fr\/actualites\/wp-content\/uploads\/2023\/09\/Copy-of-FootDavant-Logo.png","contentUrl":"https:\/\/footdavant.fr\/actualites\/wp-content\/uploads\/2023\/09\/Copy-of-FootDavant-Logo.png","width":936,"height":549,"caption":"Foot d'avant"},"image":{"@id":"https:\/\/footdavant.fr\/actualites\/#\/schema\/logo\/image\/"},"sameAs":["https:\/\/www.facebook.com\/Footdavant\/","https:\/\/twitter.com\/FootdavantFr","https:\/\/www.instagram.com\/footdavant.fr\/"]},{"@type":"Person","@id":"https:\/\/footdavant.fr\/actualites\/#\/schema\/person\/bc222566d95871b37e597b3ed3ba5e1d","name":"Cl\u00e9ment","image":{"@type":"ImageObject","inLanguage":"fr-FR","@id":"https:\/\/footdavant.fr\/actualites\/#\/schema\/person\/image\/","url":"https:\/\/secure.gravatar.com\/avatar\/7728b29aac2719421e1a9159b2254c44?s=96&d=mm&r=g","contentUrl":"https:\/\/secure.gravatar.com\/avatar\/7728b29aac2719421e1a9159b2254c44?s=96&d=mm&r=g","caption":"Cl\u00e9ment"},"sameAs":["https:\/\/footdavant.fr\/"]}]}},"_links":{"self":[{"href":"https:\/\/footdavant.fr\/actualites\/wp-json\/wp\/v2\/posts\/32964"}],"collection":[{"href":"https:\/\/footdavant.fr\/actualites\/wp-json\/wp\/v2\/posts"}],"about":[{"href":"https:\/\/footdavant.fr\/actualites\/wp-json\/wp\/v2\/types\/post"}],"author":[{"embeddable":true,"href":"https:\/\/footdavant.fr\/actualites\/wp-json\/wp\/v2\/users\/1"}],"replies":[{"embeddable":true,"href":"https:\/\/footdavant.fr\/actualites\/wp-json\/wp\/v2\/comments?post=32964"}],"version-history":[{"count":1,"href":"https:\/\/footdavant.fr\/actualites\/wp-json\/wp\/v2\/posts\/32964\/revisions"}],"predecessor-version":[{"id":32965,"href":"https:\/\/footdavant.fr\/actualites\/wp-json\/wp\/v2\/posts\/32964\/revisions\/32965"}],"wp:featuredmedia":[{"embeddable":true,"href":"https:\/\/footdavant.fr\/actualites\/wp-json\/wp\/v2\/media\/32799"}],"wp:attachment":[{"href":"https:\/\/footdavant.fr\/actualites\/wp-json\/wp\/v2\/media?parent=32964"}],"wp:term":[{"taxonomy":"category","embeddable":true,"href":"https:\/\/footdavant.fr\/actualites\/wp-json\/wp\/v2\/categories?post=32964"},{"taxonomy":"post_tag","embeddable":true,"href":"https:\/\/footdavant.fr\/actualites\/wp-json\/wp\/v2\/tags?post=32964"}],"curies":[{"name":"wp","href":"https:\/\/api.w.org\/{rel}","templated":true}]}}