{"id":33018,"date":"2026-01-02T17:48:14","date_gmt":"2026-01-02T16:48:14","guid":{"rendered":"https:\/\/footdavant.fr\/actualites\/blessure-a-chelsea-liste-de-suspension-et-dates-de-retour-pour-manchester-city-moises-caicedo-marc-cucurella-romeo-lavia-au-plus-tard\/"},"modified":"2026-01-02T17:48:16","modified_gmt":"2026-01-02T16:48:16","slug":"blessure-a-chelsea-liste-de-suspension-et-dates-de-retour-pour-manchester-city-moises-caicedo-marc-cucurella-romeo-lavia-au-plus-tard","status":"publish","type":"post","link":"https:\/\/footdavant.fr\/actualites\/blessure-a-chelsea-liste-de-suspension-et-dates-de-retour-pour-manchester-city-moises-caicedo-marc-cucurella-romeo-lavia-au-plus-tard\/","title":{"rendered":"Blessure \u00e0 Chelsea, liste de suspension et dates de retour pour Manchester City : Moises Caicedo, Marc Cucurella, Romeo Lavia au plus tard"},"content":{"rendered":"<div itemprop=\"articleBody\">\n<p>Chelsea, sans manager, est de retour en Premier League dimanche lorsqu&#39;il se rendra \u00e0 Manchester City, en qu\u00eate du titre.<\/p>\n<p>Les Blues, sans victoire en trois matches de championnat, ont largu\u00e9 Enzo Maresca le jour du Nouvel An et pourraient se qualifier pour le match du 3 janvier sans nomination permanente.<\/p>\n<p>D\u00e9sormais cinqui\u00e8me du classement de la Premier League, le club de l&#39;ouest de Londres est \u00e0 trois points de Liverpool en quatri\u00e8me position et neuf \u00e0 la d\u00e9rive d&#39;Aston Villa, troisi\u00e8me, avant un voyage intimidant au stade Etihad, l&#39;\u00e9quipe de Pep Guardiola cherchant \u00e0 revenir sur le chemin de la victoire apr\u00e8s un match nul divertissant 0-0 avec Sunderland au Stadium of Light le 1er janvier.<\/p>\n<p>Ici, Sports Mole rassemble toutes les derni\u00e8res nouvelles sur les blessures et les suspensions de Chelsea avant le match avec les Cityzens, deuxi\u00e8mes.<\/p>\n<h2>Levi Colwill<\/h2>\n<div>\n<div>\n<div>\n<div>\n<div>\n<div>\n<p>\u00a9 Imago<\/p>\n<\/div>\n<\/div>\n<\/div>\n<\/div>\n<\/div>\n<\/div>\n<p>Statut\u00a0:\u00a0Out<\/p>\n<p>Type de blessure : Genou<\/p>\n<p>Date de retour possible : Inconnue<\/p>\n<p>La r\u00e9\u00e9ducation de Levi Colwill suite \u00e0 sa blessure au LCA subie au cours de l&#39;\u00e9t\u00e9 se poursuit et il court contre la montre pour faire un retour avant la fin de la saison.<\/p>\n<h2>Dario Essugo<\/h2>\n<div>\n<div>\n<div>\n<div>\n<div>\n<div><img decoding=\"async\" data-img-id=\"149886\" class=\"lazy\" loading=\"lazy\" src=\"https:\/\/footdavant.fr\/actualites\/wp-content\/uploads\/2025\/09\/1758286088_156_Blessure-de-Chelsea-Liste-des-suspensions-contre-Man-United-Cole.webp\"\/><\/p>\n<p>\u00a9 Imago<\/p>\n<\/div>\n<\/div>\n<\/div>\n<\/div>\n<\/div>\n<\/div>\n<p>Statut\u00a0:\u00a0Out<\/p>\n<p>Type de blessure : Cuisse<\/p>\n<p>Date de retour possible : Inconnue<\/p>\n<p>La recrue estivale Dario Essugo avait repris l&#39;entra\u00eenement suite \u00e0 une blessure \u00e0 la cuisse, mais avait ensuite subi un revers. Le milieu de terrain devrait maintenant faire son retour en comp\u00e9tition cette ann\u00e9e.<\/p>\n<div>\n<div>\n<div>\n<div>\n<div>\n<div><img decoding=\"async\" data-img-id=\"154364\" class=\"lazy\" loading=\"lazy\" src=\"https:\/\/footdavant.fr\/actualites\/wp-content\/uploads\/2025\/12\/Blessure-a-Chelsea-liste-de-suspension-contre-Leeds-United.webp\"\/><\/p>\n<p>\u00a9 Imago \/ Sportimage<\/p>\n<\/div>\n<\/div>\n<\/div>\n<\/div>\n<\/div>\n<\/div>\n<p>Statut\u00a0:\u00a0Out<\/p>\n<p>Type de blessure : Cuisse<\/p>\n<p>Date de retour possible : 4 janvier (contre Manchester City)<\/p>\n<p>L&#39;ancien patron Maresca n&#39;a pas indiqu\u00e9 quand Romeo Lavia reviendrait ; cependant, le milieu de terrain pourrait \u00eatre de retour courant janvier, sauf revers.<\/p>\n<div>\n<div>\n<div>\n<div>\n<div>\n<div>\n<div><img decoding=\"async\" data-img-id=\"154932\" class=\"lazy\" loading=\"lazy\" src=\"https:\/\/footdavant.fr\/actualites\/wp-content\/uploads\/2025\/12\/1766177285_541_Apercu-Cardiff-City-vs-Chelsea-\u2013-pronostics-actualites-de.webp\"\/><\/p>\n<p>\u00a9 Imago \/ Images d&#39;actualit\u00e9<\/p>\n<\/div>\n<\/div>\n<\/div>\n<\/div>\n<\/div>\n<\/div>\n<div class=\"sm-image-copyright\">\n<p>Statut : doute majeur<\/p>\n<p>Type de blessure\u00a0: ischio-jambier<\/p>\n<p>Date de retour possible : 4 janvier (contre Manchester City)<\/p>\n<p>\u00c0 l&#39;heure actuelle, il reste incertain si Marc Cucurella se remettra d&#39;une blessure aux ischio-jambiers qui l&#39;a emp\u00each\u00e9 de jouer contre Aston Villa.<\/p>\n<h2>Jorrel Hato<\/h2>\n<div>\n<div>\n<div>\n<div><img decoding=\"async\" data-img-id=\"154164\" class=\"lazy\" loading=\"lazy\" src=\"https:\/\/footdavant.fr\/actualites\/wp-content\/uploads\/2026\/01\/Enzo-Maresca-revele-un-nouveau-coup-dur-a-Chelsea-avant.webp\"\/><\/p>\n<p>\u00a9 Imago \/ Images de sports professionnels<\/p>\n<\/div>\n<\/div>\n<\/div>\n<\/div>\n<p>Statut : doute majeur<\/p>\n<p>Type de blessure : Inconnu<\/p>\n<p>Date de retour possible : 4 janvier (contre Manchester City)<\/p>\n<p>Bien qu&#39;il ait \u00e9t\u00e9 exclu contre Bournemouth en raison d&#39;un probl\u00e8me non pr\u00e9cis\u00e9, Jorrel Hato sera \u00e9valu\u00e9 avant le d\u00e9placement de dimanche \u00e0 Man City.<\/p>\n<h2>LISTE DE SUSPENSION DE CHELSEA<\/h2>\n<\/div>\n<\/div>\n<div>\n<div>\n<div>\n<div>\n<div>\n<div><img decoding=\"async\" data-img-id=\"154247\" class=\"lazy\" loading=\"lazy\" src=\"https:\/\/footdavant.fr\/actualites\/wp-content\/uploads\/2025\/12\/1765025285_427_Blessure-a-Chelsea-liste-de-suspension-contre-Leeds-United.webp\"\/><\/p>\n<p>\u00a9 Imago \/ Images de sports professionnels<\/p>\n<\/div>\n<\/div>\n<\/div>\n<\/div>\n<\/div>\n<\/div>\n<p>Moises Caicedo manquera le match de dimanche \u00e0 l&#39;Etihad apr\u00e8s avoir \u00e9cop\u00e9 de son cinqui\u00e8me avertissement lors du match nul contre Bournemouth. <\/p>\n<p>Mykhaylo Mudryk, inculp\u00e9 en juin 2025, continue d&#39;\u00eatre suspendu provisoirement suite \u00e0 son contr\u00f4le antidopage positif fin 2024.<\/p>\n<\/div>\n","protected":false},"excerpt":{"rendered":"<p>Chelsea, sans manager, est de retour en Premier League dimanche lorsqu&#39;il se rendra \u00e0 Manchester City, en qu\u00eate du titre. Les Blues, sans victoire en<\/p>\n","protected":false},"author":1,"featured_media":33019,"comment_status":"closed","ping_status":"","sticky":false,"template":"","format":"standard","meta":{"footnotes":""},"categories":[5],"tags":[15,1807,171,27,2357,2867,1814,17,11,1678,2493,51,393,7076,18,4041],"yoast_head":"<!-- This site is optimized with the Yoast SEO plugin v21.0 - https:\/\/yoast.com\/wordpress\/plugins\/seo\/ -->\n<title>Blessure \u00e0 Chelsea, liste de suspension et dates de retour pour Manchester City : Moises Caicedo, Marc Cucurella, Romeo Lavia au plus tard<\/title>\n<meta name=\"robots\" content=\"index, follow, max-snippet:-1, max-image-preview:large, max-video-preview:-1\" \/>\n<link rel=\"canonical\" href=\"https:\/\/footdavant.fr\/actualites\/blessure-a-chelsea-liste-de-suspension-et-dates-de-retour-pour-manchester-city-moises-caicedo-marc-cucurella-romeo-lavia-au-plus-tard\/\" \/>\n<meta property=\"og:locale\" content=\"fr_FR\" \/>\n<meta property=\"og:type\" content=\"article\" \/>\n<meta property=\"og:title\" content=\"Blessure \u00e0 Chelsea, liste de suspension et dates de retour pour Manchester City : Moises Caicedo, Marc Cucurella, Romeo Lavia au plus tard\" \/>\n<meta property=\"og:description\" content=\"Chelsea, sans manager, est de retour en Premier League dimanche lorsqu&#039;il se rendra \u00e0 Manchester City, en qu\u00eate du titre. Les Blues, sans victoire en\" \/>\n<meta property=\"og:url\" content=\"https:\/\/footdavant.fr\/actualites\/blessure-a-chelsea-liste-de-suspension-et-dates-de-retour-pour-manchester-city-moises-caicedo-marc-cucurella-romeo-lavia-au-plus-tard\/\" \/>\n<meta property=\"og:site_name\" content=\"Foot d&#039;avant\" \/>\n<meta property=\"article:publisher\" content=\"https:\/\/www.facebook.com\/Footdavant\/\" \/>\n<meta property=\"article:published_time\" content=\"2026-01-02T16:48:14+00:00\" \/>\n<meta property=\"article:modified_time\" content=\"2026-01-02T16:48:16+00:00\" \/>\n<meta property=\"og:image\" content=\"https:\/\/footdavant.fr\/actualites\/wp-content\/uploads\/2026\/01\/Blessure-a-Chelsea-liste-de-suspension-et-dates-de-retour.net2Fuploads2F20252F092Fchelsea-midfield.webp\" \/>\n\t<meta property=\"og:image:width\" content=\"720\" \/>\n\t<meta property=\"og:image:height\" content=\"410\" \/>\n\t<meta property=\"og:image:type\" content=\"image\/webp\" \/>\n<meta name=\"author\" content=\"Cl\u00e9ment\" \/>\n<meta name=\"twitter:card\" content=\"summary_large_image\" \/>\n<meta name=\"twitter:creator\" content=\"@FootdavantFr\" \/>\n<meta name=\"twitter:site\" content=\"@FootdavantFr\" \/>\n<meta name=\"twitter:label1\" content=\"\u00c9crit par\" \/>\n\t<meta name=\"twitter:data1\" content=\"Cl\u00e9ment\" \/>\n\t<meta name=\"twitter:label2\" content=\"Dur\u00e9e de lecture estim\u00e9e\" \/>\n\t<meta name=\"twitter:data2\" content=\"2 minutes\" \/>\n<script type=\"application\/ld+json\" class=\"yoast-schema-graph\">{\"@context\":\"https:\/\/schema.org\",\"@graph\":[{\"@type\":\"Article\",\"@id\":\"https:\/\/footdavant.fr\/actualites\/blessure-a-chelsea-liste-de-suspension-et-dates-de-retour-pour-manchester-city-moises-caicedo-marc-cucurella-romeo-lavia-au-plus-tard\/#article\",\"isPartOf\":{\"@id\":\"https:\/\/footdavant.fr\/actualites\/blessure-a-chelsea-liste-de-suspension-et-dates-de-retour-pour-manchester-city-moises-caicedo-marc-cucurella-romeo-lavia-au-plus-tard\/\"},\"author\":{\"name\":\"Cl\u00e9ment\",\"@id\":\"https:\/\/footdavant.fr\/actualites\/#\/schema\/person\/bc222566d95871b37e597b3ed3ba5e1d\"},\"headline\":\"Blessure \u00e0 Chelsea, liste de suspension et dates de retour pour Manchester City : Moises Caicedo, Marc Cucurella, Romeo Lavia au plus tard\",\"datePublished\":\"2026-01-02T16:48:14+00:00\",\"dateModified\":\"2026-01-02T16:48:16+00:00\",\"mainEntityOfPage\":{\"@id\":\"https:\/\/footdavant.fr\/actualites\/blessure-a-chelsea-liste-de-suspension-et-dates-de-retour-pour-manchester-city-moises-caicedo-marc-cucurella-romeo-lavia-au-plus-tard\/\"},\"wordCount\":456,\"publisher\":{\"@id\":\"https:\/\/footdavant.fr\/actualites\/#organization\"},\"keywords\":[\"Blessure\",\"Caicedo\",\"Chelsea\",\"City\",\"Cucurella\",\"Dates\",\"Lavia\",\"liste\",\"Manchester\",\"Marc\",\"Moises\",\"pour\",\"retour\",\"Romeo\",\"suspension\",\"tard\"],\"articleSection\":[\"Premier League\"],\"inLanguage\":\"fr-FR\"},{\"@type\":\"WebPage\",\"@id\":\"https:\/\/footdavant.fr\/actualites\/blessure-a-chelsea-liste-de-suspension-et-dates-de-retour-pour-manchester-city-moises-caicedo-marc-cucurella-romeo-lavia-au-plus-tard\/\",\"url\":\"https:\/\/footdavant.fr\/actualites\/blessure-a-chelsea-liste-de-suspension-et-dates-de-retour-pour-manchester-city-moises-caicedo-marc-cucurella-romeo-lavia-au-plus-tard\/\",\"name\":\"Blessure \u00e0 Chelsea, liste de suspension et dates de retour pour Manchester City : Moises Caicedo, Marc Cucurella, Romeo Lavia au plus tard\",\"isPartOf\":{\"@id\":\"https:\/\/footdavant.fr\/actualites\/#website\"},\"datePublished\":\"2026-01-02T16:48:14+00:00\",\"dateModified\":\"2026-01-02T16:48:16+00:00\",\"breadcrumb\":{\"@id\":\"https:\/\/footdavant.fr\/actualites\/blessure-a-chelsea-liste-de-suspension-et-dates-de-retour-pour-manchester-city-moises-caicedo-marc-cucurella-romeo-lavia-au-plus-tard\/#breadcrumb\"},\"inLanguage\":\"fr-FR\",\"potentialAction\":[{\"@type\":\"ReadAction\",\"target\":[\"https:\/\/footdavant.fr\/actualites\/blessure-a-chelsea-liste-de-suspension-et-dates-de-retour-pour-manchester-city-moises-caicedo-marc-cucurella-romeo-lavia-au-plus-tard\/\"]}]},{\"@type\":\"BreadcrumbList\",\"@id\":\"https:\/\/footdavant.fr\/actualites\/blessure-a-chelsea-liste-de-suspension-et-dates-de-retour-pour-manchester-city-moises-caicedo-marc-cucurella-romeo-lavia-au-plus-tard\/#breadcrumb\",\"itemListElement\":[{\"@type\":\"ListItem\",\"position\":1,\"name\":\"Accueil\",\"item\":\"https:\/\/footdavant.fr\/actualites\/\"},{\"@type\":\"ListItem\",\"position\":2,\"name\":\"Blessure \u00e0 Chelsea, liste de suspension et dates de retour pour Manchester City : Moises Caicedo, Marc Cucurella, Romeo Lavia au plus tard\"}]},{\"@type\":\"WebSite\",\"@id\":\"https:\/\/footdavant.fr\/actualites\/#website\",\"url\":\"https:\/\/footdavant.fr\/actualites\/\",\"name\":\"Foot d'avant\",\"description\":\"\",\"publisher\":{\"@id\":\"https:\/\/footdavant.fr\/actualites\/#organization\"},\"potentialAction\":[{\"@type\":\"SearchAction\",\"target\":{\"@type\":\"EntryPoint\",\"urlTemplate\":\"https:\/\/footdavant.fr\/actualites\/?s={search_term_string}\"},\"query-input\":\"required name=search_term_string\"}],\"inLanguage\":\"fr-FR\"},{\"@type\":\"Organization\",\"@id\":\"https:\/\/footdavant.fr\/actualites\/#organization\",\"name\":\"Foot d'avant\",\"url\":\"https:\/\/footdavant.fr\/actualites\/\",\"logo\":{\"@type\":\"ImageObject\",\"inLanguage\":\"fr-FR\",\"@id\":\"https:\/\/footdavant.fr\/actualites\/#\/schema\/logo\/image\/\",\"url\":\"https:\/\/footdavant.fr\/actualites\/wp-content\/uploads\/2023\/09\/Copy-of-FootDavant-Logo.png\",\"contentUrl\":\"https:\/\/footdavant.fr\/actualites\/wp-content\/uploads\/2023\/09\/Copy-of-FootDavant-Logo.png\",\"width\":936,\"height\":549,\"caption\":\"Foot d'avant\"},\"image\":{\"@id\":\"https:\/\/footdavant.fr\/actualites\/#\/schema\/logo\/image\/\"},\"sameAs\":[\"https:\/\/www.facebook.com\/Footdavant\/\",\"https:\/\/twitter.com\/FootdavantFr\",\"https:\/\/www.instagram.com\/footdavant.fr\/\"]},{\"@type\":\"Person\",\"@id\":\"https:\/\/footdavant.fr\/actualites\/#\/schema\/person\/bc222566d95871b37e597b3ed3ba5e1d\",\"name\":\"Cl\u00e9ment\",\"image\":{\"@type\":\"ImageObject\",\"inLanguage\":\"fr-FR\",\"@id\":\"https:\/\/footdavant.fr\/actualites\/#\/schema\/person\/image\/\",\"url\":\"https:\/\/secure.gravatar.com\/avatar\/7728b29aac2719421e1a9159b2254c44?s=96&d=mm&r=g\",\"contentUrl\":\"https:\/\/secure.gravatar.com\/avatar\/7728b29aac2719421e1a9159b2254c44?s=96&d=mm&r=g\",\"caption\":\"Cl\u00e9ment\"},\"sameAs\":[\"https:\/\/footdavant.fr\/\"]}]}<\/script>\n<!-- \/ Yoast SEO plugin. -->","yoast_head_json":{"title":"Blessure \u00e0 Chelsea, liste de suspension et dates de retour pour Manchester City : Moises Caicedo, Marc Cucurella, Romeo Lavia au plus tard","robots":{"index":"index","follow":"follow","max-snippet":"max-snippet:-1","max-image-preview":"max-image-preview:large","max-video-preview":"max-video-preview:-1"},"canonical":"https:\/\/footdavant.fr\/actualites\/blessure-a-chelsea-liste-de-suspension-et-dates-de-retour-pour-manchester-city-moises-caicedo-marc-cucurella-romeo-lavia-au-plus-tard\/","og_locale":"fr_FR","og_type":"article","og_title":"Blessure \u00e0 Chelsea, liste de suspension et dates de retour pour Manchester City : Moises Caicedo, Marc Cucurella, Romeo Lavia au plus tard","og_description":"Chelsea, sans manager, est de retour en Premier League dimanche lorsqu&#39;il se rendra \u00e0 Manchester City, en qu\u00eate du titre. Les Blues, sans victoire en","og_url":"https:\/\/footdavant.fr\/actualites\/blessure-a-chelsea-liste-de-suspension-et-dates-de-retour-pour-manchester-city-moises-caicedo-marc-cucurella-romeo-lavia-au-plus-tard\/","og_site_name":"Foot d&#039;avant","article_publisher":"https:\/\/www.facebook.com\/Footdavant\/","article_published_time":"2026-01-02T16:48:14+00:00","article_modified_time":"2026-01-02T16:48:16+00:00","og_image":[{"width":720,"height":410,"url":"https:\/\/footdavant.fr\/actualites\/wp-content\/uploads\/2026\/01\/Blessure-a-Chelsea-liste-de-suspension-et-dates-de-retour.net2Fuploads2F20252F092Fchelsea-midfield.webp","type":"image\/webp"}],"author":"Cl\u00e9ment","twitter_card":"summary_large_image","twitter_creator":"@FootdavantFr","twitter_site":"@FootdavantFr","twitter_misc":{"\u00c9crit par":"Cl\u00e9ment","Dur\u00e9e de lecture estim\u00e9e":"2 minutes"},"schema":{"@context":"https:\/\/schema.org","@graph":[{"@type":"Article","@id":"https:\/\/footdavant.fr\/actualites\/blessure-a-chelsea-liste-de-suspension-et-dates-de-retour-pour-manchester-city-moises-caicedo-marc-cucurella-romeo-lavia-au-plus-tard\/#article","isPartOf":{"@id":"https:\/\/footdavant.fr\/actualites\/blessure-a-chelsea-liste-de-suspension-et-dates-de-retour-pour-manchester-city-moises-caicedo-marc-cucurella-romeo-lavia-au-plus-tard\/"},"author":{"name":"Cl\u00e9ment","@id":"https:\/\/footdavant.fr\/actualites\/#\/schema\/person\/bc222566d95871b37e597b3ed3ba5e1d"},"headline":"Blessure \u00e0 Chelsea, liste de suspension et dates de retour pour Manchester City : Moises Caicedo, Marc Cucurella, Romeo Lavia au plus tard","datePublished":"2026-01-02T16:48:14+00:00","dateModified":"2026-01-02T16:48:16+00:00","mainEntityOfPage":{"@id":"https:\/\/footdavant.fr\/actualites\/blessure-a-chelsea-liste-de-suspension-et-dates-de-retour-pour-manchester-city-moises-caicedo-marc-cucurella-romeo-lavia-au-plus-tard\/"},"wordCount":456,"publisher":{"@id":"https:\/\/footdavant.fr\/actualites\/#organization"},"keywords":["Blessure","Caicedo","Chelsea","City","Cucurella","Dates","Lavia","liste","Manchester","Marc","Moises","pour","retour","Romeo","suspension","tard"],"articleSection":["Premier League"],"inLanguage":"fr-FR"},{"@type":"WebPage","@id":"https:\/\/footdavant.fr\/actualites\/blessure-a-chelsea-liste-de-suspension-et-dates-de-retour-pour-manchester-city-moises-caicedo-marc-cucurella-romeo-lavia-au-plus-tard\/","url":"https:\/\/footdavant.fr\/actualites\/blessure-a-chelsea-liste-de-suspension-et-dates-de-retour-pour-manchester-city-moises-caicedo-marc-cucurella-romeo-lavia-au-plus-tard\/","name":"Blessure \u00e0 Chelsea, liste de suspension et dates de retour pour Manchester City : Moises Caicedo, Marc Cucurella, Romeo Lavia au plus tard","isPartOf":{"@id":"https:\/\/footdavant.fr\/actualites\/#website"},"datePublished":"2026-01-02T16:48:14+00:00","dateModified":"2026-01-02T16:48:16+00:00","breadcrumb":{"@id":"https:\/\/footdavant.fr\/actualites\/blessure-a-chelsea-liste-de-suspension-et-dates-de-retour-pour-manchester-city-moises-caicedo-marc-cucurella-romeo-lavia-au-plus-tard\/#breadcrumb"},"inLanguage":"fr-FR","potentialAction":[{"@type":"ReadAction","target":["https:\/\/footdavant.fr\/actualites\/blessure-a-chelsea-liste-de-suspension-et-dates-de-retour-pour-manchester-city-moises-caicedo-marc-cucurella-romeo-lavia-au-plus-tard\/"]}]},{"@type":"BreadcrumbList","@id":"https:\/\/footdavant.fr\/actualites\/blessure-a-chelsea-liste-de-suspension-et-dates-de-retour-pour-manchester-city-moises-caicedo-marc-cucurella-romeo-lavia-au-plus-tard\/#breadcrumb","itemListElement":[{"@type":"ListItem","position":1,"name":"Accueil","item":"https:\/\/footdavant.fr\/actualites\/"},{"@type":"ListItem","position":2,"name":"Blessure \u00e0 Chelsea, liste de suspension et dates de retour pour Manchester City : Moises Caicedo, Marc Cucurella, Romeo Lavia au plus tard"}]},{"@type":"WebSite","@id":"https:\/\/footdavant.fr\/actualites\/#website","url":"https:\/\/footdavant.fr\/actualites\/","name":"Foot d'avant","description":"","publisher":{"@id":"https:\/\/footdavant.fr\/actualites\/#organization"},"potentialAction":[{"@type":"SearchAction","target":{"@type":"EntryPoint","urlTemplate":"https:\/\/footdavant.fr\/actualites\/?s={search_term_string}"},"query-input":"required name=search_term_string"}],"inLanguage":"fr-FR"},{"@type":"Organization","@id":"https:\/\/footdavant.fr\/actualites\/#organization","name":"Foot d'avant","url":"https:\/\/footdavant.fr\/actualites\/","logo":{"@type":"ImageObject","inLanguage":"fr-FR","@id":"https:\/\/footdavant.fr\/actualites\/#\/schema\/logo\/image\/","url":"https:\/\/footdavant.fr\/actualites\/wp-content\/uploads\/2023\/09\/Copy-of-FootDavant-Logo.png","contentUrl":"https:\/\/footdavant.fr\/actualites\/wp-content\/uploads\/2023\/09\/Copy-of-FootDavant-Logo.png","width":936,"height":549,"caption":"Foot d'avant"},"image":{"@id":"https:\/\/footdavant.fr\/actualites\/#\/schema\/logo\/image\/"},"sameAs":["https:\/\/www.facebook.com\/Footdavant\/","https:\/\/twitter.com\/FootdavantFr","https:\/\/www.instagram.com\/footdavant.fr\/"]},{"@type":"Person","@id":"https:\/\/footdavant.fr\/actualites\/#\/schema\/person\/bc222566d95871b37e597b3ed3ba5e1d","name":"Cl\u00e9ment","image":{"@type":"ImageObject","inLanguage":"fr-FR","@id":"https:\/\/footdavant.fr\/actualites\/#\/schema\/person\/image\/","url":"https:\/\/secure.gravatar.com\/avatar\/7728b29aac2719421e1a9159b2254c44?s=96&d=mm&r=g","contentUrl":"https:\/\/secure.gravatar.com\/avatar\/7728b29aac2719421e1a9159b2254c44?s=96&d=mm&r=g","caption":"Cl\u00e9ment"},"sameAs":["https:\/\/footdavant.fr\/"]}]}},"_links":{"self":[{"href":"https:\/\/footdavant.fr\/actualites\/wp-json\/wp\/v2\/posts\/33018"}],"collection":[{"href":"https:\/\/footdavant.fr\/actualites\/wp-json\/wp\/v2\/posts"}],"about":[{"href":"https:\/\/footdavant.fr\/actualites\/wp-json\/wp\/v2\/types\/post"}],"author":[{"embeddable":true,"href":"https:\/\/footdavant.fr\/actualites\/wp-json\/wp\/v2\/users\/1"}],"replies":[{"embeddable":true,"href":"https:\/\/footdavant.fr\/actualites\/wp-json\/wp\/v2\/comments?post=33018"}],"version-history":[{"count":1,"href":"https:\/\/footdavant.fr\/actualites\/wp-json\/wp\/v2\/posts\/33018\/revisions"}],"predecessor-version":[{"id":33020,"href":"https:\/\/footdavant.fr\/actualites\/wp-json\/wp\/v2\/posts\/33018\/revisions\/33020"}],"wp:featuredmedia":[{"embeddable":true,"href":"https:\/\/footdavant.fr\/actualites\/wp-json\/wp\/v2\/media\/33019"}],"wp:attachment":[{"href":"https:\/\/footdavant.fr\/actualites\/wp-json\/wp\/v2\/media?parent=33018"}],"wp:term":[{"taxonomy":"category","embeddable":true,"href":"https:\/\/footdavant.fr\/actualites\/wp-json\/wp\/v2\/categories?post=33018"},{"taxonomy":"post_tag","embeddable":true,"href":"https:\/\/footdavant.fr\/actualites\/wp-json\/wp\/v2\/tags?post=33018"}],"curies":[{"name":"wp","href":"https:\/\/api.w.org\/{rel}","templated":true}]}}