{"id":33033,"date":"2026-01-03T03:49:22","date_gmt":"2026-01-03T02:49:22","guid":{"rendered":"https:\/\/footdavant.fr\/actualites\/eze-viens-eze-va-un-blog-darsenal\/"},"modified":"2026-01-03T03:49:31","modified_gmt":"2026-01-03T02:49:31","slug":"eze-viens-eze-va-un-blog-darsenal","status":"publish","type":"post","link":"https:\/\/footdavant.fr\/actualites\/eze-viens-eze-va-un-blog-darsenal\/","title":{"rendered":"Eze viens Eze va |  &#8230;un blog d&#39;Arsenal"},"content":{"rendered":"<div>\n<p>Mon point de vue un peu ti\u00e8de est que l\u2019\u00e9quipe d\u2019Arsenal est actuellement trop nombreuse. Je soup\u00e7onne fortement que le club le sait probablement \u00e0 un certain niveau, mais a fortement empil\u00e9 son deck pour cette saison car il parie sur la victoire de l\u2019un des plus grands troph\u00e9es. Je soup\u00e7onne \u00e9galement qu\u2019ils se rendent compte que les joueurs voudront probablement partir cet \u00e9t\u00e9 \u00e0 la recherche de temps de jeu et qu\u2019il y aura une certaine attrition naturelle.<\/p>\n<p>Cela signifie que les bons joueurs ne monteront pas du tout sur le terrain, certains ne feront m\u00eame pas partie de l&#39;\u00e9quipe du jour du match. M\u00eame si Declan Rice \u00e9tait absent contre Brighton, Ethan Nwaneri n&#39;a pas fait partie du banc et Eberechi Eze \u00e9tait un rempla\u00e7ant inutilis\u00e9. Eze n&#39;est plus apparu en Premier League depuis son remplacement \u00e0 la 57e minute \u00e0 domicile contre les Wolves le 13 d\u00e9cembre.<\/p>\n<p>Est-ce quelque chose qui devrait nous pr\u00e9occuper ? Devrions-nous, en tant que fans, nous soucier des sentiments des joueurs individuels pendant que l&#39;\u00e9quipe gagne ? Dans le cas d&#39;Eze, je pense qu&#39;il est certainement vrai que son incapacit\u00e9 \u00e0 suivre Matty Cash pour son but en premi\u00e8re mi-temps \u00e0 Villa Park au d\u00e9but du mois dernier a jou\u00e9 contre lui.<\/p>\n<p>Nous n&#39;avons pas encore beaucoup vu Eze sur la gauche, en grande partie parce que Martin Odegaard a \u00e9t\u00e9 bless\u00e9 \u00e0 plusieurs reprises cette saison. Eze a d\u00e9but\u00e9 \u00e0 Villa Park sur l&#39;aile gauche et apr\u00e8s que Cash l&#39;ait d\u00e9pass\u00e9 \u00e0 2-3 reprises, Arteta a fait un changement \u00e0 la mi-temps et il n&#39;y a plus jou\u00e9 depuis. <\/p>\n<p>D\u00e9m\u00e9nager \u00e0 Arsenal a bien s\u00fbr \u00e9t\u00e9 un ajustement pour Eze. Pas seulement sur le plan tactique, mais aussi pour ne plus \u00eatre le soleil attaquant autour duquel l\u2019\u00e9quipe tourne. Au Palace, il avait un r\u00f4le tr\u00e8s libre en tant qu&#39;homme principal, son adaptation rappelle le m\u00eame que celui que Jack Grealish a d\u00fb subir lorsqu&#39;il a d\u00e9m\u00e9nag\u00e9 d&#39;Aston Villa \u00e0 Manchester City et il a d\u00fb s&#39;adapter \u00e0 jouer dans une \u00e9quipe o\u00f9 le plan de jeu n&#39;\u00e9tait plus, \u00ab\u00a0donnez-le simplement \u00e0 Grealish\u00a0\u00bb.<\/p>\n<p>La principale barri\u00e8re pour Eze pendant cette br\u00e8ve p\u00e9riode \u00ab d&#39;exil \u00bb (si vous voulez l&#39;appeler ainsi) est la profondeur. Martin Odegaard est revenu dans l&#39;\u00e9quipe et a ronronn\u00e9 d&#39;intention. Sur l&#39;aile gauche, Leandro Trossard a \u00e9t\u00e9 l&#39;un des joueurs les meilleurs et les plus constants d&#39;Arsenal jusqu&#39;\u00e0 pr\u00e9sent cette saison. Je soup\u00e7onne en fait que lorsque Arsenal a fait le plein de talents offensifs comme Gyokeres, Madueke et Eze cet \u00e9t\u00e9, ils auraient probablement \u00e9t\u00e9 ouverts \u00e0 une bonne offre pour Martinelli.<\/p>\n<p>L\u2019une des raisons pour lesquelles Trossard est si difficile \u00e0 d\u00e9loger de l\u2019\u00e9quipe n\u2019est pas seulement sa production tr\u00e8s constante, mais aussi le fait qu\u2019il est un touche-\u00e0-tout. Il est habile sans vraiment \u00eatre un marchand individuel \u00e0 la Madueke. Il est rapide sans \u00eatre tout \u00e0 fait rapide comme Martinelli. Et il peut rivaliser avec Eze lorsqu\u2019il s\u2019agit de mettre le ballon dans le sac \u00e0 oignons.<\/p>\n<p>Arsenal a des profils assez particuliers dans sa ligne d&#39;attaque mais Trossard est une valeur s\u00fbre car il fait un peu de tout. Je pense qu&#39;il y a eu des \u00e9tats de jeu qui n&#39;ont pas vraiment favoris\u00e9 l&#39;introduction d&#39;Eze depuis le banc r\u00e9cemment. A Everton, Arsenal avait un but d&#39;avance et le rythme de Martinelli et Jesus \u00e0 la pause \u00e9tait favoris\u00e9 et quand exactement le m\u00eame sc\u00e9nario s&#39;est d\u00e9roul\u00e9 \u00e0 domicile contre Brighton quelques jours plus tard, nous avons vu les m\u00eames joueurs sortir du banc.<\/p>\n<p>Madueke et Eze n&#39;ont pas \u00e9t\u00e9 utilis\u00e9s dans ces matchs et je suppose que c&#39;est parce que ce sont des joueurs de \u00ab jeu cass\u00e9 \u00bb qui se sp\u00e9cialisent dans le risque et avec une avance d&#39;un but, la s\u00e9curit\u00e9 technique de Jesus et le rythme de Martinelli derri\u00e8re \u00e9taient mieux adapt\u00e9s. \u00c0 Everton, le plan de match d&#39;Arsenal \u00e9tait centr\u00e9 sur la conservation du ballon, l&#39;\u00e9loigner d&#39;Everton et ne pas autoriser les transitions.<\/p>\n<p>Ils ont b\u00e9n\u00e9fici\u00e9 de 65% de possession dans le Merseyside, le taux de possession le plus \u00e9lev\u00e9 pour un match \u00e0 l&#39;ext\u00e9rieur cette saison (\u00e0 l&#39;exception de Port Vale en Coupe de la Ligue), pour ce type de plan de jeu, la s\u00e9curit\u00e9 du ballon de Martin Odegaard sera toujours privil\u00e9gi\u00e9e. Contre Aston Villa, je pense que le nombre de changements forc\u00e9s a jou\u00e9 contre Eze.<\/p>\n<p>Timber et Gabriel n&#39;ont pas pu tenir la distance et Mikel Merino a d\u00fb \u00eatre expuls\u00e9 car il a eu beaucoup de chance de ne pas \u00eatre expuls\u00e9. De plus, Martin Odegaard \u00e9tait tout simplement sensationnel et je soup\u00e7onne qu&#39;Arteta ne voulait tout simplement pas l&#39;enlever. Si Arsenal avait poursuivi l&#39;un des matchs susmentionn\u00e9s, je soup\u00e7onne qu&#39;Eze aurait \u00e9t\u00e9 \u00e0 peu pr\u00e8s le premier attaquant appel\u00e9.<\/p>\n<p>Je pense que l\u2019une de mes inqui\u00e9tudes concernant l\u2019attaque d\u2019Arsenal est l\u2019\u00e9norme divergence entre les profils des joueurs. D\u2019un c\u00f4t\u00e9, la diversit\u00e9 fait la force et tout \u00e7a. D\u2019un autre c\u00f4t\u00e9, je pense qu\u2019une telle approche met en danger votre \u00e9quilibre. Si Odegaard recevait un autre coup, par exemple, et qu&#39;Eze recommen\u00e7ait \u00e0 jouer au milieu de terrain, vous vous retrouveriez soudainement avec un joueur totalement diff\u00e9rent avec des exigences tr\u00e8s diff\u00e9rentes.<\/p>\n<p>Je pense aussi que cela risque de faire tomber les joueurs dans des cases sp\u00e9cifiques et de ne pas se d\u00e9velopper. Je regarde quelqu&#39;un comme L\u00e9o Trossard et comment son jeu global s&#39;est d\u00e9velopp\u00e9 au cours de son s\u00e9jour au club. Dans le m\u00eame temps, j\u2019accepte enti\u00e8rement le fait qu\u2019Arsenal tente de remporter les plus grands troph\u00e9es au lieu de devenir une acad\u00e9mie d\u2019\u00e9lite pour le d\u00e9veloppement des joueurs.<\/p>\n<p>Il y a un bon d\u00e9fi pour Eze d&#39;am\u00e9liorer son jeu sans possession, je pense que la volont\u00e9 est l\u00e0 c&#39;est s\u00fbr mais que ses instincts d\u00e9fensifs ne sont pas naturels. Cela va demander du travail car l&#39;Arsenal d&#39;Arteta est une \u00e9quipe sans \u00e9toiles \u00e0 cet \u00e9gard, m\u00eame Bukayo Saka doit retrousser ses manches et se d\u00e9barrasser du ballon. <\/p>\n<p>Le d\u00e9fi pour tous les nouveaux attaquants d&#39;Arsenal &#8211; Eze, Madueke et Gyokeres &#8211; est de ne pas se cantonner \u00e0 des sc\u00e9narios sp\u00e9cifiques. On fait confiance \u00e0 vos meilleurs joueurs dans presque toutes les circonstances. Rice, Odegaard, Saka, Trossard &#8211; aucun de ces joueurs n&#39;est consid\u00e9r\u00e9 comme inadapt\u00e9 \u00e0 certains \u00e9tats et sc\u00e9narios de jeu. On leur fait toujours confiance en toutes circonstances et c&#39;est le d\u00e9fi pour Eze et les autres. <\/p>\n<\/div>\n","protected":false},"excerpt":{"rendered":"<p>Mon point de vue un peu ti\u00e8de est que l\u2019\u00e9quipe d\u2019Arsenal est actuellement trop nombreuse. Je soup\u00e7onne fortement que le club le sait probablement \u00e0<\/p>\n","protected":false},"author":1,"featured_media":33034,"comment_status":"closed","ping_status":"","sticky":false,"template":"","format":"standard","meta":{"footnotes":""},"categories":[3],"tags":[57,58,4221,5266,7156],"yoast_head":"<!-- This site is optimized with the Yoast SEO plugin v21.0 - https:\/\/yoast.com\/wordpress\/plugins\/seo\/ -->\n<title>Eze viens Eze va | ...un blog d&#039;Arsenal<\/title>\n<meta name=\"robots\" content=\"index, follow, max-snippet:-1, max-image-preview:large, max-video-preview:-1\" \/>\n<link rel=\"canonical\" href=\"https:\/\/footdavant.fr\/actualites\/eze-viens-eze-va-un-blog-darsenal\/\" \/>\n<meta property=\"og:locale\" content=\"fr_FR\" \/>\n<meta property=\"og:type\" content=\"article\" \/>\n<meta property=\"og:title\" content=\"Eze viens Eze va | ...un blog d&#039;Arsenal\" \/>\n<meta property=\"og:description\" content=\"Mon point de vue un peu ti\u00e8de est que l\u2019\u00e9quipe d\u2019Arsenal est actuellement trop nombreuse. Je soup\u00e7onne fortement que le club le sait probablement \u00e0\" \/>\n<meta property=\"og:url\" content=\"https:\/\/footdavant.fr\/actualites\/eze-viens-eze-va-un-blog-darsenal\/\" \/>\n<meta property=\"og:site_name\" content=\"Foot d&#039;avant\" \/>\n<meta property=\"article:publisher\" content=\"https:\/\/www.facebook.com\/Footdavant\/\" \/>\n<meta property=\"article:published_time\" content=\"2026-01-03T02:49:22+00:00\" \/>\n<meta property=\"article:modified_time\" content=\"2026-01-03T02:49:31+00:00\" \/>\n<meta property=\"og:image\" content=\"https:\/\/footdavant.fr\/actualites\/wp-content\/uploads\/2026\/01\/Eze-viens-Eze-va-un-blog-d39Arsenal.png\" \/>\n\t<meta property=\"og:image:width\" content=\"1500\" \/>\n\t<meta property=\"og:image:height\" content=\"750\" \/>\n\t<meta property=\"og:image:type\" content=\"image\/png\" \/>\n<meta name=\"author\" content=\"Cl\u00e9ment\" \/>\n<meta name=\"twitter:card\" content=\"summary_large_image\" \/>\n<meta name=\"twitter:creator\" content=\"@FootdavantFr\" \/>\n<meta name=\"twitter:site\" content=\"@FootdavantFr\" \/>\n<meta name=\"twitter:label1\" content=\"\u00c9crit par\" \/>\n\t<meta name=\"twitter:data1\" content=\"Cl\u00e9ment\" \/>\n\t<meta name=\"twitter:label2\" content=\"Dur\u00e9e de lecture estim\u00e9e\" \/>\n\t<meta name=\"twitter:data2\" content=\"6 minutes\" \/>\n<script type=\"application\/ld+json\" class=\"yoast-schema-graph\">{\"@context\":\"https:\/\/schema.org\",\"@graph\":[{\"@type\":\"Article\",\"@id\":\"https:\/\/footdavant.fr\/actualites\/eze-viens-eze-va-un-blog-darsenal\/#article\",\"isPartOf\":{\"@id\":\"https:\/\/footdavant.fr\/actualites\/eze-viens-eze-va-un-blog-darsenal\/\"},\"author\":{\"name\":\"Cl\u00e9ment\",\"@id\":\"https:\/\/footdavant.fr\/actualites\/#\/schema\/person\/bc222566d95871b37e597b3ed3ba5e1d\"},\"headline\":\"Eze viens Eze va | &#8230;un blog d&#39;Arsenal\",\"datePublished\":\"2026-01-03T02:49:22+00:00\",\"dateModified\":\"2026-01-03T02:49:31+00:00\",\"mainEntityOfPage\":{\"@id\":\"https:\/\/footdavant.fr\/actualites\/eze-viens-eze-va-un-blog-darsenal\/\"},\"wordCount\":1195,\"publisher\":{\"@id\":\"https:\/\/footdavant.fr\/actualites\/#organization\"},\"keywords\":[\"...un\",\"blog\",\"d39Arsenal\",\"Eze\",\"Viens\"],\"articleSection\":[\"Football\"],\"inLanguage\":\"fr-FR\"},{\"@type\":\"WebPage\",\"@id\":\"https:\/\/footdavant.fr\/actualites\/eze-viens-eze-va-un-blog-darsenal\/\",\"url\":\"https:\/\/footdavant.fr\/actualites\/eze-viens-eze-va-un-blog-darsenal\/\",\"name\":\"Eze viens Eze va | ...un blog d&#39;Arsenal\",\"isPartOf\":{\"@id\":\"https:\/\/footdavant.fr\/actualites\/#website\"},\"datePublished\":\"2026-01-03T02:49:22+00:00\",\"dateModified\":\"2026-01-03T02:49:31+00:00\",\"breadcrumb\":{\"@id\":\"https:\/\/footdavant.fr\/actualites\/eze-viens-eze-va-un-blog-darsenal\/#breadcrumb\"},\"inLanguage\":\"fr-FR\",\"potentialAction\":[{\"@type\":\"ReadAction\",\"target\":[\"https:\/\/footdavant.fr\/actualites\/eze-viens-eze-va-un-blog-darsenal\/\"]}]},{\"@type\":\"BreadcrumbList\",\"@id\":\"https:\/\/footdavant.fr\/actualites\/eze-viens-eze-va-un-blog-darsenal\/#breadcrumb\",\"itemListElement\":[{\"@type\":\"ListItem\",\"position\":1,\"name\":\"Accueil\",\"item\":\"https:\/\/footdavant.fr\/actualites\/\"},{\"@type\":\"ListItem\",\"position\":2,\"name\":\"Eze viens Eze va | &#8230;un blog d&#39;Arsenal\"}]},{\"@type\":\"WebSite\",\"@id\":\"https:\/\/footdavant.fr\/actualites\/#website\",\"url\":\"https:\/\/footdavant.fr\/actualites\/\",\"name\":\"Foot d'avant\",\"description\":\"\",\"publisher\":{\"@id\":\"https:\/\/footdavant.fr\/actualites\/#organization\"},\"potentialAction\":[{\"@type\":\"SearchAction\",\"target\":{\"@type\":\"EntryPoint\",\"urlTemplate\":\"https:\/\/footdavant.fr\/actualites\/?s={search_term_string}\"},\"query-input\":\"required name=search_term_string\"}],\"inLanguage\":\"fr-FR\"},{\"@type\":\"Organization\",\"@id\":\"https:\/\/footdavant.fr\/actualites\/#organization\",\"name\":\"Foot d'avant\",\"url\":\"https:\/\/footdavant.fr\/actualites\/\",\"logo\":{\"@type\":\"ImageObject\",\"inLanguage\":\"fr-FR\",\"@id\":\"https:\/\/footdavant.fr\/actualites\/#\/schema\/logo\/image\/\",\"url\":\"https:\/\/footdavant.fr\/actualites\/wp-content\/uploads\/2023\/09\/Copy-of-FootDavant-Logo.png\",\"contentUrl\":\"https:\/\/footdavant.fr\/actualites\/wp-content\/uploads\/2023\/09\/Copy-of-FootDavant-Logo.png\",\"width\":936,\"height\":549,\"caption\":\"Foot d'avant\"},\"image\":{\"@id\":\"https:\/\/footdavant.fr\/actualites\/#\/schema\/logo\/image\/\"},\"sameAs\":[\"https:\/\/www.facebook.com\/Footdavant\/\",\"https:\/\/twitter.com\/FootdavantFr\",\"https:\/\/www.instagram.com\/footdavant.fr\/\"]},{\"@type\":\"Person\",\"@id\":\"https:\/\/footdavant.fr\/actualites\/#\/schema\/person\/bc222566d95871b37e597b3ed3ba5e1d\",\"name\":\"Cl\u00e9ment\",\"image\":{\"@type\":\"ImageObject\",\"inLanguage\":\"fr-FR\",\"@id\":\"https:\/\/footdavant.fr\/actualites\/#\/schema\/person\/image\/\",\"url\":\"https:\/\/secure.gravatar.com\/avatar\/7728b29aac2719421e1a9159b2254c44?s=96&d=mm&r=g\",\"contentUrl\":\"https:\/\/secure.gravatar.com\/avatar\/7728b29aac2719421e1a9159b2254c44?s=96&d=mm&r=g\",\"caption\":\"Cl\u00e9ment\"},\"sameAs\":[\"https:\/\/footdavant.fr\/\"]}]}<\/script>\n<!-- \/ Yoast SEO plugin. -->","yoast_head_json":{"title":"Eze viens Eze va | ...un blog d&#39;Arsenal","robots":{"index":"index","follow":"follow","max-snippet":"max-snippet:-1","max-image-preview":"max-image-preview:large","max-video-preview":"max-video-preview:-1"},"canonical":"https:\/\/footdavant.fr\/actualites\/eze-viens-eze-va-un-blog-darsenal\/","og_locale":"fr_FR","og_type":"article","og_title":"Eze viens Eze va | ...un blog d&#39;Arsenal","og_description":"Mon point de vue un peu ti\u00e8de est que l\u2019\u00e9quipe d\u2019Arsenal est actuellement trop nombreuse. Je soup\u00e7onne fortement que le club le sait probablement \u00e0","og_url":"https:\/\/footdavant.fr\/actualites\/eze-viens-eze-va-un-blog-darsenal\/","og_site_name":"Foot d&#039;avant","article_publisher":"https:\/\/www.facebook.com\/Footdavant\/","article_published_time":"2026-01-03T02:49:22+00:00","article_modified_time":"2026-01-03T02:49:31+00:00","og_image":[{"width":1500,"height":750,"url":"https:\/\/footdavant.fr\/actualites\/wp-content\/uploads\/2026\/01\/Eze-viens-Eze-va-un-blog-d39Arsenal.png","type":"image\/png"}],"author":"Cl\u00e9ment","twitter_card":"summary_large_image","twitter_creator":"@FootdavantFr","twitter_site":"@FootdavantFr","twitter_misc":{"\u00c9crit par":"Cl\u00e9ment","Dur\u00e9e de lecture estim\u00e9e":"6 minutes"},"schema":{"@context":"https:\/\/schema.org","@graph":[{"@type":"Article","@id":"https:\/\/footdavant.fr\/actualites\/eze-viens-eze-va-un-blog-darsenal\/#article","isPartOf":{"@id":"https:\/\/footdavant.fr\/actualites\/eze-viens-eze-va-un-blog-darsenal\/"},"author":{"name":"Cl\u00e9ment","@id":"https:\/\/footdavant.fr\/actualites\/#\/schema\/person\/bc222566d95871b37e597b3ed3ba5e1d"},"headline":"Eze viens Eze va | &#8230;un blog d&#39;Arsenal","datePublished":"2026-01-03T02:49:22+00:00","dateModified":"2026-01-03T02:49:31+00:00","mainEntityOfPage":{"@id":"https:\/\/footdavant.fr\/actualites\/eze-viens-eze-va-un-blog-darsenal\/"},"wordCount":1195,"publisher":{"@id":"https:\/\/footdavant.fr\/actualites\/#organization"},"keywords":["...un","blog","d39Arsenal","Eze","Viens"],"articleSection":["Football"],"inLanguage":"fr-FR"},{"@type":"WebPage","@id":"https:\/\/footdavant.fr\/actualites\/eze-viens-eze-va-un-blog-darsenal\/","url":"https:\/\/footdavant.fr\/actualites\/eze-viens-eze-va-un-blog-darsenal\/","name":"Eze viens Eze va | ...un blog d&#39;Arsenal","isPartOf":{"@id":"https:\/\/footdavant.fr\/actualites\/#website"},"datePublished":"2026-01-03T02:49:22+00:00","dateModified":"2026-01-03T02:49:31+00:00","breadcrumb":{"@id":"https:\/\/footdavant.fr\/actualites\/eze-viens-eze-va-un-blog-darsenal\/#breadcrumb"},"inLanguage":"fr-FR","potentialAction":[{"@type":"ReadAction","target":["https:\/\/footdavant.fr\/actualites\/eze-viens-eze-va-un-blog-darsenal\/"]}]},{"@type":"BreadcrumbList","@id":"https:\/\/footdavant.fr\/actualites\/eze-viens-eze-va-un-blog-darsenal\/#breadcrumb","itemListElement":[{"@type":"ListItem","position":1,"name":"Accueil","item":"https:\/\/footdavant.fr\/actualites\/"},{"@type":"ListItem","position":2,"name":"Eze viens Eze va | &#8230;un blog d&#39;Arsenal"}]},{"@type":"WebSite","@id":"https:\/\/footdavant.fr\/actualites\/#website","url":"https:\/\/footdavant.fr\/actualites\/","name":"Foot d'avant","description":"","publisher":{"@id":"https:\/\/footdavant.fr\/actualites\/#organization"},"potentialAction":[{"@type":"SearchAction","target":{"@type":"EntryPoint","urlTemplate":"https:\/\/footdavant.fr\/actualites\/?s={search_term_string}"},"query-input":"required name=search_term_string"}],"inLanguage":"fr-FR"},{"@type":"Organization","@id":"https:\/\/footdavant.fr\/actualites\/#organization","name":"Foot d'avant","url":"https:\/\/footdavant.fr\/actualites\/","logo":{"@type":"ImageObject","inLanguage":"fr-FR","@id":"https:\/\/footdavant.fr\/actualites\/#\/schema\/logo\/image\/","url":"https:\/\/footdavant.fr\/actualites\/wp-content\/uploads\/2023\/09\/Copy-of-FootDavant-Logo.png","contentUrl":"https:\/\/footdavant.fr\/actualites\/wp-content\/uploads\/2023\/09\/Copy-of-FootDavant-Logo.png","width":936,"height":549,"caption":"Foot d'avant"},"image":{"@id":"https:\/\/footdavant.fr\/actualites\/#\/schema\/logo\/image\/"},"sameAs":["https:\/\/www.facebook.com\/Footdavant\/","https:\/\/twitter.com\/FootdavantFr","https:\/\/www.instagram.com\/footdavant.fr\/"]},{"@type":"Person","@id":"https:\/\/footdavant.fr\/actualites\/#\/schema\/person\/bc222566d95871b37e597b3ed3ba5e1d","name":"Cl\u00e9ment","image":{"@type":"ImageObject","inLanguage":"fr-FR","@id":"https:\/\/footdavant.fr\/actualites\/#\/schema\/person\/image\/","url":"https:\/\/secure.gravatar.com\/avatar\/7728b29aac2719421e1a9159b2254c44?s=96&d=mm&r=g","contentUrl":"https:\/\/secure.gravatar.com\/avatar\/7728b29aac2719421e1a9159b2254c44?s=96&d=mm&r=g","caption":"Cl\u00e9ment"},"sameAs":["https:\/\/footdavant.fr\/"]}]}},"_links":{"self":[{"href":"https:\/\/footdavant.fr\/actualites\/wp-json\/wp\/v2\/posts\/33033"}],"collection":[{"href":"https:\/\/footdavant.fr\/actualites\/wp-json\/wp\/v2\/posts"}],"about":[{"href":"https:\/\/footdavant.fr\/actualites\/wp-json\/wp\/v2\/types\/post"}],"author":[{"embeddable":true,"href":"https:\/\/footdavant.fr\/actualites\/wp-json\/wp\/v2\/users\/1"}],"replies":[{"embeddable":true,"href":"https:\/\/footdavant.fr\/actualites\/wp-json\/wp\/v2\/comments?post=33033"}],"version-history":[{"count":1,"href":"https:\/\/footdavant.fr\/actualites\/wp-json\/wp\/v2\/posts\/33033\/revisions"}],"predecessor-version":[{"id":33035,"href":"https:\/\/footdavant.fr\/actualites\/wp-json\/wp\/v2\/posts\/33033\/revisions\/33035"}],"wp:featuredmedia":[{"embeddable":true,"href":"https:\/\/footdavant.fr\/actualites\/wp-json\/wp\/v2\/media\/33034"}],"wp:attachment":[{"href":"https:\/\/footdavant.fr\/actualites\/wp-json\/wp\/v2\/media?parent=33033"}],"wp:term":[{"taxonomy":"category","embeddable":true,"href":"https:\/\/footdavant.fr\/actualites\/wp-json\/wp\/v2\/categories?post=33033"},{"taxonomy":"post_tag","embeddable":true,"href":"https:\/\/footdavant.fr\/actualites\/wp-json\/wp\/v2\/tags?post=33033"}],"curies":[{"name":"wp","href":"https:\/\/api.w.org\/{rel}","templated":true}]}}