{"id":33062,"date":"2026-01-03T23:48:01","date_gmt":"2026-01-03T22:48:01","guid":{"rendered":"https:\/\/footdavant.fr\/actualites\/linteret-de-liverpool-pour-le-milieu-de-terrain-pourrait-resoudre-le-probleme-de-gravenberch\/"},"modified":"2026-01-03T23:48:04","modified_gmt":"2026-01-03T22:48:04","slug":"linteret-de-liverpool-pour-le-milieu-de-terrain-pourrait-resoudre-le-probleme-de-gravenberch","status":"publish","type":"post","link":"https:\/\/footdavant.fr\/actualites\/linteret-de-liverpool-pour-le-milieu-de-terrain-pourrait-resoudre-le-probleme-de-gravenberch\/","title":{"rendered":"L&#39;int\u00e9r\u00eat de Liverpool pour le milieu de terrain pourrait r\u00e9soudre le probl\u00e8me de Gravenberch"},"content":{"rendered":"<div id=\"article-body\">\n<!-- Article Start --><\/p>\n<p>On pense que le milieu de terrain de Brighton &#038; Hove Albion attire \u00e9norm\u00e9ment l&#39;attention d&#39;une poign\u00e9e de poids lourds du football, dont Manchester United et le champion de Bundesliga, le Bayern Munich.<\/p>\n<h2>Liverpool a un \u00ab s\u00e9rieux int\u00e9r\u00eat \u00bb pour Carlos Baleba<\/h2>\n<figure class=\"wp-caption alignnone\"><picture><source type=\"image\/webp\" data- data-><\/source><\/picture><\/figure>\n<p>Brus rapporte maintenant que l&#39;int\u00e9r\u00eat pour Baleba continue de s&#39;intensifier \u00e0 l&#39;approche d&#39;un \u00ab transfert potentiel de grosses sommes d&#39;argent \u00bb tr\u00e8s attendu.<\/p>\n<p>le r\u00e9dacteur en chef de CaughtOffside a \u00e9crit pour le Daily Briefing.<\/p>\n<\/p>\n<\/p>\n<p>Avec un contrat qui devait expirer dans trois ans (\u00e9t\u00e9 2028), il n\u2019est pas surprenant que les Seagulls tiennent bon sur un prix d\u00e9passant la barre des 100 millions de livres sterling.<\/p>\n<h2>Liverpool pourrait-il recruter Baleba cet \u00e9t\u00e9 ?<\/h2>\n<figure class=\"wp-caption alignnone\"><picture><source type=\"image\/webp\" data- data-><img loading=\"lazy\" decoding=\"async\" width=\"3016\" height=\"2193\" src=\"https:\/\/footdavant.fr\/actualites\/wp-content\/uploads\/2026\/01\/1767480481_260_L39interet-de-Liverpool-pour-le-milieu-de-terrain-pourrait-resoudre.jpg\" class=\"lazyload wp-image-282532 has-webp\" alt=\"Carlos Baleba joue une passe lors du match de Brighton.\"  data- style=\"aspect-ratio:3016\/2193;max-width:2048px\"\/><\/source><\/picture><\/figure>\n<p>Avec autant d\u2019argent potentiellement sur la table, il est juste de supposer qu\u2019il s\u2019agit d\u2019un accord qui peut, et tr\u00e8s probablement, attendre la prochaine fen\u00eatre de transfert estivale.<\/p>\n<p>En effet, cela a d\u00e9j\u00e0 \u00e9t\u00e9 confirm\u00e9 par la source anonyme de Mark Brus : <\/p>\n<p>La question reste cependant de savoir si cet accord en vaut la peine pour Liverpool.<\/p>\n<p>Il n&#39;aura \u00e9chapp\u00e9 \u00e0 personne qu&#39;Arne Slot pr\u00e9f\u00e9rerait pousser Ryan Gravenberch plus haut sur le terrain.<\/p>\n<p>La signature d\u2019un hybride box-to-box\/milieu de terrain \u00e0 Carlos Baleba ferait, en th\u00e9orie, de ce r\u00eave une r\u00e9alit\u00e9 pour le num\u00e9ro 38 de Liverpool.<\/p>\n<h3>Quelle est la meilleure position de Baleba ?<\/h3>\n<p>D\u00e9but avril lors de la saison 2024\/25, la star de Brighton avait toutes les caract\u00e9ristiques d\u2019un num\u00e9ro six mobile et moderne.<\/p>\n<p>Opta Analyst a d\u00e9couvert qu&#39;il \u00e9tait parmi les meilleurs milieux de terrain (au septi\u00e8me rang parmi ses pairs de position) de la Premier League pour les reprises de possession (6,5 pour 90).<\/p>\n<p>Semblable \u00e0 Gravenberch, bien s\u00fbr, Baleba excelle \u00e9galement avec le ballon, se r\u00e9v\u00e9lant plus qu&#39;habile \u00e0 recevoir la possession sous pression avant d&#39;\u00e9clater et de montrer sa capacit\u00e9 \u00e0 porter le ballon.<\/p>\n<table style=\"border-collapse: collapse; width: 100%; height: 120px;\">\n<thead>\n<tr style=\"height: 24px;\">\n<td style=\"width: 33.3333%; height: 24px;\"\/>\n<td style=\"width: 33.3333%; height: 24px;\"><\/td>\n<td style=\"width: 33.3333%; height: 24px;\"><\/td>\n<\/tr>\n<\/thead>\n<tbody>\n<tr style=\"height: 24px;\">\n<td style=\"width: 33.3333%; height: 24px;\">Des dribbles r\u00e9ussis<\/td>\n<td style=\"width: 33.3333%; height: 24px;\">1.11<\/td>\n<td style=\"width: 33.3333%; height: 24px;\">0,7<\/td>\n<\/tr>\n<tr style=\"height: 24px;\">\n<td style=\"width: 33.3333%; height: 24px;\">Dribble r\u00e9ussi %<\/td>\n<td style=\"width: 33.3333%; height: 24px;\">62,3%<\/td>\n<td style=\"width: 33.3333%; height: 24px;\">58,3%<\/td>\n<\/tr>\n<tr style=\"height: 24px;\">\n<td style=\"width: 33.3333%; height: 24px;\">Interceptions<\/td>\n<td style=\"width: 33.3333%; height: 24px;\">1,55<\/td>\n<td style=\"width: 33.3333%; height: 24px;\">1,5<\/td>\n<\/tr>\n<tr style=\"height: 24px;\">\n<td style=\"width: 33.3333%; height: 24px;\">R\u00e9cup\u00e9rations<\/td>\n<td style=\"width: 33.3333%; height: 24px;\">6,64<\/td>\n<td style=\"width: 33.3333%; height: 24px;\">5.08<\/td>\n<\/tr>\n<tr>\n<td style=\"width: 33.3333%;\">Duels gagn\u00e9s<\/td>\n<td style=\"width: 33.3333%;\">6,71<\/td>\n<td style=\"width: 33.3333%;\">4,88<\/td>\n<\/tr>\n<tr>\n<td style=\"width: 33.3333%;\">Duels gagn\u00e9s %<\/td>\n<td style=\"width: 33.3333%;\">55,4%<\/td>\n<td style=\"width: 33.3333%;\">46,2%<\/td>\n<\/tr>\n<\/tbody>\n<\/table>\n<p>Les niveaux de performance ont quelque peu baiss\u00e9 cette saison, m\u00eame si une certaine incoh\u00e9rence \u00e0 ce stade est s\u00fbrement \u00e0 pr\u00e9voir de la part d&#39;un milieu de terrain de 22 ans qui dispute sa troisi\u00e8me saison de football en Premier League.<\/p>\n<p>Mais, bien s\u00fbr, c\u2019est un autre frais potentiel que Liverpool devrait d\u00e9bourser pour un jeune talent de premier plan.<\/p>\n<p>Cela dit, si Richard Hughes et notre \u00e9quipe de recrutement ont effectivement \u00e0 c\u0153ur Carlos Baleba, il serait bien avis\u00e9 de suivre les conseils de son compatriote Bernard Tchoutang.<\/p>\n<p><!-- Article End -->\t\t\t\t<\/div>\n","protected":false},"excerpt":{"rendered":"<p>On pense que le milieu de terrain de Brighton &#038; Hove Albion attire \u00e9norm\u00e9ment l&#39;attention d&#39;une poign\u00e9e de poids lourds du football, dont Manchester United<\/p>\n","protected":false},"author":1,"featured_media":33063,"comment_status":"closed","ping_status":"","sticky":false,"template":"","format":"standard","meta":{"footnotes":""},"categories":[3],"tags":[680,4310,53,441,51,269,2243,1197,442],"yoast_head":"<!-- This site is optimized with the Yoast SEO plugin v21.0 - https:\/\/yoast.com\/wordpress\/plugins\/seo\/ -->\n<title>L&#039;int\u00e9r\u00eat de Liverpool pour le milieu de terrain pourrait r\u00e9soudre le probl\u00e8me de Gravenberch<\/title>\n<meta name=\"robots\" content=\"index, follow, max-snippet:-1, max-image-preview:large, max-video-preview:-1\" \/>\n<link rel=\"canonical\" href=\"https:\/\/footdavant.fr\/actualites\/linteret-de-liverpool-pour-le-milieu-de-terrain-pourrait-resoudre-le-probleme-de-gravenberch\/\" \/>\n<meta property=\"og:locale\" content=\"fr_FR\" \/>\n<meta property=\"og:type\" content=\"article\" \/>\n<meta property=\"og:title\" content=\"L&#039;int\u00e9r\u00eat de Liverpool pour le milieu de terrain pourrait r\u00e9soudre le probl\u00e8me de Gravenberch\" \/>\n<meta property=\"og:description\" content=\"On pense que le milieu de terrain de Brighton &#038; Hove Albion attire \u00e9norm\u00e9ment l&#039;attention d&#039;une poign\u00e9e de poids lourds du football, dont Manchester United\" \/>\n<meta property=\"og:url\" content=\"https:\/\/footdavant.fr\/actualites\/linteret-de-liverpool-pour-le-milieu-de-terrain-pourrait-resoudre-le-probleme-de-gravenberch\/\" \/>\n<meta property=\"og:site_name\" content=\"Foot d&#039;avant\" \/>\n<meta property=\"article:publisher\" content=\"https:\/\/www.facebook.com\/Footdavant\/\" \/>\n<meta property=\"article:published_time\" content=\"2026-01-03T22:48:01+00:00\" \/>\n<meta property=\"article:modified_time\" content=\"2026-01-03T22:48:04+00:00\" \/>\n<meta property=\"og:image\" content=\"https:\/\/footdavant.fr\/actualites\/wp-content\/uploads\/2026\/01\/1767480482_L39interet-de-Liverpool-pour-le-milieu-de-terrain-pourrait-resoudre.jpg\" \/>\n\t<meta property=\"og:image:width\" content=\"1200\" \/>\n\t<meta property=\"og:image:height\" content=\"675\" \/>\n\t<meta property=\"og:image:type\" content=\"image\/jpeg\" \/>\n<meta name=\"author\" content=\"Cl\u00e9ment\" \/>\n<meta name=\"twitter:card\" content=\"summary_large_image\" \/>\n<meta name=\"twitter:creator\" content=\"@FootdavantFr\" \/>\n<meta name=\"twitter:site\" content=\"@FootdavantFr\" \/>\n<meta name=\"twitter:label1\" content=\"\u00c9crit par\" \/>\n\t<meta name=\"twitter:data1\" content=\"Cl\u00e9ment\" \/>\n\t<meta name=\"twitter:label2\" content=\"Dur\u00e9e de lecture estim\u00e9e\" \/>\n\t<meta name=\"twitter:data2\" content=\"2 minutes\" \/>\n<script type=\"application\/ld+json\" class=\"yoast-schema-graph\">{\"@context\":\"https:\/\/schema.org\",\"@graph\":[{\"@type\":\"Article\",\"@id\":\"https:\/\/footdavant.fr\/actualites\/linteret-de-liverpool-pour-le-milieu-de-terrain-pourrait-resoudre-le-probleme-de-gravenberch\/#article\",\"isPartOf\":{\"@id\":\"https:\/\/footdavant.fr\/actualites\/linteret-de-liverpool-pour-le-milieu-de-terrain-pourrait-resoudre-le-probleme-de-gravenberch\/\"},\"author\":{\"name\":\"Cl\u00e9ment\",\"@id\":\"https:\/\/footdavant.fr\/actualites\/#\/schema\/person\/bc222566d95871b37e597b3ed3ba5e1d\"},\"headline\":\"L&#39;int\u00e9r\u00eat de Liverpool pour le milieu de terrain pourrait r\u00e9soudre le probl\u00e8me de Gravenberch\",\"datePublished\":\"2026-01-03T22:48:01+00:00\",\"dateModified\":\"2026-01-03T22:48:04+00:00\",\"mainEntityOfPage\":{\"@id\":\"https:\/\/footdavant.fr\/actualites\/linteret-de-liverpool-pour-le-milieu-de-terrain-pourrait-resoudre-le-probleme-de-gravenberch\/\"},\"wordCount\":467,\"publisher\":{\"@id\":\"https:\/\/footdavant.fr\/actualites\/#organization\"},\"keywords\":[\"Gravenberch\",\"l39int\u00e9r\u00eat\",\"Liverpool\",\"milieu\",\"pour\",\"pourrait\",\"probl\u00e8me\",\"r\u00e9soudre\",\"terrain\"],\"articleSection\":[\"Football\"],\"inLanguage\":\"fr-FR\"},{\"@type\":\"WebPage\",\"@id\":\"https:\/\/footdavant.fr\/actualites\/linteret-de-liverpool-pour-le-milieu-de-terrain-pourrait-resoudre-le-probleme-de-gravenberch\/\",\"url\":\"https:\/\/footdavant.fr\/actualites\/linteret-de-liverpool-pour-le-milieu-de-terrain-pourrait-resoudre-le-probleme-de-gravenberch\/\",\"name\":\"L&#39;int\u00e9r\u00eat de Liverpool pour le milieu de terrain pourrait r\u00e9soudre le probl\u00e8me de Gravenberch\",\"isPartOf\":{\"@id\":\"https:\/\/footdavant.fr\/actualites\/#website\"},\"datePublished\":\"2026-01-03T22:48:01+00:00\",\"dateModified\":\"2026-01-03T22:48:04+00:00\",\"breadcrumb\":{\"@id\":\"https:\/\/footdavant.fr\/actualites\/linteret-de-liverpool-pour-le-milieu-de-terrain-pourrait-resoudre-le-probleme-de-gravenberch\/#breadcrumb\"},\"inLanguage\":\"fr-FR\",\"potentialAction\":[{\"@type\":\"ReadAction\",\"target\":[\"https:\/\/footdavant.fr\/actualites\/linteret-de-liverpool-pour-le-milieu-de-terrain-pourrait-resoudre-le-probleme-de-gravenberch\/\"]}]},{\"@type\":\"BreadcrumbList\",\"@id\":\"https:\/\/footdavant.fr\/actualites\/linteret-de-liverpool-pour-le-milieu-de-terrain-pourrait-resoudre-le-probleme-de-gravenberch\/#breadcrumb\",\"itemListElement\":[{\"@type\":\"ListItem\",\"position\":1,\"name\":\"Accueil\",\"item\":\"https:\/\/footdavant.fr\/actualites\/\"},{\"@type\":\"ListItem\",\"position\":2,\"name\":\"L&#39;int\u00e9r\u00eat de Liverpool pour le milieu de terrain pourrait r\u00e9soudre le probl\u00e8me de Gravenberch\"}]},{\"@type\":\"WebSite\",\"@id\":\"https:\/\/footdavant.fr\/actualites\/#website\",\"url\":\"https:\/\/footdavant.fr\/actualites\/\",\"name\":\"Foot d'avant\",\"description\":\"\",\"publisher\":{\"@id\":\"https:\/\/footdavant.fr\/actualites\/#organization\"},\"potentialAction\":[{\"@type\":\"SearchAction\",\"target\":{\"@type\":\"EntryPoint\",\"urlTemplate\":\"https:\/\/footdavant.fr\/actualites\/?s={search_term_string}\"},\"query-input\":\"required name=search_term_string\"}],\"inLanguage\":\"fr-FR\"},{\"@type\":\"Organization\",\"@id\":\"https:\/\/footdavant.fr\/actualites\/#organization\",\"name\":\"Foot d'avant\",\"url\":\"https:\/\/footdavant.fr\/actualites\/\",\"logo\":{\"@type\":\"ImageObject\",\"inLanguage\":\"fr-FR\",\"@id\":\"https:\/\/footdavant.fr\/actualites\/#\/schema\/logo\/image\/\",\"url\":\"https:\/\/footdavant.fr\/actualites\/wp-content\/uploads\/2023\/09\/Copy-of-FootDavant-Logo.png\",\"contentUrl\":\"https:\/\/footdavant.fr\/actualites\/wp-content\/uploads\/2023\/09\/Copy-of-FootDavant-Logo.png\",\"width\":936,\"height\":549,\"caption\":\"Foot d'avant\"},\"image\":{\"@id\":\"https:\/\/footdavant.fr\/actualites\/#\/schema\/logo\/image\/\"},\"sameAs\":[\"https:\/\/www.facebook.com\/Footdavant\/\",\"https:\/\/twitter.com\/FootdavantFr\",\"https:\/\/www.instagram.com\/footdavant.fr\/\"]},{\"@type\":\"Person\",\"@id\":\"https:\/\/footdavant.fr\/actualites\/#\/schema\/person\/bc222566d95871b37e597b3ed3ba5e1d\",\"name\":\"Cl\u00e9ment\",\"image\":{\"@type\":\"ImageObject\",\"inLanguage\":\"fr-FR\",\"@id\":\"https:\/\/footdavant.fr\/actualites\/#\/schema\/person\/image\/\",\"url\":\"https:\/\/secure.gravatar.com\/avatar\/7728b29aac2719421e1a9159b2254c44?s=96&d=mm&r=g\",\"contentUrl\":\"https:\/\/secure.gravatar.com\/avatar\/7728b29aac2719421e1a9159b2254c44?s=96&d=mm&r=g\",\"caption\":\"Cl\u00e9ment\"},\"sameAs\":[\"https:\/\/footdavant.fr\/\"]}]}<\/script>\n<!-- \/ Yoast SEO plugin. -->","yoast_head_json":{"title":"L&#39;int\u00e9r\u00eat de Liverpool pour le milieu de terrain pourrait r\u00e9soudre le probl\u00e8me de Gravenberch","robots":{"index":"index","follow":"follow","max-snippet":"max-snippet:-1","max-image-preview":"max-image-preview:large","max-video-preview":"max-video-preview:-1"},"canonical":"https:\/\/footdavant.fr\/actualites\/linteret-de-liverpool-pour-le-milieu-de-terrain-pourrait-resoudre-le-probleme-de-gravenberch\/","og_locale":"fr_FR","og_type":"article","og_title":"L&#39;int\u00e9r\u00eat de Liverpool pour le milieu de terrain pourrait r\u00e9soudre le probl\u00e8me de Gravenberch","og_description":"On pense que le milieu de terrain de Brighton &#038; Hove Albion attire \u00e9norm\u00e9ment l&#39;attention d&#39;une poign\u00e9e de poids lourds du football, dont Manchester United","og_url":"https:\/\/footdavant.fr\/actualites\/linteret-de-liverpool-pour-le-milieu-de-terrain-pourrait-resoudre-le-probleme-de-gravenberch\/","og_site_name":"Foot d&#039;avant","article_publisher":"https:\/\/www.facebook.com\/Footdavant\/","article_published_time":"2026-01-03T22:48:01+00:00","article_modified_time":"2026-01-03T22:48:04+00:00","og_image":[{"width":1200,"height":675,"url":"https:\/\/footdavant.fr\/actualites\/wp-content\/uploads\/2026\/01\/1767480482_L39interet-de-Liverpool-pour-le-milieu-de-terrain-pourrait-resoudre.jpg","type":"image\/jpeg"}],"author":"Cl\u00e9ment","twitter_card":"summary_large_image","twitter_creator":"@FootdavantFr","twitter_site":"@FootdavantFr","twitter_misc":{"\u00c9crit par":"Cl\u00e9ment","Dur\u00e9e de lecture estim\u00e9e":"2 minutes"},"schema":{"@context":"https:\/\/schema.org","@graph":[{"@type":"Article","@id":"https:\/\/footdavant.fr\/actualites\/linteret-de-liverpool-pour-le-milieu-de-terrain-pourrait-resoudre-le-probleme-de-gravenberch\/#article","isPartOf":{"@id":"https:\/\/footdavant.fr\/actualites\/linteret-de-liverpool-pour-le-milieu-de-terrain-pourrait-resoudre-le-probleme-de-gravenberch\/"},"author":{"name":"Cl\u00e9ment","@id":"https:\/\/footdavant.fr\/actualites\/#\/schema\/person\/bc222566d95871b37e597b3ed3ba5e1d"},"headline":"L&#39;int\u00e9r\u00eat de Liverpool pour le milieu de terrain pourrait r\u00e9soudre le probl\u00e8me de Gravenberch","datePublished":"2026-01-03T22:48:01+00:00","dateModified":"2026-01-03T22:48:04+00:00","mainEntityOfPage":{"@id":"https:\/\/footdavant.fr\/actualites\/linteret-de-liverpool-pour-le-milieu-de-terrain-pourrait-resoudre-le-probleme-de-gravenberch\/"},"wordCount":467,"publisher":{"@id":"https:\/\/footdavant.fr\/actualites\/#organization"},"keywords":["Gravenberch","l39int\u00e9r\u00eat","Liverpool","milieu","pour","pourrait","probl\u00e8me","r\u00e9soudre","terrain"],"articleSection":["Football"],"inLanguage":"fr-FR"},{"@type":"WebPage","@id":"https:\/\/footdavant.fr\/actualites\/linteret-de-liverpool-pour-le-milieu-de-terrain-pourrait-resoudre-le-probleme-de-gravenberch\/","url":"https:\/\/footdavant.fr\/actualites\/linteret-de-liverpool-pour-le-milieu-de-terrain-pourrait-resoudre-le-probleme-de-gravenberch\/","name":"L&#39;int\u00e9r\u00eat de Liverpool pour le milieu de terrain pourrait r\u00e9soudre le probl\u00e8me de Gravenberch","isPartOf":{"@id":"https:\/\/footdavant.fr\/actualites\/#website"},"datePublished":"2026-01-03T22:48:01+00:00","dateModified":"2026-01-03T22:48:04+00:00","breadcrumb":{"@id":"https:\/\/footdavant.fr\/actualites\/linteret-de-liverpool-pour-le-milieu-de-terrain-pourrait-resoudre-le-probleme-de-gravenberch\/#breadcrumb"},"inLanguage":"fr-FR","potentialAction":[{"@type":"ReadAction","target":["https:\/\/footdavant.fr\/actualites\/linteret-de-liverpool-pour-le-milieu-de-terrain-pourrait-resoudre-le-probleme-de-gravenberch\/"]}]},{"@type":"BreadcrumbList","@id":"https:\/\/footdavant.fr\/actualites\/linteret-de-liverpool-pour-le-milieu-de-terrain-pourrait-resoudre-le-probleme-de-gravenberch\/#breadcrumb","itemListElement":[{"@type":"ListItem","position":1,"name":"Accueil","item":"https:\/\/footdavant.fr\/actualites\/"},{"@type":"ListItem","position":2,"name":"L&#39;int\u00e9r\u00eat de Liverpool pour le milieu de terrain pourrait r\u00e9soudre le probl\u00e8me de Gravenberch"}]},{"@type":"WebSite","@id":"https:\/\/footdavant.fr\/actualites\/#website","url":"https:\/\/footdavant.fr\/actualites\/","name":"Foot d'avant","description":"","publisher":{"@id":"https:\/\/footdavant.fr\/actualites\/#organization"},"potentialAction":[{"@type":"SearchAction","target":{"@type":"EntryPoint","urlTemplate":"https:\/\/footdavant.fr\/actualites\/?s={search_term_string}"},"query-input":"required name=search_term_string"}],"inLanguage":"fr-FR"},{"@type":"Organization","@id":"https:\/\/footdavant.fr\/actualites\/#organization","name":"Foot d'avant","url":"https:\/\/footdavant.fr\/actualites\/","logo":{"@type":"ImageObject","inLanguage":"fr-FR","@id":"https:\/\/footdavant.fr\/actualites\/#\/schema\/logo\/image\/","url":"https:\/\/footdavant.fr\/actualites\/wp-content\/uploads\/2023\/09\/Copy-of-FootDavant-Logo.png","contentUrl":"https:\/\/footdavant.fr\/actualites\/wp-content\/uploads\/2023\/09\/Copy-of-FootDavant-Logo.png","width":936,"height":549,"caption":"Foot d'avant"},"image":{"@id":"https:\/\/footdavant.fr\/actualites\/#\/schema\/logo\/image\/"},"sameAs":["https:\/\/www.facebook.com\/Footdavant\/","https:\/\/twitter.com\/FootdavantFr","https:\/\/www.instagram.com\/footdavant.fr\/"]},{"@type":"Person","@id":"https:\/\/footdavant.fr\/actualites\/#\/schema\/person\/bc222566d95871b37e597b3ed3ba5e1d","name":"Cl\u00e9ment","image":{"@type":"ImageObject","inLanguage":"fr-FR","@id":"https:\/\/footdavant.fr\/actualites\/#\/schema\/person\/image\/","url":"https:\/\/secure.gravatar.com\/avatar\/7728b29aac2719421e1a9159b2254c44?s=96&d=mm&r=g","contentUrl":"https:\/\/secure.gravatar.com\/avatar\/7728b29aac2719421e1a9159b2254c44?s=96&d=mm&r=g","caption":"Cl\u00e9ment"},"sameAs":["https:\/\/footdavant.fr\/"]}]}},"_links":{"self":[{"href":"https:\/\/footdavant.fr\/actualites\/wp-json\/wp\/v2\/posts\/33062"}],"collection":[{"href":"https:\/\/footdavant.fr\/actualites\/wp-json\/wp\/v2\/posts"}],"about":[{"href":"https:\/\/footdavant.fr\/actualites\/wp-json\/wp\/v2\/types\/post"}],"author":[{"embeddable":true,"href":"https:\/\/footdavant.fr\/actualites\/wp-json\/wp\/v2\/users\/1"}],"replies":[{"embeddable":true,"href":"https:\/\/footdavant.fr\/actualites\/wp-json\/wp\/v2\/comments?post=33062"}],"version-history":[{"count":1,"href":"https:\/\/footdavant.fr\/actualites\/wp-json\/wp\/v2\/posts\/33062\/revisions"}],"predecessor-version":[{"id":33064,"href":"https:\/\/footdavant.fr\/actualites\/wp-json\/wp\/v2\/posts\/33062\/revisions\/33064"}],"wp:featuredmedia":[{"embeddable":true,"href":"https:\/\/footdavant.fr\/actualites\/wp-json\/wp\/v2\/media\/33063"}],"wp:attachment":[{"href":"https:\/\/footdavant.fr\/actualites\/wp-json\/wp\/v2\/media?parent=33062"}],"wp:term":[{"taxonomy":"category","embeddable":true,"href":"https:\/\/footdavant.fr\/actualites\/wp-json\/wp\/v2\/categories?post=33062"},{"taxonomy":"post_tag","embeddable":true,"href":"https:\/\/footdavant.fr\/actualites\/wp-json\/wp\/v2\/tags?post=33062"}],"curies":[{"name":"wp","href":"https:\/\/api.w.org\/{rel}","templated":true}]}}