{"id":33068,"date":"2026-01-04T03:48:27","date_gmt":"2026-01-04T02:48:27","guid":{"rendered":"https:\/\/footdavant.fr\/actualites\/les-eagles-a-10-accedent-aux-quarts-de-la-can\/"},"modified":"2026-01-04T03:48:32","modified_gmt":"2026-01-04T02:48:32","slug":"les-eagles-a-10-accedent-aux-quarts-de-la-can","status":"publish","type":"post","link":"https:\/\/footdavant.fr\/actualites\/les-eagles-a-10-accedent-aux-quarts-de-la-can\/","title":{"rendered":"Les Eagles \u00e0 10 acc\u00e8dent aux quarts de la CAN"},"content":{"rendered":"<p>Le Mali affrontera le S\u00e9n\u00e9gal en huiti\u00e8mes de finale.<\/p>\n<div>\n<p>Le Mali a surpris la Tunisie lors de la Coupe d&#39;Afrique des Nations, s&#39;imposant lors de ses huiti\u00e8mes de finale aux tirs au but malgr\u00e9 une grande partie du match \u00e0 10.<\/p>\n<p>La Tunisie \u00e9tait la favorite pour atteindre les huiti\u00e8mes de finale et a organis\u00e9 une rencontre avec le S\u00e9n\u00e9gal, qui a battu le Soudan 3-1 plus t\u00f4t samedi.<\/p>\n<p>Ils sont entr\u00e9s dans le match sans victoire lors de quatre rencontres de la CAN contre le Mali, mais leurs espoirs ont \u00e9t\u00e9 consid\u00e9rablement renforc\u00e9s lorsque Woyo Coulibaly a \u00e9t\u00e9 expuls\u00e9 pour un d\u00e9fi irr\u00e9fl\u00e9chi sur Hannibal Mejbri \u00e0 la 26e minute. <\/p>\n<p>La Tunisie a eu du mal \u00e0 faire en sorte que son joueur suppl\u00e9mentaire compte, et aucune des deux \u00e9quipes n&#39;a tir\u00e9 cadr\u00e9 dans un match qui a manqu\u00e9 de qualit\u00e9 jusqu&#39;\u00e0 la 78e minute.<\/p>\n<p>Mais il semblait que la Tunisie s&#39;\u00e9tait assur\u00e9 une place en huiti\u00e8mes de finale lorsque Firas Chaouat leur a donn\u00e9 l&#39;avantage de la t\u00eate \u00e0 la 88e minute. <\/p>\n<p>Pourtant, il y a eu un tournant dramatique dans le temps additionnel puisque Yassine Meriah a \u00e9t\u00e9 jug\u00e9 avoir manipul\u00e9 dans la surface, donnant au talisman malien Lassine Sinayoko l&#39;occasion de les ramener \u00e0 \u00e9galit\u00e9 depuis le point de penalty.<\/p>\n<p>Il l&#39;a fait rapidement avec son troisi\u00e8me but du tournoi, et la Tunisie n&#39;a pas r\u00e9ussi \u00e0 se frayer un chemin \u00e0 travers la d\u00e9fense malienne une deuxi\u00e8me fois dans les 30 minutes de prolongation suivantes.<\/p>\n<p>La Tunisie a c\u00e9d\u00e9 l&#39;avantage \u00e0 deux reprises aux tirs au but, et le rat\u00e9 de Mohamed Ali Ben Romdhane sur son cinqui\u00e8me tir au but a permis \u00e0 Bilal Tour\u00e9 de sceller un triomphe c\u00e9l\u00e8bre pour les Aigles \u00e0 Casablanca.<\/p>\n<\/p><\/div>\n","protected":false},"excerpt":{"rendered":"<p>Le Mali affrontera le S\u00e9n\u00e9gal en huiti\u00e8mes de finale. Le Mali a surpris la Tunisie lors de la Coupe d&#39;Afrique des Nations, s&#39;imposant lors de<\/p>\n","protected":false},"author":1,"featured_media":32793,"comment_status":"closed","ping_status":"","sticky":false,"template":"","format":"standard","meta":{"footnotes":""},"categories":[3],"tags":[11271,305,2062,93,3966],"yoast_head":"<!-- This site is optimized with the Yoast SEO plugin v21.0 - https:\/\/yoast.com\/wordpress\/plugins\/seo\/ -->\n<title>Les Eagles \u00e0 10 acc\u00e8dent aux quarts de la CAN<\/title>\n<meta name=\"robots\" content=\"index, follow, max-snippet:-1, max-image-preview:large, max-video-preview:-1\" \/>\n<link rel=\"canonical\" href=\"https:\/\/footdavant.fr\/actualites\/les-eagles-a-10-accedent-aux-quarts-de-la-can\/\" \/>\n<meta property=\"og:locale\" content=\"fr_FR\" \/>\n<meta property=\"og:type\" content=\"article\" \/>\n<meta property=\"og:title\" content=\"Les Eagles \u00e0 10 acc\u00e8dent aux quarts de la CAN\" \/>\n<meta property=\"og:description\" content=\"Le Mali affrontera le S\u00e9n\u00e9gal en huiti\u00e8mes de finale. Le Mali a surpris la Tunisie lors de la Coupe d&#039;Afrique des Nations, s&#039;imposant lors de\" \/>\n<meta property=\"og:url\" content=\"https:\/\/footdavant.fr\/actualites\/les-eagles-a-10-accedent-aux-quarts-de-la-can\/\" \/>\n<meta property=\"og:site_name\" content=\"Foot d&#039;avant\" \/>\n<meta property=\"article:publisher\" content=\"https:\/\/www.facebook.com\/Footdavant\/\" \/>\n<meta property=\"article:published_time\" content=\"2026-01-04T02:48:27+00:00\" \/>\n<meta property=\"article:modified_time\" content=\"2026-01-04T02:48:32+00:00\" \/>\n<meta property=\"og:image\" content=\"https:\/\/footdavant.fr\/actualites\/wp-content\/uploads\/2025\/12\/Les-hotes-retenus-alors-que-le-coup-de-pied-de.jpg\" \/>\n\t<meta property=\"og:image:width\" content=\"1200\" \/>\n\t<meta property=\"og:image:height\" content=\"800\" \/>\n\t<meta property=\"og:image:type\" content=\"image\/jpeg\" \/>\n<meta name=\"author\" content=\"Cl\u00e9ment\" \/>\n<meta name=\"twitter:card\" content=\"summary_large_image\" \/>\n<meta name=\"twitter:creator\" content=\"@FootdavantFr\" \/>\n<meta name=\"twitter:site\" content=\"@FootdavantFr\" \/>\n<meta name=\"twitter:label1\" content=\"\u00c9crit par\" \/>\n\t<meta name=\"twitter:data1\" content=\"Cl\u00e9ment\" \/>\n\t<meta name=\"twitter:label2\" content=\"Dur\u00e9e de lecture estim\u00e9e\" \/>\n\t<meta name=\"twitter:data2\" content=\"2 minutes\" \/>\n<script type=\"application\/ld+json\" class=\"yoast-schema-graph\">{\"@context\":\"https:\/\/schema.org\",\"@graph\":[{\"@type\":\"Article\",\"@id\":\"https:\/\/footdavant.fr\/actualites\/les-eagles-a-10-accedent-aux-quarts-de-la-can\/#article\",\"isPartOf\":{\"@id\":\"https:\/\/footdavant.fr\/actualites\/les-eagles-a-10-accedent-aux-quarts-de-la-can\/\"},\"author\":{\"name\":\"Cl\u00e9ment\",\"@id\":\"https:\/\/footdavant.fr\/actualites\/#\/schema\/person\/bc222566d95871b37e597b3ed3ba5e1d\"},\"headline\":\"Les Eagles \u00e0 10 acc\u00e8dent aux quarts de la CAN\",\"datePublished\":\"2026-01-04T02:48:27+00:00\",\"dateModified\":\"2026-01-04T02:48:32+00:00\",\"mainEntityOfPage\":{\"@id\":\"https:\/\/footdavant.fr\/actualites\/les-eagles-a-10-accedent-aux-quarts-de-la-can\/\"},\"wordCount\":322,\"publisher\":{\"@id\":\"https:\/\/footdavant.fr\/actualites\/#organization\"},\"keywords\":[\"acc\u00e8dent\",\"aux\",\"Eagles\",\"les\",\"quarts\"],\"articleSection\":[\"Football\"],\"inLanguage\":\"fr-FR\"},{\"@type\":\"WebPage\",\"@id\":\"https:\/\/footdavant.fr\/actualites\/les-eagles-a-10-accedent-aux-quarts-de-la-can\/\",\"url\":\"https:\/\/footdavant.fr\/actualites\/les-eagles-a-10-accedent-aux-quarts-de-la-can\/\",\"name\":\"Les Eagles \u00e0 10 acc\u00e8dent aux quarts de la CAN\",\"isPartOf\":{\"@id\":\"https:\/\/footdavant.fr\/actualites\/#website\"},\"datePublished\":\"2026-01-04T02:48:27+00:00\",\"dateModified\":\"2026-01-04T02:48:32+00:00\",\"breadcrumb\":{\"@id\":\"https:\/\/footdavant.fr\/actualites\/les-eagles-a-10-accedent-aux-quarts-de-la-can\/#breadcrumb\"},\"inLanguage\":\"fr-FR\",\"potentialAction\":[{\"@type\":\"ReadAction\",\"target\":[\"https:\/\/footdavant.fr\/actualites\/les-eagles-a-10-accedent-aux-quarts-de-la-can\/\"]}]},{\"@type\":\"BreadcrumbList\",\"@id\":\"https:\/\/footdavant.fr\/actualites\/les-eagles-a-10-accedent-aux-quarts-de-la-can\/#breadcrumb\",\"itemListElement\":[{\"@type\":\"ListItem\",\"position\":1,\"name\":\"Accueil\",\"item\":\"https:\/\/footdavant.fr\/actualites\/\"},{\"@type\":\"ListItem\",\"position\":2,\"name\":\"Les Eagles \u00e0 10 acc\u00e8dent aux quarts de la CAN\"}]},{\"@type\":\"WebSite\",\"@id\":\"https:\/\/footdavant.fr\/actualites\/#website\",\"url\":\"https:\/\/footdavant.fr\/actualites\/\",\"name\":\"Foot d'avant\",\"description\":\"\",\"publisher\":{\"@id\":\"https:\/\/footdavant.fr\/actualites\/#organization\"},\"potentialAction\":[{\"@type\":\"SearchAction\",\"target\":{\"@type\":\"EntryPoint\",\"urlTemplate\":\"https:\/\/footdavant.fr\/actualites\/?s={search_term_string}\"},\"query-input\":\"required name=search_term_string\"}],\"inLanguage\":\"fr-FR\"},{\"@type\":\"Organization\",\"@id\":\"https:\/\/footdavant.fr\/actualites\/#organization\",\"name\":\"Foot d'avant\",\"url\":\"https:\/\/footdavant.fr\/actualites\/\",\"logo\":{\"@type\":\"ImageObject\",\"inLanguage\":\"fr-FR\",\"@id\":\"https:\/\/footdavant.fr\/actualites\/#\/schema\/logo\/image\/\",\"url\":\"https:\/\/footdavant.fr\/actualites\/wp-content\/uploads\/2023\/09\/Copy-of-FootDavant-Logo.png\",\"contentUrl\":\"https:\/\/footdavant.fr\/actualites\/wp-content\/uploads\/2023\/09\/Copy-of-FootDavant-Logo.png\",\"width\":936,\"height\":549,\"caption\":\"Foot d'avant\"},\"image\":{\"@id\":\"https:\/\/footdavant.fr\/actualites\/#\/schema\/logo\/image\/\"},\"sameAs\":[\"https:\/\/www.facebook.com\/Footdavant\/\",\"https:\/\/twitter.com\/FootdavantFr\",\"https:\/\/www.instagram.com\/footdavant.fr\/\"]},{\"@type\":\"Person\",\"@id\":\"https:\/\/footdavant.fr\/actualites\/#\/schema\/person\/bc222566d95871b37e597b3ed3ba5e1d\",\"name\":\"Cl\u00e9ment\",\"image\":{\"@type\":\"ImageObject\",\"inLanguage\":\"fr-FR\",\"@id\":\"https:\/\/footdavant.fr\/actualites\/#\/schema\/person\/image\/\",\"url\":\"https:\/\/secure.gravatar.com\/avatar\/7728b29aac2719421e1a9159b2254c44?s=96&d=mm&r=g\",\"contentUrl\":\"https:\/\/secure.gravatar.com\/avatar\/7728b29aac2719421e1a9159b2254c44?s=96&d=mm&r=g\",\"caption\":\"Cl\u00e9ment\"},\"sameAs\":[\"https:\/\/footdavant.fr\/\"]}]}<\/script>\n<!-- \/ Yoast SEO plugin. -->","yoast_head_json":{"title":"Les Eagles \u00e0 10 acc\u00e8dent aux quarts de la CAN","robots":{"index":"index","follow":"follow","max-snippet":"max-snippet:-1","max-image-preview":"max-image-preview:large","max-video-preview":"max-video-preview:-1"},"canonical":"https:\/\/footdavant.fr\/actualites\/les-eagles-a-10-accedent-aux-quarts-de-la-can\/","og_locale":"fr_FR","og_type":"article","og_title":"Les Eagles \u00e0 10 acc\u00e8dent aux quarts de la CAN","og_description":"Le Mali affrontera le S\u00e9n\u00e9gal en huiti\u00e8mes de finale. Le Mali a surpris la Tunisie lors de la Coupe d&#39;Afrique des Nations, s&#39;imposant lors de","og_url":"https:\/\/footdavant.fr\/actualites\/les-eagles-a-10-accedent-aux-quarts-de-la-can\/","og_site_name":"Foot d&#039;avant","article_publisher":"https:\/\/www.facebook.com\/Footdavant\/","article_published_time":"2026-01-04T02:48:27+00:00","article_modified_time":"2026-01-04T02:48:32+00:00","og_image":[{"width":1200,"height":800,"url":"https:\/\/footdavant.fr\/actualites\/wp-content\/uploads\/2025\/12\/Les-hotes-retenus-alors-que-le-coup-de-pied-de.jpg","type":"image\/jpeg"}],"author":"Cl\u00e9ment","twitter_card":"summary_large_image","twitter_creator":"@FootdavantFr","twitter_site":"@FootdavantFr","twitter_misc":{"\u00c9crit par":"Cl\u00e9ment","Dur\u00e9e de lecture estim\u00e9e":"2 minutes"},"schema":{"@context":"https:\/\/schema.org","@graph":[{"@type":"Article","@id":"https:\/\/footdavant.fr\/actualites\/les-eagles-a-10-accedent-aux-quarts-de-la-can\/#article","isPartOf":{"@id":"https:\/\/footdavant.fr\/actualites\/les-eagles-a-10-accedent-aux-quarts-de-la-can\/"},"author":{"name":"Cl\u00e9ment","@id":"https:\/\/footdavant.fr\/actualites\/#\/schema\/person\/bc222566d95871b37e597b3ed3ba5e1d"},"headline":"Les Eagles \u00e0 10 acc\u00e8dent aux quarts de la CAN","datePublished":"2026-01-04T02:48:27+00:00","dateModified":"2026-01-04T02:48:32+00:00","mainEntityOfPage":{"@id":"https:\/\/footdavant.fr\/actualites\/les-eagles-a-10-accedent-aux-quarts-de-la-can\/"},"wordCount":322,"publisher":{"@id":"https:\/\/footdavant.fr\/actualites\/#organization"},"keywords":["acc\u00e8dent","aux","Eagles","les","quarts"],"articleSection":["Football"],"inLanguage":"fr-FR"},{"@type":"WebPage","@id":"https:\/\/footdavant.fr\/actualites\/les-eagles-a-10-accedent-aux-quarts-de-la-can\/","url":"https:\/\/footdavant.fr\/actualites\/les-eagles-a-10-accedent-aux-quarts-de-la-can\/","name":"Les Eagles \u00e0 10 acc\u00e8dent aux quarts de la CAN","isPartOf":{"@id":"https:\/\/footdavant.fr\/actualites\/#website"},"datePublished":"2026-01-04T02:48:27+00:00","dateModified":"2026-01-04T02:48:32+00:00","breadcrumb":{"@id":"https:\/\/footdavant.fr\/actualites\/les-eagles-a-10-accedent-aux-quarts-de-la-can\/#breadcrumb"},"inLanguage":"fr-FR","potentialAction":[{"@type":"ReadAction","target":["https:\/\/footdavant.fr\/actualites\/les-eagles-a-10-accedent-aux-quarts-de-la-can\/"]}]},{"@type":"BreadcrumbList","@id":"https:\/\/footdavant.fr\/actualites\/les-eagles-a-10-accedent-aux-quarts-de-la-can\/#breadcrumb","itemListElement":[{"@type":"ListItem","position":1,"name":"Accueil","item":"https:\/\/footdavant.fr\/actualites\/"},{"@type":"ListItem","position":2,"name":"Les Eagles \u00e0 10 acc\u00e8dent aux quarts de la CAN"}]},{"@type":"WebSite","@id":"https:\/\/footdavant.fr\/actualites\/#website","url":"https:\/\/footdavant.fr\/actualites\/","name":"Foot d'avant","description":"","publisher":{"@id":"https:\/\/footdavant.fr\/actualites\/#organization"},"potentialAction":[{"@type":"SearchAction","target":{"@type":"EntryPoint","urlTemplate":"https:\/\/footdavant.fr\/actualites\/?s={search_term_string}"},"query-input":"required name=search_term_string"}],"inLanguage":"fr-FR"},{"@type":"Organization","@id":"https:\/\/footdavant.fr\/actualites\/#organization","name":"Foot d'avant","url":"https:\/\/footdavant.fr\/actualites\/","logo":{"@type":"ImageObject","inLanguage":"fr-FR","@id":"https:\/\/footdavant.fr\/actualites\/#\/schema\/logo\/image\/","url":"https:\/\/footdavant.fr\/actualites\/wp-content\/uploads\/2023\/09\/Copy-of-FootDavant-Logo.png","contentUrl":"https:\/\/footdavant.fr\/actualites\/wp-content\/uploads\/2023\/09\/Copy-of-FootDavant-Logo.png","width":936,"height":549,"caption":"Foot d'avant"},"image":{"@id":"https:\/\/footdavant.fr\/actualites\/#\/schema\/logo\/image\/"},"sameAs":["https:\/\/www.facebook.com\/Footdavant\/","https:\/\/twitter.com\/FootdavantFr","https:\/\/www.instagram.com\/footdavant.fr\/"]},{"@type":"Person","@id":"https:\/\/footdavant.fr\/actualites\/#\/schema\/person\/bc222566d95871b37e597b3ed3ba5e1d","name":"Cl\u00e9ment","image":{"@type":"ImageObject","inLanguage":"fr-FR","@id":"https:\/\/footdavant.fr\/actualites\/#\/schema\/person\/image\/","url":"https:\/\/secure.gravatar.com\/avatar\/7728b29aac2719421e1a9159b2254c44?s=96&d=mm&r=g","contentUrl":"https:\/\/secure.gravatar.com\/avatar\/7728b29aac2719421e1a9159b2254c44?s=96&d=mm&r=g","caption":"Cl\u00e9ment"},"sameAs":["https:\/\/footdavant.fr\/"]}]}},"_links":{"self":[{"href":"https:\/\/footdavant.fr\/actualites\/wp-json\/wp\/v2\/posts\/33068"}],"collection":[{"href":"https:\/\/footdavant.fr\/actualites\/wp-json\/wp\/v2\/posts"}],"about":[{"href":"https:\/\/footdavant.fr\/actualites\/wp-json\/wp\/v2\/types\/post"}],"author":[{"embeddable":true,"href":"https:\/\/footdavant.fr\/actualites\/wp-json\/wp\/v2\/users\/1"}],"replies":[{"embeddable":true,"href":"https:\/\/footdavant.fr\/actualites\/wp-json\/wp\/v2\/comments?post=33068"}],"version-history":[{"count":1,"href":"https:\/\/footdavant.fr\/actualites\/wp-json\/wp\/v2\/posts\/33068\/revisions"}],"predecessor-version":[{"id":33069,"href":"https:\/\/footdavant.fr\/actualites\/wp-json\/wp\/v2\/posts\/33068\/revisions\/33069"}],"wp:featuredmedia":[{"embeddable":true,"href":"https:\/\/footdavant.fr\/actualites\/wp-json\/wp\/v2\/media\/32793"}],"wp:attachment":[{"href":"https:\/\/footdavant.fr\/actualites\/wp-json\/wp\/v2\/media?parent=33068"}],"wp:term":[{"taxonomy":"category","embeddable":true,"href":"https:\/\/footdavant.fr\/actualites\/wp-json\/wp\/v2\/categories?post=33068"},{"taxonomy":"post_tag","embeddable":true,"href":"https:\/\/footdavant.fr\/actualites\/wp-json\/wp\/v2\/tags?post=33068"}],"curies":[{"name":"wp","href":"https:\/\/api.w.org\/{rel}","templated":true}]}}