{"id":33073,"date":"2026-01-04T07:48:09","date_gmt":"2026-01-04T06:48:09","guid":{"rendered":"https:\/\/footdavant.fr\/actualites\/michael-carrick-lie-a-un-retour-choc-dans-son-ancien-club\/"},"modified":"2026-01-04T07:48:11","modified_gmt":"2026-01-04T06:48:11","slug":"michael-carrick-lie-a-un-retour-choc-dans-son-ancien-club","status":"publish","type":"post","link":"https:\/\/footdavant.fr\/actualites\/michael-carrick-lie-a-un-retour-choc-dans-son-ancien-club\/","title":{"rendered":"Michael Carrick li\u00e9 \u00e0 un retour choc dans son ancien club \u2013"},"content":{"rendered":"<div id=\"penci-post-entry-inner\">\n<p>\t\t\t<i class=\"penci-post-countview-number-check\" style=\"display:none\">1<\/i><\/p>\n<p><!--Article Start--><br \/>Manchester United a sans doute jou\u00e9 certains de ses footballs les plus divertissants de l\u2019\u00e8re post-Sir Alex Ferguson, \u00e0 l\u2019\u00e9poque o\u00f9 Ole Gunnar Solskjaer \u00e9tait aux commandes.<\/p>\n<p>Et le Norv\u00e9gien a eu les r\u00e9sultats pour \u00e9tayer cette affirmation, les Red Devils terminant troisi\u00e8me et deuxi\u00e8me de la Premier League, tout en se qualifiant \u00e9galement pour la finale de la Ligue Europa.<\/p>\n<p>Le vainqueur du Treble disposait d&#39;une excellente \u00e9quipe d&#39;entra\u00eeneurs compos\u00e9e de Kieran McKenna et de la l\u00e9gende du club Michael Carrick pour l&#39;assister.<\/p>\n<p>Et ces deux entra\u00eeneurs ont continu\u00e9 \u00e0 faire de grandes choses depuis qu\u2019ils ont quitt\u00e9 Old Trafford. Mckenna est actuellement le patron d&#39;Ipswich Town et les a guid\u00e9s vers la Premier League il y a deux saisons.<\/p>\n<h5>Michael Carrick : CV d&#39;entra\u00eeneur<\/h5>\n<p>Dans l\u2019\u00e9tat actuel des choses, ils pourraient \u00eatre pr\u00eats \u00e0 revenir dans l\u2019\u00e9lite anglaise la saison prochaine.<\/p>\n<p>Quant \u00e0 l&#39;ancien milieu de terrain, sous ses ordres, Middlesbrough a particip\u00e9 aux barrages du championnat, perdant de peu les demi-finales, et les demi-finales de la Coupe EFL la saison suivante.<\/p>\n<p>Il a m\u00eame disput\u00e9 trois matchs \u00e0 la t\u00eate des 20 fois champions de la ligue anglaise \u00e0 titre int\u00e9rimaire, en remportant deux tout en faisant match nul alors qu&#39;il stabilisait le navire apr\u00e8s le limogeage de Solskjaer.<\/p>\n<p>L\u2019ancien international anglais a choisi d\u2019attendre son heure au lieu de se pr\u00e9cipiter vers la direction, mais il est sur le point de revenir dans son ancien club.<\/p>\n<h5>Michael Carrick li\u00e9 au retour dans son ancien domicile<\/h5>\n<p>Selon Talksport, West Ham United, qui croupit dans la zone de rel\u00e9gation, a sond\u00e9 l&#39;ancien Hammer pour le poste le plus \u00e9lev\u00e9 s&#39;il d\u00e9cidait de d\u00e9brancher Nuno Espirito Santo.<\/p>\n<p>\u00ab Le propri\u00e9taire David Sullivan n&#39;a pas \u00e9t\u00e9 convaincu par les performances depuis que Nuno a \u00e9t\u00e9 nomm\u00e9 pour remplacer Graham Potter en tant que manager.<\/p>\n<p>\u00ab\u00a0Sullivan a activement explor\u00e9 la possibilit\u00e9 d&#39;embaucher Bilic, le favori des fans, pour la deuxi\u00e8me fois lorsque Potter a \u00e9t\u00e9 licenci\u00e9 avant d&#39;\u00eatre persuad\u00e9 de nommer Nuno par ses coll\u00e8gues membres du conseil d&#39;administration.<\/p>\n<p>\u00ab\u00a0talkSPORT comprend \u00e9galement qu&#39;un autre ancien Hammer, Michael Carrick, figurerait en t\u00eate de liste pour remplacer les Portugais au stade de Londres et a \u00e9t\u00e9 sond\u00e9.\u00a0\u00bb<\/p>\n<hr\/>\n<p>The Peoples Person est l&#39;un des principaux sites d&#39;information de Man United au monde depuis plus d&#39;une d\u00e9cennie. Suivez-nous sur Bluesky\u00a0: @peoplesperson.bsky.social<\/p>\n<\/p>\n<p><!-- CONTENT END 2 --><\/p><\/div>\n","protected":false},"excerpt":{"rendered":"<p>1 Manchester United a sans doute jou\u00e9 certains de ses footballs les plus divertissants de l\u2019\u00e8re post-Sir Alex Ferguson, \u00e0 l\u2019\u00e9poque o\u00f9 Ole Gunnar Solskjaer<\/p>\n","protected":false},"author":1,"featured_media":33074,"comment_status":"closed","ping_status":"","sticky":false,"template":"","format":"standard","meta":{"footnotes":""},"categories":[3],"tags":[2668,5200,332,333,19,301,1105,393,86],"yoast_head":"<!-- This site is optimized with the Yoast SEO plugin v21.0 - https:\/\/yoast.com\/wordpress\/plugins\/seo\/ -->\n<title>Michael Carrick li\u00e9 \u00e0 un retour choc dans son ancien club \u2013<\/title>\n<meta name=\"robots\" content=\"index, follow, max-snippet:-1, max-image-preview:large, max-video-preview:-1\" \/>\n<link rel=\"canonical\" href=\"https:\/\/footdavant.fr\/actualites\/michael-carrick-lie-a-un-retour-choc-dans-son-ancien-club\/\" \/>\n<meta property=\"og:locale\" content=\"fr_FR\" \/>\n<meta property=\"og:type\" content=\"article\" \/>\n<meta property=\"og:title\" content=\"Michael Carrick li\u00e9 \u00e0 un retour choc dans son ancien club \u2013\" \/>\n<meta property=\"og:description\" content=\"1 Manchester United a sans doute jou\u00e9 certains de ses footballs les plus divertissants de l\u2019\u00e8re post-Sir Alex Ferguson, \u00e0 l\u2019\u00e9poque o\u00f9 Ole Gunnar Solskjaer\" \/>\n<meta property=\"og:url\" content=\"https:\/\/footdavant.fr\/actualites\/michael-carrick-lie-a-un-retour-choc-dans-son-ancien-club\/\" \/>\n<meta property=\"og:site_name\" content=\"Foot d&#039;avant\" \/>\n<meta property=\"article:publisher\" content=\"https:\/\/www.facebook.com\/Footdavant\/\" \/>\n<meta property=\"article:published_time\" content=\"2026-01-04T06:48:09+00:00\" \/>\n<meta property=\"article:modified_time\" content=\"2026-01-04T06:48:11+00:00\" \/>\n<meta property=\"og:image\" content=\"https:\/\/footdavant.fr\/actualites\/wp-content\/uploads\/2026\/01\/Michael-Carrick-lie-a-un-retour-choc-dans-son-ancien.jpg\" \/>\n\t<meta property=\"og:image:width\" content=\"1600\" \/>\n\t<meta property=\"og:image:height\" content=\"700\" \/>\n\t<meta property=\"og:image:type\" content=\"image\/jpeg\" \/>\n<meta name=\"author\" content=\"Cl\u00e9ment\" \/>\n<meta name=\"twitter:card\" content=\"summary_large_image\" \/>\n<meta name=\"twitter:creator\" content=\"@FootdavantFr\" \/>\n<meta name=\"twitter:site\" content=\"@FootdavantFr\" \/>\n<meta name=\"twitter:label1\" content=\"\u00c9crit par\" \/>\n\t<meta name=\"twitter:data1\" content=\"Cl\u00e9ment\" \/>\n\t<meta name=\"twitter:label2\" content=\"Dur\u00e9e de lecture estim\u00e9e\" \/>\n\t<meta name=\"twitter:data2\" content=\"2 minutes\" \/>\n<script type=\"application\/ld+json\" class=\"yoast-schema-graph\">{\"@context\":\"https:\/\/schema.org\",\"@graph\":[{\"@type\":\"Article\",\"@id\":\"https:\/\/footdavant.fr\/actualites\/michael-carrick-lie-a-un-retour-choc-dans-son-ancien-club\/#article\",\"isPartOf\":{\"@id\":\"https:\/\/footdavant.fr\/actualites\/michael-carrick-lie-a-un-retour-choc-dans-son-ancien-club\/\"},\"author\":{\"name\":\"Cl\u00e9ment\",\"@id\":\"https:\/\/footdavant.fr\/actualites\/#\/schema\/person\/bc222566d95871b37e597b3ed3ba5e1d\"},\"headline\":\"Michael Carrick li\u00e9 \u00e0 un retour choc dans son ancien club \u2013\",\"datePublished\":\"2026-01-04T06:48:09+00:00\",\"dateModified\":\"2026-01-04T06:48:11+00:00\",\"mainEntityOfPage\":{\"@id\":\"https:\/\/footdavant.fr\/actualites\/michael-carrick-lie-a-un-retour-choc-dans-son-ancien-club\/\"},\"wordCount\":437,\"publisher\":{\"@id\":\"https:\/\/footdavant.fr\/actualites\/#organization\"},\"keywords\":[\"ancien\",\"Carrick\",\"choc\",\"club\",\"dans\",\"li\u00e9\",\"Michael\",\"retour\",\"son\"],\"articleSection\":[\"Football\"],\"inLanguage\":\"fr-FR\"},{\"@type\":\"WebPage\",\"@id\":\"https:\/\/footdavant.fr\/actualites\/michael-carrick-lie-a-un-retour-choc-dans-son-ancien-club\/\",\"url\":\"https:\/\/footdavant.fr\/actualites\/michael-carrick-lie-a-un-retour-choc-dans-son-ancien-club\/\",\"name\":\"Michael Carrick li\u00e9 \u00e0 un retour choc dans son ancien club \u2013\",\"isPartOf\":{\"@id\":\"https:\/\/footdavant.fr\/actualites\/#website\"},\"datePublished\":\"2026-01-04T06:48:09+00:00\",\"dateModified\":\"2026-01-04T06:48:11+00:00\",\"breadcrumb\":{\"@id\":\"https:\/\/footdavant.fr\/actualites\/michael-carrick-lie-a-un-retour-choc-dans-son-ancien-club\/#breadcrumb\"},\"inLanguage\":\"fr-FR\",\"potentialAction\":[{\"@type\":\"ReadAction\",\"target\":[\"https:\/\/footdavant.fr\/actualites\/michael-carrick-lie-a-un-retour-choc-dans-son-ancien-club\/\"]}]},{\"@type\":\"BreadcrumbList\",\"@id\":\"https:\/\/footdavant.fr\/actualites\/michael-carrick-lie-a-un-retour-choc-dans-son-ancien-club\/#breadcrumb\",\"itemListElement\":[{\"@type\":\"ListItem\",\"position\":1,\"name\":\"Accueil\",\"item\":\"https:\/\/footdavant.fr\/actualites\/\"},{\"@type\":\"ListItem\",\"position\":2,\"name\":\"Michael Carrick li\u00e9 \u00e0 un retour choc dans son ancien club \u2013\"}]},{\"@type\":\"WebSite\",\"@id\":\"https:\/\/footdavant.fr\/actualites\/#website\",\"url\":\"https:\/\/footdavant.fr\/actualites\/\",\"name\":\"Foot d'avant\",\"description\":\"\",\"publisher\":{\"@id\":\"https:\/\/footdavant.fr\/actualites\/#organization\"},\"potentialAction\":[{\"@type\":\"SearchAction\",\"target\":{\"@type\":\"EntryPoint\",\"urlTemplate\":\"https:\/\/footdavant.fr\/actualites\/?s={search_term_string}\"},\"query-input\":\"required name=search_term_string\"}],\"inLanguage\":\"fr-FR\"},{\"@type\":\"Organization\",\"@id\":\"https:\/\/footdavant.fr\/actualites\/#organization\",\"name\":\"Foot d'avant\",\"url\":\"https:\/\/footdavant.fr\/actualites\/\",\"logo\":{\"@type\":\"ImageObject\",\"inLanguage\":\"fr-FR\",\"@id\":\"https:\/\/footdavant.fr\/actualites\/#\/schema\/logo\/image\/\",\"url\":\"https:\/\/footdavant.fr\/actualites\/wp-content\/uploads\/2023\/09\/Copy-of-FootDavant-Logo.png\",\"contentUrl\":\"https:\/\/footdavant.fr\/actualites\/wp-content\/uploads\/2023\/09\/Copy-of-FootDavant-Logo.png\",\"width\":936,\"height\":549,\"caption\":\"Foot d'avant\"},\"image\":{\"@id\":\"https:\/\/footdavant.fr\/actualites\/#\/schema\/logo\/image\/\"},\"sameAs\":[\"https:\/\/www.facebook.com\/Footdavant\/\",\"https:\/\/twitter.com\/FootdavantFr\",\"https:\/\/www.instagram.com\/footdavant.fr\/\"]},{\"@type\":\"Person\",\"@id\":\"https:\/\/footdavant.fr\/actualites\/#\/schema\/person\/bc222566d95871b37e597b3ed3ba5e1d\",\"name\":\"Cl\u00e9ment\",\"image\":{\"@type\":\"ImageObject\",\"inLanguage\":\"fr-FR\",\"@id\":\"https:\/\/footdavant.fr\/actualites\/#\/schema\/person\/image\/\",\"url\":\"https:\/\/secure.gravatar.com\/avatar\/7728b29aac2719421e1a9159b2254c44?s=96&d=mm&r=g\",\"contentUrl\":\"https:\/\/secure.gravatar.com\/avatar\/7728b29aac2719421e1a9159b2254c44?s=96&d=mm&r=g\",\"caption\":\"Cl\u00e9ment\"},\"sameAs\":[\"https:\/\/footdavant.fr\/\"]}]}<\/script>\n<!-- \/ Yoast SEO plugin. -->","yoast_head_json":{"title":"Michael Carrick li\u00e9 \u00e0 un retour choc dans son ancien club \u2013","robots":{"index":"index","follow":"follow","max-snippet":"max-snippet:-1","max-image-preview":"max-image-preview:large","max-video-preview":"max-video-preview:-1"},"canonical":"https:\/\/footdavant.fr\/actualites\/michael-carrick-lie-a-un-retour-choc-dans-son-ancien-club\/","og_locale":"fr_FR","og_type":"article","og_title":"Michael Carrick li\u00e9 \u00e0 un retour choc dans son ancien club \u2013","og_description":"1 Manchester United a sans doute jou\u00e9 certains de ses footballs les plus divertissants de l\u2019\u00e8re post-Sir Alex Ferguson, \u00e0 l\u2019\u00e9poque o\u00f9 Ole Gunnar Solskjaer","og_url":"https:\/\/footdavant.fr\/actualites\/michael-carrick-lie-a-un-retour-choc-dans-son-ancien-club\/","og_site_name":"Foot d&#039;avant","article_publisher":"https:\/\/www.facebook.com\/Footdavant\/","article_published_time":"2026-01-04T06:48:09+00:00","article_modified_time":"2026-01-04T06:48:11+00:00","og_image":[{"width":1600,"height":700,"url":"https:\/\/footdavant.fr\/actualites\/wp-content\/uploads\/2026\/01\/Michael-Carrick-lie-a-un-retour-choc-dans-son-ancien.jpg","type":"image\/jpeg"}],"author":"Cl\u00e9ment","twitter_card":"summary_large_image","twitter_creator":"@FootdavantFr","twitter_site":"@FootdavantFr","twitter_misc":{"\u00c9crit par":"Cl\u00e9ment","Dur\u00e9e de lecture estim\u00e9e":"2 minutes"},"schema":{"@context":"https:\/\/schema.org","@graph":[{"@type":"Article","@id":"https:\/\/footdavant.fr\/actualites\/michael-carrick-lie-a-un-retour-choc-dans-son-ancien-club\/#article","isPartOf":{"@id":"https:\/\/footdavant.fr\/actualites\/michael-carrick-lie-a-un-retour-choc-dans-son-ancien-club\/"},"author":{"name":"Cl\u00e9ment","@id":"https:\/\/footdavant.fr\/actualites\/#\/schema\/person\/bc222566d95871b37e597b3ed3ba5e1d"},"headline":"Michael Carrick li\u00e9 \u00e0 un retour choc dans son ancien club \u2013","datePublished":"2026-01-04T06:48:09+00:00","dateModified":"2026-01-04T06:48:11+00:00","mainEntityOfPage":{"@id":"https:\/\/footdavant.fr\/actualites\/michael-carrick-lie-a-un-retour-choc-dans-son-ancien-club\/"},"wordCount":437,"publisher":{"@id":"https:\/\/footdavant.fr\/actualites\/#organization"},"keywords":["ancien","Carrick","choc","club","dans","li\u00e9","Michael","retour","son"],"articleSection":["Football"],"inLanguage":"fr-FR"},{"@type":"WebPage","@id":"https:\/\/footdavant.fr\/actualites\/michael-carrick-lie-a-un-retour-choc-dans-son-ancien-club\/","url":"https:\/\/footdavant.fr\/actualites\/michael-carrick-lie-a-un-retour-choc-dans-son-ancien-club\/","name":"Michael Carrick li\u00e9 \u00e0 un retour choc dans son ancien club \u2013","isPartOf":{"@id":"https:\/\/footdavant.fr\/actualites\/#website"},"datePublished":"2026-01-04T06:48:09+00:00","dateModified":"2026-01-04T06:48:11+00:00","breadcrumb":{"@id":"https:\/\/footdavant.fr\/actualites\/michael-carrick-lie-a-un-retour-choc-dans-son-ancien-club\/#breadcrumb"},"inLanguage":"fr-FR","potentialAction":[{"@type":"ReadAction","target":["https:\/\/footdavant.fr\/actualites\/michael-carrick-lie-a-un-retour-choc-dans-son-ancien-club\/"]}]},{"@type":"BreadcrumbList","@id":"https:\/\/footdavant.fr\/actualites\/michael-carrick-lie-a-un-retour-choc-dans-son-ancien-club\/#breadcrumb","itemListElement":[{"@type":"ListItem","position":1,"name":"Accueil","item":"https:\/\/footdavant.fr\/actualites\/"},{"@type":"ListItem","position":2,"name":"Michael Carrick li\u00e9 \u00e0 un retour choc dans son ancien club \u2013"}]},{"@type":"WebSite","@id":"https:\/\/footdavant.fr\/actualites\/#website","url":"https:\/\/footdavant.fr\/actualites\/","name":"Foot d'avant","description":"","publisher":{"@id":"https:\/\/footdavant.fr\/actualites\/#organization"},"potentialAction":[{"@type":"SearchAction","target":{"@type":"EntryPoint","urlTemplate":"https:\/\/footdavant.fr\/actualites\/?s={search_term_string}"},"query-input":"required name=search_term_string"}],"inLanguage":"fr-FR"},{"@type":"Organization","@id":"https:\/\/footdavant.fr\/actualites\/#organization","name":"Foot d'avant","url":"https:\/\/footdavant.fr\/actualites\/","logo":{"@type":"ImageObject","inLanguage":"fr-FR","@id":"https:\/\/footdavant.fr\/actualites\/#\/schema\/logo\/image\/","url":"https:\/\/footdavant.fr\/actualites\/wp-content\/uploads\/2023\/09\/Copy-of-FootDavant-Logo.png","contentUrl":"https:\/\/footdavant.fr\/actualites\/wp-content\/uploads\/2023\/09\/Copy-of-FootDavant-Logo.png","width":936,"height":549,"caption":"Foot d'avant"},"image":{"@id":"https:\/\/footdavant.fr\/actualites\/#\/schema\/logo\/image\/"},"sameAs":["https:\/\/www.facebook.com\/Footdavant\/","https:\/\/twitter.com\/FootdavantFr","https:\/\/www.instagram.com\/footdavant.fr\/"]},{"@type":"Person","@id":"https:\/\/footdavant.fr\/actualites\/#\/schema\/person\/bc222566d95871b37e597b3ed3ba5e1d","name":"Cl\u00e9ment","image":{"@type":"ImageObject","inLanguage":"fr-FR","@id":"https:\/\/footdavant.fr\/actualites\/#\/schema\/person\/image\/","url":"https:\/\/secure.gravatar.com\/avatar\/7728b29aac2719421e1a9159b2254c44?s=96&d=mm&r=g","contentUrl":"https:\/\/secure.gravatar.com\/avatar\/7728b29aac2719421e1a9159b2254c44?s=96&d=mm&r=g","caption":"Cl\u00e9ment"},"sameAs":["https:\/\/footdavant.fr\/"]}]}},"_links":{"self":[{"href":"https:\/\/footdavant.fr\/actualites\/wp-json\/wp\/v2\/posts\/33073"}],"collection":[{"href":"https:\/\/footdavant.fr\/actualites\/wp-json\/wp\/v2\/posts"}],"about":[{"href":"https:\/\/footdavant.fr\/actualites\/wp-json\/wp\/v2\/types\/post"}],"author":[{"embeddable":true,"href":"https:\/\/footdavant.fr\/actualites\/wp-json\/wp\/v2\/users\/1"}],"replies":[{"embeddable":true,"href":"https:\/\/footdavant.fr\/actualites\/wp-json\/wp\/v2\/comments?post=33073"}],"version-history":[{"count":1,"href":"https:\/\/footdavant.fr\/actualites\/wp-json\/wp\/v2\/posts\/33073\/revisions"}],"predecessor-version":[{"id":33075,"href":"https:\/\/footdavant.fr\/actualites\/wp-json\/wp\/v2\/posts\/33073\/revisions\/33075"}],"wp:featuredmedia":[{"embeddable":true,"href":"https:\/\/footdavant.fr\/actualites\/wp-json\/wp\/v2\/media\/33074"}],"wp:attachment":[{"href":"https:\/\/footdavant.fr\/actualites\/wp-json\/wp\/v2\/media?parent=33073"}],"wp:term":[{"taxonomy":"category","embeddable":true,"href":"https:\/\/footdavant.fr\/actualites\/wp-json\/wp\/v2\/categories?post=33073"},{"taxonomy":"post_tag","embeddable":true,"href":"https:\/\/footdavant.fr\/actualites\/wp-json\/wp\/v2\/tags?post=33073"}],"curies":[{"name":"wp","href":"https:\/\/api.w.org\/{rel}","templated":true}]}}