{"id":33076,"date":"2026-01-04T09:48:07","date_gmt":"2026-01-04T08:48:07","guid":{"rendered":"https:\/\/footdavant.fr\/actualites\/les-signatures-les-plus-cheres-darsenal-a-louverture-de-la-fenetre-de-transfert-de-janvier\/"},"modified":"2026-01-04T09:48:11","modified_gmt":"2026-01-04T08:48:11","slug":"les-signatures-les-plus-cheres-darsenal-a-louverture-de-la-fenetre-de-transfert-de-janvier","status":"publish","type":"post","link":"https:\/\/footdavant.fr\/actualites\/les-signatures-les-plus-cheres-darsenal-a-louverture-de-la-fenetre-de-transfert-de-janvier\/","title":{"rendered":"Les signatures les plus ch\u00e8res d&#39;Arsenal \u00e0 l&#39;ouverture de la fen\u00eatre de transfert de janvier"},"content":{"rendered":"<div itemprop=\"articleBody\">\n<p>Il est r\u00e9volu le temps o\u00f9 Arsenal devait g\u00e9rer ses finances au centime pr\u00e8s &#8211; une caract\u00e9ristique de l&#39;\u00e8re Ars\u00e8ne Wenger apr\u00e8s le d\u00e9m\u00e9nagement des Gunners \u00e0 l&#39;Emirates Stadium, qui a laiss\u00e9 le club du nord de Londres aux prises avec une dette importante.<\/p>\n<p>D\u00e9sormais dans la position \u00e9conomique la plus saine qu\u2019il ait jamais connue, Arsenal n\u2019a eu aucune h\u00e9sitation \u00e0 d\u00e9penser de l\u2019argent \u2013 \u200b\u200bplus de neuf chiffres pour \u00eatre pr\u00e9cis \u2013 lors de fen\u00eatres de transfert r\u00e9p\u00e9t\u00e9es, et l\u2019\u00e9t\u00e9 2025 n\u2019a pas \u00e9t\u00e9 diff\u00e9rent.<\/p>\n<p>Quatre des nouveaux arrivants d&#39;Arsenal au cours de ce march\u00e9 sont imm\u00e9diatement entr\u00e9s dans la liste des Gunners de leurs 10 recrues les plus ch\u00e8res de tous les temps, Noni Madueke prenant la neuvi\u00e8me place, Viktor Gyokeres sixi\u00e8me, Eberechi Eze cinqui\u00e8me et Martin Zubimendi quatri\u00e8me.<\/p>\n<p>Les chances que de nouveaux visages soient ajout\u00e9s \u00e0 ce compte \u00e0 rebours au cours de la fen\u00eatre de janvier sont minces, voire nulles, en partie gr\u00e2ce \u00e0 la situation du fair-play financier d&#39;Arsenal et en partie \u00e0 l&#39;embarras de richesse de Mikel Arteta, mais il ne faut jamais dire jamais lorsque le march\u00e9 est ouvert.<\/p>\n<p>Pour marquer l&#39;ouverture de la fen\u00eatre hivernale, Sports Mole compte \u00e0 rebours les 10 signatures record d&#39;Arsenal.<\/p>\n<h2 class=\"k3\">10. Alexandre Lacazette \u2013 45,1 millions de livres sterling<\/h2>\n<div>\n<div>\n<p>\u00a9 Imago<\/p>\n<\/div>\n<\/div>\n<p>De : Lyon<\/p>\n<p>Date : 5 juillet 2017<\/p>\n<p>\u00c2ge \u00e0 l&#39;\u00e9poque : 26 ans<\/p>\n<p>Apparitions \u00e0 Arsenal\u00a0: 206<\/p>\n<p>Buts d&#39;Arsenal\u00a0: 71<\/p>\n<h3 class=\"m4\">Honneurs \u00e0 Arsenal<\/h3>\n<ul>&#13;<\/p>\n<li class=\"k4\">Coupe FA (1) : 2019-20<\/li>\n<p>&#13;<\/p>\n<li class=\"k4\">Bouclier communautaire (1) : 2017<\/li>\n<p>&#13;\n<\/ul>\n<h2>9. Noni Madueke \u2013 48 millions de livres sterling<\/h2>\n<\/p>\n<div>\n<div><img decoding=\"async\" data-img-id=\"150085\" class=\"lazy\" loading=\"lazy\" src=\"https:\/\/footdavant.fr\/actualites\/wp-content\/uploads\/2026\/01\/Les-signatures-les-plus-cheres-d39Arsenal-a-l39ouverture-de-la.webp\"\/><\/p>\n<p>\u00a9 Imago<\/p>\n<\/div>\n<\/div>\n<p>De : Chelsea<\/p>\n<p>Date : 19 juillet 2025<\/p>\n<p>\u00c2ge \u00e0 l&#39;\u00e9poque : 23 ans<\/p>\n<h3>Honneurs \u00e0 Arsenal<\/h3>\n<p>Aucun\n<\/p>\n<h2 class=\"k3\">8. Ben White \u2013 49,8 millions de livres sterling<\/h2>\n<div>\n<div><img decoding=\"async\" data-img-id=\"136805\" class=\"lazy\" loading=\"lazy\" src=\"https:\/\/footdavant.fr\/actualites\/wp-content\/uploads\/2026\/01\/1767516484_585_Les-signatures-les-plus-cheres-d39Arsenal-a-l39ouverture-de-la.jpg\"\/><\/p>\n<p>\u00a9 Imago<\/p>\n<\/div>\n<\/div>\n<p>De : Brighton et Hove Albion<\/p>\n<p>Date : 30 juillet 2021<\/p>\n<p>\u00c2ge \u00e0 l&#39;\u00e9poque : 23 ans<\/p>\n<h3 class=\"m4\">Honneurs \u00e0 Arsenal<\/h3>\n<ul>&#13;<\/p>\n<li class=\"k4\">Bouclier communautaire (1) : 2023<\/li>\n<p>&#13;\n<\/ul>\n<h2 class=\"k3\">7. Pierre-Emerick Aubameyang \u2013 54,2 millions de livres sterling<\/h2>\n<div>\n<div><img decoding=\"async\" data-img-id=\"137849\" class=\"lazy\" loading=\"lazy\" src=\"https:\/\/footdavant.fr\/actualites\/wp-content\/uploads\/2026\/01\/1767516484_344_Les-signatures-les-plus-cheres-d39Arsenal-a-l39ouverture-de-la.jpg\"\/><\/p>\n<p>\u00a9 Imago<\/p>\n<\/div>\n<\/div>\n<p>De : Borussia Dortmund<\/p>\n<p>Date : 31 janvier 2018<\/p>\n<p>\u00c2ge \u00e0 l&#39;\u00e9poque : 28 ans<\/p>\n<p>Apparitions \u00e0 Arsenal\u00a0: 163<\/p>\n<p>Buts d&#39;Arsenal\u00a0: 92<\/p>\n<h3 class=\"m4\">Honneurs \u00e0 Arsenal<\/h3>\n<ul>&#13;<\/p>\n<li class=\"k4\">Coupe FA (1) : 2019-20<\/li>\n<p>&#13;<\/p>\n<li class=\"k4\">Bouclier communautaire (1) : 2020<\/li>\n<p>&#13;\n<\/ul>\n<h2>6. Viktor Gyokeres \u2013 57,5 \u200b\u200bmillions de livres sterling<\/h2>\n<div>\n<div><img decoding=\"async\" data-img-id=\"150451\" class=\"lazy\" loading=\"lazy\" src=\"https:\/\/footdavant.fr\/actualites\/wp-content\/uploads\/2026\/01\/1767516484_898_Les-signatures-les-plus-cheres-d39Arsenal-a-l39ouverture-de-la.webp\"\/><\/p>\n<p>\u00a9 Imago<\/p>\n<\/div>\n<\/div>\n<p>De : Sporting Lisbonne<\/p>\n<p>Date : 26 juillet 2025<\/p>\n<p>\u00c2ge \u00e0 l&#39;\u00e9poque : 27 ans<\/p>\n<h3>Honneurs \u00e0 Arsenal<\/h3>\n<p>Aucun<\/p>\n<h2>5. Eberechi Eze \u2013 60,4 millions de livres sterling<\/h2>\n<div>\n<div><img decoding=\"async\" data-img-id=\"154868\" class=\"lazy\" loading=\"lazy\" src=\"https:\/\/footdavant.fr\/actualites\/wp-content\/uploads\/2025\/12\/Nouvelles-du-transfert-d39Arsenal-Charles-Watts-rend-le-verdict.webp\"\/><\/p>\n<p>\u00a9 Imago \/ Sportimage<\/p>\n<\/div>\n<\/div>\n<p>De : Palais de Cristal<\/p>\n<p>Date : 23 ao\u00fbt 2025<\/p>\n<p>\u00c2ge \u00e0 l&#39;\u00e9poque : 27 ans<\/p>\n<h3>Honneurs \u00e0 Arsenal<\/h3>\n<p>Aucun<\/p>\n<h2>4. Martin Zubimendi \u2013 60,5 millions de livres sterling<\/h2>\n<div>\n<div><img decoding=\"async\" data-img-id=\"137799\" class=\"lazy\" loading=\"lazy\" src=\"https:\/\/footdavant.fr\/actualites\/wp-content\/uploads\/2026\/01\/1767516486_533_Les-signatures-les-plus-cheres-d39Arsenal-a-l39ouverture-de-la.jpg\"\/><\/p>\n<p>\u00a9 Imago<\/p>\n<\/div>\n<\/div>\n<p>De : Martin Zubimendi<\/p>\n<p>Date : 6 juillet 2025<\/p>\n<p>\u00c2ge \u00e0 l&#39;\u00e9poque : 26 ans<\/p>\n<h3 class=\"m4\">Honneurs \u00e0 Arsenal<\/h3>\n<\/p>\n<p>Aucun\n<\/p>\n<h2 class=\"k3\">3. Kai Havertz \u2013 63,8 millions de livres sterling<\/h2>\n<div>\n<div><img decoding=\"async\" data-img-id=\"136462\" class=\"lazy\" loading=\"lazy\" src=\"https:\/\/footdavant.fr\/actualites\/wp-content\/uploads\/2026\/01\/1767516486_97_Les-signatures-les-plus-cheres-d39Arsenal-a-l39ouverture-de-la.jpg\"\/><\/p>\n<p>\u00a9 Imago<\/p>\n<\/div>\n<\/div>\n<p>De : Chelsea<\/p>\n<p>Date : 1 juillet 2023<\/p>\n<p>\u00c2ge \u00e0 l&#39;\u00e9poque : 24 ans<\/p>\n<h3 class=\"m4\">Honneurs \u00e0 Arsenal<\/h3>\n<ul>&#13;<\/p>\n<li class=\"k4\">Bouclier communautaire (1) : 2023<\/li>\n<p>&#13;\n<\/ul>\n<h2 class=\"k3\">2. Nicolas P\u00e9p\u00e9 \u2013 68 millions de livres sterling<\/h2>\n<div>\n<div><img decoding=\"async\" data-img-id=\"137850\" class=\"lazy\" loading=\"lazy\" src=\"https:\/\/footdavant.fr\/actualites\/wp-content\/uploads\/2026\/01\/1767516487_881_Les-signatures-les-plus-cheres-d39Arsenal-a-l39ouverture-de-la.jpg\"\/><\/p>\n<p>\u00a9 Imago<\/p>\n<\/div>\n<\/div>\n<p>De : Lille<\/p>\n<p>Date : 1er ao\u00fbt 2019<\/p>\n<p>\u00c2ge \u00e0 l&#39;\u00e9poque : 24 ans<\/p>\n<p>Apparitions \u00e0 Arsenal\u00a0: 112<\/p>\n<p>Buts d&#39;Arsenal\u00a0: 27<\/p>\n<h3 class=\"m4\">Honneurs \u00e0 Arsenal<\/h3>\n<ul>&#13;<\/p>\n<li class=\"k4\">Coupe FA (1) : 2019-20<\/li>\n<p>&#13;<\/p>\n<li class=\"k4\">Bouclier communautaire (1) : 2020<\/li>\n<p>&#13;\n<\/ul>\n<h2 class=\"k3\">1. Declan Rice \u2013 99,2 millions de livres sterling<\/h2>\n<div>\n<div><img decoding=\"async\" data-img-id=\"136651\" class=\"lazy\" loading=\"lazy\" src=\"https:\/\/footdavant.fr\/actualites\/wp-content\/uploads\/2026\/01\/1767516487_843_Les-signatures-les-plus-cheres-d39Arsenal-a-l39ouverture-de-la.jpg\"\/><\/p>\n<p>\u00a9 Imago<\/p>\n<\/div>\n<\/div>\n<p>De : West Ham United<\/p>\n<p>Date : 15 juillet 2023<\/p>\n<p>\u00c2ge \u00e0 l&#39;\u00e9poque : 24 ans<\/p>\n<h3 class=\"m4\">Honneurs \u00e0 Arsenal<\/h3>\n<ul>&#13;<\/p>\n<li class=\"k4\">Bouclier communautaire (1) : 2023<\/li>\n<p>&#13;\n<\/ul>\n<\/div>\n","protected":false},"excerpt":{"rendered":"<p>Il est r\u00e9volu le temps o\u00f9 Arsenal devait g\u00e9rer ses finances au centime pr\u00e8s &#8211; une caract\u00e9ristique de l&#39;\u00e8re Ars\u00e8ne Wenger apr\u00e8s le d\u00e9m\u00e9nagement des<\/p>\n","protected":false},"author":1,"featured_media":33077,"comment_status":"closed","ping_status":"","sticky":false,"template":"","format":"standard","meta":{"footnotes":""},"categories":[5],"tags":[10173,4221,2446,166,9487,93,5332,700],"yoast_head":"<!-- This site is optimized with the Yoast SEO plugin v21.0 - https:\/\/yoast.com\/wordpress\/plugins\/seo\/ -->\n<title>Les signatures les plus ch\u00e8res d&#039;Arsenal \u00e0 l&#039;ouverture de la fen\u00eatre de transfert de janvier<\/title>\n<meta name=\"robots\" content=\"index, follow, max-snippet:-1, max-image-preview:large, max-video-preview:-1\" \/>\n<link rel=\"canonical\" href=\"https:\/\/footdavant.fr\/actualites\/les-signatures-les-plus-cheres-darsenal-a-louverture-de-la-fenetre-de-transfert-de-janvier\/\" \/>\n<meta property=\"og:locale\" content=\"fr_FR\" \/>\n<meta property=\"og:type\" content=\"article\" \/>\n<meta property=\"og:title\" content=\"Les signatures les plus ch\u00e8res d&#039;Arsenal \u00e0 l&#039;ouverture de la fen\u00eatre de transfert de janvier\" \/>\n<meta property=\"og:description\" content=\"Il est r\u00e9volu le temps o\u00f9 Arsenal devait g\u00e9rer ses finances au centime pr\u00e8s &#8211; une caract\u00e9ristique de l&#039;\u00e8re Ars\u00e8ne Wenger apr\u00e8s le d\u00e9m\u00e9nagement des\" \/>\n<meta property=\"og:url\" content=\"https:\/\/footdavant.fr\/actualites\/les-signatures-les-plus-cheres-darsenal-a-louverture-de-la-fenetre-de-transfert-de-janvier\/\" \/>\n<meta property=\"og:site_name\" content=\"Foot d&#039;avant\" \/>\n<meta property=\"article:publisher\" content=\"https:\/\/www.facebook.com\/Footdavant\/\" \/>\n<meta property=\"article:published_time\" content=\"2026-01-04T08:48:07+00:00\" \/>\n<meta property=\"article:modified_time\" content=\"2026-01-04T08:48:11+00:00\" \/>\n<meta property=\"og:image\" content=\"https:\/\/footdavant.fr\/actualites\/wp-content\/uploads\/2026\/01\/Les-signatures-les-plus-cheres-d39Arsenal-a-l39ouverture-de-la.net2Fuploads2F20252F072Fimago1062951399.webp\" \/>\n\t<meta property=\"og:image:width\" content=\"720\" \/>\n\t<meta property=\"og:image:height\" content=\"410\" \/>\n\t<meta property=\"og:image:type\" content=\"image\/webp\" \/>\n<meta name=\"author\" content=\"Cl\u00e9ment\" \/>\n<meta name=\"twitter:card\" content=\"summary_large_image\" \/>\n<meta name=\"twitter:creator\" content=\"@FootdavantFr\" \/>\n<meta name=\"twitter:site\" content=\"@FootdavantFr\" \/>\n<meta name=\"twitter:label1\" content=\"\u00c9crit par\" \/>\n\t<meta name=\"twitter:data1\" content=\"Cl\u00e9ment\" \/>\n\t<meta name=\"twitter:label2\" content=\"Dur\u00e9e de lecture estim\u00e9e\" \/>\n\t<meta name=\"twitter:data2\" content=\"2 minutes\" \/>\n<script type=\"application\/ld+json\" class=\"yoast-schema-graph\">{\"@context\":\"https:\/\/schema.org\",\"@graph\":[{\"@type\":\"Article\",\"@id\":\"https:\/\/footdavant.fr\/actualites\/les-signatures-les-plus-cheres-darsenal-a-louverture-de-la-fenetre-de-transfert-de-janvier\/#article\",\"isPartOf\":{\"@id\":\"https:\/\/footdavant.fr\/actualites\/les-signatures-les-plus-cheres-darsenal-a-louverture-de-la-fenetre-de-transfert-de-janvier\/\"},\"author\":{\"name\":\"Cl\u00e9ment\",\"@id\":\"https:\/\/footdavant.fr\/actualites\/#\/schema\/person\/bc222566d95871b37e597b3ed3ba5e1d\"},\"headline\":\"Les signatures les plus ch\u00e8res d&#39;Arsenal \u00e0 l&#39;ouverture de la fen\u00eatre de transfert de janvier\",\"datePublished\":\"2026-01-04T08:48:07+00:00\",\"dateModified\":\"2026-01-04T08:48:11+00:00\",\"mainEntityOfPage\":{\"@id\":\"https:\/\/footdavant.fr\/actualites\/les-signatures-les-plus-cheres-darsenal-a-louverture-de-la-fenetre-de-transfert-de-janvier\/\"},\"wordCount\":476,\"publisher\":{\"@id\":\"https:\/\/footdavant.fr\/actualites\/#organization\"},\"keywords\":[\"ch\u00e8res\",\"d39Arsenal\",\"fen\u00eatre\",\"janvier\",\"l39ouverture\",\"les\",\"signatures\",\"transfert\"],\"articleSection\":[\"Premier League\"],\"inLanguage\":\"fr-FR\"},{\"@type\":\"WebPage\",\"@id\":\"https:\/\/footdavant.fr\/actualites\/les-signatures-les-plus-cheres-darsenal-a-louverture-de-la-fenetre-de-transfert-de-janvier\/\",\"url\":\"https:\/\/footdavant.fr\/actualites\/les-signatures-les-plus-cheres-darsenal-a-louverture-de-la-fenetre-de-transfert-de-janvier\/\",\"name\":\"Les signatures les plus ch\u00e8res d&#39;Arsenal \u00e0 l&#39;ouverture de la fen\u00eatre de transfert de janvier\",\"isPartOf\":{\"@id\":\"https:\/\/footdavant.fr\/actualites\/#website\"},\"datePublished\":\"2026-01-04T08:48:07+00:00\",\"dateModified\":\"2026-01-04T08:48:11+00:00\",\"breadcrumb\":{\"@id\":\"https:\/\/footdavant.fr\/actualites\/les-signatures-les-plus-cheres-darsenal-a-louverture-de-la-fenetre-de-transfert-de-janvier\/#breadcrumb\"},\"inLanguage\":\"fr-FR\",\"potentialAction\":[{\"@type\":\"ReadAction\",\"target\":[\"https:\/\/footdavant.fr\/actualites\/les-signatures-les-plus-cheres-darsenal-a-louverture-de-la-fenetre-de-transfert-de-janvier\/\"]}]},{\"@type\":\"BreadcrumbList\",\"@id\":\"https:\/\/footdavant.fr\/actualites\/les-signatures-les-plus-cheres-darsenal-a-louverture-de-la-fenetre-de-transfert-de-janvier\/#breadcrumb\",\"itemListElement\":[{\"@type\":\"ListItem\",\"position\":1,\"name\":\"Accueil\",\"item\":\"https:\/\/footdavant.fr\/actualites\/\"},{\"@type\":\"ListItem\",\"position\":2,\"name\":\"Les signatures les plus ch\u00e8res d&#39;Arsenal \u00e0 l&#39;ouverture de la fen\u00eatre de transfert de janvier\"}]},{\"@type\":\"WebSite\",\"@id\":\"https:\/\/footdavant.fr\/actualites\/#website\",\"url\":\"https:\/\/footdavant.fr\/actualites\/\",\"name\":\"Foot d'avant\",\"description\":\"\",\"publisher\":{\"@id\":\"https:\/\/footdavant.fr\/actualites\/#organization\"},\"potentialAction\":[{\"@type\":\"SearchAction\",\"target\":{\"@type\":\"EntryPoint\",\"urlTemplate\":\"https:\/\/footdavant.fr\/actualites\/?s={search_term_string}\"},\"query-input\":\"required name=search_term_string\"}],\"inLanguage\":\"fr-FR\"},{\"@type\":\"Organization\",\"@id\":\"https:\/\/footdavant.fr\/actualites\/#organization\",\"name\":\"Foot d'avant\",\"url\":\"https:\/\/footdavant.fr\/actualites\/\",\"logo\":{\"@type\":\"ImageObject\",\"inLanguage\":\"fr-FR\",\"@id\":\"https:\/\/footdavant.fr\/actualites\/#\/schema\/logo\/image\/\",\"url\":\"https:\/\/footdavant.fr\/actualites\/wp-content\/uploads\/2023\/09\/Copy-of-FootDavant-Logo.png\",\"contentUrl\":\"https:\/\/footdavant.fr\/actualites\/wp-content\/uploads\/2023\/09\/Copy-of-FootDavant-Logo.png\",\"width\":936,\"height\":549,\"caption\":\"Foot d'avant\"},\"image\":{\"@id\":\"https:\/\/footdavant.fr\/actualites\/#\/schema\/logo\/image\/\"},\"sameAs\":[\"https:\/\/www.facebook.com\/Footdavant\/\",\"https:\/\/twitter.com\/FootdavantFr\",\"https:\/\/www.instagram.com\/footdavant.fr\/\"]},{\"@type\":\"Person\",\"@id\":\"https:\/\/footdavant.fr\/actualites\/#\/schema\/person\/bc222566d95871b37e597b3ed3ba5e1d\",\"name\":\"Cl\u00e9ment\",\"image\":{\"@type\":\"ImageObject\",\"inLanguage\":\"fr-FR\",\"@id\":\"https:\/\/footdavant.fr\/actualites\/#\/schema\/person\/image\/\",\"url\":\"https:\/\/secure.gravatar.com\/avatar\/7728b29aac2719421e1a9159b2254c44?s=96&d=mm&r=g\",\"contentUrl\":\"https:\/\/secure.gravatar.com\/avatar\/7728b29aac2719421e1a9159b2254c44?s=96&d=mm&r=g\",\"caption\":\"Cl\u00e9ment\"},\"sameAs\":[\"https:\/\/footdavant.fr\/\"]}]}<\/script>\n<!-- \/ Yoast SEO plugin. -->","yoast_head_json":{"title":"Les signatures les plus ch\u00e8res d&#39;Arsenal \u00e0 l&#39;ouverture de la fen\u00eatre de transfert de janvier","robots":{"index":"index","follow":"follow","max-snippet":"max-snippet:-1","max-image-preview":"max-image-preview:large","max-video-preview":"max-video-preview:-1"},"canonical":"https:\/\/footdavant.fr\/actualites\/les-signatures-les-plus-cheres-darsenal-a-louverture-de-la-fenetre-de-transfert-de-janvier\/","og_locale":"fr_FR","og_type":"article","og_title":"Les signatures les plus ch\u00e8res d&#39;Arsenal \u00e0 l&#39;ouverture de la fen\u00eatre de transfert de janvier","og_description":"Il est r\u00e9volu le temps o\u00f9 Arsenal devait g\u00e9rer ses finances au centime pr\u00e8s &#8211; une caract\u00e9ristique de l&#39;\u00e8re Ars\u00e8ne Wenger apr\u00e8s le d\u00e9m\u00e9nagement des","og_url":"https:\/\/footdavant.fr\/actualites\/les-signatures-les-plus-cheres-darsenal-a-louverture-de-la-fenetre-de-transfert-de-janvier\/","og_site_name":"Foot d&#039;avant","article_publisher":"https:\/\/www.facebook.com\/Footdavant\/","article_published_time":"2026-01-04T08:48:07+00:00","article_modified_time":"2026-01-04T08:48:11+00:00","og_image":[{"width":720,"height":410,"url":"https:\/\/footdavant.fr\/actualites\/wp-content\/uploads\/2026\/01\/Les-signatures-les-plus-cheres-d39Arsenal-a-l39ouverture-de-la.net2Fuploads2F20252F072Fimago1062951399.webp","type":"image\/webp"}],"author":"Cl\u00e9ment","twitter_card":"summary_large_image","twitter_creator":"@FootdavantFr","twitter_site":"@FootdavantFr","twitter_misc":{"\u00c9crit par":"Cl\u00e9ment","Dur\u00e9e de lecture estim\u00e9e":"2 minutes"},"schema":{"@context":"https:\/\/schema.org","@graph":[{"@type":"Article","@id":"https:\/\/footdavant.fr\/actualites\/les-signatures-les-plus-cheres-darsenal-a-louverture-de-la-fenetre-de-transfert-de-janvier\/#article","isPartOf":{"@id":"https:\/\/footdavant.fr\/actualites\/les-signatures-les-plus-cheres-darsenal-a-louverture-de-la-fenetre-de-transfert-de-janvier\/"},"author":{"name":"Cl\u00e9ment","@id":"https:\/\/footdavant.fr\/actualites\/#\/schema\/person\/bc222566d95871b37e597b3ed3ba5e1d"},"headline":"Les signatures les plus ch\u00e8res d&#39;Arsenal \u00e0 l&#39;ouverture de la fen\u00eatre de transfert de janvier","datePublished":"2026-01-04T08:48:07+00:00","dateModified":"2026-01-04T08:48:11+00:00","mainEntityOfPage":{"@id":"https:\/\/footdavant.fr\/actualites\/les-signatures-les-plus-cheres-darsenal-a-louverture-de-la-fenetre-de-transfert-de-janvier\/"},"wordCount":476,"publisher":{"@id":"https:\/\/footdavant.fr\/actualites\/#organization"},"keywords":["ch\u00e8res","d39Arsenal","fen\u00eatre","janvier","l39ouverture","les","signatures","transfert"],"articleSection":["Premier League"],"inLanguage":"fr-FR"},{"@type":"WebPage","@id":"https:\/\/footdavant.fr\/actualites\/les-signatures-les-plus-cheres-darsenal-a-louverture-de-la-fenetre-de-transfert-de-janvier\/","url":"https:\/\/footdavant.fr\/actualites\/les-signatures-les-plus-cheres-darsenal-a-louverture-de-la-fenetre-de-transfert-de-janvier\/","name":"Les signatures les plus ch\u00e8res d&#39;Arsenal \u00e0 l&#39;ouverture de la fen\u00eatre de transfert de janvier","isPartOf":{"@id":"https:\/\/footdavant.fr\/actualites\/#website"},"datePublished":"2026-01-04T08:48:07+00:00","dateModified":"2026-01-04T08:48:11+00:00","breadcrumb":{"@id":"https:\/\/footdavant.fr\/actualites\/les-signatures-les-plus-cheres-darsenal-a-louverture-de-la-fenetre-de-transfert-de-janvier\/#breadcrumb"},"inLanguage":"fr-FR","potentialAction":[{"@type":"ReadAction","target":["https:\/\/footdavant.fr\/actualites\/les-signatures-les-plus-cheres-darsenal-a-louverture-de-la-fenetre-de-transfert-de-janvier\/"]}]},{"@type":"BreadcrumbList","@id":"https:\/\/footdavant.fr\/actualites\/les-signatures-les-plus-cheres-darsenal-a-louverture-de-la-fenetre-de-transfert-de-janvier\/#breadcrumb","itemListElement":[{"@type":"ListItem","position":1,"name":"Accueil","item":"https:\/\/footdavant.fr\/actualites\/"},{"@type":"ListItem","position":2,"name":"Les signatures les plus ch\u00e8res d&#39;Arsenal \u00e0 l&#39;ouverture de la fen\u00eatre de transfert de janvier"}]},{"@type":"WebSite","@id":"https:\/\/footdavant.fr\/actualites\/#website","url":"https:\/\/footdavant.fr\/actualites\/","name":"Foot d'avant","description":"","publisher":{"@id":"https:\/\/footdavant.fr\/actualites\/#organization"},"potentialAction":[{"@type":"SearchAction","target":{"@type":"EntryPoint","urlTemplate":"https:\/\/footdavant.fr\/actualites\/?s={search_term_string}"},"query-input":"required name=search_term_string"}],"inLanguage":"fr-FR"},{"@type":"Organization","@id":"https:\/\/footdavant.fr\/actualites\/#organization","name":"Foot d'avant","url":"https:\/\/footdavant.fr\/actualites\/","logo":{"@type":"ImageObject","inLanguage":"fr-FR","@id":"https:\/\/footdavant.fr\/actualites\/#\/schema\/logo\/image\/","url":"https:\/\/footdavant.fr\/actualites\/wp-content\/uploads\/2023\/09\/Copy-of-FootDavant-Logo.png","contentUrl":"https:\/\/footdavant.fr\/actualites\/wp-content\/uploads\/2023\/09\/Copy-of-FootDavant-Logo.png","width":936,"height":549,"caption":"Foot d'avant"},"image":{"@id":"https:\/\/footdavant.fr\/actualites\/#\/schema\/logo\/image\/"},"sameAs":["https:\/\/www.facebook.com\/Footdavant\/","https:\/\/twitter.com\/FootdavantFr","https:\/\/www.instagram.com\/footdavant.fr\/"]},{"@type":"Person","@id":"https:\/\/footdavant.fr\/actualites\/#\/schema\/person\/bc222566d95871b37e597b3ed3ba5e1d","name":"Cl\u00e9ment","image":{"@type":"ImageObject","inLanguage":"fr-FR","@id":"https:\/\/footdavant.fr\/actualites\/#\/schema\/person\/image\/","url":"https:\/\/secure.gravatar.com\/avatar\/7728b29aac2719421e1a9159b2254c44?s=96&d=mm&r=g","contentUrl":"https:\/\/secure.gravatar.com\/avatar\/7728b29aac2719421e1a9159b2254c44?s=96&d=mm&r=g","caption":"Cl\u00e9ment"},"sameAs":["https:\/\/footdavant.fr\/"]}]}},"_links":{"self":[{"href":"https:\/\/footdavant.fr\/actualites\/wp-json\/wp\/v2\/posts\/33076"}],"collection":[{"href":"https:\/\/footdavant.fr\/actualites\/wp-json\/wp\/v2\/posts"}],"about":[{"href":"https:\/\/footdavant.fr\/actualites\/wp-json\/wp\/v2\/types\/post"}],"author":[{"embeddable":true,"href":"https:\/\/footdavant.fr\/actualites\/wp-json\/wp\/v2\/users\/1"}],"replies":[{"embeddable":true,"href":"https:\/\/footdavant.fr\/actualites\/wp-json\/wp\/v2\/comments?post=33076"}],"version-history":[{"count":1,"href":"https:\/\/footdavant.fr\/actualites\/wp-json\/wp\/v2\/posts\/33076\/revisions"}],"predecessor-version":[{"id":33078,"href":"https:\/\/footdavant.fr\/actualites\/wp-json\/wp\/v2\/posts\/33076\/revisions\/33078"}],"wp:featuredmedia":[{"embeddable":true,"href":"https:\/\/footdavant.fr\/actualites\/wp-json\/wp\/v2\/media\/33077"}],"wp:attachment":[{"href":"https:\/\/footdavant.fr\/actualites\/wp-json\/wp\/v2\/media?parent=33076"}],"wp:term":[{"taxonomy":"category","embeddable":true,"href":"https:\/\/footdavant.fr\/actualites\/wp-json\/wp\/v2\/categories?post=33076"},{"taxonomy":"post_tag","embeddable":true,"href":"https:\/\/footdavant.fr\/actualites\/wp-json\/wp\/v2\/tags?post=33076"}],"curies":[{"name":"wp","href":"https:\/\/api.w.org\/{rel}","templated":true}]}}