{"id":3310,"date":"2024-01-01T19:52:50","date_gmt":"2024-01-01T18:52:50","guid":{"rendered":"https:\/\/footdavant.fr\/actualites\/tottenham-hotspur-dit-au-trio-quil-est-libre-de-partir-en-janvier\/"},"modified":"2024-01-01T19:52:51","modified_gmt":"2024-01-01T18:52:51","slug":"tottenham-hotspur-dit-au-trio-quil-est-libre-de-partir-en-janvier","status":"publish","type":"post","link":"https:\/\/footdavant.fr\/actualites\/tottenham-hotspur-dit-au-trio-quil-est-libre-de-partir-en-janvier\/","title":{"rendered":"Tottenham Hotspur dit au trio qu&rsquo;il est libre de partir en janvier ?"},"content":{"rendered":"<p>Tottenham Hotspur aurait d\u00e9clar\u00e9 \u00e0 trois joueurs qu&rsquo;ils \u00e9taient libres de quitter le club lors du mercato de janvier.<\/p>\n<div id=\"article_body\" itemprop=\"articleBody\">\n<h3 class=\"firstPara\">\n<strong class=\"autotag\">Tottenham Hotspur<\/strong> seraient pr\u00eats \u00e0 se s\u00e9parer de trois de leurs joueurs marginaux lors du mercato de janvier.<\/h3>\n<p>Avec un match en retard sur certaines \u00e9quipes qui les entourent, les Spurs occupent actuellement la cinqui\u00e8me place du classement de la Premier League, \u00e0 six points du leader Arsenal.<\/p>\n<p>C&rsquo;est malgr\u00e9 <strong class=\"autotag\">Ange Postecoglou<\/strong> il en est \u00e0 sa premi\u00e8re campagne au Tottenham Hotspur Stadium et doit faire face \u00e0 un certain nombre de probl\u00e8mes en d\u00e9fense.<\/p>\n<p>Cependant, m\u00eame si les Spurs ont fait des progr\u00e8s substantiels ces derniers temps, on s&rsquo;attend \u00e0 des mouvements sur le march\u00e9 des transferts, en particulier dans le domaine susmentionn\u00e9.<\/p>\n<p>Avec <strong class=\"autotag\">Cristian Romero<\/strong> Mis \u00e0 l&rsquo;\u00e9cart pour cause de blessure jusqu&rsquo;\u00e0 fin janvier au plus t\u00f4t, les Spurs seront priv\u00e9s de leur \u00e9quipe de premier choix pour le mois prochain, m\u00eame si <strong class=\"autotag\">Micky van de Ven<\/strong> se rapproche d\u2019un retour.<\/p>\n<p class=\"imgI\">\n<p>Postecoglou a d\u00e9j\u00e0 laiss\u00e9 entendre que les Londoniens du nord \u00e9taient pr\u00eats \u00e0 faire des affaires le mois prochain, mais il semble que lui et les responsables du club souhaitent \u00e9galement r\u00e9duire leur nombre de joueurs.<\/p>\n<p>Selon <em>Initi\u00e9 au football<\/em>les Spurs ont d\u00e9j\u00e0 inform\u00e9 <strong class=\"autotag\">Hugo Lloris<\/strong>, <strong class=\"autotag\">\u00c9ric Dier<\/strong> et <strong class=\"autotag\">Pierre-\u00c9mile Hojbjerg<\/strong> qu&rsquo;ils sont libres de trouver de nouveaux clubs.<\/p>\n<p>Dans le cas de Lloris, cela n&rsquo;est pas surprenant puisque l&rsquo;ancien num\u00e9ro un de longue date n&rsquo;a plus figur\u00e9 dans une seule \u00e9quipe depuis l&rsquo;arriv\u00e9e de Postecoglou.<\/p>\n<p>Les Spurs souhaitent \u00e9galement r\u00e9duire le salaire du vainqueur de la Coupe du monde 2018 de leurs d\u00e9penses, et il en va de m\u00eame pour Dier, qui n&rsquo;a apparemment aucun avenir au club.<\/p>\n<p class=\"imgI\"><img decoding=\"async\" loading=\"lazy\" class=\"l\" src=\"https:\/\/footdavant.fr\/actualites\/wp-content\/uploads\/2024\/01\/1704135170_70_Tottenham-Hotspur-dit-au-trio-quil-est-libre-de-partir.jpg\" title=\"Eric Dier de Tottenham Hotspur photographi\u00e9 le 27 novembre 2023\" alt=\"Eric Dier de Tottenham Hotspur photographi\u00e9 le 27 novembre 2023\" width=\"640\" height=\"480\"><\/p>\n<p>Alors que le joueur de 29 ans a \u00e9t\u00e9 utilis\u00e9 pour remplacer Romero contre Everton la derni\u00e8re fois, le contrat de l&rsquo;international anglais expire cet \u00e9t\u00e9 et les Spurs n&rsquo;ont aucun int\u00e9r\u00eat \u00e0 un renouvellement.<\/p>\n<p>Hojbjerg, quant \u00e0 lui, s&rsquo;est r\u00e9v\u00e9l\u00e9 \u00eatre un membre important de l&rsquo;\u00e9quipe, m\u00eame s&rsquo;il n&rsquo;a effectu\u00e9 que trois titularisations et 14 sorties en tant que rempla\u00e7ant en Premier League.<\/p>\n<p>De plus, on s&rsquo;attend \u00e0 ce que son temps de jeu augmente bient\u00f4t lorsque les joueurs partiront pour la Coupe d&rsquo;Afrique des Nations dans les semaines \u00e0 venir.<\/p>\n<p>N\u00e9anmoins, on pr\u00e9tend que les Spurs sont pr\u00eats \u00e0 encaisser s&rsquo;ils re\u00e7oivent une offre de 20 millions de livres sterling et sont en mesure d&rsquo;obtenir un remplacement appropri\u00e9.<\/p>\n<\/div>\n","protected":false},"excerpt":{"rendered":"<p>Tottenham Hotspur aurait d\u00e9clar\u00e9 \u00e0 trois joueurs qu&rsquo;ils \u00e9taient libres de quitter le club lors du mercato de janvier. Tottenham Hotspur seraient pr\u00eats \u00e0 se<\/p>\n","protected":false},"author":1,"featured_media":3311,"comment_status":"closed","ping_status":"","sticky":false,"template":"","format":"standard","meta":{"footnotes":""},"categories":[5],"tags":[125,217,69,166,2696,1306,514,68,845],"yoast_head":"<!-- This site is optimized with the Yoast SEO plugin v21.0 - https:\/\/yoast.com\/wordpress\/plugins\/seo\/ -->\n<title>Tottenham Hotspur dit au trio qu&#039;il est libre de partir en janvier ?<\/title>\n<meta name=\"robots\" content=\"index, follow, max-snippet:-1, max-image-preview:large, max-video-preview:-1\" \/>\n<link rel=\"canonical\" href=\"https:\/\/footdavant.fr\/actualites\/tottenham-hotspur-dit-au-trio-quil-est-libre-de-partir-en-janvier\/\" \/>\n<meta property=\"og:locale\" content=\"fr_FR\" \/>\n<meta property=\"og:type\" content=\"article\" \/>\n<meta property=\"og:title\" content=\"Tottenham Hotspur dit au trio qu&#039;il est libre de partir en janvier ?\" \/>\n<meta property=\"og:description\" content=\"Tottenham Hotspur aurait d\u00e9clar\u00e9 \u00e0 trois joueurs qu&rsquo;ils \u00e9taient libres de quitter le club lors du mercato de janvier. Tottenham Hotspur seraient pr\u00eats \u00e0 se\" \/>\n<meta property=\"og:url\" content=\"https:\/\/footdavant.fr\/actualites\/tottenham-hotspur-dit-au-trio-quil-est-libre-de-partir-en-janvier\/\" \/>\n<meta property=\"og:site_name\" content=\"Foot d&#039;avant\" \/>\n<meta property=\"article:publisher\" content=\"https:\/\/www.facebook.com\/Footdavant\/\" \/>\n<meta property=\"article:published_time\" content=\"2024-01-01T18:52:50+00:00\" \/>\n<meta property=\"article:modified_time\" content=\"2024-01-01T18:52:51+00:00\" \/>\n<meta property=\"og:image\" content=\"https:\/\/footdavant.fr\/actualites\/wp-content\/uploads\/2024\/01\/Tottenham-Hotspur-dit-au-trio-quil-est-libre-de-partir.jpg\" \/>\n\t<meta property=\"og:image:width\" content=\"640\" \/>\n\t<meta property=\"og:image:height\" content=\"480\" \/>\n\t<meta property=\"og:image:type\" content=\"image\/jpeg\" \/>\n<meta name=\"author\" content=\"Cl\u00e9ment\" \/>\n<meta name=\"twitter:card\" content=\"summary_large_image\" \/>\n<meta name=\"twitter:creator\" content=\"@FootdavantFr\" \/>\n<meta name=\"twitter:site\" content=\"@FootdavantFr\" \/>\n<meta name=\"twitter:label1\" content=\"\u00c9crit par\" \/>\n\t<meta name=\"twitter:data1\" content=\"Cl\u00e9ment\" \/>\n\t<meta name=\"twitter:label2\" content=\"Dur\u00e9e de lecture estim\u00e9e\" \/>\n\t<meta name=\"twitter:data2\" content=\"2 minutes\" \/>\n<script type=\"application\/ld+json\" class=\"yoast-schema-graph\">{\"@context\":\"https:\/\/schema.org\",\"@graph\":[{\"@type\":\"Article\",\"@id\":\"https:\/\/footdavant.fr\/actualites\/tottenham-hotspur-dit-au-trio-quil-est-libre-de-partir-en-janvier\/#article\",\"isPartOf\":{\"@id\":\"https:\/\/footdavant.fr\/actualites\/tottenham-hotspur-dit-au-trio-quil-est-libre-de-partir-en-janvier\/\"},\"author\":{\"name\":\"Cl\u00e9ment\",\"@id\":\"https:\/\/footdavant.fr\/actualites\/#\/schema\/person\/bc222566d95871b37e597b3ed3ba5e1d\"},\"headline\":\"Tottenham Hotspur dit au trio qu&rsquo;il est libre de partir en janvier ?\",\"datePublished\":\"2024-01-01T18:52:50+00:00\",\"dateModified\":\"2024-01-01T18:52:51+00:00\",\"mainEntityOfPage\":{\"@id\":\"https:\/\/footdavant.fr\/actualites\/tottenham-hotspur-dit-au-trio-quil-est-libre-de-partir-en-janvier\/\"},\"wordCount\":434,\"publisher\":{\"@id\":\"https:\/\/footdavant.fr\/actualites\/#organization\"},\"keywords\":[\"dit\",\"est\",\"Hotspur\",\"janvier\",\"libre\",\"partir\",\"quil\",\"Tottenham\",\"trio\"],\"articleSection\":[\"Premier League\"],\"inLanguage\":\"fr-FR\"},{\"@type\":\"WebPage\",\"@id\":\"https:\/\/footdavant.fr\/actualites\/tottenham-hotspur-dit-au-trio-quil-est-libre-de-partir-en-janvier\/\",\"url\":\"https:\/\/footdavant.fr\/actualites\/tottenham-hotspur-dit-au-trio-quil-est-libre-de-partir-en-janvier\/\",\"name\":\"Tottenham Hotspur dit au trio qu'il est libre de partir en janvier ?\",\"isPartOf\":{\"@id\":\"https:\/\/footdavant.fr\/actualites\/#website\"},\"datePublished\":\"2024-01-01T18:52:50+00:00\",\"dateModified\":\"2024-01-01T18:52:51+00:00\",\"breadcrumb\":{\"@id\":\"https:\/\/footdavant.fr\/actualites\/tottenham-hotspur-dit-au-trio-quil-est-libre-de-partir-en-janvier\/#breadcrumb\"},\"inLanguage\":\"fr-FR\",\"potentialAction\":[{\"@type\":\"ReadAction\",\"target\":[\"https:\/\/footdavant.fr\/actualites\/tottenham-hotspur-dit-au-trio-quil-est-libre-de-partir-en-janvier\/\"]}]},{\"@type\":\"BreadcrumbList\",\"@id\":\"https:\/\/footdavant.fr\/actualites\/tottenham-hotspur-dit-au-trio-quil-est-libre-de-partir-en-janvier\/#breadcrumb\",\"itemListElement\":[{\"@type\":\"ListItem\",\"position\":1,\"name\":\"Accueil\",\"item\":\"https:\/\/footdavant.fr\/actualites\/\"},{\"@type\":\"ListItem\",\"position\":2,\"name\":\"Tottenham Hotspur dit au trio qu&rsquo;il est libre de partir en janvier ?\"}]},{\"@type\":\"WebSite\",\"@id\":\"https:\/\/footdavant.fr\/actualites\/#website\",\"url\":\"https:\/\/footdavant.fr\/actualites\/\",\"name\":\"Foot d'avant\",\"description\":\"\",\"publisher\":{\"@id\":\"https:\/\/footdavant.fr\/actualites\/#organization\"},\"potentialAction\":[{\"@type\":\"SearchAction\",\"target\":{\"@type\":\"EntryPoint\",\"urlTemplate\":\"https:\/\/footdavant.fr\/actualites\/?s={search_term_string}\"},\"query-input\":\"required name=search_term_string\"}],\"inLanguage\":\"fr-FR\"},{\"@type\":\"Organization\",\"@id\":\"https:\/\/footdavant.fr\/actualites\/#organization\",\"name\":\"Foot d'avant\",\"url\":\"https:\/\/footdavant.fr\/actualites\/\",\"logo\":{\"@type\":\"ImageObject\",\"inLanguage\":\"fr-FR\",\"@id\":\"https:\/\/footdavant.fr\/actualites\/#\/schema\/logo\/image\/\",\"url\":\"https:\/\/footdavant.fr\/actualites\/wp-content\/uploads\/2023\/09\/Copy-of-FootDavant-Logo.png\",\"contentUrl\":\"https:\/\/footdavant.fr\/actualites\/wp-content\/uploads\/2023\/09\/Copy-of-FootDavant-Logo.png\",\"width\":936,\"height\":549,\"caption\":\"Foot d'avant\"},\"image\":{\"@id\":\"https:\/\/footdavant.fr\/actualites\/#\/schema\/logo\/image\/\"},\"sameAs\":[\"https:\/\/www.facebook.com\/Footdavant\/\",\"https:\/\/twitter.com\/FootdavantFr\",\"https:\/\/www.instagram.com\/footdavant.fr\/\"]},{\"@type\":\"Person\",\"@id\":\"https:\/\/footdavant.fr\/actualites\/#\/schema\/person\/bc222566d95871b37e597b3ed3ba5e1d\",\"name\":\"Cl\u00e9ment\",\"image\":{\"@type\":\"ImageObject\",\"inLanguage\":\"fr-FR\",\"@id\":\"https:\/\/footdavant.fr\/actualites\/#\/schema\/person\/image\/\",\"url\":\"https:\/\/secure.gravatar.com\/avatar\/7728b29aac2719421e1a9159b2254c44?s=96&d=mm&r=g\",\"contentUrl\":\"https:\/\/secure.gravatar.com\/avatar\/7728b29aac2719421e1a9159b2254c44?s=96&d=mm&r=g\",\"caption\":\"Cl\u00e9ment\"},\"sameAs\":[\"https:\/\/footdavant.fr\/\"]}]}<\/script>\n<!-- \/ Yoast SEO plugin. -->","yoast_head_json":{"title":"Tottenham Hotspur dit au trio qu'il est libre de partir en janvier ?","robots":{"index":"index","follow":"follow","max-snippet":"max-snippet:-1","max-image-preview":"max-image-preview:large","max-video-preview":"max-video-preview:-1"},"canonical":"https:\/\/footdavant.fr\/actualites\/tottenham-hotspur-dit-au-trio-quil-est-libre-de-partir-en-janvier\/","og_locale":"fr_FR","og_type":"article","og_title":"Tottenham Hotspur dit au trio qu'il est libre de partir en janvier ?","og_description":"Tottenham Hotspur aurait d\u00e9clar\u00e9 \u00e0 trois joueurs qu&rsquo;ils \u00e9taient libres de quitter le club lors du mercato de janvier. Tottenham Hotspur seraient pr\u00eats \u00e0 se","og_url":"https:\/\/footdavant.fr\/actualites\/tottenham-hotspur-dit-au-trio-quil-est-libre-de-partir-en-janvier\/","og_site_name":"Foot d&#039;avant","article_publisher":"https:\/\/www.facebook.com\/Footdavant\/","article_published_time":"2024-01-01T18:52:50+00:00","article_modified_time":"2024-01-01T18:52:51+00:00","og_image":[{"width":640,"height":480,"url":"https:\/\/footdavant.fr\/actualites\/wp-content\/uploads\/2024\/01\/Tottenham-Hotspur-dit-au-trio-quil-est-libre-de-partir.jpg","type":"image\/jpeg"}],"author":"Cl\u00e9ment","twitter_card":"summary_large_image","twitter_creator":"@FootdavantFr","twitter_site":"@FootdavantFr","twitter_misc":{"\u00c9crit par":"Cl\u00e9ment","Dur\u00e9e de lecture estim\u00e9e":"2 minutes"},"schema":{"@context":"https:\/\/schema.org","@graph":[{"@type":"Article","@id":"https:\/\/footdavant.fr\/actualites\/tottenham-hotspur-dit-au-trio-quil-est-libre-de-partir-en-janvier\/#article","isPartOf":{"@id":"https:\/\/footdavant.fr\/actualites\/tottenham-hotspur-dit-au-trio-quil-est-libre-de-partir-en-janvier\/"},"author":{"name":"Cl\u00e9ment","@id":"https:\/\/footdavant.fr\/actualites\/#\/schema\/person\/bc222566d95871b37e597b3ed3ba5e1d"},"headline":"Tottenham Hotspur dit au trio qu&rsquo;il est libre de partir en janvier ?","datePublished":"2024-01-01T18:52:50+00:00","dateModified":"2024-01-01T18:52:51+00:00","mainEntityOfPage":{"@id":"https:\/\/footdavant.fr\/actualites\/tottenham-hotspur-dit-au-trio-quil-est-libre-de-partir-en-janvier\/"},"wordCount":434,"publisher":{"@id":"https:\/\/footdavant.fr\/actualites\/#organization"},"keywords":["dit","est","Hotspur","janvier","libre","partir","quil","Tottenham","trio"],"articleSection":["Premier League"],"inLanguage":"fr-FR"},{"@type":"WebPage","@id":"https:\/\/footdavant.fr\/actualites\/tottenham-hotspur-dit-au-trio-quil-est-libre-de-partir-en-janvier\/","url":"https:\/\/footdavant.fr\/actualites\/tottenham-hotspur-dit-au-trio-quil-est-libre-de-partir-en-janvier\/","name":"Tottenham Hotspur dit au trio qu'il est libre de partir en janvier ?","isPartOf":{"@id":"https:\/\/footdavant.fr\/actualites\/#website"},"datePublished":"2024-01-01T18:52:50+00:00","dateModified":"2024-01-01T18:52:51+00:00","breadcrumb":{"@id":"https:\/\/footdavant.fr\/actualites\/tottenham-hotspur-dit-au-trio-quil-est-libre-de-partir-en-janvier\/#breadcrumb"},"inLanguage":"fr-FR","potentialAction":[{"@type":"ReadAction","target":["https:\/\/footdavant.fr\/actualites\/tottenham-hotspur-dit-au-trio-quil-est-libre-de-partir-en-janvier\/"]}]},{"@type":"BreadcrumbList","@id":"https:\/\/footdavant.fr\/actualites\/tottenham-hotspur-dit-au-trio-quil-est-libre-de-partir-en-janvier\/#breadcrumb","itemListElement":[{"@type":"ListItem","position":1,"name":"Accueil","item":"https:\/\/footdavant.fr\/actualites\/"},{"@type":"ListItem","position":2,"name":"Tottenham Hotspur dit au trio qu&rsquo;il est libre de partir en janvier ?"}]},{"@type":"WebSite","@id":"https:\/\/footdavant.fr\/actualites\/#website","url":"https:\/\/footdavant.fr\/actualites\/","name":"Foot d'avant","description":"","publisher":{"@id":"https:\/\/footdavant.fr\/actualites\/#organization"},"potentialAction":[{"@type":"SearchAction","target":{"@type":"EntryPoint","urlTemplate":"https:\/\/footdavant.fr\/actualites\/?s={search_term_string}"},"query-input":"required name=search_term_string"}],"inLanguage":"fr-FR"},{"@type":"Organization","@id":"https:\/\/footdavant.fr\/actualites\/#organization","name":"Foot d'avant","url":"https:\/\/footdavant.fr\/actualites\/","logo":{"@type":"ImageObject","inLanguage":"fr-FR","@id":"https:\/\/footdavant.fr\/actualites\/#\/schema\/logo\/image\/","url":"https:\/\/footdavant.fr\/actualites\/wp-content\/uploads\/2023\/09\/Copy-of-FootDavant-Logo.png","contentUrl":"https:\/\/footdavant.fr\/actualites\/wp-content\/uploads\/2023\/09\/Copy-of-FootDavant-Logo.png","width":936,"height":549,"caption":"Foot d'avant"},"image":{"@id":"https:\/\/footdavant.fr\/actualites\/#\/schema\/logo\/image\/"},"sameAs":["https:\/\/www.facebook.com\/Footdavant\/","https:\/\/twitter.com\/FootdavantFr","https:\/\/www.instagram.com\/footdavant.fr\/"]},{"@type":"Person","@id":"https:\/\/footdavant.fr\/actualites\/#\/schema\/person\/bc222566d95871b37e597b3ed3ba5e1d","name":"Cl\u00e9ment","image":{"@type":"ImageObject","inLanguage":"fr-FR","@id":"https:\/\/footdavant.fr\/actualites\/#\/schema\/person\/image\/","url":"https:\/\/secure.gravatar.com\/avatar\/7728b29aac2719421e1a9159b2254c44?s=96&d=mm&r=g","contentUrl":"https:\/\/secure.gravatar.com\/avatar\/7728b29aac2719421e1a9159b2254c44?s=96&d=mm&r=g","caption":"Cl\u00e9ment"},"sameAs":["https:\/\/footdavant.fr\/"]}]}},"_links":{"self":[{"href":"https:\/\/footdavant.fr\/actualites\/wp-json\/wp\/v2\/posts\/3310"}],"collection":[{"href":"https:\/\/footdavant.fr\/actualites\/wp-json\/wp\/v2\/posts"}],"about":[{"href":"https:\/\/footdavant.fr\/actualites\/wp-json\/wp\/v2\/types\/post"}],"author":[{"embeddable":true,"href":"https:\/\/footdavant.fr\/actualites\/wp-json\/wp\/v2\/users\/1"}],"replies":[{"embeddable":true,"href":"https:\/\/footdavant.fr\/actualites\/wp-json\/wp\/v2\/comments?post=3310"}],"version-history":[{"count":1,"href":"https:\/\/footdavant.fr\/actualites\/wp-json\/wp\/v2\/posts\/3310\/revisions"}],"predecessor-version":[{"id":3312,"href":"https:\/\/footdavant.fr\/actualites\/wp-json\/wp\/v2\/posts\/3310\/revisions\/3312"}],"wp:featuredmedia":[{"embeddable":true,"href":"https:\/\/footdavant.fr\/actualites\/wp-json\/wp\/v2\/media\/3311"}],"wp:attachment":[{"href":"https:\/\/footdavant.fr\/actualites\/wp-json\/wp\/v2\/media?parent=3310"}],"wp:term":[{"taxonomy":"category","embeddable":true,"href":"https:\/\/footdavant.fr\/actualites\/wp-json\/wp\/v2\/categories?post=3310"},{"taxonomy":"post_tag","embeddable":true,"href":"https:\/\/footdavant.fr\/actualites\/wp-json\/wp\/v2\/tags?post=3310"}],"curies":[{"name":"wp","href":"https:\/\/api.w.org\/{rel}","templated":true}]}}