{"id":33120,"date":"2026-01-05T15:48:18","date_gmt":"2026-01-05T14:48:18","guid":{"rendered":"https:\/\/footdavant.fr\/actualites\/alejandro-garnacho-reagit-au-depart-de-ruben-amorim-a-manchester-united\/"},"modified":"2026-01-05T15:48:20","modified_gmt":"2026-01-05T14:48:20","slug":"alejandro-garnacho-reagit-au-depart-de-ruben-amorim-a-manchester-united","status":"publish","type":"post","link":"https:\/\/footdavant.fr\/actualites\/alejandro-garnacho-reagit-au-depart-de-ruben-amorim-a-manchester-united\/","title":{"rendered":"Alejandro Garnacho r\u00e9agit au d\u00e9part de Ruben Amorim \u00e0 Manchester United \u2013"},"content":{"rendered":"<div id=\"penci-post-entry-inner\">\n<p>\t\t\t<i class=\"penci-post-countview-number-check\" style=\"display:none\">2<\/i><\/p>\n<p>Manchester United s&#39;est officiellement s\u00e9par\u00e9 de l&#39;entra\u00eeneur-chef Ruben Amorim ce matin apr\u00e8s un match nul 1-1 \u00e0 Elland Road dimanche. <\/p>\n<p>Cependant, le limogeage est presque certainement li\u00e9 \u00e0 une rupture de communication entre Amorim et la hi\u00e9rarchie de United, plut\u00f4t qu&#39;\u00e0 un probl\u00e8me li\u00e9 aux performances.<\/p>\n<p>L&#39;entra\u00eeneur portugais a livr\u00e9 une conf\u00e9rence de presse d&#39;apr\u00e8s-match piquante apr\u00e8s l&#39;impasse de Leeds, qui semblait viser ses sup\u00e9rieurs avec des d\u00e9clarations ambigu\u00ebs concernant son contr\u00f4le sur le club.<\/p>\n<h3>La star d&#39;Axed United r\u00e9agit au limogeage<\/h3>\n<p>Amorim avait re\u00e7u le soutien du conseil d&#39;administration de United cet \u00e9t\u00e9 apr\u00e8s une 15e place en Premier League et une d\u00e9faite terne en finale de la Ligue Europa, qui auraient bien pu suffire \u00e0 sceller son destin avant sa premi\u00e8re saison compl\u00e8te \u00e0 la t\u00eate. <\/p>\n<p>Au lieu de cela, Amorim a exp\u00e9di\u00e9 les joueurs qu&#39;il jugeait inappropri\u00e9s et a re\u00e7u un tr\u00e9sor de guerre de plus de 200 millions de livres sterling, qu&#39;il a d\u00e9pens\u00e9 sur une nouvelle ligne de front.<\/p>\n<p>L&#39;un des joueurs bombard\u00e9s d&#39;Old Trafford \u00e9tait Alejandro Garnacho, qui s&#39;est retrouv\u00e9 \u00e0 Stamford Bridge apr\u00e8s s&#39;\u00eatre brouill\u00e9 avec l&#39;entra\u00eeneur-chef de United. <\/p>\n<p>L&#39;attitude de Garnacho a \u00e9t\u00e9 remise en question \u00e0 plusieurs reprises depuis son arriv\u00e9e dans l&#39;\u00e9quipe premi\u00e8re, et l&#39;approche pragmatique d&#39;Amorim a laiss\u00e9 l&#39;ailier exc\u00e9dentaire aux besoins.<\/p>\n<p>Il n&#39;y a clairement aucun amour perdu entre les deux, Garnacho r\u00e9pondant \u00e0 une publication sur les r\u00e9seaux sociaux confirmant le d\u00e9part d&#39;Amorim du Th\u00e9\u00e2tre des R\u00eaves.<\/p>\n<p>Fabrizio Romano a \u00e9t\u00e9 l&#39;un des nombreux \u00e0 annoncer la fin du r\u00e8gne d&#39;Amorim, et l&#39;international argentin n&#39;a pas tard\u00e9 \u00e0 r\u00e9agir en likant le post. <\/p>\n<h3>Amorim a raison de laisser Garnacho quitter Old Trafford<\/h3>\n<p>Les chiffres ne seront pas favorables \u00e0 l\u2019entra\u00eeneur-chef sortant, mais il ne fait aucun doute que ses efforts en faveur de normes plus \u00e9lev\u00e9es au sein du club \u00e9taient plus conformes \u00e0 ce \u00e0 quoi il fallait s\u2019attendre \u00e0 Old Trafford.<\/p>\n<p>Malgr\u00e9 quelques moments cl\u00e9s, dont l&#39;ouverture de la finale de la FA Cup contre Manchester City, les pitreries de Garnacho n&#39;\u00e9taient pas dignes d&#39;un jeune prodige faisant ses armes dans le plus grand club du monde.<\/p>\n<p>Sur et en dehors du terrain, les strops n&#39;ont pas \u00e9t\u00e9 soutenus par des performances constantes, et ses d\u00e9buts \u00e0 Chelsea n&#39;ont pas fait grand-chose pour prouver qu&#39;Amorim avait tort en sanctionnant sa vente.<\/p>\n<p>Les tensions ont atteint leur point de rupture apr\u00e8s la finale de la Ligue Europa, avec Garnacho rendant public sa d\u00e9ception de d\u00e9buter en tant que rempla\u00e7ant et Amorim lui disant brutalement que ses jours \u00e0 United \u00e9taient compt\u00e9s.<\/p>\n<p>Cependant, de petites actions telles que ces m\u00e9dias sociaux ne font que renforcer le fait qu&#39;Amorim avait raison de laisser partir le joueur de 20 ans, malgr\u00e9 son talent qui aurait pu le voir devenir un joueur pratique au sein du club.<\/p>\n<p>D\u00e9sormais, tous deux poursuivront leur carri\u00e8re en dehors de Manchester, Amorim quittant officiellement le club apr\u00e8s seulement 14 mois \u00e0 sa t\u00eate.<\/p>\n<\/p>\n<hr\/>\n<p>The Peoples Person est l&#39;un des principaux sites d&#39;information de Man United au monde depuis plus d&#39;une d\u00e9cennie. Suivez-nous sur Bluesky\u00a0: @peoplesperson.bsky.social<\/p>\n<\/p>\n<p><!-- CONTENT END 2 --><\/p><\/div>\n","protected":false},"excerpt":{"rendered":"<p>2 Manchester United s&#39;est officiellement s\u00e9par\u00e9 de l&#39;entra\u00eeneur-chef Ruben Amorim ce matin apr\u00e8s un match nul 1-1 \u00e0 Elland Road dimanche. Cependant, le limogeage est<\/p>\n","protected":false},"author":1,"featured_media":33121,"comment_status":"closed","ping_status":"","sticky":false,"template":"","format":"standard","meta":{"footnotes":""},"categories":[3],"tags":[790,4477,560,791,11,969,160,13],"yoast_head":"<!-- This site is optimized with the Yoast SEO plugin v21.0 - https:\/\/yoast.com\/wordpress\/plugins\/seo\/ -->\n<title>Alejandro Garnacho r\u00e9agit au d\u00e9part de Ruben Amorim \u00e0 Manchester United \u2013<\/title>\n<meta name=\"robots\" content=\"index, follow, max-snippet:-1, max-image-preview:large, max-video-preview:-1\" \/>\n<link rel=\"canonical\" href=\"https:\/\/footdavant.fr\/actualites\/alejandro-garnacho-reagit-au-depart-de-ruben-amorim-a-manchester-united\/\" \/>\n<meta property=\"og:locale\" content=\"fr_FR\" \/>\n<meta property=\"og:type\" content=\"article\" \/>\n<meta property=\"og:title\" content=\"Alejandro Garnacho r\u00e9agit au d\u00e9part de Ruben Amorim \u00e0 Manchester United \u2013\" \/>\n<meta property=\"og:description\" content=\"2 Manchester United s&#039;est officiellement s\u00e9par\u00e9 de l&#039;entra\u00eeneur-chef Ruben Amorim ce matin apr\u00e8s un match nul 1-1 \u00e0 Elland Road dimanche. Cependant, le limogeage est\" \/>\n<meta property=\"og:url\" content=\"https:\/\/footdavant.fr\/actualites\/alejandro-garnacho-reagit-au-depart-de-ruben-amorim-a-manchester-united\/\" \/>\n<meta property=\"og:site_name\" content=\"Foot d&#039;avant\" \/>\n<meta property=\"article:publisher\" content=\"https:\/\/www.facebook.com\/Footdavant\/\" \/>\n<meta property=\"article:published_time\" content=\"2026-01-05T14:48:18+00:00\" \/>\n<meta property=\"article:modified_time\" content=\"2026-01-05T14:48:20+00:00\" \/>\n<meta property=\"og:image\" content=\"https:\/\/footdavant.fr\/actualites\/wp-content\/uploads\/2026\/01\/Alejandro-Garnacho-reagit-au-depart-de-Ruben-Amorim-a-Manchester.jpg\" \/>\n\t<meta property=\"og:image:width\" content=\"1600\" \/>\n\t<meta property=\"og:image:height\" content=\"708\" \/>\n\t<meta property=\"og:image:type\" content=\"image\/jpeg\" \/>\n<meta name=\"author\" content=\"Cl\u00e9ment\" \/>\n<meta name=\"twitter:card\" content=\"summary_large_image\" \/>\n<meta name=\"twitter:creator\" content=\"@FootdavantFr\" \/>\n<meta name=\"twitter:site\" content=\"@FootdavantFr\" \/>\n<meta name=\"twitter:label1\" content=\"\u00c9crit par\" \/>\n\t<meta name=\"twitter:data1\" content=\"Cl\u00e9ment\" \/>\n\t<meta name=\"twitter:label2\" content=\"Dur\u00e9e de lecture estim\u00e9e\" \/>\n\t<meta name=\"twitter:data2\" content=\"3 minutes\" \/>\n<script type=\"application\/ld+json\" class=\"yoast-schema-graph\">{\"@context\":\"https:\/\/schema.org\",\"@graph\":[{\"@type\":\"Article\",\"@id\":\"https:\/\/footdavant.fr\/actualites\/alejandro-garnacho-reagit-au-depart-de-ruben-amorim-a-manchester-united\/#article\",\"isPartOf\":{\"@id\":\"https:\/\/footdavant.fr\/actualites\/alejandro-garnacho-reagit-au-depart-de-ruben-amorim-a-manchester-united\/\"},\"author\":{\"name\":\"Cl\u00e9ment\",\"@id\":\"https:\/\/footdavant.fr\/actualites\/#\/schema\/person\/bc222566d95871b37e597b3ed3ba5e1d\"},\"headline\":\"Alejandro Garnacho r\u00e9agit au d\u00e9part de Ruben Amorim \u00e0 Manchester United \u2013\",\"datePublished\":\"2026-01-05T14:48:18+00:00\",\"dateModified\":\"2026-01-05T14:48:20+00:00\",\"mainEntityOfPage\":{\"@id\":\"https:\/\/footdavant.fr\/actualites\/alejandro-garnacho-reagit-au-depart-de-ruben-amorim-a-manchester-united\/\"},\"wordCount\":597,\"publisher\":{\"@id\":\"https:\/\/footdavant.fr\/actualites\/#organization\"},\"keywords\":[\"Alejandro\",\"Amorim\",\"d\u00e9part\",\"Garnacho\",\"Manchester\",\"r\u00e9agit\",\"Ruben\",\"United\"],\"articleSection\":[\"Football\"],\"inLanguage\":\"fr-FR\"},{\"@type\":\"WebPage\",\"@id\":\"https:\/\/footdavant.fr\/actualites\/alejandro-garnacho-reagit-au-depart-de-ruben-amorim-a-manchester-united\/\",\"url\":\"https:\/\/footdavant.fr\/actualites\/alejandro-garnacho-reagit-au-depart-de-ruben-amorim-a-manchester-united\/\",\"name\":\"Alejandro Garnacho r\u00e9agit au d\u00e9part de Ruben Amorim \u00e0 Manchester United \u2013\",\"isPartOf\":{\"@id\":\"https:\/\/footdavant.fr\/actualites\/#website\"},\"datePublished\":\"2026-01-05T14:48:18+00:00\",\"dateModified\":\"2026-01-05T14:48:20+00:00\",\"breadcrumb\":{\"@id\":\"https:\/\/footdavant.fr\/actualites\/alejandro-garnacho-reagit-au-depart-de-ruben-amorim-a-manchester-united\/#breadcrumb\"},\"inLanguage\":\"fr-FR\",\"potentialAction\":[{\"@type\":\"ReadAction\",\"target\":[\"https:\/\/footdavant.fr\/actualites\/alejandro-garnacho-reagit-au-depart-de-ruben-amorim-a-manchester-united\/\"]}]},{\"@type\":\"BreadcrumbList\",\"@id\":\"https:\/\/footdavant.fr\/actualites\/alejandro-garnacho-reagit-au-depart-de-ruben-amorim-a-manchester-united\/#breadcrumb\",\"itemListElement\":[{\"@type\":\"ListItem\",\"position\":1,\"name\":\"Accueil\",\"item\":\"https:\/\/footdavant.fr\/actualites\/\"},{\"@type\":\"ListItem\",\"position\":2,\"name\":\"Alejandro Garnacho r\u00e9agit au d\u00e9part de Ruben Amorim \u00e0 Manchester United \u2013\"}]},{\"@type\":\"WebSite\",\"@id\":\"https:\/\/footdavant.fr\/actualites\/#website\",\"url\":\"https:\/\/footdavant.fr\/actualites\/\",\"name\":\"Foot d'avant\",\"description\":\"\",\"publisher\":{\"@id\":\"https:\/\/footdavant.fr\/actualites\/#organization\"},\"potentialAction\":[{\"@type\":\"SearchAction\",\"target\":{\"@type\":\"EntryPoint\",\"urlTemplate\":\"https:\/\/footdavant.fr\/actualites\/?s={search_term_string}\"},\"query-input\":\"required name=search_term_string\"}],\"inLanguage\":\"fr-FR\"},{\"@type\":\"Organization\",\"@id\":\"https:\/\/footdavant.fr\/actualites\/#organization\",\"name\":\"Foot d'avant\",\"url\":\"https:\/\/footdavant.fr\/actualites\/\",\"logo\":{\"@type\":\"ImageObject\",\"inLanguage\":\"fr-FR\",\"@id\":\"https:\/\/footdavant.fr\/actualites\/#\/schema\/logo\/image\/\",\"url\":\"https:\/\/footdavant.fr\/actualites\/wp-content\/uploads\/2023\/09\/Copy-of-FootDavant-Logo.png\",\"contentUrl\":\"https:\/\/footdavant.fr\/actualites\/wp-content\/uploads\/2023\/09\/Copy-of-FootDavant-Logo.png\",\"width\":936,\"height\":549,\"caption\":\"Foot d'avant\"},\"image\":{\"@id\":\"https:\/\/footdavant.fr\/actualites\/#\/schema\/logo\/image\/\"},\"sameAs\":[\"https:\/\/www.facebook.com\/Footdavant\/\",\"https:\/\/twitter.com\/FootdavantFr\",\"https:\/\/www.instagram.com\/footdavant.fr\/\"]},{\"@type\":\"Person\",\"@id\":\"https:\/\/footdavant.fr\/actualites\/#\/schema\/person\/bc222566d95871b37e597b3ed3ba5e1d\",\"name\":\"Cl\u00e9ment\",\"image\":{\"@type\":\"ImageObject\",\"inLanguage\":\"fr-FR\",\"@id\":\"https:\/\/footdavant.fr\/actualites\/#\/schema\/person\/image\/\",\"url\":\"https:\/\/secure.gravatar.com\/avatar\/7728b29aac2719421e1a9159b2254c44?s=96&d=mm&r=g\",\"contentUrl\":\"https:\/\/secure.gravatar.com\/avatar\/7728b29aac2719421e1a9159b2254c44?s=96&d=mm&r=g\",\"caption\":\"Cl\u00e9ment\"},\"sameAs\":[\"https:\/\/footdavant.fr\/\"]}]}<\/script>\n<!-- \/ Yoast SEO plugin. -->","yoast_head_json":{"title":"Alejandro Garnacho r\u00e9agit au d\u00e9part de Ruben Amorim \u00e0 Manchester United \u2013","robots":{"index":"index","follow":"follow","max-snippet":"max-snippet:-1","max-image-preview":"max-image-preview:large","max-video-preview":"max-video-preview:-1"},"canonical":"https:\/\/footdavant.fr\/actualites\/alejandro-garnacho-reagit-au-depart-de-ruben-amorim-a-manchester-united\/","og_locale":"fr_FR","og_type":"article","og_title":"Alejandro Garnacho r\u00e9agit au d\u00e9part de Ruben Amorim \u00e0 Manchester United \u2013","og_description":"2 Manchester United s&#39;est officiellement s\u00e9par\u00e9 de l&#39;entra\u00eeneur-chef Ruben Amorim ce matin apr\u00e8s un match nul 1-1 \u00e0 Elland Road dimanche. Cependant, le limogeage est","og_url":"https:\/\/footdavant.fr\/actualites\/alejandro-garnacho-reagit-au-depart-de-ruben-amorim-a-manchester-united\/","og_site_name":"Foot d&#039;avant","article_publisher":"https:\/\/www.facebook.com\/Footdavant\/","article_published_time":"2026-01-05T14:48:18+00:00","article_modified_time":"2026-01-05T14:48:20+00:00","og_image":[{"width":1600,"height":708,"url":"https:\/\/footdavant.fr\/actualites\/wp-content\/uploads\/2026\/01\/Alejandro-Garnacho-reagit-au-depart-de-Ruben-Amorim-a-Manchester.jpg","type":"image\/jpeg"}],"author":"Cl\u00e9ment","twitter_card":"summary_large_image","twitter_creator":"@FootdavantFr","twitter_site":"@FootdavantFr","twitter_misc":{"\u00c9crit par":"Cl\u00e9ment","Dur\u00e9e de lecture estim\u00e9e":"3 minutes"},"schema":{"@context":"https:\/\/schema.org","@graph":[{"@type":"Article","@id":"https:\/\/footdavant.fr\/actualites\/alejandro-garnacho-reagit-au-depart-de-ruben-amorim-a-manchester-united\/#article","isPartOf":{"@id":"https:\/\/footdavant.fr\/actualites\/alejandro-garnacho-reagit-au-depart-de-ruben-amorim-a-manchester-united\/"},"author":{"name":"Cl\u00e9ment","@id":"https:\/\/footdavant.fr\/actualites\/#\/schema\/person\/bc222566d95871b37e597b3ed3ba5e1d"},"headline":"Alejandro Garnacho r\u00e9agit au d\u00e9part de Ruben Amorim \u00e0 Manchester United \u2013","datePublished":"2026-01-05T14:48:18+00:00","dateModified":"2026-01-05T14:48:20+00:00","mainEntityOfPage":{"@id":"https:\/\/footdavant.fr\/actualites\/alejandro-garnacho-reagit-au-depart-de-ruben-amorim-a-manchester-united\/"},"wordCount":597,"publisher":{"@id":"https:\/\/footdavant.fr\/actualites\/#organization"},"keywords":["Alejandro","Amorim","d\u00e9part","Garnacho","Manchester","r\u00e9agit","Ruben","United"],"articleSection":["Football"],"inLanguage":"fr-FR"},{"@type":"WebPage","@id":"https:\/\/footdavant.fr\/actualites\/alejandro-garnacho-reagit-au-depart-de-ruben-amorim-a-manchester-united\/","url":"https:\/\/footdavant.fr\/actualites\/alejandro-garnacho-reagit-au-depart-de-ruben-amorim-a-manchester-united\/","name":"Alejandro Garnacho r\u00e9agit au d\u00e9part de Ruben Amorim \u00e0 Manchester United \u2013","isPartOf":{"@id":"https:\/\/footdavant.fr\/actualites\/#website"},"datePublished":"2026-01-05T14:48:18+00:00","dateModified":"2026-01-05T14:48:20+00:00","breadcrumb":{"@id":"https:\/\/footdavant.fr\/actualites\/alejandro-garnacho-reagit-au-depart-de-ruben-amorim-a-manchester-united\/#breadcrumb"},"inLanguage":"fr-FR","potentialAction":[{"@type":"ReadAction","target":["https:\/\/footdavant.fr\/actualites\/alejandro-garnacho-reagit-au-depart-de-ruben-amorim-a-manchester-united\/"]}]},{"@type":"BreadcrumbList","@id":"https:\/\/footdavant.fr\/actualites\/alejandro-garnacho-reagit-au-depart-de-ruben-amorim-a-manchester-united\/#breadcrumb","itemListElement":[{"@type":"ListItem","position":1,"name":"Accueil","item":"https:\/\/footdavant.fr\/actualites\/"},{"@type":"ListItem","position":2,"name":"Alejandro Garnacho r\u00e9agit au d\u00e9part de Ruben Amorim \u00e0 Manchester United \u2013"}]},{"@type":"WebSite","@id":"https:\/\/footdavant.fr\/actualites\/#website","url":"https:\/\/footdavant.fr\/actualites\/","name":"Foot d'avant","description":"","publisher":{"@id":"https:\/\/footdavant.fr\/actualites\/#organization"},"potentialAction":[{"@type":"SearchAction","target":{"@type":"EntryPoint","urlTemplate":"https:\/\/footdavant.fr\/actualites\/?s={search_term_string}"},"query-input":"required name=search_term_string"}],"inLanguage":"fr-FR"},{"@type":"Organization","@id":"https:\/\/footdavant.fr\/actualites\/#organization","name":"Foot d'avant","url":"https:\/\/footdavant.fr\/actualites\/","logo":{"@type":"ImageObject","inLanguage":"fr-FR","@id":"https:\/\/footdavant.fr\/actualites\/#\/schema\/logo\/image\/","url":"https:\/\/footdavant.fr\/actualites\/wp-content\/uploads\/2023\/09\/Copy-of-FootDavant-Logo.png","contentUrl":"https:\/\/footdavant.fr\/actualites\/wp-content\/uploads\/2023\/09\/Copy-of-FootDavant-Logo.png","width":936,"height":549,"caption":"Foot d'avant"},"image":{"@id":"https:\/\/footdavant.fr\/actualites\/#\/schema\/logo\/image\/"},"sameAs":["https:\/\/www.facebook.com\/Footdavant\/","https:\/\/twitter.com\/FootdavantFr","https:\/\/www.instagram.com\/footdavant.fr\/"]},{"@type":"Person","@id":"https:\/\/footdavant.fr\/actualites\/#\/schema\/person\/bc222566d95871b37e597b3ed3ba5e1d","name":"Cl\u00e9ment","image":{"@type":"ImageObject","inLanguage":"fr-FR","@id":"https:\/\/footdavant.fr\/actualites\/#\/schema\/person\/image\/","url":"https:\/\/secure.gravatar.com\/avatar\/7728b29aac2719421e1a9159b2254c44?s=96&d=mm&r=g","contentUrl":"https:\/\/secure.gravatar.com\/avatar\/7728b29aac2719421e1a9159b2254c44?s=96&d=mm&r=g","caption":"Cl\u00e9ment"},"sameAs":["https:\/\/footdavant.fr\/"]}]}},"_links":{"self":[{"href":"https:\/\/footdavant.fr\/actualites\/wp-json\/wp\/v2\/posts\/33120"}],"collection":[{"href":"https:\/\/footdavant.fr\/actualites\/wp-json\/wp\/v2\/posts"}],"about":[{"href":"https:\/\/footdavant.fr\/actualites\/wp-json\/wp\/v2\/types\/post"}],"author":[{"embeddable":true,"href":"https:\/\/footdavant.fr\/actualites\/wp-json\/wp\/v2\/users\/1"}],"replies":[{"embeddable":true,"href":"https:\/\/footdavant.fr\/actualites\/wp-json\/wp\/v2\/comments?post=33120"}],"version-history":[{"count":1,"href":"https:\/\/footdavant.fr\/actualites\/wp-json\/wp\/v2\/posts\/33120\/revisions"}],"predecessor-version":[{"id":33122,"href":"https:\/\/footdavant.fr\/actualites\/wp-json\/wp\/v2\/posts\/33120\/revisions\/33122"}],"wp:featuredmedia":[{"embeddable":true,"href":"https:\/\/footdavant.fr\/actualites\/wp-json\/wp\/v2\/media\/33121"}],"wp:attachment":[{"href":"https:\/\/footdavant.fr\/actualites\/wp-json\/wp\/v2\/media?parent=33120"}],"wp:term":[{"taxonomy":"category","embeddable":true,"href":"https:\/\/footdavant.fr\/actualites\/wp-json\/wp\/v2\/categories?post=33120"},{"taxonomy":"post_tag","embeddable":true,"href":"https:\/\/footdavant.fr\/actualites\/wp-json\/wp\/v2\/tags?post=33120"}],"curies":[{"name":"wp","href":"https:\/\/api.w.org\/{rel}","templated":true}]}}