{"id":33156,"date":"2026-01-06T15:48:15","date_gmt":"2026-01-06T14:48:15","guid":{"rendered":"https:\/\/footdavant.fr\/actualites\/pourquoi-chelsea-a-besoin-de-john-terry-dans-lequipe-de-liam-rosenior\/"},"modified":"2026-01-06T15:48:19","modified_gmt":"2026-01-06T14:48:19","slug":"pourquoi-chelsea-a-besoin-de-john-terry-dans-lequipe-de-liam-rosenior","status":"publish","type":"post","link":"https:\/\/footdavant.fr\/actualites\/pourquoi-chelsea-a-besoin-de-john-terry-dans-lequipe-de-liam-rosenior\/","title":{"rendered":"Pourquoi Chelsea a besoin de John Terry dans l&#39;\u00e9quipe de Liam Rosenior"},"content":{"rendered":"<div>\n<p>Les fans de Chelsea sont probablement les plus d\u00e9connect\u00e9s de ce club qu\u2019ils ne l\u2019ont \u00e9t\u00e9 depuis longtemps.<\/p>\n<p>Il y a un r\u00e9el sentiment de m\u00e9contentement envers la propri\u00e9t\u00e9 depuis 3 ans.<\/p>\n<p>Le conseil d&#39;administration de Chelsea doit vraiment faire quelque chose pour rallier un peu certains fans, et l&#39;embauche de John Terry au sein de l&#39;\u00e9quipe d&#39;entra\u00eeneurs de Liam Rosenior dans la formation senior contribuera grandement \u00e0 y parvenir.<\/p>\n<p>Comme Terry l&#39;a expliqu\u00e9 hier, il poss\u00e8de tous ses badges d&#39;entra\u00eeneur ainsi que trois ans d&#39;exp\u00e9rience d&#39;entra\u00eeneur en Premier League. Il est d\u00e9sormais suffisamment qualifi\u00e9 pour \u00eatre directeur adjoint \u00e0 Chelsea et il est d\u00e9j\u00e0 employ\u00e9 par le club.<\/p>\n<p>L&#39;homme est clairement d\u00e9sesp\u00e9r\u00e9 d&#39;obtenir un r\u00f4le au sein de l&#39;\u00e9quipe premi\u00e8re, et m\u00eame si je comprends certaines inqui\u00e9tudes justifi\u00e9es qui ont \u00e9t\u00e9 soulev\u00e9es \u00e0 ce sujet, je pense que c&#39;est une \u00e9vidence.<\/p>\n<p>Personne ne conna\u00eet ce club mieux que Terry. Personne n&#39;aime ce club plus que Terry. Les joueurs \u00e9couteront Terry. Je ne dis pas de lui donner les cl\u00e9s tactiques. Mais l\u2019avoir dans un vestiaire comme facteur de motivation ne fera qu\u2019aider Liam Rosenior et les joueurs.<\/p>\n<p>Nous parlons de matchs comme Leeds United et d&#39;autres ces derniers temps, o\u00f9 les joueurs semblent simplement se replier et ne se battent pas. Pensez-vous que si Terry \u00e9tait dans le vestiaire, cela arriverait ? Je ne pense pas. Aucun joueur ne serait autoris\u00e9 \u00e0 ignorer l\u2019importance et l\u2019histoire d\u2019un tel match.<\/p>\n<p>Terry pourrait concentrer son entra\u00eenement sur le c\u00f4t\u00e9 d\u00e9fensif et travailler avec les d\u00e9fenseurs. Quel jeune d\u00e9fenseur en herbe ne voudrait pas travailler aux c\u00f4t\u00e9s de Terry et \u00e9couter ce qu\u2019il a \u00e0 dire ? Il est facilement l\u2019un des meilleurs d\u00e9fenseurs centraux \u00e0 avoir jamais jou\u00e9, et il sait de quoi il parle.<\/p>\n<p>Terry pourrait parfaitement aider la transition de Liam vers le club. Je ne pense pas un instant que Liam ait besoin que quelqu&#39;un lui tienne la main parce qu&#39;il a sa propre mentalit\u00e9. Mais je pense que personne impliqu\u00e9 dans le club ne devrait refuser, ou ne voudrait refuser, l&#39;aide de John Terry.<\/p>\n<p>Chelsea, fais ce qu&#39;il faut et am\u00e8ne enfin Terry dans un r\u00f4le d&#39;entra\u00eeneur senior.<\/p>\n<\/p><\/div>\n","protected":false},"excerpt":{"rendered":"<p>Les fans de Chelsea sont probablement les plus d\u00e9connect\u00e9s de ce club qu\u2019ils ne l\u2019ont \u00e9t\u00e9 depuis longtemps. Il y a un r\u00e9el sentiment de<\/p>\n","protected":false},"author":1,"featured_media":33157,"comment_status":"closed","ping_status":"","sticky":false,"template":"","format":"standard","meta":{"footnotes":""},"categories":[3],"tags":[433,171,19,501,4219,5457,610,10942,502],"yoast_head":"<!-- This site is optimized with the Yoast SEO plugin v21.0 - https:\/\/yoast.com\/wordpress\/plugins\/seo\/ -->\n<title>Pourquoi Chelsea a besoin de John Terry dans l&#039;\u00e9quipe de Liam Rosenior<\/title>\n<meta name=\"robots\" content=\"index, follow, max-snippet:-1, max-image-preview:large, max-video-preview:-1\" \/>\n<link rel=\"canonical\" href=\"https:\/\/footdavant.fr\/actualites\/pourquoi-chelsea-a-besoin-de-john-terry-dans-lequipe-de-liam-rosenior\/\" \/>\n<meta property=\"og:locale\" content=\"fr_FR\" \/>\n<meta property=\"og:type\" content=\"article\" \/>\n<meta property=\"og:title\" content=\"Pourquoi Chelsea a besoin de John Terry dans l&#039;\u00e9quipe de Liam Rosenior\" \/>\n<meta property=\"og:description\" content=\"Les fans de Chelsea sont probablement les plus d\u00e9connect\u00e9s de ce club qu\u2019ils ne l\u2019ont \u00e9t\u00e9 depuis longtemps. Il y a un r\u00e9el sentiment de\" \/>\n<meta property=\"og:url\" content=\"https:\/\/footdavant.fr\/actualites\/pourquoi-chelsea-a-besoin-de-john-terry-dans-lequipe-de-liam-rosenior\/\" \/>\n<meta property=\"og:site_name\" content=\"Foot d&#039;avant\" \/>\n<meta property=\"article:publisher\" content=\"https:\/\/www.facebook.com\/Footdavant\/\" \/>\n<meta property=\"article:published_time\" content=\"2026-01-06T14:48:15+00:00\" \/>\n<meta property=\"article:modified_time\" content=\"2026-01-06T14:48:19+00:00\" \/>\n<meta property=\"og:image\" content=\"https:\/\/footdavant.fr\/actualites\/wp-content\/uploads\/2026\/01\/Pourquoi-Chelsea-a-besoin-de-John-Terry-dans-l39equipe-de.jpg\" \/>\n\t<meta property=\"og:image:width\" content=\"2560\" \/>\n\t<meta property=\"og:image:height\" content=\"1730\" \/>\n\t<meta property=\"og:image:type\" content=\"image\/jpeg\" \/>\n<meta name=\"author\" content=\"Cl\u00e9ment\" \/>\n<meta name=\"twitter:card\" content=\"summary_large_image\" \/>\n<meta name=\"twitter:creator\" content=\"@FootdavantFr\" \/>\n<meta name=\"twitter:site\" content=\"@FootdavantFr\" \/>\n<meta name=\"twitter:label1\" content=\"\u00c9crit par\" \/>\n\t<meta name=\"twitter:data1\" content=\"Cl\u00e9ment\" \/>\n\t<meta name=\"twitter:label2\" content=\"Dur\u00e9e de lecture estim\u00e9e\" \/>\n\t<meta name=\"twitter:data2\" content=\"2 minutes\" \/>\n<script type=\"application\/ld+json\" class=\"yoast-schema-graph\">{\"@context\":\"https:\/\/schema.org\",\"@graph\":[{\"@type\":\"Article\",\"@id\":\"https:\/\/footdavant.fr\/actualites\/pourquoi-chelsea-a-besoin-de-john-terry-dans-lequipe-de-liam-rosenior\/#article\",\"isPartOf\":{\"@id\":\"https:\/\/footdavant.fr\/actualites\/pourquoi-chelsea-a-besoin-de-john-terry-dans-lequipe-de-liam-rosenior\/\"},\"author\":{\"name\":\"Cl\u00e9ment\",\"@id\":\"https:\/\/footdavant.fr\/actualites\/#\/schema\/person\/bc222566d95871b37e597b3ed3ba5e1d\"},\"headline\":\"Pourquoi Chelsea a besoin de John Terry dans l&#39;\u00e9quipe de Liam Rosenior\",\"datePublished\":\"2026-01-06T14:48:15+00:00\",\"dateModified\":\"2026-01-06T14:48:19+00:00\",\"mainEntityOfPage\":{\"@id\":\"https:\/\/footdavant.fr\/actualites\/pourquoi-chelsea-a-besoin-de-john-terry-dans-lequipe-de-liam-rosenior\/\"},\"wordCount\":426,\"publisher\":{\"@id\":\"https:\/\/footdavant.fr\/actualites\/#organization\"},\"keywords\":[\"besoin\",\"Chelsea\",\"dans\",\"John\",\"l39\u00e9quipe\",\"Liam\",\"Pourquoi\",\"Rosenior\",\"Terry\"],\"articleSection\":[\"Football\"],\"inLanguage\":\"fr-FR\"},{\"@type\":\"WebPage\",\"@id\":\"https:\/\/footdavant.fr\/actualites\/pourquoi-chelsea-a-besoin-de-john-terry-dans-lequipe-de-liam-rosenior\/\",\"url\":\"https:\/\/footdavant.fr\/actualites\/pourquoi-chelsea-a-besoin-de-john-terry-dans-lequipe-de-liam-rosenior\/\",\"name\":\"Pourquoi Chelsea a besoin de John Terry dans l&#39;\u00e9quipe de Liam Rosenior\",\"isPartOf\":{\"@id\":\"https:\/\/footdavant.fr\/actualites\/#website\"},\"datePublished\":\"2026-01-06T14:48:15+00:00\",\"dateModified\":\"2026-01-06T14:48:19+00:00\",\"breadcrumb\":{\"@id\":\"https:\/\/footdavant.fr\/actualites\/pourquoi-chelsea-a-besoin-de-john-terry-dans-lequipe-de-liam-rosenior\/#breadcrumb\"},\"inLanguage\":\"fr-FR\",\"potentialAction\":[{\"@type\":\"ReadAction\",\"target\":[\"https:\/\/footdavant.fr\/actualites\/pourquoi-chelsea-a-besoin-de-john-terry-dans-lequipe-de-liam-rosenior\/\"]}]},{\"@type\":\"BreadcrumbList\",\"@id\":\"https:\/\/footdavant.fr\/actualites\/pourquoi-chelsea-a-besoin-de-john-terry-dans-lequipe-de-liam-rosenior\/#breadcrumb\",\"itemListElement\":[{\"@type\":\"ListItem\",\"position\":1,\"name\":\"Accueil\",\"item\":\"https:\/\/footdavant.fr\/actualites\/\"},{\"@type\":\"ListItem\",\"position\":2,\"name\":\"Pourquoi Chelsea a besoin de John Terry dans l&#39;\u00e9quipe de Liam Rosenior\"}]},{\"@type\":\"WebSite\",\"@id\":\"https:\/\/footdavant.fr\/actualites\/#website\",\"url\":\"https:\/\/footdavant.fr\/actualites\/\",\"name\":\"Foot d'avant\",\"description\":\"\",\"publisher\":{\"@id\":\"https:\/\/footdavant.fr\/actualites\/#organization\"},\"potentialAction\":[{\"@type\":\"SearchAction\",\"target\":{\"@type\":\"EntryPoint\",\"urlTemplate\":\"https:\/\/footdavant.fr\/actualites\/?s={search_term_string}\"},\"query-input\":\"required name=search_term_string\"}],\"inLanguage\":\"fr-FR\"},{\"@type\":\"Organization\",\"@id\":\"https:\/\/footdavant.fr\/actualites\/#organization\",\"name\":\"Foot d'avant\",\"url\":\"https:\/\/footdavant.fr\/actualites\/\",\"logo\":{\"@type\":\"ImageObject\",\"inLanguage\":\"fr-FR\",\"@id\":\"https:\/\/footdavant.fr\/actualites\/#\/schema\/logo\/image\/\",\"url\":\"https:\/\/footdavant.fr\/actualites\/wp-content\/uploads\/2023\/09\/Copy-of-FootDavant-Logo.png\",\"contentUrl\":\"https:\/\/footdavant.fr\/actualites\/wp-content\/uploads\/2023\/09\/Copy-of-FootDavant-Logo.png\",\"width\":936,\"height\":549,\"caption\":\"Foot d'avant\"},\"image\":{\"@id\":\"https:\/\/footdavant.fr\/actualites\/#\/schema\/logo\/image\/\"},\"sameAs\":[\"https:\/\/www.facebook.com\/Footdavant\/\",\"https:\/\/twitter.com\/FootdavantFr\",\"https:\/\/www.instagram.com\/footdavant.fr\/\"]},{\"@type\":\"Person\",\"@id\":\"https:\/\/footdavant.fr\/actualites\/#\/schema\/person\/bc222566d95871b37e597b3ed3ba5e1d\",\"name\":\"Cl\u00e9ment\",\"image\":{\"@type\":\"ImageObject\",\"inLanguage\":\"fr-FR\",\"@id\":\"https:\/\/footdavant.fr\/actualites\/#\/schema\/person\/image\/\",\"url\":\"https:\/\/secure.gravatar.com\/avatar\/7728b29aac2719421e1a9159b2254c44?s=96&d=mm&r=g\",\"contentUrl\":\"https:\/\/secure.gravatar.com\/avatar\/7728b29aac2719421e1a9159b2254c44?s=96&d=mm&r=g\",\"caption\":\"Cl\u00e9ment\"},\"sameAs\":[\"https:\/\/footdavant.fr\/\"]}]}<\/script>\n<!-- \/ Yoast SEO plugin. -->","yoast_head_json":{"title":"Pourquoi Chelsea a besoin de John Terry dans l&#39;\u00e9quipe de Liam Rosenior","robots":{"index":"index","follow":"follow","max-snippet":"max-snippet:-1","max-image-preview":"max-image-preview:large","max-video-preview":"max-video-preview:-1"},"canonical":"https:\/\/footdavant.fr\/actualites\/pourquoi-chelsea-a-besoin-de-john-terry-dans-lequipe-de-liam-rosenior\/","og_locale":"fr_FR","og_type":"article","og_title":"Pourquoi Chelsea a besoin de John Terry dans l&#39;\u00e9quipe de Liam Rosenior","og_description":"Les fans de Chelsea sont probablement les plus d\u00e9connect\u00e9s de ce club qu\u2019ils ne l\u2019ont \u00e9t\u00e9 depuis longtemps. Il y a un r\u00e9el sentiment de","og_url":"https:\/\/footdavant.fr\/actualites\/pourquoi-chelsea-a-besoin-de-john-terry-dans-lequipe-de-liam-rosenior\/","og_site_name":"Foot d&#039;avant","article_publisher":"https:\/\/www.facebook.com\/Footdavant\/","article_published_time":"2026-01-06T14:48:15+00:00","article_modified_time":"2026-01-06T14:48:19+00:00","og_image":[{"width":2560,"height":1730,"url":"https:\/\/footdavant.fr\/actualites\/wp-content\/uploads\/2026\/01\/Pourquoi-Chelsea-a-besoin-de-John-Terry-dans-l39equipe-de.jpg","type":"image\/jpeg"}],"author":"Cl\u00e9ment","twitter_card":"summary_large_image","twitter_creator":"@FootdavantFr","twitter_site":"@FootdavantFr","twitter_misc":{"\u00c9crit par":"Cl\u00e9ment","Dur\u00e9e de lecture estim\u00e9e":"2 minutes"},"schema":{"@context":"https:\/\/schema.org","@graph":[{"@type":"Article","@id":"https:\/\/footdavant.fr\/actualites\/pourquoi-chelsea-a-besoin-de-john-terry-dans-lequipe-de-liam-rosenior\/#article","isPartOf":{"@id":"https:\/\/footdavant.fr\/actualites\/pourquoi-chelsea-a-besoin-de-john-terry-dans-lequipe-de-liam-rosenior\/"},"author":{"name":"Cl\u00e9ment","@id":"https:\/\/footdavant.fr\/actualites\/#\/schema\/person\/bc222566d95871b37e597b3ed3ba5e1d"},"headline":"Pourquoi Chelsea a besoin de John Terry dans l&#39;\u00e9quipe de Liam Rosenior","datePublished":"2026-01-06T14:48:15+00:00","dateModified":"2026-01-06T14:48:19+00:00","mainEntityOfPage":{"@id":"https:\/\/footdavant.fr\/actualites\/pourquoi-chelsea-a-besoin-de-john-terry-dans-lequipe-de-liam-rosenior\/"},"wordCount":426,"publisher":{"@id":"https:\/\/footdavant.fr\/actualites\/#organization"},"keywords":["besoin","Chelsea","dans","John","l39\u00e9quipe","Liam","Pourquoi","Rosenior","Terry"],"articleSection":["Football"],"inLanguage":"fr-FR"},{"@type":"WebPage","@id":"https:\/\/footdavant.fr\/actualites\/pourquoi-chelsea-a-besoin-de-john-terry-dans-lequipe-de-liam-rosenior\/","url":"https:\/\/footdavant.fr\/actualites\/pourquoi-chelsea-a-besoin-de-john-terry-dans-lequipe-de-liam-rosenior\/","name":"Pourquoi Chelsea a besoin de John Terry dans l&#39;\u00e9quipe de Liam Rosenior","isPartOf":{"@id":"https:\/\/footdavant.fr\/actualites\/#website"},"datePublished":"2026-01-06T14:48:15+00:00","dateModified":"2026-01-06T14:48:19+00:00","breadcrumb":{"@id":"https:\/\/footdavant.fr\/actualites\/pourquoi-chelsea-a-besoin-de-john-terry-dans-lequipe-de-liam-rosenior\/#breadcrumb"},"inLanguage":"fr-FR","potentialAction":[{"@type":"ReadAction","target":["https:\/\/footdavant.fr\/actualites\/pourquoi-chelsea-a-besoin-de-john-terry-dans-lequipe-de-liam-rosenior\/"]}]},{"@type":"BreadcrumbList","@id":"https:\/\/footdavant.fr\/actualites\/pourquoi-chelsea-a-besoin-de-john-terry-dans-lequipe-de-liam-rosenior\/#breadcrumb","itemListElement":[{"@type":"ListItem","position":1,"name":"Accueil","item":"https:\/\/footdavant.fr\/actualites\/"},{"@type":"ListItem","position":2,"name":"Pourquoi Chelsea a besoin de John Terry dans l&#39;\u00e9quipe de Liam Rosenior"}]},{"@type":"WebSite","@id":"https:\/\/footdavant.fr\/actualites\/#website","url":"https:\/\/footdavant.fr\/actualites\/","name":"Foot d'avant","description":"","publisher":{"@id":"https:\/\/footdavant.fr\/actualites\/#organization"},"potentialAction":[{"@type":"SearchAction","target":{"@type":"EntryPoint","urlTemplate":"https:\/\/footdavant.fr\/actualites\/?s={search_term_string}"},"query-input":"required name=search_term_string"}],"inLanguage":"fr-FR"},{"@type":"Organization","@id":"https:\/\/footdavant.fr\/actualites\/#organization","name":"Foot d'avant","url":"https:\/\/footdavant.fr\/actualites\/","logo":{"@type":"ImageObject","inLanguage":"fr-FR","@id":"https:\/\/footdavant.fr\/actualites\/#\/schema\/logo\/image\/","url":"https:\/\/footdavant.fr\/actualites\/wp-content\/uploads\/2023\/09\/Copy-of-FootDavant-Logo.png","contentUrl":"https:\/\/footdavant.fr\/actualites\/wp-content\/uploads\/2023\/09\/Copy-of-FootDavant-Logo.png","width":936,"height":549,"caption":"Foot d'avant"},"image":{"@id":"https:\/\/footdavant.fr\/actualites\/#\/schema\/logo\/image\/"},"sameAs":["https:\/\/www.facebook.com\/Footdavant\/","https:\/\/twitter.com\/FootdavantFr","https:\/\/www.instagram.com\/footdavant.fr\/"]},{"@type":"Person","@id":"https:\/\/footdavant.fr\/actualites\/#\/schema\/person\/bc222566d95871b37e597b3ed3ba5e1d","name":"Cl\u00e9ment","image":{"@type":"ImageObject","inLanguage":"fr-FR","@id":"https:\/\/footdavant.fr\/actualites\/#\/schema\/person\/image\/","url":"https:\/\/secure.gravatar.com\/avatar\/7728b29aac2719421e1a9159b2254c44?s=96&d=mm&r=g","contentUrl":"https:\/\/secure.gravatar.com\/avatar\/7728b29aac2719421e1a9159b2254c44?s=96&d=mm&r=g","caption":"Cl\u00e9ment"},"sameAs":["https:\/\/footdavant.fr\/"]}]}},"_links":{"self":[{"href":"https:\/\/footdavant.fr\/actualites\/wp-json\/wp\/v2\/posts\/33156"}],"collection":[{"href":"https:\/\/footdavant.fr\/actualites\/wp-json\/wp\/v2\/posts"}],"about":[{"href":"https:\/\/footdavant.fr\/actualites\/wp-json\/wp\/v2\/types\/post"}],"author":[{"embeddable":true,"href":"https:\/\/footdavant.fr\/actualites\/wp-json\/wp\/v2\/users\/1"}],"replies":[{"embeddable":true,"href":"https:\/\/footdavant.fr\/actualites\/wp-json\/wp\/v2\/comments?post=33156"}],"version-history":[{"count":1,"href":"https:\/\/footdavant.fr\/actualites\/wp-json\/wp\/v2\/posts\/33156\/revisions"}],"predecessor-version":[{"id":33158,"href":"https:\/\/footdavant.fr\/actualites\/wp-json\/wp\/v2\/posts\/33156\/revisions\/33158"}],"wp:featuredmedia":[{"embeddable":true,"href":"https:\/\/footdavant.fr\/actualites\/wp-json\/wp\/v2\/media\/33157"}],"wp:attachment":[{"href":"https:\/\/footdavant.fr\/actualites\/wp-json\/wp\/v2\/media?parent=33156"}],"wp:term":[{"taxonomy":"category","embeddable":true,"href":"https:\/\/footdavant.fr\/actualites\/wp-json\/wp\/v2\/categories?post=33156"},{"taxonomy":"post_tag","embeddable":true,"href":"https:\/\/footdavant.fr\/actualites\/wp-json\/wp\/v2\/tags?post=33156"}],"curies":[{"name":"wp","href":"https:\/\/api.w.org\/{rel}","templated":true}]}}