{"id":3316,"date":"2024-01-01T22:48:22","date_gmt":"2024-01-01T21:48:22","guid":{"rendered":"https:\/\/footdavant.fr\/actualites\/bernd-leno-de-fulham-ne-fera-face-a-aucune-action-suite-a-une-apparente-poussee-du-garcon-de-balle\/"},"modified":"2024-01-01T22:48:22","modified_gmt":"2024-01-01T21:48:22","slug":"bernd-leno-de-fulham-ne-fera-face-a-aucune-action-suite-a-une-apparente-poussee-du-garcon-de-balle","status":"publish","type":"post","link":"https:\/\/footdavant.fr\/actualites\/bernd-leno-de-fulham-ne-fera-face-a-aucune-action-suite-a-une-apparente-poussee-du-garcon-de-balle\/","title":{"rendered":"Bernd Leno de Fulham \u00ab\u00a0ne fera face \u00e0 aucune action suite \u00e0 une apparente pouss\u00e9e du gar\u00e7on de balle\u00a0\u00bb"},"content":{"rendered":"<p>Le gardien de Fulham, Bernd Leno, aurait \u00e9chapp\u00e9 \u00e0 une nouvelle punition pour avoir pouss\u00e9 un ramasseur de balle lors de la d\u00e9faite 3-0 de mardi contre Bournemouth.<\/p>\n<div id=\"article_body\" itemprop=\"articleBody\">\n<h3 class=\"firstPara\">\n<strong class=\"autotag\">Fulham<\/strong> gardien de but <strong class=\"autotag\">Bernd Leno<\/strong> devrait \u00e9chapper \u00e0 une action r\u00e9trospective pour avoir pouss\u00e9 un ramasseur de balle lors de la d\u00e9faite 3-0 contre <strong class=\"autotag\">Bournemouth<\/strong> le lendemain de No\u00ebl.<\/h3>\n<p>Le gardien allemand a plac\u00e9 son bras gauche sur le gar\u00e7on alors qu&rsquo;il tentait de r\u00e9cup\u00e9rer rapidement le ballon pour un coup de pied de but en seconde p\u00e9riode. <\/p>\n<p>Alors que Leno s&rsquo;est ensuite excus\u00e9 aupr\u00e8s du gar\u00e7on, l&rsquo;arbitre <strong class=\"autotag\">Tim Robinson<\/strong> s&rsquo;est rendu sur la ligne de touche pour parler \u00e0 un arbitre du match.<\/p>\n<p>L&rsquo;officiel a donn\u00e9 l&rsquo;ordre de retirer tous les ramasseurs de balles et d&rsquo;abandonner le protocole multi-balles pour le reste de la comp\u00e9tition.<\/p>\n<p>Leno, qui avait d\u00e9j\u00e0 \u00e9t\u00e9 averti plus t\u00f4t dans la comp\u00e9tition, n&rsquo;a pas \u00e9t\u00e9 puni pour l&rsquo;altercation survenue lors du match du Boxing Day.<\/p>\n<p class=\"imgI\">\n<p>Selon <em>Le miroir<\/em>l&rsquo;ancien gardien d&rsquo;Arsenal devrait \u00e9chapper \u00e0 toute action r\u00e9trospective de la Football Association.<\/p>\n<p>Le rapport affirme que Leno \u00e9chappera \u00e0 toute autre sanction parce que l&rsquo;arbitre a r\u00e9gl\u00e9 l&rsquo;incident sur le terrain. <\/p>\n<p>Commentant l&rsquo;incident apr\u00e8s le match, le patron de Fulham <strong class=\"autotag\">Marc Silva<\/strong> a sugg\u00e9r\u00e9 que les ramasseurs de balles avaient re\u00e7u pour instruction de ralentir le jeu.<\/p>\n<p>Silva a d\u00e9clar\u00e9 aux journalistes : \u00ab\u00a0J&rsquo;en ai parl\u00e9 avec Bernd. Il est clair qu&rsquo;il a parl\u00e9 au gar\u00e7on apr\u00e8s le moment. Il est un professionnel de haut niveau, il voulait jouer vite mais les ramasseurs de balle tenaient le ballon.<\/p>\n<p class=\"imgI\"><img decoding=\"async\" loading=\"lazy\" class=\"l\" src=\"https:\/\/footdavant.fr\/actualites\/wp-content\/uploads\/2024\/01\/1704145702_854_Bernd-Leno-de-Fulham-ne-fera-face-a-aucune-action.jpg\" title=\"Marco Silva, manager de Fulham, c\u00e9l\u00e8bre apr\u00e8s le match du 1er novembre 2023\" alt=\"Marco Silva, manager de Fulham, c\u00e9l\u00e8bre apr\u00e8s le match du 1er novembre 2023\" width=\"640\" height=\"480\"><\/p>\n<p>\u00ab\u00a0Je ne sais pas qui leur a donn\u00e9 les instructions pour le tenir. Il a touch\u00e9 le ramasseur de balle, pas ne l&rsquo;a pouss\u00e9 &#8211; ce sont des choses diff\u00e9rentes. Je ne suis pas anglais mais je connais la diff\u00e9rence. Il l&rsquo;a touch\u00e9.<\/p>\n<p>\u00ab\u00a0Le quatri\u00e8me arbitre a clairement indiqu\u00e9 que les ramasseurs de balles retardaient le jeu. Nous voulions jouer vite. Les ramasseurs de balles ont fait leur travail en donnant l&rsquo;ordre de retarder le jeu. \u00c0 ce moment-l\u00e0, l&rsquo;arbitre a d\u00e9cid\u00e9 de mettre fin au multi-ballons.\u00a0\u00bb<\/p>\n<p>Leno, qui a disput\u00e9 les 19 matches de championnat cette saison, sera libre de d\u00e9buter le choc de dimanche contre Arsenal, en qu\u00eate de titre, \u00e0 Craven Cottage.<\/p>\n<p>Apr\u00e8s avoir perdu ses trois derniers matches de Premier League, Fulham cherchera \u00e0 produire une r\u00e9ponse positive lors de son dernier match de 2023.<\/p>\n<\/div>\n","protected":false},"excerpt":{"rendered":"<p>Le gardien de Fulham, Bernd Leno, aurait \u00e9chapp\u00e9 \u00e0 une nouvelle punition pour avoir pouss\u00e9 un ramasseur de balle lors de la d\u00e9faite 3-0 de<\/p>\n","protected":false},"author":1,"featured_media":3317,"comment_status":"closed","ping_status":"","sticky":false,"template":"","format":"standard","meta":{"footnotes":""},"categories":[5],"tags":[2701,2702,2700,2704,2698,1062,707,348,2703,2699,2636,936,92],"yoast_head":"<!-- This site is optimized with the Yoast SEO plugin v21.0 - https:\/\/yoast.com\/wordpress\/plugins\/seo\/ -->\n<title>Bernd Leno de Fulham &quot;ne fera face \u00e0 aucune action suite \u00e0 une apparente pouss\u00e9e du gar\u00e7on de balle&quot;<\/title>\n<meta name=\"robots\" content=\"index, follow, max-snippet:-1, max-image-preview:large, max-video-preview:-1\" \/>\n<link rel=\"canonical\" href=\"https:\/\/footdavant.fr\/actualites\/bernd-leno-de-fulham-ne-fera-face-a-aucune-action-suite-a-une-apparente-poussee-du-garcon-de-balle\/\" \/>\n<meta property=\"og:locale\" content=\"fr_FR\" \/>\n<meta property=\"og:type\" content=\"article\" \/>\n<meta property=\"og:title\" content=\"Bernd Leno de Fulham &quot;ne fera face \u00e0 aucune action suite \u00e0 une apparente pouss\u00e9e du gar\u00e7on de balle&quot;\" \/>\n<meta property=\"og:description\" content=\"Le gardien de Fulham, Bernd Leno, aurait \u00e9chapp\u00e9 \u00e0 une nouvelle punition pour avoir pouss\u00e9 un ramasseur de balle lors de la d\u00e9faite 3-0 de\" \/>\n<meta property=\"og:url\" content=\"https:\/\/footdavant.fr\/actualites\/bernd-leno-de-fulham-ne-fera-face-a-aucune-action-suite-a-une-apparente-poussee-du-garcon-de-balle\/\" \/>\n<meta property=\"og:site_name\" content=\"Foot d&#039;avant\" \/>\n<meta property=\"article:publisher\" content=\"https:\/\/www.facebook.com\/Footdavant\/\" \/>\n<meta property=\"article:published_time\" content=\"2024-01-01T21:48:22+00:00\" \/>\n<meta property=\"og:image\" content=\"https:\/\/footdavant.fr\/actualites\/wp-content\/uploads\/2024\/01\/Bernd-Leno-de-Fulham-ne-fera-face-a-aucune-action.jpg\" \/>\n\t<meta property=\"og:image:width\" content=\"640\" \/>\n\t<meta property=\"og:image:height\" content=\"480\" \/>\n\t<meta property=\"og:image:type\" content=\"image\/jpeg\" \/>\n<meta name=\"author\" content=\"Cl\u00e9ment\" \/>\n<meta name=\"twitter:card\" content=\"summary_large_image\" \/>\n<meta name=\"twitter:creator\" content=\"@FootdavantFr\" \/>\n<meta name=\"twitter:site\" content=\"@FootdavantFr\" \/>\n<meta name=\"twitter:label1\" content=\"\u00c9crit par\" \/>\n\t<meta name=\"twitter:data1\" content=\"Cl\u00e9ment\" \/>\n\t<meta name=\"twitter:label2\" content=\"Dur\u00e9e de lecture estim\u00e9e\" \/>\n\t<meta name=\"twitter:data2\" content=\"2 minutes\" \/>\n<script type=\"application\/ld+json\" class=\"yoast-schema-graph\">{\"@context\":\"https:\/\/schema.org\",\"@graph\":[{\"@type\":\"Article\",\"@id\":\"https:\/\/footdavant.fr\/actualites\/bernd-leno-de-fulham-ne-fera-face-a-aucune-action-suite-a-une-apparente-poussee-du-garcon-de-balle\/#article\",\"isPartOf\":{\"@id\":\"https:\/\/footdavant.fr\/actualites\/bernd-leno-de-fulham-ne-fera-face-a-aucune-action-suite-a-une-apparente-poussee-du-garcon-de-balle\/\"},\"author\":{\"name\":\"Cl\u00e9ment\",\"@id\":\"https:\/\/footdavant.fr\/actualites\/#\/schema\/person\/bc222566d95871b37e597b3ed3ba5e1d\"},\"headline\":\"Bernd Leno de Fulham \u00ab\u00a0ne fera face \u00e0 aucune action suite \u00e0 une apparente pouss\u00e9e du gar\u00e7on de balle\u00a0\u00bb\",\"datePublished\":\"2024-01-01T21:48:22+00:00\",\"dateModified\":\"2024-01-01T21:48:22+00:00\",\"mainEntityOfPage\":{\"@id\":\"https:\/\/footdavant.fr\/actualites\/bernd-leno-de-fulham-ne-fera-face-a-aucune-action-suite-a-une-apparente-poussee-du-garcon-de-balle\/\"},\"wordCount\":437,\"publisher\":{\"@id\":\"https:\/\/footdavant.fr\/actualites\/#organization\"},\"keywords\":[\"action\",\"apparente\",\"aucune\",\"balle\",\"Bernd\",\"face\",\"fera\",\"Fulham\",\"gar\u00e7on\",\"Leno\",\"pouss\u00e9e\",\"suite\",\"une\"],\"articleSection\":[\"Premier League\"],\"inLanguage\":\"fr-FR\"},{\"@type\":\"WebPage\",\"@id\":\"https:\/\/footdavant.fr\/actualites\/bernd-leno-de-fulham-ne-fera-face-a-aucune-action-suite-a-une-apparente-poussee-du-garcon-de-balle\/\",\"url\":\"https:\/\/footdavant.fr\/actualites\/bernd-leno-de-fulham-ne-fera-face-a-aucune-action-suite-a-une-apparente-poussee-du-garcon-de-balle\/\",\"name\":\"Bernd Leno de Fulham \\\"ne fera face \u00e0 aucune action suite \u00e0 une apparente pouss\u00e9e du gar\u00e7on de balle\\\"\",\"isPartOf\":{\"@id\":\"https:\/\/footdavant.fr\/actualites\/#website\"},\"datePublished\":\"2024-01-01T21:48:22+00:00\",\"dateModified\":\"2024-01-01T21:48:22+00:00\",\"breadcrumb\":{\"@id\":\"https:\/\/footdavant.fr\/actualites\/bernd-leno-de-fulham-ne-fera-face-a-aucune-action-suite-a-une-apparente-poussee-du-garcon-de-balle\/#breadcrumb\"},\"inLanguage\":\"fr-FR\",\"potentialAction\":[{\"@type\":\"ReadAction\",\"target\":[\"https:\/\/footdavant.fr\/actualites\/bernd-leno-de-fulham-ne-fera-face-a-aucune-action-suite-a-une-apparente-poussee-du-garcon-de-balle\/\"]}]},{\"@type\":\"BreadcrumbList\",\"@id\":\"https:\/\/footdavant.fr\/actualites\/bernd-leno-de-fulham-ne-fera-face-a-aucune-action-suite-a-une-apparente-poussee-du-garcon-de-balle\/#breadcrumb\",\"itemListElement\":[{\"@type\":\"ListItem\",\"position\":1,\"name\":\"Accueil\",\"item\":\"https:\/\/footdavant.fr\/actualites\/\"},{\"@type\":\"ListItem\",\"position\":2,\"name\":\"Bernd Leno de Fulham \u00ab\u00a0ne fera face \u00e0 aucune action suite \u00e0 une apparente pouss\u00e9e du gar\u00e7on de balle\u00a0\u00bb\"}]},{\"@type\":\"WebSite\",\"@id\":\"https:\/\/footdavant.fr\/actualites\/#website\",\"url\":\"https:\/\/footdavant.fr\/actualites\/\",\"name\":\"Foot d'avant\",\"description\":\"\",\"publisher\":{\"@id\":\"https:\/\/footdavant.fr\/actualites\/#organization\"},\"potentialAction\":[{\"@type\":\"SearchAction\",\"target\":{\"@type\":\"EntryPoint\",\"urlTemplate\":\"https:\/\/footdavant.fr\/actualites\/?s={search_term_string}\"},\"query-input\":\"required name=search_term_string\"}],\"inLanguage\":\"fr-FR\"},{\"@type\":\"Organization\",\"@id\":\"https:\/\/footdavant.fr\/actualites\/#organization\",\"name\":\"Foot d'avant\",\"url\":\"https:\/\/footdavant.fr\/actualites\/\",\"logo\":{\"@type\":\"ImageObject\",\"inLanguage\":\"fr-FR\",\"@id\":\"https:\/\/footdavant.fr\/actualites\/#\/schema\/logo\/image\/\",\"url\":\"https:\/\/footdavant.fr\/actualites\/wp-content\/uploads\/2023\/09\/Copy-of-FootDavant-Logo.png\",\"contentUrl\":\"https:\/\/footdavant.fr\/actualites\/wp-content\/uploads\/2023\/09\/Copy-of-FootDavant-Logo.png\",\"width\":936,\"height\":549,\"caption\":\"Foot d'avant\"},\"image\":{\"@id\":\"https:\/\/footdavant.fr\/actualites\/#\/schema\/logo\/image\/\"},\"sameAs\":[\"https:\/\/www.facebook.com\/Footdavant\/\",\"https:\/\/twitter.com\/FootdavantFr\",\"https:\/\/www.instagram.com\/footdavant.fr\/\"]},{\"@type\":\"Person\",\"@id\":\"https:\/\/footdavant.fr\/actualites\/#\/schema\/person\/bc222566d95871b37e597b3ed3ba5e1d\",\"name\":\"Cl\u00e9ment\",\"image\":{\"@type\":\"ImageObject\",\"inLanguage\":\"fr-FR\",\"@id\":\"https:\/\/footdavant.fr\/actualites\/#\/schema\/person\/image\/\",\"url\":\"https:\/\/secure.gravatar.com\/avatar\/7728b29aac2719421e1a9159b2254c44?s=96&d=mm&r=g\",\"contentUrl\":\"https:\/\/secure.gravatar.com\/avatar\/7728b29aac2719421e1a9159b2254c44?s=96&d=mm&r=g\",\"caption\":\"Cl\u00e9ment\"},\"sameAs\":[\"https:\/\/footdavant.fr\/\"]}]}<\/script>\n<!-- \/ Yoast SEO plugin. -->","yoast_head_json":{"title":"Bernd Leno de Fulham \"ne fera face \u00e0 aucune action suite \u00e0 une apparente pouss\u00e9e du gar\u00e7on de balle\"","robots":{"index":"index","follow":"follow","max-snippet":"max-snippet:-1","max-image-preview":"max-image-preview:large","max-video-preview":"max-video-preview:-1"},"canonical":"https:\/\/footdavant.fr\/actualites\/bernd-leno-de-fulham-ne-fera-face-a-aucune-action-suite-a-une-apparente-poussee-du-garcon-de-balle\/","og_locale":"fr_FR","og_type":"article","og_title":"Bernd Leno de Fulham \"ne fera face \u00e0 aucune action suite \u00e0 une apparente pouss\u00e9e du gar\u00e7on de balle\"","og_description":"Le gardien de Fulham, Bernd Leno, aurait \u00e9chapp\u00e9 \u00e0 une nouvelle punition pour avoir pouss\u00e9 un ramasseur de balle lors de la d\u00e9faite 3-0 de","og_url":"https:\/\/footdavant.fr\/actualites\/bernd-leno-de-fulham-ne-fera-face-a-aucune-action-suite-a-une-apparente-poussee-du-garcon-de-balle\/","og_site_name":"Foot d&#039;avant","article_publisher":"https:\/\/www.facebook.com\/Footdavant\/","article_published_time":"2024-01-01T21:48:22+00:00","og_image":[{"width":640,"height":480,"url":"https:\/\/footdavant.fr\/actualites\/wp-content\/uploads\/2024\/01\/Bernd-Leno-de-Fulham-ne-fera-face-a-aucune-action.jpg","type":"image\/jpeg"}],"author":"Cl\u00e9ment","twitter_card":"summary_large_image","twitter_creator":"@FootdavantFr","twitter_site":"@FootdavantFr","twitter_misc":{"\u00c9crit par":"Cl\u00e9ment","Dur\u00e9e de lecture estim\u00e9e":"2 minutes"},"schema":{"@context":"https:\/\/schema.org","@graph":[{"@type":"Article","@id":"https:\/\/footdavant.fr\/actualites\/bernd-leno-de-fulham-ne-fera-face-a-aucune-action-suite-a-une-apparente-poussee-du-garcon-de-balle\/#article","isPartOf":{"@id":"https:\/\/footdavant.fr\/actualites\/bernd-leno-de-fulham-ne-fera-face-a-aucune-action-suite-a-une-apparente-poussee-du-garcon-de-balle\/"},"author":{"name":"Cl\u00e9ment","@id":"https:\/\/footdavant.fr\/actualites\/#\/schema\/person\/bc222566d95871b37e597b3ed3ba5e1d"},"headline":"Bernd Leno de Fulham \u00ab\u00a0ne fera face \u00e0 aucune action suite \u00e0 une apparente pouss\u00e9e du gar\u00e7on de balle\u00a0\u00bb","datePublished":"2024-01-01T21:48:22+00:00","dateModified":"2024-01-01T21:48:22+00:00","mainEntityOfPage":{"@id":"https:\/\/footdavant.fr\/actualites\/bernd-leno-de-fulham-ne-fera-face-a-aucune-action-suite-a-une-apparente-poussee-du-garcon-de-balle\/"},"wordCount":437,"publisher":{"@id":"https:\/\/footdavant.fr\/actualites\/#organization"},"keywords":["action","apparente","aucune","balle","Bernd","face","fera","Fulham","gar\u00e7on","Leno","pouss\u00e9e","suite","une"],"articleSection":["Premier League"],"inLanguage":"fr-FR"},{"@type":"WebPage","@id":"https:\/\/footdavant.fr\/actualites\/bernd-leno-de-fulham-ne-fera-face-a-aucune-action-suite-a-une-apparente-poussee-du-garcon-de-balle\/","url":"https:\/\/footdavant.fr\/actualites\/bernd-leno-de-fulham-ne-fera-face-a-aucune-action-suite-a-une-apparente-poussee-du-garcon-de-balle\/","name":"Bernd Leno de Fulham \"ne fera face \u00e0 aucune action suite \u00e0 une apparente pouss\u00e9e du gar\u00e7on de balle\"","isPartOf":{"@id":"https:\/\/footdavant.fr\/actualites\/#website"},"datePublished":"2024-01-01T21:48:22+00:00","dateModified":"2024-01-01T21:48:22+00:00","breadcrumb":{"@id":"https:\/\/footdavant.fr\/actualites\/bernd-leno-de-fulham-ne-fera-face-a-aucune-action-suite-a-une-apparente-poussee-du-garcon-de-balle\/#breadcrumb"},"inLanguage":"fr-FR","potentialAction":[{"@type":"ReadAction","target":["https:\/\/footdavant.fr\/actualites\/bernd-leno-de-fulham-ne-fera-face-a-aucune-action-suite-a-une-apparente-poussee-du-garcon-de-balle\/"]}]},{"@type":"BreadcrumbList","@id":"https:\/\/footdavant.fr\/actualites\/bernd-leno-de-fulham-ne-fera-face-a-aucune-action-suite-a-une-apparente-poussee-du-garcon-de-balle\/#breadcrumb","itemListElement":[{"@type":"ListItem","position":1,"name":"Accueil","item":"https:\/\/footdavant.fr\/actualites\/"},{"@type":"ListItem","position":2,"name":"Bernd Leno de Fulham \u00ab\u00a0ne fera face \u00e0 aucune action suite \u00e0 une apparente pouss\u00e9e du gar\u00e7on de balle\u00a0\u00bb"}]},{"@type":"WebSite","@id":"https:\/\/footdavant.fr\/actualites\/#website","url":"https:\/\/footdavant.fr\/actualites\/","name":"Foot d'avant","description":"","publisher":{"@id":"https:\/\/footdavant.fr\/actualites\/#organization"},"potentialAction":[{"@type":"SearchAction","target":{"@type":"EntryPoint","urlTemplate":"https:\/\/footdavant.fr\/actualites\/?s={search_term_string}"},"query-input":"required name=search_term_string"}],"inLanguage":"fr-FR"},{"@type":"Organization","@id":"https:\/\/footdavant.fr\/actualites\/#organization","name":"Foot d'avant","url":"https:\/\/footdavant.fr\/actualites\/","logo":{"@type":"ImageObject","inLanguage":"fr-FR","@id":"https:\/\/footdavant.fr\/actualites\/#\/schema\/logo\/image\/","url":"https:\/\/footdavant.fr\/actualites\/wp-content\/uploads\/2023\/09\/Copy-of-FootDavant-Logo.png","contentUrl":"https:\/\/footdavant.fr\/actualites\/wp-content\/uploads\/2023\/09\/Copy-of-FootDavant-Logo.png","width":936,"height":549,"caption":"Foot d'avant"},"image":{"@id":"https:\/\/footdavant.fr\/actualites\/#\/schema\/logo\/image\/"},"sameAs":["https:\/\/www.facebook.com\/Footdavant\/","https:\/\/twitter.com\/FootdavantFr","https:\/\/www.instagram.com\/footdavant.fr\/"]},{"@type":"Person","@id":"https:\/\/footdavant.fr\/actualites\/#\/schema\/person\/bc222566d95871b37e597b3ed3ba5e1d","name":"Cl\u00e9ment","image":{"@type":"ImageObject","inLanguage":"fr-FR","@id":"https:\/\/footdavant.fr\/actualites\/#\/schema\/person\/image\/","url":"https:\/\/secure.gravatar.com\/avatar\/7728b29aac2719421e1a9159b2254c44?s=96&d=mm&r=g","contentUrl":"https:\/\/secure.gravatar.com\/avatar\/7728b29aac2719421e1a9159b2254c44?s=96&d=mm&r=g","caption":"Cl\u00e9ment"},"sameAs":["https:\/\/footdavant.fr\/"]}]}},"_links":{"self":[{"href":"https:\/\/footdavant.fr\/actualites\/wp-json\/wp\/v2\/posts\/3316"}],"collection":[{"href":"https:\/\/footdavant.fr\/actualites\/wp-json\/wp\/v2\/posts"}],"about":[{"href":"https:\/\/footdavant.fr\/actualites\/wp-json\/wp\/v2\/types\/post"}],"author":[{"embeddable":true,"href":"https:\/\/footdavant.fr\/actualites\/wp-json\/wp\/v2\/users\/1"}],"replies":[{"embeddable":true,"href":"https:\/\/footdavant.fr\/actualites\/wp-json\/wp\/v2\/comments?post=3316"}],"version-history":[{"count":1,"href":"https:\/\/footdavant.fr\/actualites\/wp-json\/wp\/v2\/posts\/3316\/revisions"}],"predecessor-version":[{"id":3318,"href":"https:\/\/footdavant.fr\/actualites\/wp-json\/wp\/v2\/posts\/3316\/revisions\/3318"}],"wp:featuredmedia":[{"embeddable":true,"href":"https:\/\/footdavant.fr\/actualites\/wp-json\/wp\/v2\/media\/3317"}],"wp:attachment":[{"href":"https:\/\/footdavant.fr\/actualites\/wp-json\/wp\/v2\/media?parent=3316"}],"wp:term":[{"taxonomy":"category","embeddable":true,"href":"https:\/\/footdavant.fr\/actualites\/wp-json\/wp\/v2\/categories?post=3316"},{"taxonomy":"post_tag","embeddable":true,"href":"https:\/\/footdavant.fr\/actualites\/wp-json\/wp\/v2\/tags?post=3316"}],"curies":[{"name":"wp","href":"https:\/\/api.w.org\/{rel}","templated":true}]}}