{"id":33180,"date":"2026-01-07T07:48:17","date_gmt":"2026-01-07T06:48:17","guid":{"rendered":"https:\/\/footdavant.fr\/actualites\/kobbie-mainoo-les-details-des-retombees-avec-amorim-reveles\/"},"modified":"2026-01-07T07:48:18","modified_gmt":"2026-01-07T06:48:18","slug":"kobbie-mainoo-les-details-des-retombees-avec-amorim-reveles","status":"publish","type":"post","link":"https:\/\/footdavant.fr\/actualites\/kobbie-mainoo-les-details-des-retombees-avec-amorim-reveles\/","title":{"rendered":"Kobbie Mainoo : les d\u00e9tails des retomb\u00e9es avec Amorim r\u00e9v\u00e9l\u00e9s \u2013"},"content":{"rendered":"<div id=\"penci-post-entry-inner\">\n<p>\t\t\t<i class=\"penci-post-countview-number-check\" style=\"display:none\">3<\/i><\/p>\n<p><!--Article Start--><br \/>L&#39;\u00e8re Ruben Amorim est officiellement termin\u00e9e et la premi\u00e8re t\u00e2che de Manchester United consiste \u00e0 affronter un match difficile \u00e0 l&#39;ext\u00e9rieur contre Burnley.<\/p>\n<p>Darren Fletcher prendra les commandes et a d\u00e9j\u00e0 fait allusion \u00e0 d&#39;\u00e9ventuels retours pour Bruno Fernandes et Mason Mount.<\/p>\n<p>Un autre joueur qui pourrait jouer contre les Clarets est Kobbie Mainoo. L&#39;Anglais est port\u00e9 disparu depuis le match contre Aston Villa apr\u00e8s s&#39;\u00eatre bless\u00e9 au mollet.<\/p>\n<p>Le dipl\u00f4m\u00e9 de Carrington a connu des moments difficiles sous la direction de l&#39;ancien entra\u00eeneur-chef, n&#39;ayant pas r\u00e9ussi \u00e0 d\u00e9marrer un seul match de Premier League toute la saison.<\/p>\n<h5>Kobbie Mainoo et Amorim ne se sont jamais entendus<\/h5>\n<p>Le syst\u00e8me d&#39;Amorim ne convenait tout simplement pas \u00e0 l&#39;international anglais, et les refus constants l&#39;ont m\u00eame amen\u00e9 \u00e0 envisager un d\u00e9part d\u00e9finitif en janvier.<\/p>\n<p>Comme l&#39;a r\u00e9v\u00e9l\u00e9 The Sun, Amorim et Kobbie Mainoo ont \u00e9t\u00e9 impliqu\u00e9s dans un match de cris \u00e0 Carrington vers la fin de la saison pr\u00e9c\u00e9dente.<\/p>\n<p>Et depuis, sa fortune n&#39;a plus jamais \u00e9t\u00e9 la m\u00eame, le joueur de 20 ans \u00e9tant derri\u00e8re le skipper dans la hi\u00e9rarchie, et non consid\u00e9r\u00e9 comme un milieu d\u00e9fensif.<\/p>\n<p>\u00ab\u00a0Mainoo a d\u00e9but\u00e9 16 des 63 matchs d&#39;Amorim \u00e0 la t\u00eate et a jou\u00e9 pour la derni\u00e8re fois en Premier League le 11 mai.<\/p>\n<p>\u00ab Des sources bien plac\u00e9es affirment que Mainoo et Amorim se sont disput\u00e9s \u00e0 Carrington vers la fin de la saison derni\u00e8re.<\/p>\n<h5>Match de cris entre Kobbie Mainoo et Amorim<\/h5>\n<p>\u00ab\u00a0La famille de Mainoo n&#39;\u00e9tait pas fan d&#39;Amorim \u2013 ce que son demi-fr\u00e8re, Jordan, a clairement montr\u00e9 avec son coup de t-shirt &#39;Free Kobbie Mainoo&#39; \u00e0 Old Trafford le mois dernier.\u00a0\u00bb<\/p>\n<p>Mais avec le d\u00e9part des Portugais, Kobbie Mainoo pourrait \u00eatre l&#39;un des plus grands bienfaiteurs, d&#39;autant plus que le responsable par int\u00e9rim Darren Fletcher privil\u00e9gie un milieu de terrain \u00e0 trois.<\/p>\n<p>Il s&#39;\u00e9tait entra\u00een\u00e9 individuellement ces derniers jours et le dipl\u00f4m\u00e9 de Carrington a rejoint l&#39;entra\u00eenement en \u00e9quipe le jour m\u00eame o\u00f9 Amorim a \u00e9t\u00e9 limog\u00e9.<\/p>\n<p>Et le favori des fans est en lice pour faire partie de l\u2019\u00e9quipe de la journ\u00e9e \u00e0 Turf Moor, \u00e0 condition qu\u2019il r\u00e9ussisse les tests le jour du match.<\/p>\n<p>Il a surv\u00e9cu \u00e0 Amorim, il lui reste maintenant \u00e0 saisir sa chance et \u00e0 se tailler une place en premi\u00e8re \u00e9quipe.<\/p>\n<\/p>\n<hr\/>\n<p>The Peoples Person est l&#39;un des principaux sites d&#39;information de Man United au monde depuis plus d&#39;une d\u00e9cennie. Suivez-nous sur Bluesky\u00a0: @peoplesperson.bsky.social<\/p>\n<\/p>\n<p><!-- CONTENT END 2 --><\/p><\/div>\n","protected":false},"excerpt":{"rendered":"<p>3 L&#39;\u00e8re Ruben Amorim est officiellement termin\u00e9e et la premi\u00e8re t\u00e2che de Manchester United consiste \u00e0 affronter un match difficile \u00e0 l&#39;ext\u00e9rieur contre Burnley. Darren<\/p>\n","protected":false},"author":1,"featured_media":33181,"comment_status":"closed","ping_status":"","sticky":false,"template":"","format":"standard","meta":{"footnotes":""},"categories":[3],"tags":[4477,91,12,3411,1727,93,1728,5474,1868],"yoast_head":"<!-- This site is optimized with the Yoast SEO plugin v21.0 - https:\/\/yoast.com\/wordpress\/plugins\/seo\/ -->\n<title>Kobbie Mainoo : les d\u00e9tails des retomb\u00e9es avec Amorim r\u00e9v\u00e9l\u00e9s \u2013<\/title>\n<meta name=\"robots\" content=\"index, follow, max-snippet:-1, max-image-preview:large, max-video-preview:-1\" \/>\n<link rel=\"canonical\" href=\"https:\/\/footdavant.fr\/actualites\/kobbie-mainoo-les-details-des-retombees-avec-amorim-reveles\/\" \/>\n<meta property=\"og:locale\" content=\"fr_FR\" \/>\n<meta property=\"og:type\" content=\"article\" \/>\n<meta property=\"og:title\" content=\"Kobbie Mainoo : les d\u00e9tails des retomb\u00e9es avec Amorim r\u00e9v\u00e9l\u00e9s \u2013\" \/>\n<meta property=\"og:description\" content=\"3 L&#039;\u00e8re Ruben Amorim est officiellement termin\u00e9e et la premi\u00e8re t\u00e2che de Manchester United consiste \u00e0 affronter un match difficile \u00e0 l&#039;ext\u00e9rieur contre Burnley. Darren\" \/>\n<meta property=\"og:url\" content=\"https:\/\/footdavant.fr\/actualites\/kobbie-mainoo-les-details-des-retombees-avec-amorim-reveles\/\" \/>\n<meta property=\"og:site_name\" content=\"Foot d&#039;avant\" \/>\n<meta property=\"article:publisher\" content=\"https:\/\/www.facebook.com\/Footdavant\/\" \/>\n<meta property=\"article:published_time\" content=\"2026-01-07T06:48:17+00:00\" \/>\n<meta property=\"article:modified_time\" content=\"2026-01-07T06:48:18+00:00\" \/>\n<meta property=\"og:image\" content=\"https:\/\/footdavant.fr\/actualites\/wp-content\/uploads\/2026\/01\/Kobbie-Mainoo-les-details-des-retombees-avec-Amorim-reveles.jpg\" \/>\n\t<meta property=\"og:image:width\" content=\"1600\" \/>\n\t<meta property=\"og:image:height\" content=\"710\" \/>\n\t<meta property=\"og:image:type\" content=\"image\/jpeg\" \/>\n<meta name=\"author\" content=\"Cl\u00e9ment\" \/>\n<meta name=\"twitter:card\" content=\"summary_large_image\" \/>\n<meta name=\"twitter:creator\" content=\"@FootdavantFr\" \/>\n<meta name=\"twitter:site\" content=\"@FootdavantFr\" \/>\n<meta name=\"twitter:label1\" content=\"\u00c9crit par\" \/>\n\t<meta name=\"twitter:data1\" content=\"Cl\u00e9ment\" \/>\n\t<meta name=\"twitter:label2\" content=\"Dur\u00e9e de lecture estim\u00e9e\" \/>\n\t<meta name=\"twitter:data2\" content=\"2 minutes\" \/>\n<script type=\"application\/ld+json\" class=\"yoast-schema-graph\">{\"@context\":\"https:\/\/schema.org\",\"@graph\":[{\"@type\":\"Article\",\"@id\":\"https:\/\/footdavant.fr\/actualites\/kobbie-mainoo-les-details-des-retombees-avec-amorim-reveles\/#article\",\"isPartOf\":{\"@id\":\"https:\/\/footdavant.fr\/actualites\/kobbie-mainoo-les-details-des-retombees-avec-amorim-reveles\/\"},\"author\":{\"name\":\"Cl\u00e9ment\",\"@id\":\"https:\/\/footdavant.fr\/actualites\/#\/schema\/person\/bc222566d95871b37e597b3ed3ba5e1d\"},\"headline\":\"Kobbie Mainoo : les d\u00e9tails des retomb\u00e9es avec Amorim r\u00e9v\u00e9l\u00e9s \u2013\",\"datePublished\":\"2026-01-07T06:48:17+00:00\",\"dateModified\":\"2026-01-07T06:48:18+00:00\",\"mainEntityOfPage\":{\"@id\":\"https:\/\/footdavant.fr\/actualites\/kobbie-mainoo-les-details-des-retombees-avec-amorim-reveles\/\"},\"wordCount\":462,\"publisher\":{\"@id\":\"https:\/\/footdavant.fr\/actualites\/#organization\"},\"keywords\":[\"Amorim\",\"avec\",\"des\",\"d\u00e9tails\",\"Kobbie\",\"les\",\"Mainoo\",\"retomb\u00e9es\",\"r\u00e9v\u00e9l\u00e9s\"],\"articleSection\":[\"Football\"],\"inLanguage\":\"fr-FR\"},{\"@type\":\"WebPage\",\"@id\":\"https:\/\/footdavant.fr\/actualites\/kobbie-mainoo-les-details-des-retombees-avec-amorim-reveles\/\",\"url\":\"https:\/\/footdavant.fr\/actualites\/kobbie-mainoo-les-details-des-retombees-avec-amorim-reveles\/\",\"name\":\"Kobbie Mainoo : les d\u00e9tails des retomb\u00e9es avec Amorim r\u00e9v\u00e9l\u00e9s \u2013\",\"isPartOf\":{\"@id\":\"https:\/\/footdavant.fr\/actualites\/#website\"},\"datePublished\":\"2026-01-07T06:48:17+00:00\",\"dateModified\":\"2026-01-07T06:48:18+00:00\",\"breadcrumb\":{\"@id\":\"https:\/\/footdavant.fr\/actualites\/kobbie-mainoo-les-details-des-retombees-avec-amorim-reveles\/#breadcrumb\"},\"inLanguage\":\"fr-FR\",\"potentialAction\":[{\"@type\":\"ReadAction\",\"target\":[\"https:\/\/footdavant.fr\/actualites\/kobbie-mainoo-les-details-des-retombees-avec-amorim-reveles\/\"]}]},{\"@type\":\"BreadcrumbList\",\"@id\":\"https:\/\/footdavant.fr\/actualites\/kobbie-mainoo-les-details-des-retombees-avec-amorim-reveles\/#breadcrumb\",\"itemListElement\":[{\"@type\":\"ListItem\",\"position\":1,\"name\":\"Accueil\",\"item\":\"https:\/\/footdavant.fr\/actualites\/\"},{\"@type\":\"ListItem\",\"position\":2,\"name\":\"Kobbie Mainoo : les d\u00e9tails des retomb\u00e9es avec Amorim r\u00e9v\u00e9l\u00e9s \u2013\"}]},{\"@type\":\"WebSite\",\"@id\":\"https:\/\/footdavant.fr\/actualites\/#website\",\"url\":\"https:\/\/footdavant.fr\/actualites\/\",\"name\":\"Foot d'avant\",\"description\":\"\",\"publisher\":{\"@id\":\"https:\/\/footdavant.fr\/actualites\/#organization\"},\"potentialAction\":[{\"@type\":\"SearchAction\",\"target\":{\"@type\":\"EntryPoint\",\"urlTemplate\":\"https:\/\/footdavant.fr\/actualites\/?s={search_term_string}\"},\"query-input\":\"required name=search_term_string\"}],\"inLanguage\":\"fr-FR\"},{\"@type\":\"Organization\",\"@id\":\"https:\/\/footdavant.fr\/actualites\/#organization\",\"name\":\"Foot d'avant\",\"url\":\"https:\/\/footdavant.fr\/actualites\/\",\"logo\":{\"@type\":\"ImageObject\",\"inLanguage\":\"fr-FR\",\"@id\":\"https:\/\/footdavant.fr\/actualites\/#\/schema\/logo\/image\/\",\"url\":\"https:\/\/footdavant.fr\/actualites\/wp-content\/uploads\/2023\/09\/Copy-of-FootDavant-Logo.png\",\"contentUrl\":\"https:\/\/footdavant.fr\/actualites\/wp-content\/uploads\/2023\/09\/Copy-of-FootDavant-Logo.png\",\"width\":936,\"height\":549,\"caption\":\"Foot d'avant\"},\"image\":{\"@id\":\"https:\/\/footdavant.fr\/actualites\/#\/schema\/logo\/image\/\"},\"sameAs\":[\"https:\/\/www.facebook.com\/Footdavant\/\",\"https:\/\/twitter.com\/FootdavantFr\",\"https:\/\/www.instagram.com\/footdavant.fr\/\"]},{\"@type\":\"Person\",\"@id\":\"https:\/\/footdavant.fr\/actualites\/#\/schema\/person\/bc222566d95871b37e597b3ed3ba5e1d\",\"name\":\"Cl\u00e9ment\",\"image\":{\"@type\":\"ImageObject\",\"inLanguage\":\"fr-FR\",\"@id\":\"https:\/\/footdavant.fr\/actualites\/#\/schema\/person\/image\/\",\"url\":\"https:\/\/secure.gravatar.com\/avatar\/7728b29aac2719421e1a9159b2254c44?s=96&d=mm&r=g\",\"contentUrl\":\"https:\/\/secure.gravatar.com\/avatar\/7728b29aac2719421e1a9159b2254c44?s=96&d=mm&r=g\",\"caption\":\"Cl\u00e9ment\"},\"sameAs\":[\"https:\/\/footdavant.fr\/\"]}]}<\/script>\n<!-- \/ Yoast SEO plugin. -->","yoast_head_json":{"title":"Kobbie Mainoo : les d\u00e9tails des retomb\u00e9es avec Amorim r\u00e9v\u00e9l\u00e9s \u2013","robots":{"index":"index","follow":"follow","max-snippet":"max-snippet:-1","max-image-preview":"max-image-preview:large","max-video-preview":"max-video-preview:-1"},"canonical":"https:\/\/footdavant.fr\/actualites\/kobbie-mainoo-les-details-des-retombees-avec-amorim-reveles\/","og_locale":"fr_FR","og_type":"article","og_title":"Kobbie Mainoo : les d\u00e9tails des retomb\u00e9es avec Amorim r\u00e9v\u00e9l\u00e9s \u2013","og_description":"3 L&#39;\u00e8re Ruben Amorim est officiellement termin\u00e9e et la premi\u00e8re t\u00e2che de Manchester United consiste \u00e0 affronter un match difficile \u00e0 l&#39;ext\u00e9rieur contre Burnley. Darren","og_url":"https:\/\/footdavant.fr\/actualites\/kobbie-mainoo-les-details-des-retombees-avec-amorim-reveles\/","og_site_name":"Foot d&#039;avant","article_publisher":"https:\/\/www.facebook.com\/Footdavant\/","article_published_time":"2026-01-07T06:48:17+00:00","article_modified_time":"2026-01-07T06:48:18+00:00","og_image":[{"width":1600,"height":710,"url":"https:\/\/footdavant.fr\/actualites\/wp-content\/uploads\/2026\/01\/Kobbie-Mainoo-les-details-des-retombees-avec-Amorim-reveles.jpg","type":"image\/jpeg"}],"author":"Cl\u00e9ment","twitter_card":"summary_large_image","twitter_creator":"@FootdavantFr","twitter_site":"@FootdavantFr","twitter_misc":{"\u00c9crit par":"Cl\u00e9ment","Dur\u00e9e de lecture estim\u00e9e":"2 minutes"},"schema":{"@context":"https:\/\/schema.org","@graph":[{"@type":"Article","@id":"https:\/\/footdavant.fr\/actualites\/kobbie-mainoo-les-details-des-retombees-avec-amorim-reveles\/#article","isPartOf":{"@id":"https:\/\/footdavant.fr\/actualites\/kobbie-mainoo-les-details-des-retombees-avec-amorim-reveles\/"},"author":{"name":"Cl\u00e9ment","@id":"https:\/\/footdavant.fr\/actualites\/#\/schema\/person\/bc222566d95871b37e597b3ed3ba5e1d"},"headline":"Kobbie Mainoo : les d\u00e9tails des retomb\u00e9es avec Amorim r\u00e9v\u00e9l\u00e9s \u2013","datePublished":"2026-01-07T06:48:17+00:00","dateModified":"2026-01-07T06:48:18+00:00","mainEntityOfPage":{"@id":"https:\/\/footdavant.fr\/actualites\/kobbie-mainoo-les-details-des-retombees-avec-amorim-reveles\/"},"wordCount":462,"publisher":{"@id":"https:\/\/footdavant.fr\/actualites\/#organization"},"keywords":["Amorim","avec","des","d\u00e9tails","Kobbie","les","Mainoo","retomb\u00e9es","r\u00e9v\u00e9l\u00e9s"],"articleSection":["Football"],"inLanguage":"fr-FR"},{"@type":"WebPage","@id":"https:\/\/footdavant.fr\/actualites\/kobbie-mainoo-les-details-des-retombees-avec-amorim-reveles\/","url":"https:\/\/footdavant.fr\/actualites\/kobbie-mainoo-les-details-des-retombees-avec-amorim-reveles\/","name":"Kobbie Mainoo : les d\u00e9tails des retomb\u00e9es avec Amorim r\u00e9v\u00e9l\u00e9s \u2013","isPartOf":{"@id":"https:\/\/footdavant.fr\/actualites\/#website"},"datePublished":"2026-01-07T06:48:17+00:00","dateModified":"2026-01-07T06:48:18+00:00","breadcrumb":{"@id":"https:\/\/footdavant.fr\/actualites\/kobbie-mainoo-les-details-des-retombees-avec-amorim-reveles\/#breadcrumb"},"inLanguage":"fr-FR","potentialAction":[{"@type":"ReadAction","target":["https:\/\/footdavant.fr\/actualites\/kobbie-mainoo-les-details-des-retombees-avec-amorim-reveles\/"]}]},{"@type":"BreadcrumbList","@id":"https:\/\/footdavant.fr\/actualites\/kobbie-mainoo-les-details-des-retombees-avec-amorim-reveles\/#breadcrumb","itemListElement":[{"@type":"ListItem","position":1,"name":"Accueil","item":"https:\/\/footdavant.fr\/actualites\/"},{"@type":"ListItem","position":2,"name":"Kobbie Mainoo : les d\u00e9tails des retomb\u00e9es avec Amorim r\u00e9v\u00e9l\u00e9s \u2013"}]},{"@type":"WebSite","@id":"https:\/\/footdavant.fr\/actualites\/#website","url":"https:\/\/footdavant.fr\/actualites\/","name":"Foot d'avant","description":"","publisher":{"@id":"https:\/\/footdavant.fr\/actualites\/#organization"},"potentialAction":[{"@type":"SearchAction","target":{"@type":"EntryPoint","urlTemplate":"https:\/\/footdavant.fr\/actualites\/?s={search_term_string}"},"query-input":"required name=search_term_string"}],"inLanguage":"fr-FR"},{"@type":"Organization","@id":"https:\/\/footdavant.fr\/actualites\/#organization","name":"Foot d'avant","url":"https:\/\/footdavant.fr\/actualites\/","logo":{"@type":"ImageObject","inLanguage":"fr-FR","@id":"https:\/\/footdavant.fr\/actualites\/#\/schema\/logo\/image\/","url":"https:\/\/footdavant.fr\/actualites\/wp-content\/uploads\/2023\/09\/Copy-of-FootDavant-Logo.png","contentUrl":"https:\/\/footdavant.fr\/actualites\/wp-content\/uploads\/2023\/09\/Copy-of-FootDavant-Logo.png","width":936,"height":549,"caption":"Foot d'avant"},"image":{"@id":"https:\/\/footdavant.fr\/actualites\/#\/schema\/logo\/image\/"},"sameAs":["https:\/\/www.facebook.com\/Footdavant\/","https:\/\/twitter.com\/FootdavantFr","https:\/\/www.instagram.com\/footdavant.fr\/"]},{"@type":"Person","@id":"https:\/\/footdavant.fr\/actualites\/#\/schema\/person\/bc222566d95871b37e597b3ed3ba5e1d","name":"Cl\u00e9ment","image":{"@type":"ImageObject","inLanguage":"fr-FR","@id":"https:\/\/footdavant.fr\/actualites\/#\/schema\/person\/image\/","url":"https:\/\/secure.gravatar.com\/avatar\/7728b29aac2719421e1a9159b2254c44?s=96&d=mm&r=g","contentUrl":"https:\/\/secure.gravatar.com\/avatar\/7728b29aac2719421e1a9159b2254c44?s=96&d=mm&r=g","caption":"Cl\u00e9ment"},"sameAs":["https:\/\/footdavant.fr\/"]}]}},"_links":{"self":[{"href":"https:\/\/footdavant.fr\/actualites\/wp-json\/wp\/v2\/posts\/33180"}],"collection":[{"href":"https:\/\/footdavant.fr\/actualites\/wp-json\/wp\/v2\/posts"}],"about":[{"href":"https:\/\/footdavant.fr\/actualites\/wp-json\/wp\/v2\/types\/post"}],"author":[{"embeddable":true,"href":"https:\/\/footdavant.fr\/actualites\/wp-json\/wp\/v2\/users\/1"}],"replies":[{"embeddable":true,"href":"https:\/\/footdavant.fr\/actualites\/wp-json\/wp\/v2\/comments?post=33180"}],"version-history":[{"count":1,"href":"https:\/\/footdavant.fr\/actualites\/wp-json\/wp\/v2\/posts\/33180\/revisions"}],"predecessor-version":[{"id":33182,"href":"https:\/\/footdavant.fr\/actualites\/wp-json\/wp\/v2\/posts\/33180\/revisions\/33182"}],"wp:featuredmedia":[{"embeddable":true,"href":"https:\/\/footdavant.fr\/actualites\/wp-json\/wp\/v2\/media\/33181"}],"wp:attachment":[{"href":"https:\/\/footdavant.fr\/actualites\/wp-json\/wp\/v2\/media?parent=33180"}],"wp:term":[{"taxonomy":"category","embeddable":true,"href":"https:\/\/footdavant.fr\/actualites\/wp-json\/wp\/v2\/categories?post=33180"},{"taxonomy":"post_tag","embeddable":true,"href":"https:\/\/footdavant.fr\/actualites\/wp-json\/wp\/v2\/tags?post=33180"}],"curies":[{"name":"wp","href":"https:\/\/api.w.org\/{rel}","templated":true}]}}