{"id":33201,"date":"2026-01-07T23:48:08","date_gmt":"2026-01-07T22:48:08","guid":{"rendered":"https:\/\/footdavant.fr\/actualites\/gary-neville-identifie-la-principale-raison-pour-laquelle-united-na-pas-reussi-a-vaincre-burnley\/"},"modified":"2026-01-07T23:48:18","modified_gmt":"2026-01-07T22:48:18","slug":"gary-neville-identifie-la-principale-raison-pour-laquelle-united-na-pas-reussi-a-vaincre-burnley","status":"publish","type":"post","link":"https:\/\/footdavant.fr\/actualites\/gary-neville-identifie-la-principale-raison-pour-laquelle-united-na-pas-reussi-a-vaincre-burnley\/","title":{"rendered":"Gary Neville identifie la principale raison pour laquelle United n&#39;a pas r\u00e9ussi \u00e0 vaincre Burnley &#8211;"},"content":{"rendered":"<div id=\"penci-post-entry-inner\">\n<p>\t\t\t<i class=\"penci-post-countview-number-check\" style=\"display:none\">1<\/i><\/p>\n<p>Manchester United a \u00e9t\u00e9 tenu en \u00e9chec 2-2 lors d&#39;un match mouvement\u00e9 contre Burnely \u00e0 Turf Moor mercredi soir.<\/p>\n<p>M\u00eame si cela serait normalement consid\u00e9r\u00e9 comme un r\u00e9sultat d\u00e9cevant, Man United a bien fait de tenir bon compte tenu de l\u2019instabilit\u00e9 persistante du club.<\/p>\n<p>Ruben Amorim a \u00e9t\u00e9 limog\u00e9 lundi, ce qui signifie que l&#39;entra\u00eeneur par int\u00e9rim Darren Fletcher n&#39;a eu qu&#39;une journ\u00e9e pour se familiariser avec son \u00e9quipe avant le match de ce soir.<\/p>\n<p>Bien qu&#39;il y ait eu plusieurs aspects positifs du match pour United, l&#39;ancien capitaine du club Gary Neville a identifi\u00e9 ce qu&#39;il pense \u00eatre la principale raison de l&#39;\u00e9chec de United \u00e0 repartir avec trois points.<\/p>\n<\/p>\n<p>United a compl\u00e8tement domin\u00e9 les h\u00f4tes sur le papier, conservant 65 % de possession et tirant 30 tirs au but. En revanche, Burnley n\u2019a eu que sept tentatives. (Sofascore)<\/p>\n<p>Ce fut une performance particuli\u00e8rement impressionnante pour Benjamin Sesko, qui a montr\u00e9 son sens aigu du but avec deux frappes fabuleuses pour offrir le match nul \u00e0 United.<\/p>\n<p>Pourtant, le camp de United n&#39;\u00e9tait pas tout sourire. Neville a critiqu\u00e9 son ancien club peu apr\u00e8s le coup de sifflet final.<\/p>\n<table id=\"tablepress-570\" class=\"tablepress tablepress-id-570\">\n<thead>\n<tr class=\"row-1\">\n<td class=\"column-1\"\/>\n<th class=\"column-2\">Burnley<\/th>\n<th class=\"column-3\">Manchester United<\/th>\n<\/tr>\n<\/thead>\n<tbody class=\"row-striping row-hover\">\n<tr class=\"row-2\">\n<td class=\"column-1\">Possession du ballon<\/td>\n<td class=\"column-2\">35%<\/td>\n<td class=\"column-3\">65%<\/td>\n<\/tr>\n<tr class=\"row-3\">\n<td class=\"column-1\">Objectifs attendus (xG)<\/td>\n<td class=\"column-2\">0,24<\/td>\n<td class=\"column-3\">2.25<\/td>\n<\/tr>\n<tr class=\"row-4\">\n<td class=\"column-1\">De grandes chances<\/td>\n<td class=\"column-2\">0<\/td>\n<td class=\"column-3\">4<\/td>\n<\/tr>\n<tr class=\"row-5\">\n<td class=\"column-1\">Nombre total de tirs<\/td>\n<td class=\"column-2\">7<\/td>\n<td class=\"column-3\">30<\/td>\n<\/tr>\n<tr class=\"row-6\">\n<td class=\"column-1\">Le gardien sauve<\/td>\n<td class=\"column-2\">6<\/td>\n<td class=\"column-3\">0<\/td>\n<\/tr>\n<tr class=\"row-7\">\n<td class=\"column-1\">Coups de pied de coin<\/td>\n<td class=\"column-2\">2<\/td>\n<td class=\"column-3\">6<\/td>\n<\/tr>\n<tr class=\"row-8\">\n<td class=\"column-1\">Fautes<\/td>\n<td class=\"column-2\">9<\/td>\n<td class=\"column-3\">8<\/td>\n<\/tr>\n<tr class=\"row-9\">\n<td class=\"column-1\">Laissez-passer<\/td>\n<td class=\"column-2\">310<\/td>\n<td class=\"column-3\">579<\/td>\n<\/tr>\n<tr class=\"row-10\">\n<td class=\"column-1\">Plaquages<\/td>\n<td class=\"column-2\">18<\/td>\n<td class=\"column-3\">15<\/td>\n<\/tr>\n<tr class=\"row-11\">\n<td class=\"column-1\">Coups francs<\/td>\n<td class=\"column-2\">8<\/td>\n<td class=\"column-3\">9<\/td>\n<\/tr>\n<tr class=\"row-12\">\n<td class=\"column-1\">Cartons jaunes<\/td>\n<td class=\"column-2\">2<\/td>\n<td class=\"column-3\">0<\/td>\n<\/tr>\n<\/tbody>\n<\/table>\n<p><!-- #tablepress-570 from cache --><\/p>\n<p>Commentant sur Sky Sports, Neville \u00e9tait compl\u00e9mentaire de Sesko. Apr\u00e8s que le Slov\u00e8ne ait marqu\u00e9 son deuxi\u00e8me but, Neville a d\u00e9clar\u00e9 : \u00ab\u00a0Cela a \u00e9t\u00e9 un d\u00e9but difficile pour sa carri\u00e8re \u00e0 Manchester United, mais c&#39;est une tr\u00e8s bonne fin. Il s&#39;est tenu entre les deux moiti\u00e9s centrales toute la soir\u00e9e.\u00a0\u00bb<\/p>\n<p>Se concentrant sur l&#39;\u00e9quipe dans son ensemble, il a admis que \u00ab\u00a0Manchester United a \u00e9t\u00e9 vraiment bon en seconde p\u00e9riode\u00a0\u00bb. Pourtant, l\u2019ancien capitaine de United a soulign\u00e9 un \u00e9norme probl\u00e8me dans leur d\u00e9fense.<\/p>\n<p>\u00ab\u00a0Manchester United a \u00e9t\u00e9 meilleur en seconde p\u00e9riode mais ils seront vraiment d\u00e9\u00e7us du deuxi\u00e8me but. Ils doivent mieux le d\u00e9fendre\u00a0\u00bb, a-t-il expliqu\u00e9.<\/p>\n<p>\u00ab\u00a0C&#39;est encore deux points perdus contre des \u00e9quipes situ\u00e9es en bas de la ligue. Ils ont perdu tellement de points ces derni\u00e8res semaines.\u00a0\u00bb<\/p>\n<p>Lorsque Burnley a marqu\u00e9 son deuxi\u00e8me but, il \u00e9tait clair que la d\u00e9fense \u00e9tait d\u00e9sactiv\u00e9e. Apr\u00e8s tout, il s&#39;agissait d&#39;un tir lointain qui aurait pu \u00eatre facilement stopp\u00e9 si l&#39;un des d\u00e9fenseurs du gardien Senne Lammens avait \u00e9t\u00e9 au courant de ce qui se passait.<\/p>\n<p>L&#39;observation de Neville est celle que United devrait prendre \u00e0 c\u0153ur. Bien qu&#39;il n&#39;ait conc\u00e9d\u00e9 que sept tirs toute la soir\u00e9e, United a conc\u00e9d\u00e9 autant de buts que les h\u00f4tes, qui ont fait face \u00e0 30 tentatives. Une fois de plus, la d\u00e9fense des visiteurs s&#39;est \u00e9teinte \u00e0 un moment crucial, ce qui semble arriver trop souvent.<\/p>\n<p>Ce sera s\u00fbrement un probl\u00e8me que Fletcher esp\u00e8re aborder \u00e0 l\u2019entra\u00eenement.<\/p>\n<\/p>\n<hr\/>\n<p>The Peoples Person est l&#39;un des principaux sites d&#39;information de Man United au monde depuis plus d&#39;une d\u00e9cennie. Suivez-nous sur Bluesky\u00a0: @peoplesperson.bsky.social<\/p>\n<p><!-- CONTENT END 2 --><\/p><\/div>\n","protected":false},"excerpt":{"rendered":"<p>1 Manchester United a \u00e9t\u00e9 tenu en \u00e9chec 2-2 lors d&#39;un match mouvement\u00e9 contre Burnely \u00e0 Turf Moor mercredi soir. M\u00eame si cela serait normalement<\/p>\n","protected":false},"author":1,"featured_media":33202,"comment_status":"closed","ping_status":"","sticky":false,"template":"","format":"standard","meta":{"footnotes":""},"categories":[3],"tags":[541,743,1349,2796,4238,1893,71,51,3824,182,3850,13,2100],"yoast_head":"<!-- This site is optimized with the Yoast SEO plugin v21.0 - https:\/\/yoast.com\/wordpress\/plugins\/seo\/ -->\n<title>Gary Neville identifie la principale raison pour laquelle United n&#039;a pas r\u00e9ussi \u00e0 vaincre Burnley -<\/title>\n<meta name=\"robots\" content=\"index, follow, max-snippet:-1, max-image-preview:large, max-video-preview:-1\" \/>\n<link rel=\"canonical\" href=\"https:\/\/footdavant.fr\/actualites\/gary-neville-identifie-la-principale-raison-pour-laquelle-united-na-pas-reussi-a-vaincre-burnley\/\" \/>\n<meta property=\"og:locale\" content=\"fr_FR\" \/>\n<meta property=\"og:type\" content=\"article\" \/>\n<meta property=\"og:title\" content=\"Gary Neville identifie la principale raison pour laquelle United n&#039;a pas r\u00e9ussi \u00e0 vaincre Burnley -\" \/>\n<meta property=\"og:description\" content=\"1 Manchester United a \u00e9t\u00e9 tenu en \u00e9chec 2-2 lors d&#039;un match mouvement\u00e9 contre Burnely \u00e0 Turf Moor mercredi soir. M\u00eame si cela serait normalement\" \/>\n<meta property=\"og:url\" content=\"https:\/\/footdavant.fr\/actualites\/gary-neville-identifie-la-principale-raison-pour-laquelle-united-na-pas-reussi-a-vaincre-burnley\/\" \/>\n<meta property=\"og:site_name\" content=\"Foot d&#039;avant\" \/>\n<meta property=\"article:publisher\" content=\"https:\/\/www.facebook.com\/Footdavant\/\" \/>\n<meta property=\"article:published_time\" content=\"2026-01-07T22:48:08+00:00\" \/>\n<meta property=\"article:modified_time\" content=\"2026-01-07T22:48:18+00:00\" \/>\n<meta property=\"og:image\" content=\"https:\/\/footdavant.fr\/actualites\/wp-content\/uploads\/2026\/01\/Gary-Neville-identifie-la-principale-raison-pour-laquelle-United-n39a.jpg\" \/>\n\t<meta property=\"og:image:width\" content=\"1600\" \/>\n\t<meta property=\"og:image:height\" content=\"707\" \/>\n\t<meta property=\"og:image:type\" content=\"image\/jpeg\" \/>\n<meta name=\"author\" content=\"Cl\u00e9ment\" \/>\n<meta name=\"twitter:card\" content=\"summary_large_image\" \/>\n<meta name=\"twitter:creator\" content=\"@FootdavantFr\" \/>\n<meta name=\"twitter:site\" content=\"@FootdavantFr\" \/>\n<meta name=\"twitter:label1\" content=\"\u00c9crit par\" \/>\n\t<meta name=\"twitter:data1\" content=\"Cl\u00e9ment\" \/>\n\t<meta name=\"twitter:label2\" content=\"Dur\u00e9e de lecture estim\u00e9e\" \/>\n\t<meta name=\"twitter:data2\" content=\"3 minutes\" \/>\n<script type=\"application\/ld+json\" class=\"yoast-schema-graph\">{\"@context\":\"https:\/\/schema.org\",\"@graph\":[{\"@type\":\"Article\",\"@id\":\"https:\/\/footdavant.fr\/actualites\/gary-neville-identifie-la-principale-raison-pour-laquelle-united-na-pas-reussi-a-vaincre-burnley\/#article\",\"isPartOf\":{\"@id\":\"https:\/\/footdavant.fr\/actualites\/gary-neville-identifie-la-principale-raison-pour-laquelle-united-na-pas-reussi-a-vaincre-burnley\/\"},\"author\":{\"name\":\"Cl\u00e9ment\",\"@id\":\"https:\/\/footdavant.fr\/actualites\/#\/schema\/person\/bc222566d95871b37e597b3ed3ba5e1d\"},\"headline\":\"Gary Neville identifie la principale raison pour laquelle United n&#39;a pas r\u00e9ussi \u00e0 vaincre Burnley &#8211;\",\"datePublished\":\"2026-01-07T22:48:08+00:00\",\"dateModified\":\"2026-01-07T22:48:18+00:00\",\"mainEntityOfPage\":{\"@id\":\"https:\/\/footdavant.fr\/actualites\/gary-neville-identifie-la-principale-raison-pour-laquelle-united-na-pas-reussi-a-vaincre-burnley\/\"},\"wordCount\":566,\"publisher\":{\"@id\":\"https:\/\/footdavant.fr\/actualites\/#organization\"},\"keywords\":[\"Burnley\",\"Gary\",\"identifie\",\"laquelle\",\"n39a\",\"Neville\",\"pas\",\"pour\",\"principale\",\"raison\",\"r\u00e9ussi\",\"United\",\"vaincre\"],\"articleSection\":[\"Football\"],\"inLanguage\":\"fr-FR\"},{\"@type\":\"WebPage\",\"@id\":\"https:\/\/footdavant.fr\/actualites\/gary-neville-identifie-la-principale-raison-pour-laquelle-united-na-pas-reussi-a-vaincre-burnley\/\",\"url\":\"https:\/\/footdavant.fr\/actualites\/gary-neville-identifie-la-principale-raison-pour-laquelle-united-na-pas-reussi-a-vaincre-burnley\/\",\"name\":\"Gary Neville identifie la principale raison pour laquelle United n&#39;a pas r\u00e9ussi \u00e0 vaincre Burnley -\",\"isPartOf\":{\"@id\":\"https:\/\/footdavant.fr\/actualites\/#website\"},\"datePublished\":\"2026-01-07T22:48:08+00:00\",\"dateModified\":\"2026-01-07T22:48:18+00:00\",\"breadcrumb\":{\"@id\":\"https:\/\/footdavant.fr\/actualites\/gary-neville-identifie-la-principale-raison-pour-laquelle-united-na-pas-reussi-a-vaincre-burnley\/#breadcrumb\"},\"inLanguage\":\"fr-FR\",\"potentialAction\":[{\"@type\":\"ReadAction\",\"target\":[\"https:\/\/footdavant.fr\/actualites\/gary-neville-identifie-la-principale-raison-pour-laquelle-united-na-pas-reussi-a-vaincre-burnley\/\"]}]},{\"@type\":\"BreadcrumbList\",\"@id\":\"https:\/\/footdavant.fr\/actualites\/gary-neville-identifie-la-principale-raison-pour-laquelle-united-na-pas-reussi-a-vaincre-burnley\/#breadcrumb\",\"itemListElement\":[{\"@type\":\"ListItem\",\"position\":1,\"name\":\"Accueil\",\"item\":\"https:\/\/footdavant.fr\/actualites\/\"},{\"@type\":\"ListItem\",\"position\":2,\"name\":\"Gary Neville identifie la principale raison pour laquelle United n&#39;a pas r\u00e9ussi \u00e0 vaincre Burnley &#8211;\"}]},{\"@type\":\"WebSite\",\"@id\":\"https:\/\/footdavant.fr\/actualites\/#website\",\"url\":\"https:\/\/footdavant.fr\/actualites\/\",\"name\":\"Foot d'avant\",\"description\":\"\",\"publisher\":{\"@id\":\"https:\/\/footdavant.fr\/actualites\/#organization\"},\"potentialAction\":[{\"@type\":\"SearchAction\",\"target\":{\"@type\":\"EntryPoint\",\"urlTemplate\":\"https:\/\/footdavant.fr\/actualites\/?s={search_term_string}\"},\"query-input\":\"required name=search_term_string\"}],\"inLanguage\":\"fr-FR\"},{\"@type\":\"Organization\",\"@id\":\"https:\/\/footdavant.fr\/actualites\/#organization\",\"name\":\"Foot d'avant\",\"url\":\"https:\/\/footdavant.fr\/actualites\/\",\"logo\":{\"@type\":\"ImageObject\",\"inLanguage\":\"fr-FR\",\"@id\":\"https:\/\/footdavant.fr\/actualites\/#\/schema\/logo\/image\/\",\"url\":\"https:\/\/footdavant.fr\/actualites\/wp-content\/uploads\/2023\/09\/Copy-of-FootDavant-Logo.png\",\"contentUrl\":\"https:\/\/footdavant.fr\/actualites\/wp-content\/uploads\/2023\/09\/Copy-of-FootDavant-Logo.png\",\"width\":936,\"height\":549,\"caption\":\"Foot d'avant\"},\"image\":{\"@id\":\"https:\/\/footdavant.fr\/actualites\/#\/schema\/logo\/image\/\"},\"sameAs\":[\"https:\/\/www.facebook.com\/Footdavant\/\",\"https:\/\/twitter.com\/FootdavantFr\",\"https:\/\/www.instagram.com\/footdavant.fr\/\"]},{\"@type\":\"Person\",\"@id\":\"https:\/\/footdavant.fr\/actualites\/#\/schema\/person\/bc222566d95871b37e597b3ed3ba5e1d\",\"name\":\"Cl\u00e9ment\",\"image\":{\"@type\":\"ImageObject\",\"inLanguage\":\"fr-FR\",\"@id\":\"https:\/\/footdavant.fr\/actualites\/#\/schema\/person\/image\/\",\"url\":\"https:\/\/secure.gravatar.com\/avatar\/7728b29aac2719421e1a9159b2254c44?s=96&d=mm&r=g\",\"contentUrl\":\"https:\/\/secure.gravatar.com\/avatar\/7728b29aac2719421e1a9159b2254c44?s=96&d=mm&r=g\",\"caption\":\"Cl\u00e9ment\"},\"sameAs\":[\"https:\/\/footdavant.fr\/\"]}]}<\/script>\n<!-- \/ Yoast SEO plugin. -->","yoast_head_json":{"title":"Gary Neville identifie la principale raison pour laquelle United n&#39;a pas r\u00e9ussi \u00e0 vaincre Burnley -","robots":{"index":"index","follow":"follow","max-snippet":"max-snippet:-1","max-image-preview":"max-image-preview:large","max-video-preview":"max-video-preview:-1"},"canonical":"https:\/\/footdavant.fr\/actualites\/gary-neville-identifie-la-principale-raison-pour-laquelle-united-na-pas-reussi-a-vaincre-burnley\/","og_locale":"fr_FR","og_type":"article","og_title":"Gary Neville identifie la principale raison pour laquelle United n&#39;a pas r\u00e9ussi \u00e0 vaincre Burnley -","og_description":"1 Manchester United a \u00e9t\u00e9 tenu en \u00e9chec 2-2 lors d&#39;un match mouvement\u00e9 contre Burnely \u00e0 Turf Moor mercredi soir. M\u00eame si cela serait normalement","og_url":"https:\/\/footdavant.fr\/actualites\/gary-neville-identifie-la-principale-raison-pour-laquelle-united-na-pas-reussi-a-vaincre-burnley\/","og_site_name":"Foot d&#039;avant","article_publisher":"https:\/\/www.facebook.com\/Footdavant\/","article_published_time":"2026-01-07T22:48:08+00:00","article_modified_time":"2026-01-07T22:48:18+00:00","og_image":[{"width":1600,"height":707,"url":"https:\/\/footdavant.fr\/actualites\/wp-content\/uploads\/2026\/01\/Gary-Neville-identifie-la-principale-raison-pour-laquelle-United-n39a.jpg","type":"image\/jpeg"}],"author":"Cl\u00e9ment","twitter_card":"summary_large_image","twitter_creator":"@FootdavantFr","twitter_site":"@FootdavantFr","twitter_misc":{"\u00c9crit par":"Cl\u00e9ment","Dur\u00e9e de lecture estim\u00e9e":"3 minutes"},"schema":{"@context":"https:\/\/schema.org","@graph":[{"@type":"Article","@id":"https:\/\/footdavant.fr\/actualites\/gary-neville-identifie-la-principale-raison-pour-laquelle-united-na-pas-reussi-a-vaincre-burnley\/#article","isPartOf":{"@id":"https:\/\/footdavant.fr\/actualites\/gary-neville-identifie-la-principale-raison-pour-laquelle-united-na-pas-reussi-a-vaincre-burnley\/"},"author":{"name":"Cl\u00e9ment","@id":"https:\/\/footdavant.fr\/actualites\/#\/schema\/person\/bc222566d95871b37e597b3ed3ba5e1d"},"headline":"Gary Neville identifie la principale raison pour laquelle United n&#39;a pas r\u00e9ussi \u00e0 vaincre Burnley &#8211;","datePublished":"2026-01-07T22:48:08+00:00","dateModified":"2026-01-07T22:48:18+00:00","mainEntityOfPage":{"@id":"https:\/\/footdavant.fr\/actualites\/gary-neville-identifie-la-principale-raison-pour-laquelle-united-na-pas-reussi-a-vaincre-burnley\/"},"wordCount":566,"publisher":{"@id":"https:\/\/footdavant.fr\/actualites\/#organization"},"keywords":["Burnley","Gary","identifie","laquelle","n39a","Neville","pas","pour","principale","raison","r\u00e9ussi","United","vaincre"],"articleSection":["Football"],"inLanguage":"fr-FR"},{"@type":"WebPage","@id":"https:\/\/footdavant.fr\/actualites\/gary-neville-identifie-la-principale-raison-pour-laquelle-united-na-pas-reussi-a-vaincre-burnley\/","url":"https:\/\/footdavant.fr\/actualites\/gary-neville-identifie-la-principale-raison-pour-laquelle-united-na-pas-reussi-a-vaincre-burnley\/","name":"Gary Neville identifie la principale raison pour laquelle United n&#39;a pas r\u00e9ussi \u00e0 vaincre Burnley -","isPartOf":{"@id":"https:\/\/footdavant.fr\/actualites\/#website"},"datePublished":"2026-01-07T22:48:08+00:00","dateModified":"2026-01-07T22:48:18+00:00","breadcrumb":{"@id":"https:\/\/footdavant.fr\/actualites\/gary-neville-identifie-la-principale-raison-pour-laquelle-united-na-pas-reussi-a-vaincre-burnley\/#breadcrumb"},"inLanguage":"fr-FR","potentialAction":[{"@type":"ReadAction","target":["https:\/\/footdavant.fr\/actualites\/gary-neville-identifie-la-principale-raison-pour-laquelle-united-na-pas-reussi-a-vaincre-burnley\/"]}]},{"@type":"BreadcrumbList","@id":"https:\/\/footdavant.fr\/actualites\/gary-neville-identifie-la-principale-raison-pour-laquelle-united-na-pas-reussi-a-vaincre-burnley\/#breadcrumb","itemListElement":[{"@type":"ListItem","position":1,"name":"Accueil","item":"https:\/\/footdavant.fr\/actualites\/"},{"@type":"ListItem","position":2,"name":"Gary Neville identifie la principale raison pour laquelle United n&#39;a pas r\u00e9ussi \u00e0 vaincre Burnley &#8211;"}]},{"@type":"WebSite","@id":"https:\/\/footdavant.fr\/actualites\/#website","url":"https:\/\/footdavant.fr\/actualites\/","name":"Foot d'avant","description":"","publisher":{"@id":"https:\/\/footdavant.fr\/actualites\/#organization"},"potentialAction":[{"@type":"SearchAction","target":{"@type":"EntryPoint","urlTemplate":"https:\/\/footdavant.fr\/actualites\/?s={search_term_string}"},"query-input":"required name=search_term_string"}],"inLanguage":"fr-FR"},{"@type":"Organization","@id":"https:\/\/footdavant.fr\/actualites\/#organization","name":"Foot d'avant","url":"https:\/\/footdavant.fr\/actualites\/","logo":{"@type":"ImageObject","inLanguage":"fr-FR","@id":"https:\/\/footdavant.fr\/actualites\/#\/schema\/logo\/image\/","url":"https:\/\/footdavant.fr\/actualites\/wp-content\/uploads\/2023\/09\/Copy-of-FootDavant-Logo.png","contentUrl":"https:\/\/footdavant.fr\/actualites\/wp-content\/uploads\/2023\/09\/Copy-of-FootDavant-Logo.png","width":936,"height":549,"caption":"Foot d'avant"},"image":{"@id":"https:\/\/footdavant.fr\/actualites\/#\/schema\/logo\/image\/"},"sameAs":["https:\/\/www.facebook.com\/Footdavant\/","https:\/\/twitter.com\/FootdavantFr","https:\/\/www.instagram.com\/footdavant.fr\/"]},{"@type":"Person","@id":"https:\/\/footdavant.fr\/actualites\/#\/schema\/person\/bc222566d95871b37e597b3ed3ba5e1d","name":"Cl\u00e9ment","image":{"@type":"ImageObject","inLanguage":"fr-FR","@id":"https:\/\/footdavant.fr\/actualites\/#\/schema\/person\/image\/","url":"https:\/\/secure.gravatar.com\/avatar\/7728b29aac2719421e1a9159b2254c44?s=96&d=mm&r=g","contentUrl":"https:\/\/secure.gravatar.com\/avatar\/7728b29aac2719421e1a9159b2254c44?s=96&d=mm&r=g","caption":"Cl\u00e9ment"},"sameAs":["https:\/\/footdavant.fr\/"]}]}},"_links":{"self":[{"href":"https:\/\/footdavant.fr\/actualites\/wp-json\/wp\/v2\/posts\/33201"}],"collection":[{"href":"https:\/\/footdavant.fr\/actualites\/wp-json\/wp\/v2\/posts"}],"about":[{"href":"https:\/\/footdavant.fr\/actualites\/wp-json\/wp\/v2\/types\/post"}],"author":[{"embeddable":true,"href":"https:\/\/footdavant.fr\/actualites\/wp-json\/wp\/v2\/users\/1"}],"replies":[{"embeddable":true,"href":"https:\/\/footdavant.fr\/actualites\/wp-json\/wp\/v2\/comments?post=33201"}],"version-history":[{"count":1,"href":"https:\/\/footdavant.fr\/actualites\/wp-json\/wp\/v2\/posts\/33201\/revisions"}],"predecessor-version":[{"id":33203,"href":"https:\/\/footdavant.fr\/actualites\/wp-json\/wp\/v2\/posts\/33201\/revisions\/33203"}],"wp:featuredmedia":[{"embeddable":true,"href":"https:\/\/footdavant.fr\/actualites\/wp-json\/wp\/v2\/media\/33202"}],"wp:attachment":[{"href":"https:\/\/footdavant.fr\/actualites\/wp-json\/wp\/v2\/media?parent=33201"}],"wp:term":[{"taxonomy":"category","embeddable":true,"href":"https:\/\/footdavant.fr\/actualites\/wp-json\/wp\/v2\/categories?post=33201"},{"taxonomy":"post_tag","embeddable":true,"href":"https:\/\/footdavant.fr\/actualites\/wp-json\/wp\/v2\/tags?post=33201"}],"curies":[{"name":"wp","href":"https:\/\/api.w.org\/{rel}","templated":true}]}}