{"id":33207,"date":"2026-01-08T03:48:05","date_gmt":"2026-01-08T02:48:05","guid":{"rendered":"https:\/\/footdavant.fr\/actualites\/gary-neville-et-jamie-carragher-annulent-le-manager-qui-pourrait-les-surprendre\/"},"modified":"2026-01-08T03:48:09","modified_gmt":"2026-01-08T02:48:09","slug":"gary-neville-et-jamie-carragher-annulent-le-manager-qui-pourrait-les-surprendre","status":"publish","type":"post","link":"https:\/\/footdavant.fr\/actualites\/gary-neville-et-jamie-carragher-annulent-le-manager-qui-pourrait-les-surprendre\/","title":{"rendered":"Gary Neville et Jamie Carragher annulent le manager qui pourrait les surprendre"},"content":{"rendered":"<div>\n<p>Je pense que ces mots ci-dessous trouveront un \u00e9cho aupr\u00e8s de nombreux fans de Chelsea, car je pense que beaucoup ressentiront cela.<\/p>\n<p>Avec de nouvelles manifestations pr\u00e9vues contre les propri\u00e9taires et des chants de Roman Abramovich chant\u00e9s depuis l&#39;ext\u00e9rieur \u00e0 Manchester City hier soir, les sentiments sont clairs parmi les fans des Blues.<\/p>\n<p>M\u00eame si la plupart d\u2019entre nous, comme moi, soutiendrons pleinement Liam Rosenior, il reste \u00e9galement de nombreux points d\u2019interrogation sur son exp\u00e9rience et son calibre.<\/p>\n<p>Je l&#39;ai dit hier, j&#39;aime bien Liam. Je pense qu&#39;il est intelligent, il parle tr\u00e8s bien, il semble \u00eatre tr\u00e8s bon en gestion d&#39;hommes et il est tactiquement aiguis\u00e9. Mais faire le grand pas vers Chelsea implique beaucoup de bagages. Personne ne sait si un manager brut peut s&#39;en charger. Certains le peuvent, d\u2019autres ne le peuvent pas. Seul le temps nous le dira. Alors \u00e9videmment, les fans auront de r\u00e9elles inqui\u00e9tudes et des points d\u2019interrogation.<\/p>\n<p>\u00ab\u00a0J&#39;\u00e9tais un grand fan d&#39;Enzo Maresca en tant que manager\u00a0\u00bb, a d\u00e9clar\u00e9 Carragher sur Sky Sports. \u00ab Lorsqu&#39;il s&#39;est heurt\u00e9 \u00e0 certains des plus grands managers de cette ligue, il a plus que tenu le coup.<\/p>\n<p>\u00ab\u00a0Mais je pouvais voir cela venir : on ne peut pas commencer \u00e0 parler \u00e0 contrec\u0153ur dans n&#39;importe quel club, mais surtout \u00e0 Chelsea qui a tant de directeurs sportifs.<\/p>\n<p>\u00ab\u00a0D\u00e8s que les r\u00e9sultats ont commenc\u00e9 \u00e0 se d\u00e9t\u00e9riorer ces derni\u00e8res semaines, il ne s&#39;est pas pr\u00e9sent\u00e9 \u00e0 une conf\u00e9rence de presse, c&#39;\u00e9tait in\u00e9vitable.<\/p>\n<p>\u00ab\u00a0Maintenant que Maresca est parti, l&#39;accent sera mis sur le club et la propri\u00e9t\u00e9. J&#39;ai \u00e9t\u00e9 tr\u00e8s critique \u00e0 l&#39;\u00e9gard de la fa\u00e7on dont ils ont proc\u00e9d\u00e9 au cours des trois derni\u00e8res ann\u00e9es et demie.<\/p>\n<p>\u00ab Si vous regardez la chronologie des managers : ils ont h\u00e9rit\u00e9 de Thomas Tuchel, un manager vainqueur de la Ligue des champions. Il semble d\u00e9sormais qu&#39;ils vont h\u00e9riter de Liam Rosenior, qui a dirig\u00e9 Derby, Hull et Strasbourg.<\/p>\n<p>\u00ab\u00a0C&#39;est une belle opportunit\u00e9 pour lui, mais le Chelsea Football Club et ses supporters ne sont pas habitu\u00e9s \u00e0 ces nominations.<\/p>\n<p>\u00ab\u00a0Ils sont habitu\u00e9s \u00e0 Jos\u00e9 Mourinho, Guus Hiddink, Antonio Conte \u2013 des managers de renom qui viennent avoir un impact \u00e9norme sur leur club. Je ne vois pas Rosenior faire \u00e7a.<\/p>\n<p>\u00a0\u00bb Son objectif sera de s&#39;assurer qu&#39;ils entrent en Ligue des champions la saison prochaine et ils sont plus que capables de le faire. Nous nous attendons \u00e0 ce qu&#39;il y ait cinq \u00e9quipes de Premier League [that qualify for the Champions League] comme c&#39;\u00e9tait le cas la saison derni\u00e8re.<\/p>\n<p>\u00ab\u00a0Mais je ne pense pas que ce soit une nomination qui permettra \u00e0 Chelsea de remporter un titre de Premier League ou un troph\u00e9e de la Ligue des champions, et c&#39;est ce \u00e0 quoi Chelsea devrait aspirer et c&#39;est \u00e0 cela que les supporters sont habitu\u00e9s au cours des 20 derni\u00e8res ann\u00e9es.<\/p>\n<p>\u00a0\u00bb Ce n&#39;est pas un manque de respect ou une critique envers Liam Rosenior, il est encore un jeune homme et il est en route pour devenir un jour un entra\u00eeneur de haut niveau.<\/p>\n<p>\u00ab\u00a0Pour moi, c&#39;est juste un travail qui va probablement arriver trop t\u00f4t pour avoir le succ\u00e8s auquel Chelsea en tant que club de football devrait s&#39;attendre.\u00a0\u00bb<\/p>\n<p>Ce qui est int\u00e9ressant ici, bien s\u00fbr, c&#39;est que Carragher dit qu&#39;il est un grand fan de Maresca, qui \u00e9tait encore moins exp\u00e9riment\u00e9 que Rosenior\u2026 Hmmm.<\/p>\n<p>Gary Neville a \u00e9galement remis en question l&#39;impact que Rosenior aurait sur une \u00e9quipe d\u00e9j\u00e0 inexp\u00e9riment\u00e9e.<\/p>\n<p>\u00ab\u00a0On ne peut vraiment rien gagner avec des enfants. C&#39;est un fait. Alan Hansen avait absolument raison\u00a0\u00bb, a d\u00e9clar\u00e9 Neville sur son message.<\/p>\n<p>\u00ab\u00a0Chelsea a besoin d&#39;exp\u00e9rience dans et autour du club. Si vous avez de jeunes joueurs sur le terrain, je pense aussi qu&#39;il vous faut un manager exp\u00e9riment\u00e9.<\/p>\n<p>\u00ab\u00a0Mais il semble qu&#39;ils vont \u00e0 nouveau nommer un autre jeune manager. Je pense simplement que les jeunes joueurs ont besoin d\u2019une certaine autorit\u00e9 et de conseils autour d\u2019eux.<\/p>\n<p>Comme toujours avec ces deux-l\u00e0, je suis certainement d\u2019accord avec certains points soulev\u00e9s ici, mais pas avec tous. En fait, je pense que Rosenior pourrait finir par surprendre quelques personnes, dont ces deux-l\u00e0\u00a0!<\/p>\n<p>Faites-moi part de vos r\u00e9flexions g\u00e9n\u00e9rales sur Rosenior et des commentaires de Carragher et Neville, dans la section commentaires ci-dessous.<\/p>\n<\/p><\/div>\n","protected":false},"excerpt":{"rendered":"<p>Je pense que ces mots ci-dessous trouveront un \u00e9cho aupr\u00e8s de nombreux fans de Chelsea, car je pense que beaucoup ressentiront cela. Avec de nouvelles<\/p>\n","protected":false},"author":1,"featured_media":32479,"comment_status":"closed","ping_status":"","sticky":false,"template":"","format":"standard","meta":{"footnotes":""},"categories":[3],"tags":[11289,576,743,1510,93,504,1893,269,243,11290],"yoast_head":"<!-- This site is optimized with the Yoast SEO plugin v21.0 - https:\/\/yoast.com\/wordpress\/plugins\/seo\/ -->\n<title>Gary Neville et Jamie Carragher annulent le manager qui pourrait les surprendre<\/title>\n<meta name=\"robots\" content=\"index, follow, max-snippet:-1, max-image-preview:large, max-video-preview:-1\" \/>\n<link rel=\"canonical\" href=\"https:\/\/footdavant.fr\/actualites\/gary-neville-et-jamie-carragher-annulent-le-manager-qui-pourrait-les-surprendre\/\" \/>\n<meta property=\"og:locale\" content=\"fr_FR\" \/>\n<meta property=\"og:type\" content=\"article\" \/>\n<meta property=\"og:title\" content=\"Gary Neville et Jamie Carragher annulent le manager qui pourrait les surprendre\" \/>\n<meta property=\"og:description\" content=\"Je pense que ces mots ci-dessous trouveront un \u00e9cho aupr\u00e8s de nombreux fans de Chelsea, car je pense que beaucoup ressentiront cela. Avec de nouvelles\" \/>\n<meta property=\"og:url\" content=\"https:\/\/footdavant.fr\/actualites\/gary-neville-et-jamie-carragher-annulent-le-manager-qui-pourrait-les-surprendre\/\" \/>\n<meta property=\"og:site_name\" content=\"Foot d&#039;avant\" \/>\n<meta property=\"article:publisher\" content=\"https:\/\/www.facebook.com\/Footdavant\/\" \/>\n<meta property=\"article:published_time\" content=\"2026-01-08T02:48:05+00:00\" \/>\n<meta property=\"article:modified_time\" content=\"2026-01-08T02:48:09+00:00\" \/>\n<meta property=\"og:image\" content=\"https:\/\/footdavant.fr\/actualites\/wp-content\/uploads\/2025\/12\/Pourquoi-Jamie-Carragher-parle-de-sens-sur-Chelsea-pour-une.jpg\" \/>\n\t<meta property=\"og:image:width\" content=\"2560\" \/>\n\t<meta property=\"og:image:height\" content=\"1707\" \/>\n\t<meta property=\"og:image:type\" content=\"image\/jpeg\" \/>\n<meta name=\"author\" content=\"Cl\u00e9ment\" \/>\n<meta name=\"twitter:card\" content=\"summary_large_image\" \/>\n<meta name=\"twitter:creator\" content=\"@FootdavantFr\" \/>\n<meta name=\"twitter:site\" content=\"@FootdavantFr\" \/>\n<meta name=\"twitter:label1\" content=\"\u00c9crit par\" \/>\n\t<meta name=\"twitter:data1\" content=\"Cl\u00e9ment\" \/>\n\t<meta name=\"twitter:label2\" content=\"Dur\u00e9e de lecture estim\u00e9e\" \/>\n\t<meta name=\"twitter:data2\" content=\"4 minutes\" \/>\n<script type=\"application\/ld+json\" class=\"yoast-schema-graph\">{\"@context\":\"https:\/\/schema.org\",\"@graph\":[{\"@type\":\"Article\",\"@id\":\"https:\/\/footdavant.fr\/actualites\/gary-neville-et-jamie-carragher-annulent-le-manager-qui-pourrait-les-surprendre\/#article\",\"isPartOf\":{\"@id\":\"https:\/\/footdavant.fr\/actualites\/gary-neville-et-jamie-carragher-annulent-le-manager-qui-pourrait-les-surprendre\/\"},\"author\":{\"name\":\"Cl\u00e9ment\",\"@id\":\"https:\/\/footdavant.fr\/actualites\/#\/schema\/person\/bc222566d95871b37e597b3ed3ba5e1d\"},\"headline\":\"Gary Neville et Jamie Carragher annulent le manager qui pourrait les surprendre\",\"datePublished\":\"2026-01-08T02:48:05+00:00\",\"dateModified\":\"2026-01-08T02:48:09+00:00\",\"mainEntityOfPage\":{\"@id\":\"https:\/\/footdavant.fr\/actualites\/gary-neville-et-jamie-carragher-annulent-le-manager-qui-pourrait-les-surprendre\/\"},\"wordCount\":789,\"publisher\":{\"@id\":\"https:\/\/footdavant.fr\/actualites\/#organization\"},\"keywords\":[\"annulent\",\"Carragher\",\"Gary\",\"Jamie\",\"les\",\"manager\",\"Neville\",\"pourrait\",\"qui\",\"surprendre\"],\"articleSection\":[\"Football\"],\"inLanguage\":\"fr-FR\"},{\"@type\":\"WebPage\",\"@id\":\"https:\/\/footdavant.fr\/actualites\/gary-neville-et-jamie-carragher-annulent-le-manager-qui-pourrait-les-surprendre\/\",\"url\":\"https:\/\/footdavant.fr\/actualites\/gary-neville-et-jamie-carragher-annulent-le-manager-qui-pourrait-les-surprendre\/\",\"name\":\"Gary Neville et Jamie Carragher annulent le manager qui pourrait les surprendre\",\"isPartOf\":{\"@id\":\"https:\/\/footdavant.fr\/actualites\/#website\"},\"datePublished\":\"2026-01-08T02:48:05+00:00\",\"dateModified\":\"2026-01-08T02:48:09+00:00\",\"breadcrumb\":{\"@id\":\"https:\/\/footdavant.fr\/actualites\/gary-neville-et-jamie-carragher-annulent-le-manager-qui-pourrait-les-surprendre\/#breadcrumb\"},\"inLanguage\":\"fr-FR\",\"potentialAction\":[{\"@type\":\"ReadAction\",\"target\":[\"https:\/\/footdavant.fr\/actualites\/gary-neville-et-jamie-carragher-annulent-le-manager-qui-pourrait-les-surprendre\/\"]}]},{\"@type\":\"BreadcrumbList\",\"@id\":\"https:\/\/footdavant.fr\/actualites\/gary-neville-et-jamie-carragher-annulent-le-manager-qui-pourrait-les-surprendre\/#breadcrumb\",\"itemListElement\":[{\"@type\":\"ListItem\",\"position\":1,\"name\":\"Accueil\",\"item\":\"https:\/\/footdavant.fr\/actualites\/\"},{\"@type\":\"ListItem\",\"position\":2,\"name\":\"Gary Neville et Jamie Carragher annulent le manager qui pourrait les surprendre\"}]},{\"@type\":\"WebSite\",\"@id\":\"https:\/\/footdavant.fr\/actualites\/#website\",\"url\":\"https:\/\/footdavant.fr\/actualites\/\",\"name\":\"Foot d'avant\",\"description\":\"\",\"publisher\":{\"@id\":\"https:\/\/footdavant.fr\/actualites\/#organization\"},\"potentialAction\":[{\"@type\":\"SearchAction\",\"target\":{\"@type\":\"EntryPoint\",\"urlTemplate\":\"https:\/\/footdavant.fr\/actualites\/?s={search_term_string}\"},\"query-input\":\"required name=search_term_string\"}],\"inLanguage\":\"fr-FR\"},{\"@type\":\"Organization\",\"@id\":\"https:\/\/footdavant.fr\/actualites\/#organization\",\"name\":\"Foot d'avant\",\"url\":\"https:\/\/footdavant.fr\/actualites\/\",\"logo\":{\"@type\":\"ImageObject\",\"inLanguage\":\"fr-FR\",\"@id\":\"https:\/\/footdavant.fr\/actualites\/#\/schema\/logo\/image\/\",\"url\":\"https:\/\/footdavant.fr\/actualites\/wp-content\/uploads\/2023\/09\/Copy-of-FootDavant-Logo.png\",\"contentUrl\":\"https:\/\/footdavant.fr\/actualites\/wp-content\/uploads\/2023\/09\/Copy-of-FootDavant-Logo.png\",\"width\":936,\"height\":549,\"caption\":\"Foot d'avant\"},\"image\":{\"@id\":\"https:\/\/footdavant.fr\/actualites\/#\/schema\/logo\/image\/\"},\"sameAs\":[\"https:\/\/www.facebook.com\/Footdavant\/\",\"https:\/\/twitter.com\/FootdavantFr\",\"https:\/\/www.instagram.com\/footdavant.fr\/\"]},{\"@type\":\"Person\",\"@id\":\"https:\/\/footdavant.fr\/actualites\/#\/schema\/person\/bc222566d95871b37e597b3ed3ba5e1d\",\"name\":\"Cl\u00e9ment\",\"image\":{\"@type\":\"ImageObject\",\"inLanguage\":\"fr-FR\",\"@id\":\"https:\/\/footdavant.fr\/actualites\/#\/schema\/person\/image\/\",\"url\":\"https:\/\/secure.gravatar.com\/avatar\/7728b29aac2719421e1a9159b2254c44?s=96&d=mm&r=g\",\"contentUrl\":\"https:\/\/secure.gravatar.com\/avatar\/7728b29aac2719421e1a9159b2254c44?s=96&d=mm&r=g\",\"caption\":\"Cl\u00e9ment\"},\"sameAs\":[\"https:\/\/footdavant.fr\/\"]}]}<\/script>\n<!-- \/ Yoast SEO plugin. -->","yoast_head_json":{"title":"Gary Neville et Jamie Carragher annulent le manager qui pourrait les surprendre","robots":{"index":"index","follow":"follow","max-snippet":"max-snippet:-1","max-image-preview":"max-image-preview:large","max-video-preview":"max-video-preview:-1"},"canonical":"https:\/\/footdavant.fr\/actualites\/gary-neville-et-jamie-carragher-annulent-le-manager-qui-pourrait-les-surprendre\/","og_locale":"fr_FR","og_type":"article","og_title":"Gary Neville et Jamie Carragher annulent le manager qui pourrait les surprendre","og_description":"Je pense que ces mots ci-dessous trouveront un \u00e9cho aupr\u00e8s de nombreux fans de Chelsea, car je pense que beaucoup ressentiront cela. Avec de nouvelles","og_url":"https:\/\/footdavant.fr\/actualites\/gary-neville-et-jamie-carragher-annulent-le-manager-qui-pourrait-les-surprendre\/","og_site_name":"Foot d&#039;avant","article_publisher":"https:\/\/www.facebook.com\/Footdavant\/","article_published_time":"2026-01-08T02:48:05+00:00","article_modified_time":"2026-01-08T02:48:09+00:00","og_image":[{"width":2560,"height":1707,"url":"https:\/\/footdavant.fr\/actualites\/wp-content\/uploads\/2025\/12\/Pourquoi-Jamie-Carragher-parle-de-sens-sur-Chelsea-pour-une.jpg","type":"image\/jpeg"}],"author":"Cl\u00e9ment","twitter_card":"summary_large_image","twitter_creator":"@FootdavantFr","twitter_site":"@FootdavantFr","twitter_misc":{"\u00c9crit par":"Cl\u00e9ment","Dur\u00e9e de lecture estim\u00e9e":"4 minutes"},"schema":{"@context":"https:\/\/schema.org","@graph":[{"@type":"Article","@id":"https:\/\/footdavant.fr\/actualites\/gary-neville-et-jamie-carragher-annulent-le-manager-qui-pourrait-les-surprendre\/#article","isPartOf":{"@id":"https:\/\/footdavant.fr\/actualites\/gary-neville-et-jamie-carragher-annulent-le-manager-qui-pourrait-les-surprendre\/"},"author":{"name":"Cl\u00e9ment","@id":"https:\/\/footdavant.fr\/actualites\/#\/schema\/person\/bc222566d95871b37e597b3ed3ba5e1d"},"headline":"Gary Neville et Jamie Carragher annulent le manager qui pourrait les surprendre","datePublished":"2026-01-08T02:48:05+00:00","dateModified":"2026-01-08T02:48:09+00:00","mainEntityOfPage":{"@id":"https:\/\/footdavant.fr\/actualites\/gary-neville-et-jamie-carragher-annulent-le-manager-qui-pourrait-les-surprendre\/"},"wordCount":789,"publisher":{"@id":"https:\/\/footdavant.fr\/actualites\/#organization"},"keywords":["annulent","Carragher","Gary","Jamie","les","manager","Neville","pourrait","qui","surprendre"],"articleSection":["Football"],"inLanguage":"fr-FR"},{"@type":"WebPage","@id":"https:\/\/footdavant.fr\/actualites\/gary-neville-et-jamie-carragher-annulent-le-manager-qui-pourrait-les-surprendre\/","url":"https:\/\/footdavant.fr\/actualites\/gary-neville-et-jamie-carragher-annulent-le-manager-qui-pourrait-les-surprendre\/","name":"Gary Neville et Jamie Carragher annulent le manager qui pourrait les surprendre","isPartOf":{"@id":"https:\/\/footdavant.fr\/actualites\/#website"},"datePublished":"2026-01-08T02:48:05+00:00","dateModified":"2026-01-08T02:48:09+00:00","breadcrumb":{"@id":"https:\/\/footdavant.fr\/actualites\/gary-neville-et-jamie-carragher-annulent-le-manager-qui-pourrait-les-surprendre\/#breadcrumb"},"inLanguage":"fr-FR","potentialAction":[{"@type":"ReadAction","target":["https:\/\/footdavant.fr\/actualites\/gary-neville-et-jamie-carragher-annulent-le-manager-qui-pourrait-les-surprendre\/"]}]},{"@type":"BreadcrumbList","@id":"https:\/\/footdavant.fr\/actualites\/gary-neville-et-jamie-carragher-annulent-le-manager-qui-pourrait-les-surprendre\/#breadcrumb","itemListElement":[{"@type":"ListItem","position":1,"name":"Accueil","item":"https:\/\/footdavant.fr\/actualites\/"},{"@type":"ListItem","position":2,"name":"Gary Neville et Jamie Carragher annulent le manager qui pourrait les surprendre"}]},{"@type":"WebSite","@id":"https:\/\/footdavant.fr\/actualites\/#website","url":"https:\/\/footdavant.fr\/actualites\/","name":"Foot d'avant","description":"","publisher":{"@id":"https:\/\/footdavant.fr\/actualites\/#organization"},"potentialAction":[{"@type":"SearchAction","target":{"@type":"EntryPoint","urlTemplate":"https:\/\/footdavant.fr\/actualites\/?s={search_term_string}"},"query-input":"required name=search_term_string"}],"inLanguage":"fr-FR"},{"@type":"Organization","@id":"https:\/\/footdavant.fr\/actualites\/#organization","name":"Foot d'avant","url":"https:\/\/footdavant.fr\/actualites\/","logo":{"@type":"ImageObject","inLanguage":"fr-FR","@id":"https:\/\/footdavant.fr\/actualites\/#\/schema\/logo\/image\/","url":"https:\/\/footdavant.fr\/actualites\/wp-content\/uploads\/2023\/09\/Copy-of-FootDavant-Logo.png","contentUrl":"https:\/\/footdavant.fr\/actualites\/wp-content\/uploads\/2023\/09\/Copy-of-FootDavant-Logo.png","width":936,"height":549,"caption":"Foot d'avant"},"image":{"@id":"https:\/\/footdavant.fr\/actualites\/#\/schema\/logo\/image\/"},"sameAs":["https:\/\/www.facebook.com\/Footdavant\/","https:\/\/twitter.com\/FootdavantFr","https:\/\/www.instagram.com\/footdavant.fr\/"]},{"@type":"Person","@id":"https:\/\/footdavant.fr\/actualites\/#\/schema\/person\/bc222566d95871b37e597b3ed3ba5e1d","name":"Cl\u00e9ment","image":{"@type":"ImageObject","inLanguage":"fr-FR","@id":"https:\/\/footdavant.fr\/actualites\/#\/schema\/person\/image\/","url":"https:\/\/secure.gravatar.com\/avatar\/7728b29aac2719421e1a9159b2254c44?s=96&d=mm&r=g","contentUrl":"https:\/\/secure.gravatar.com\/avatar\/7728b29aac2719421e1a9159b2254c44?s=96&d=mm&r=g","caption":"Cl\u00e9ment"},"sameAs":["https:\/\/footdavant.fr\/"]}]}},"_links":{"self":[{"href":"https:\/\/footdavant.fr\/actualites\/wp-json\/wp\/v2\/posts\/33207"}],"collection":[{"href":"https:\/\/footdavant.fr\/actualites\/wp-json\/wp\/v2\/posts"}],"about":[{"href":"https:\/\/footdavant.fr\/actualites\/wp-json\/wp\/v2\/types\/post"}],"author":[{"embeddable":true,"href":"https:\/\/footdavant.fr\/actualites\/wp-json\/wp\/v2\/users\/1"}],"replies":[{"embeddable":true,"href":"https:\/\/footdavant.fr\/actualites\/wp-json\/wp\/v2\/comments?post=33207"}],"version-history":[{"count":1,"href":"https:\/\/footdavant.fr\/actualites\/wp-json\/wp\/v2\/posts\/33207\/revisions"}],"predecessor-version":[{"id":33208,"href":"https:\/\/footdavant.fr\/actualites\/wp-json\/wp\/v2\/posts\/33207\/revisions\/33208"}],"wp:featuredmedia":[{"embeddable":true,"href":"https:\/\/footdavant.fr\/actualites\/wp-json\/wp\/v2\/media\/32479"}],"wp:attachment":[{"href":"https:\/\/footdavant.fr\/actualites\/wp-json\/wp\/v2\/media?parent=33207"}],"wp:term":[{"taxonomy":"category","embeddable":true,"href":"https:\/\/footdavant.fr\/actualites\/wp-json\/wp\/v2\/categories?post=33207"},{"taxonomy":"post_tag","embeddable":true,"href":"https:\/\/footdavant.fr\/actualites\/wp-json\/wp\/v2\/tags?post=33207"}],"curies":[{"name":"wp","href":"https:\/\/api.w.org\/{rel}","templated":true}]}}