{"id":33242,"date":"2026-01-09T03:48:14","date_gmt":"2026-01-09T02:48:14","guid":{"rendered":"https:\/\/footdavant.fr\/actualites\/loccasion-se-presente-lors-de-la-visite-des-champions\/"},"modified":"2026-01-09T03:48:21","modified_gmt":"2026-01-09T02:48:21","slug":"loccasion-se-presente-lors-de-la-visite-des-champions","status":"publish","type":"post","link":"https:\/\/footdavant.fr\/actualites\/loccasion-se-presente-lors-de-la-visite-des-champions\/","title":{"rendered":"L&#39;occasion se pr\u00e9sente lors de la visite des champions"},"content":{"rendered":"<div>\n<p>Bonjour \u00e0 tous.<\/p>\n<p>Ce qui \u00e9tait d\u00e9j\u00e0 un grand match deviendra encore plus crucial plus tard lorsque Liverpool arrivera en ville. Les r\u00e9sultats d&#39;hier soir en Premier League signifient qu&#39;une victoire permettrait \u00e0 Arsenal d&#39;\u00e9tendre son avance en t\u00eate du classement, et m\u00eame si vous n&#39;avez gu\u00e8re besoin de plus de motivation que de battre les champions en titre alors que vous tentez de remporter votre premier titre depuis plus de 20 ans, cela ajoute s\u00fbrement un petit plus.<\/p>\n<p>Ce n&#39;est m\u00eame pas de la motivation, c&#39;est une opportunit\u00e9, et l&#39;\u00e9quipe de Mikel Arteta sera d\u00e9termin\u00e9e \u00e0 en tirer le meilleur parti. Nul doute que beaucoup d\u2019entre vous auront vu le clip de Dominik Szoboszlai \u00e0 qui Sky Sports a demand\u00e9 s\u2019il pensait que Liverpool affronterait les champions ce soir. Sa r\u00e9ponse tout \u00e0 fait raisonnable a \u00e9t\u00e9 que m\u00eame si Arsenal a \u00e9t\u00e9 bon cette saison, \u00ab\u00a0nous ne jouons pas contre les champions, ils jouent contre les champions\u00a0\u00bb.<\/p>\n<p>C&#39;est un peu culott\u00e9 de la part de Sky, m\u00eame si on voit d&#39;o\u00f9 vient la question, et la r\u00e9ponse ne me pose aucun probl\u00e8me. Il a tout \u00e0 fait raison, mais c&#39;est, un peu par inadvertance, un rappel brutal \u00e0 Arteta et \u00e0 ces joueurs de ce qu&#39;ils doivent encore faire. Nous avons \u00e9t\u00e9 tr\u00e8s bons cette saison, mais il reste encore beaucoup de chemin \u00e0 parcourir, et si cela se refl\u00e8te dans la r\u00e9ponse de Szoboszlai, alors \u00e7a me convient.<\/p>\n<p>Le manager a parl\u00e9 de son \u00e9quipe ayant un \u00ab point \u00e0 prouver \u00bb ce soir, mais n&#39;a pas vraiment d\u00e9velopp\u00e9 ce point, sugg\u00e9rant que c&#39;est le cas pour chaque match. Cependant, je ne peux m&#39;emp\u00eacher de penser qu&#39;il s&#39;agit d&#39;une r\u00e9f\u00e9rence au match du d\u00e9but de la saison \u00e0 Anfield, qui a suscit\u00e9, \u00e0 mon avis, un niveau de critique qui n&#39;\u00e9tait pas vraiment align\u00e9 avec ce que j&#39;ai vu. Ce jour-l\u00e0, en d\u00e9but de saison, nous avions deux \u00e9quipes qui se respectaient beaucoup, qui jouaient toutes les deux avec une certaine prudence, et finalement cela s&#39;est d\u00e9cid\u00e9 sur un coup franc brillant.<\/p>\n<p>Je pense qu&#39;Arne Slot a dit par la suite que si ce match se jouait 10 fois, nous aurions 8 nuls, 1 victoire pour Liverpool et 1 pour Arsenal. A 0-0, nous avons fait entrer Martin Odegaard et Eberechi Eze pour essayer de changer la dynamique, et m\u00eame mis un joueur de 15 ans pour les 10 derni\u00e8res minutes, mais \u00e9videmment on est jug\u00e9 sur le r\u00e9sultat. La s\u00e9lection de l&#39;\u00e9quipe ce jour-l\u00e0 a suscit\u00e9 des discussions, il est juste de le dire, en particulier sur la composition du milieu de terrain, et Arteta a sembl\u00e9 en parler lors de sa conf\u00e9rence de presse d&#39;avant-match, en disant :<\/p>\n<blockquote>\n<p>Les gens peuvent avoir des opinions diff\u00e9rentes et [try to] comprendre pourquoi nous d\u00e9cidons de certaines choses ou choisissons certains joueurs. Mais nous connaissons leur \u00e9tat physique. L&#39;autre joueur est-il disponible pour commencer ? Personne n\u2019a demand\u00e9. Les gens supposent cela. Nous avons toutes les informations. Vous ne le faites pas, et c&#39;est normal et nous ne voulons pas non plus fournir cela\u00a0! Avec les informations dont vous disposez, vous devez juger qu\u2019\u00e0 votre avis, c\u2019est le meilleur cas pour gagner la partie \u2013 cela doit \u00eatre accept\u00e9.<\/p>\n<\/blockquote>\n<p>Donc, je pense que cette d\u00e9faite persiste quelque part dans son esprit, et nous savons \u00e0 quelle fr\u00e9quence il essaie d\u2019utiliser des choses comme celle-ci dans le cadre de sa pr\u00e9paration. La d\u00e9faite fait mal, et la seule fa\u00e7on de gu\u00e9rir cette blessure est de gagner. Ce soir, je ne pense pas que l&#39;\u00e9quipe fasse trop d&#39;efforts. En supposant qu&#39;il n&#39;y ait pas de probl\u00e8mes de forme physique affectant la s\u00e9lection, ce seront les m\u00eames quatre arri\u00e8res, le trio de milieu de terrain compos\u00e9 de Martin Zubimendi, Declan Rice et Odegaard, tandis que Bukayo Saka et Leandro Trossard reviendront sur les ailes.<\/p>\n<p>Je suppose que ce sera Viktor Gyokeres devant ce soir, sa pr\u00e9sence physique contre deux grands d\u00e9fenseurs centraux sera probablement importante, mais c&#39;est le match 10 sans but en jeu ouvert (il a marqu\u00e9 son penalty contre Everton \u00e9videmment), et il semble que ce soir serait un moment tr\u00e8s utile pour lui de trouver ses chaussures de tir. Oui, nous devons lui donner des chances, mais il doit montrer qu&#39;il peut \u00eatre sur la m\u00eame longueur d&#39;onde que ceux qui l&#39;entourent avec un peu plus de fr\u00e9quence.<\/p>\n<p>Quant \u00e0 Liverpool, ils arrivent dans ce match sur une s\u00e9rie de 9 matchs sans d\u00e9faite, mais je pense qu&#39;il est juste de dire qu&#39;en termes de performances, ils n&#39;ont pas \u00e9t\u00e9 convaincants ces derniers temps. Je soup\u00e7onne que leur approche pourrait \u00eatre un peu plus prudente qu\u2019elle ne le serait s\u2019ils \u00e9taient \u00e0 leur meilleur. La fa\u00e7on dont van Dijk et Konate ont \u00e9t\u00e9 expos\u00e9s par les bombardements lat\u00e9raux cette saison a \u00e9t\u00e9 un probl\u00e8me, donc s&#39;ils rentrent un peu plus et ne quittent pas ces espaces, je ne serais pas du tout surpris. Ils ont encore beaucoup de qualit\u00e9 malgr\u00e9 les absences offensives, vous ne pouvez donc rien prendre pour acquis, m\u00eame si vous pr\u00e9f\u00e9rez \u00e9videmment les affronter sans Salah, Isak et potentiellement Ekitike.<\/p>\n<p>Mais en fin de compte, cela d\u00e9pend de nous. Nous devrons faire de notre mieux pour battre une tr\u00e8s bonne \u00e9quipe, et Man City perdant plus de points hier soir offre une r\u00e9elle chance de mettre une r\u00e9elle emprise sur cette course au titre. Comme je l&#39;ai dit, les joueurs n&#39;ont pas besoin de motivation suppl\u00e9mentaire, mais ce sont des moments d&#39;une saison dont il faut profiter et nous croisons les doigts pour y parvenir.<\/p>\n<p>Arteta a exhort\u00e9 la foule \u00e0 jouer son r\u00f4le, d\u00e9crivant comment ce soutien se transmet aux joueurs sur le terrain :<\/p>\n<blockquote>\n<p>Il n&#39;y a rien de tel. Vous devenez un joueur diff\u00e9rent\u00a0; votre \u00e9tat \u00e9motionnel est meilleur, votre niveau d\u2019\u00e9nergie est meilleur, votre confiance est meilleure. Ils vous poussent \u00e0 agir avec beaucoup d\u2019agressivit\u00e9, avec beaucoup de d\u00e9termination et cela soul\u00e8ve toute l\u2019\u00e9quipe. C&#39;est donc ce que nous devons fournir demain.<\/p>\n<\/blockquote>\n<p>Cela semble \u00eatre un moment \u00e9norme dans cette saison. Un autre grand test de nos r\u00e9f\u00e9rences, et pour la plupart, nous nous en sommes bien sortis. Esp\u00e9rons que ce soir il y en aura un autre \u00e0 ajouter \u00e0 cette liste.<\/p>\n<p>D&#39;accord, je vais en rester l\u00e0 pour l&#39;instant. Nous avons un podcast en avant-premi\u00e8re sur Patreon si vous avez besoin de quelque chose \u00e0 \u00e9couter (et nous terminerons \u00e9galement toute l&#39;action de la nuit derni\u00e8re dans The 30), et comme toujours, nous aurons une couverture de blog en direct et tous les \u00e9l\u00e9ments d&#39;apr\u00e8s-match sur Arseblog News plus tard.<\/p>\n<p>Allez les rouges !<\/p>\n<\/div>\n","protected":false},"excerpt":{"rendered":"<p>Bonjour \u00e0 tous. Ce qui \u00e9tait d\u00e9j\u00e0 un grand match deviendra encore plus crucial plus tard lorsque Liverpool arrivera en ville. Les r\u00e9sultats d&#39;hier soir<\/p>\n","protected":false},"author":1,"featured_media":33243,"comment_status":"closed","ping_status":"","sticky":false,"template":"","format":"standard","meta":{"footnotes":""},"categories":[3],"tags":[31,12,6471,64,3899,2152],"yoast_head":"<!-- This site is optimized with the Yoast SEO plugin v21.0 - https:\/\/yoast.com\/wordpress\/plugins\/seo\/ -->\n<title>L&#039;occasion se pr\u00e9sente lors de la visite des champions<\/title>\n<meta name=\"robots\" content=\"index, follow, max-snippet:-1, max-image-preview:large, max-video-preview:-1\" \/>\n<link rel=\"canonical\" href=\"https:\/\/footdavant.fr\/actualites\/loccasion-se-presente-lors-de-la-visite-des-champions\/\" \/>\n<meta property=\"og:locale\" content=\"fr_FR\" \/>\n<meta property=\"og:type\" content=\"article\" \/>\n<meta property=\"og:title\" content=\"L&#039;occasion se pr\u00e9sente lors de la visite des champions\" \/>\n<meta property=\"og:description\" content=\"Bonjour \u00e0 tous. Ce qui \u00e9tait d\u00e9j\u00e0 un grand match deviendra encore plus crucial plus tard lorsque Liverpool arrivera en ville. Les r\u00e9sultats d&#039;hier soir\" \/>\n<meta property=\"og:url\" content=\"https:\/\/footdavant.fr\/actualites\/loccasion-se-presente-lors-de-la-visite-des-champions\/\" \/>\n<meta property=\"og:site_name\" content=\"Foot d&#039;avant\" \/>\n<meta property=\"article:publisher\" content=\"https:\/\/www.facebook.com\/Footdavant\/\" \/>\n<meta property=\"article:published_time\" content=\"2026-01-09T02:48:14+00:00\" \/>\n<meta property=\"article:modified_time\" content=\"2026-01-09T02:48:21+00:00\" \/>\n<meta property=\"og:image\" content=\"https:\/\/footdavant.fr\/actualites\/wp-content\/uploads\/2026\/01\/L39occasion-se-presente-lors-de-la-visite-des-champions.jpg\" \/>\n\t<meta property=\"og:image:width\" content=\"1500\" \/>\n\t<meta property=\"og:image:height\" content=\"750\" \/>\n\t<meta property=\"og:image:type\" content=\"image\/jpeg\" \/>\n<meta name=\"author\" content=\"Cl\u00e9ment\" \/>\n<meta name=\"twitter:card\" content=\"summary_large_image\" \/>\n<meta name=\"twitter:creator\" content=\"@FootdavantFr\" \/>\n<meta name=\"twitter:site\" content=\"@FootdavantFr\" \/>\n<meta name=\"twitter:label1\" content=\"\u00c9crit par\" \/>\n\t<meta name=\"twitter:data1\" content=\"Cl\u00e9ment\" \/>\n\t<meta name=\"twitter:label2\" content=\"Dur\u00e9e de lecture estim\u00e9e\" \/>\n\t<meta name=\"twitter:data2\" content=\"6 minutes\" \/>\n<script type=\"application\/ld+json\" class=\"yoast-schema-graph\">{\"@context\":\"https:\/\/schema.org\",\"@graph\":[{\"@type\":\"Article\",\"@id\":\"https:\/\/footdavant.fr\/actualites\/loccasion-se-presente-lors-de-la-visite-des-champions\/#article\",\"isPartOf\":{\"@id\":\"https:\/\/footdavant.fr\/actualites\/loccasion-se-presente-lors-de-la-visite-des-champions\/\"},\"author\":{\"name\":\"Cl\u00e9ment\",\"@id\":\"https:\/\/footdavant.fr\/actualites\/#\/schema\/person\/bc222566d95871b37e597b3ed3ba5e1d\"},\"headline\":\"L&#39;occasion se pr\u00e9sente lors de la visite des champions\",\"datePublished\":\"2026-01-09T02:48:14+00:00\",\"dateModified\":\"2026-01-09T02:48:21+00:00\",\"mainEntityOfPage\":{\"@id\":\"https:\/\/footdavant.fr\/actualites\/loccasion-se-presente-lors-de-la-visite-des-champions\/\"},\"wordCount\":1210,\"publisher\":{\"@id\":\"https:\/\/footdavant.fr\/actualites\/#organization\"},\"keywords\":[\"champions\",\"des\",\"l39occasion\",\"lors\",\"pr\u00e9sente\",\"visite\"],\"articleSection\":[\"Football\"],\"inLanguage\":\"fr-FR\"},{\"@type\":\"WebPage\",\"@id\":\"https:\/\/footdavant.fr\/actualites\/loccasion-se-presente-lors-de-la-visite-des-champions\/\",\"url\":\"https:\/\/footdavant.fr\/actualites\/loccasion-se-presente-lors-de-la-visite-des-champions\/\",\"name\":\"L&#39;occasion se pr\u00e9sente lors de la visite des champions\",\"isPartOf\":{\"@id\":\"https:\/\/footdavant.fr\/actualites\/#website\"},\"datePublished\":\"2026-01-09T02:48:14+00:00\",\"dateModified\":\"2026-01-09T02:48:21+00:00\",\"breadcrumb\":{\"@id\":\"https:\/\/footdavant.fr\/actualites\/loccasion-se-presente-lors-de-la-visite-des-champions\/#breadcrumb\"},\"inLanguage\":\"fr-FR\",\"potentialAction\":[{\"@type\":\"ReadAction\",\"target\":[\"https:\/\/footdavant.fr\/actualites\/loccasion-se-presente-lors-de-la-visite-des-champions\/\"]}]},{\"@type\":\"BreadcrumbList\",\"@id\":\"https:\/\/footdavant.fr\/actualites\/loccasion-se-presente-lors-de-la-visite-des-champions\/#breadcrumb\",\"itemListElement\":[{\"@type\":\"ListItem\",\"position\":1,\"name\":\"Accueil\",\"item\":\"https:\/\/footdavant.fr\/actualites\/\"},{\"@type\":\"ListItem\",\"position\":2,\"name\":\"L&#39;occasion se pr\u00e9sente lors de la visite des champions\"}]},{\"@type\":\"WebSite\",\"@id\":\"https:\/\/footdavant.fr\/actualites\/#website\",\"url\":\"https:\/\/footdavant.fr\/actualites\/\",\"name\":\"Foot d'avant\",\"description\":\"\",\"publisher\":{\"@id\":\"https:\/\/footdavant.fr\/actualites\/#organization\"},\"potentialAction\":[{\"@type\":\"SearchAction\",\"target\":{\"@type\":\"EntryPoint\",\"urlTemplate\":\"https:\/\/footdavant.fr\/actualites\/?s={search_term_string}\"},\"query-input\":\"required name=search_term_string\"}],\"inLanguage\":\"fr-FR\"},{\"@type\":\"Organization\",\"@id\":\"https:\/\/footdavant.fr\/actualites\/#organization\",\"name\":\"Foot d'avant\",\"url\":\"https:\/\/footdavant.fr\/actualites\/\",\"logo\":{\"@type\":\"ImageObject\",\"inLanguage\":\"fr-FR\",\"@id\":\"https:\/\/footdavant.fr\/actualites\/#\/schema\/logo\/image\/\",\"url\":\"https:\/\/footdavant.fr\/actualites\/wp-content\/uploads\/2023\/09\/Copy-of-FootDavant-Logo.png\",\"contentUrl\":\"https:\/\/footdavant.fr\/actualites\/wp-content\/uploads\/2023\/09\/Copy-of-FootDavant-Logo.png\",\"width\":936,\"height\":549,\"caption\":\"Foot d'avant\"},\"image\":{\"@id\":\"https:\/\/footdavant.fr\/actualites\/#\/schema\/logo\/image\/\"},\"sameAs\":[\"https:\/\/www.facebook.com\/Footdavant\/\",\"https:\/\/twitter.com\/FootdavantFr\",\"https:\/\/www.instagram.com\/footdavant.fr\/\"]},{\"@type\":\"Person\",\"@id\":\"https:\/\/footdavant.fr\/actualites\/#\/schema\/person\/bc222566d95871b37e597b3ed3ba5e1d\",\"name\":\"Cl\u00e9ment\",\"image\":{\"@type\":\"ImageObject\",\"inLanguage\":\"fr-FR\",\"@id\":\"https:\/\/footdavant.fr\/actualites\/#\/schema\/person\/image\/\",\"url\":\"https:\/\/secure.gravatar.com\/avatar\/7728b29aac2719421e1a9159b2254c44?s=96&d=mm&r=g\",\"contentUrl\":\"https:\/\/secure.gravatar.com\/avatar\/7728b29aac2719421e1a9159b2254c44?s=96&d=mm&r=g\",\"caption\":\"Cl\u00e9ment\"},\"sameAs\":[\"https:\/\/footdavant.fr\/\"]}]}<\/script>\n<!-- \/ Yoast SEO plugin. -->","yoast_head_json":{"title":"L&#39;occasion se pr\u00e9sente lors de la visite des champions","robots":{"index":"index","follow":"follow","max-snippet":"max-snippet:-1","max-image-preview":"max-image-preview:large","max-video-preview":"max-video-preview:-1"},"canonical":"https:\/\/footdavant.fr\/actualites\/loccasion-se-presente-lors-de-la-visite-des-champions\/","og_locale":"fr_FR","og_type":"article","og_title":"L&#39;occasion se pr\u00e9sente lors de la visite des champions","og_description":"Bonjour \u00e0 tous. Ce qui \u00e9tait d\u00e9j\u00e0 un grand match deviendra encore plus crucial plus tard lorsque Liverpool arrivera en ville. Les r\u00e9sultats d&#39;hier soir","og_url":"https:\/\/footdavant.fr\/actualites\/loccasion-se-presente-lors-de-la-visite-des-champions\/","og_site_name":"Foot d&#039;avant","article_publisher":"https:\/\/www.facebook.com\/Footdavant\/","article_published_time":"2026-01-09T02:48:14+00:00","article_modified_time":"2026-01-09T02:48:21+00:00","og_image":[{"width":1500,"height":750,"url":"https:\/\/footdavant.fr\/actualites\/wp-content\/uploads\/2026\/01\/L39occasion-se-presente-lors-de-la-visite-des-champions.jpg","type":"image\/jpeg"}],"author":"Cl\u00e9ment","twitter_card":"summary_large_image","twitter_creator":"@FootdavantFr","twitter_site":"@FootdavantFr","twitter_misc":{"\u00c9crit par":"Cl\u00e9ment","Dur\u00e9e de lecture estim\u00e9e":"6 minutes"},"schema":{"@context":"https:\/\/schema.org","@graph":[{"@type":"Article","@id":"https:\/\/footdavant.fr\/actualites\/loccasion-se-presente-lors-de-la-visite-des-champions\/#article","isPartOf":{"@id":"https:\/\/footdavant.fr\/actualites\/loccasion-se-presente-lors-de-la-visite-des-champions\/"},"author":{"name":"Cl\u00e9ment","@id":"https:\/\/footdavant.fr\/actualites\/#\/schema\/person\/bc222566d95871b37e597b3ed3ba5e1d"},"headline":"L&#39;occasion se pr\u00e9sente lors de la visite des champions","datePublished":"2026-01-09T02:48:14+00:00","dateModified":"2026-01-09T02:48:21+00:00","mainEntityOfPage":{"@id":"https:\/\/footdavant.fr\/actualites\/loccasion-se-presente-lors-de-la-visite-des-champions\/"},"wordCount":1210,"publisher":{"@id":"https:\/\/footdavant.fr\/actualites\/#organization"},"keywords":["champions","des","l39occasion","lors","pr\u00e9sente","visite"],"articleSection":["Football"],"inLanguage":"fr-FR"},{"@type":"WebPage","@id":"https:\/\/footdavant.fr\/actualites\/loccasion-se-presente-lors-de-la-visite-des-champions\/","url":"https:\/\/footdavant.fr\/actualites\/loccasion-se-presente-lors-de-la-visite-des-champions\/","name":"L&#39;occasion se pr\u00e9sente lors de la visite des champions","isPartOf":{"@id":"https:\/\/footdavant.fr\/actualites\/#website"},"datePublished":"2026-01-09T02:48:14+00:00","dateModified":"2026-01-09T02:48:21+00:00","breadcrumb":{"@id":"https:\/\/footdavant.fr\/actualites\/loccasion-se-presente-lors-de-la-visite-des-champions\/#breadcrumb"},"inLanguage":"fr-FR","potentialAction":[{"@type":"ReadAction","target":["https:\/\/footdavant.fr\/actualites\/loccasion-se-presente-lors-de-la-visite-des-champions\/"]}]},{"@type":"BreadcrumbList","@id":"https:\/\/footdavant.fr\/actualites\/loccasion-se-presente-lors-de-la-visite-des-champions\/#breadcrumb","itemListElement":[{"@type":"ListItem","position":1,"name":"Accueil","item":"https:\/\/footdavant.fr\/actualites\/"},{"@type":"ListItem","position":2,"name":"L&#39;occasion se pr\u00e9sente lors de la visite des champions"}]},{"@type":"WebSite","@id":"https:\/\/footdavant.fr\/actualites\/#website","url":"https:\/\/footdavant.fr\/actualites\/","name":"Foot d'avant","description":"","publisher":{"@id":"https:\/\/footdavant.fr\/actualites\/#organization"},"potentialAction":[{"@type":"SearchAction","target":{"@type":"EntryPoint","urlTemplate":"https:\/\/footdavant.fr\/actualites\/?s={search_term_string}"},"query-input":"required name=search_term_string"}],"inLanguage":"fr-FR"},{"@type":"Organization","@id":"https:\/\/footdavant.fr\/actualites\/#organization","name":"Foot d'avant","url":"https:\/\/footdavant.fr\/actualites\/","logo":{"@type":"ImageObject","inLanguage":"fr-FR","@id":"https:\/\/footdavant.fr\/actualites\/#\/schema\/logo\/image\/","url":"https:\/\/footdavant.fr\/actualites\/wp-content\/uploads\/2023\/09\/Copy-of-FootDavant-Logo.png","contentUrl":"https:\/\/footdavant.fr\/actualites\/wp-content\/uploads\/2023\/09\/Copy-of-FootDavant-Logo.png","width":936,"height":549,"caption":"Foot d'avant"},"image":{"@id":"https:\/\/footdavant.fr\/actualites\/#\/schema\/logo\/image\/"},"sameAs":["https:\/\/www.facebook.com\/Footdavant\/","https:\/\/twitter.com\/FootdavantFr","https:\/\/www.instagram.com\/footdavant.fr\/"]},{"@type":"Person","@id":"https:\/\/footdavant.fr\/actualites\/#\/schema\/person\/bc222566d95871b37e597b3ed3ba5e1d","name":"Cl\u00e9ment","image":{"@type":"ImageObject","inLanguage":"fr-FR","@id":"https:\/\/footdavant.fr\/actualites\/#\/schema\/person\/image\/","url":"https:\/\/secure.gravatar.com\/avatar\/7728b29aac2719421e1a9159b2254c44?s=96&d=mm&r=g","contentUrl":"https:\/\/secure.gravatar.com\/avatar\/7728b29aac2719421e1a9159b2254c44?s=96&d=mm&r=g","caption":"Cl\u00e9ment"},"sameAs":["https:\/\/footdavant.fr\/"]}]}},"_links":{"self":[{"href":"https:\/\/footdavant.fr\/actualites\/wp-json\/wp\/v2\/posts\/33242"}],"collection":[{"href":"https:\/\/footdavant.fr\/actualites\/wp-json\/wp\/v2\/posts"}],"about":[{"href":"https:\/\/footdavant.fr\/actualites\/wp-json\/wp\/v2\/types\/post"}],"author":[{"embeddable":true,"href":"https:\/\/footdavant.fr\/actualites\/wp-json\/wp\/v2\/users\/1"}],"replies":[{"embeddable":true,"href":"https:\/\/footdavant.fr\/actualites\/wp-json\/wp\/v2\/comments?post=33242"}],"version-history":[{"count":1,"href":"https:\/\/footdavant.fr\/actualites\/wp-json\/wp\/v2\/posts\/33242\/revisions"}],"predecessor-version":[{"id":33244,"href":"https:\/\/footdavant.fr\/actualites\/wp-json\/wp\/v2\/posts\/33242\/revisions\/33244"}],"wp:featuredmedia":[{"embeddable":true,"href":"https:\/\/footdavant.fr\/actualites\/wp-json\/wp\/v2\/media\/33243"}],"wp:attachment":[{"href":"https:\/\/footdavant.fr\/actualites\/wp-json\/wp\/v2\/media?parent=33242"}],"wp:term":[{"taxonomy":"category","embeddable":true,"href":"https:\/\/footdavant.fr\/actualites\/wp-json\/wp\/v2\/categories?post=33242"},{"taxonomy":"post_tag","embeddable":true,"href":"https:\/\/footdavant.fr\/actualites\/wp-json\/wp\/v2\/tags?post=33242"}],"curies":[{"name":"wp","href":"https:\/\/api.w.org\/{rel}","templated":true}]}}