{"id":3325,"date":"2024-01-02T02:55:58","date_gmt":"2024-01-02T01:55:58","guid":{"rendered":"https:\/\/footdavant.fr\/actualites\/les-chiefs-de-kansas-city-seront-la-tete-de-serie-n3-des-series-eliminatoires-de-lafc\/"},"modified":"2024-01-02T02:56:02","modified_gmt":"2024-01-02T01:56:02","slug":"les-chiefs-de-kansas-city-seront-la-tete-de-serie-n3-des-series-eliminatoires-de-lafc","status":"publish","type":"post","link":"https:\/\/footdavant.fr\/actualites\/les-chiefs-de-kansas-city-seront-la-tete-de-serie-n3-des-series-eliminatoires-de-lafc\/","title":{"rendered":"Les Chiefs de Kansas City seront la t\u00eate de s\u00e9rie n\u00b03 des s\u00e9ries \u00e9liminatoires de l&rsquo;AFC"},"content":{"rendered":"<div>\n<p>Il reste encore quelques choses \u00e0 d\u00e9cider et \u00e0 r\u00e9gler au cours de la derni\u00e8re semaine de la saison 2023 de la NFL.  Il y a des titres de division qui doivent \u00eatre remport\u00e9s, et les \u00e9quipes joueront la semaine 18 en gardant \u00e0 l&rsquo;esprit le classement et le positionnement en s\u00e9ries \u00e9liminatoires.  Mais pour les Chiefs de Kansas City, leur sort pour les s\u00e9ries \u00e9liminatoires a d\u00e9j\u00e0 \u00e9t\u00e9 d\u00e9cid\u00e9, et ils pourraient m\u00eame laisser leurs partants au repos pour le dernier match de l&rsquo;ann\u00e9e.<\/p>\n<h2>Les Chiefs seront la troisi\u00e8me t\u00eate de s\u00e9rie de l&rsquo;AFC<\/h2>\n<blockquote class=\"twitter-tweet\">\n<p dir=\"ltr\" lang=\"en\">Dos \u00e0 dos \u00e0 dos \u00e0 dos \u00e0 dos \u00e0 dos \u00e0 dos <a rel=\"nofollow\" href=\"https:\/\/t.co\/4GZahxBjtd\">pic.twitter.com\/4GZahxBjtd<\/a><\/p>\n<p>\u2013 Chefs de Kansas City (@Chiefs) <a rel=\"nofollow\" href=\"https:\/\/twitter.com\/Chiefs\/status\/1741617274128089545?ref_src=twsrc%5Etfw\">1 janvier 2024<\/a><\/p>\n<\/blockquote>\n<p>La saison n&rsquo;a pas \u00e9t\u00e9 \u00e0 la hauteur des attentes, du moins si l&rsquo;on se base sur l&rsquo;histoire r\u00e9cente de l&rsquo;\u00e9quipe.  Les Chiefs ont sans doute \u00e9t\u00e9 la meilleure et la plus dominante \u00e9quipe de la NFL au cours des cinq derni\u00e8res ann\u00e9es, se retrouvant souvent t\u00eate de s\u00e9rie n\u00b01 de l&rsquo;AFC \u00e0 la fin de la saison gr\u00e2ce \u00e0 leur \u00e9ternel quart-arri\u00e8re MVP.  Mais Patrick Mahomes a eu du mal \u00e0 organiser le m\u00eame type de saison que l&rsquo;ann\u00e9e derni\u00e8re, en grande partie \u00e0 cause du manque d&rsquo;armes offensives et de l&rsquo;attaque pr\u00e9cipit\u00e9e au 19e rang.<\/p>\n<p>Avec Kansas City \u00e0 10-6 au cours des 17 premi\u00e8res semaines, ils sont compl\u00e8tement hors de comp\u00e9tition pour la t\u00eate de s\u00e9rie n\u00b01 et l&rsquo;avantage du terrain tout au long des s\u00e9ries \u00e9liminatoires de l&rsquo;AFC.  La route vers le Super Bowl passera plut\u00f4t par Baltimore.  Mais ils ne sont pas non plus \u00e9ligibles pour la t\u00eate de s\u00e9rie n\u00b02, qui reviendra au vainqueur de l&rsquo;AFC Est, qui sera d\u00e9cid\u00e9 lors du match de dimanche soir entre les Dolphins et les Bills.<\/p>\n<h2>KC pourrait reposer les joueurs contre les chargeurs<\/h2>\n<blockquote class=\"twitter-tweet\">\n<p dir=\"ltr\" lang=\"en\">Le dernier de 2023\u2026 ET CES CHEFS <a rel=\"nofollow\" href=\"https:\/\/t.co\/A6B8CwvcKp\">pic.twitter.com\/A6B8CwvcKp<\/a><\/p>\n<p>\u2013 Chefs de Kansas City (@Chiefs) <a rel=\"nofollow\" href=\"https:\/\/twitter.com\/Chiefs\/status\/1741640886939701653?ref_src=twsrc%5Etfw\">1 janvier 2024<\/a><\/p>\n<\/blockquote>\n<p>En fait, ils sont d\u00e9j\u00e0 bloqu\u00e9s \u00e0 la t\u00eate de s\u00e9rie n\u00b03, et aucun r\u00e9sultat de la semaine 18 ne changera cela.  \u00c0 10-6 et gr\u00e2ce \u00e0 quelques bris d&rsquo;\u00e9galit\u00e9, ils ne pourront pas rattraper les Bills pour le num\u00e9ro 2 s&rsquo;ils gagnent dimanche, et les Jaguars (ou celui qui remportera l&rsquo;AFC Sud) ne pourront pas les rattraper. .  Cela laisse Mahomes et compagnie dans une position int\u00e9ressante, pouvant peut-\u00eatre reposer leurs partants pour le match de dimanche contre les Chargers.<\/p>\n<p>Et il semble que cela pourrait tr\u00e8s bien \u00eatre le cas, \u00e9tant donn\u00e9 que la premi\u00e8re ligne de pari a les Chargers 5-11 comme favoris avec 1,5 point pour le concours.  Ils organiseront un match \u00e9liminatoire pendant le week-end des wild card et affronteront l&rsquo;\u00e9quipe qui terminera \u00e0 la 6e place.<\/p>\n<\/p><\/div>\n<p><script async src=\"https:\/\/platform.twitter.com\/widgets.js\" charset=\"utf-8\"><\/script><\/p>\n","protected":false},"excerpt":{"rendered":"<p>Il reste encore quelques choses \u00e0 d\u00e9cider et \u00e0 r\u00e9gler au cours de la derni\u00e8re semaine de la saison 2023 de la NFL. Il y<\/p>\n","protected":false},"author":1,"featured_media":3326,"comment_status":"closed","ping_status":"","sticky":false,"template":"","format":"standard","meta":{"footnotes":""},"categories":[3],"tags":[1599,27,12,2477,2709,2710,93,705,2476,1997,568],"yoast_head":"<!-- This site is optimized with the Yoast SEO plugin v21.0 - https:\/\/yoast.com\/wordpress\/plugins\/seo\/ -->\n<title>Les Chiefs de Kansas City seront la t\u00eate de s\u00e9rie n\u00b03 des s\u00e9ries \u00e9liminatoires de l&#039;AFC<\/title>\n<meta name=\"robots\" content=\"index, follow, max-snippet:-1, max-image-preview:large, max-video-preview:-1\" \/>\n<link rel=\"canonical\" href=\"https:\/\/footdavant.fr\/actualites\/les-chiefs-de-kansas-city-seront-la-tete-de-serie-n3-des-series-eliminatoires-de-lafc\/\" \/>\n<meta property=\"og:locale\" content=\"fr_FR\" \/>\n<meta property=\"og:type\" content=\"article\" \/>\n<meta property=\"og:title\" content=\"Les Chiefs de Kansas City seront la t\u00eate de s\u00e9rie n\u00b03 des s\u00e9ries \u00e9liminatoires de l&#039;AFC\" \/>\n<meta property=\"og:description\" content=\"Il reste encore quelques choses \u00e0 d\u00e9cider et \u00e0 r\u00e9gler au cours de la derni\u00e8re semaine de la saison 2023 de la NFL. Il y\" \/>\n<meta property=\"og:url\" content=\"https:\/\/footdavant.fr\/actualites\/les-chiefs-de-kansas-city-seront-la-tete-de-serie-n3-des-series-eliminatoires-de-lafc\/\" \/>\n<meta property=\"og:site_name\" content=\"Foot d&#039;avant\" \/>\n<meta property=\"article:publisher\" content=\"https:\/\/www.facebook.com\/Footdavant\/\" \/>\n<meta property=\"article:published_time\" content=\"2024-01-02T01:55:58+00:00\" \/>\n<meta property=\"article:modified_time\" content=\"2024-01-02T01:56:02+00:00\" \/>\n<meta property=\"og:image\" content=\"https:\/\/footdavant.fr\/actualites\/wp-content\/uploads\/2024\/01\/Les-Chiefs-de-Kansas-City-seront-la-tete-de-serie.jpg\" \/>\n\t<meta property=\"og:image:width\" content=\"1140\" \/>\n\t<meta property=\"og:image:height\" content=\"760\" \/>\n\t<meta property=\"og:image:type\" content=\"image\/jpeg\" \/>\n<meta name=\"author\" content=\"Cl\u00e9ment\" \/>\n<meta name=\"twitter:card\" content=\"summary_large_image\" \/>\n<meta name=\"twitter:creator\" content=\"@FootdavantFr\" \/>\n<meta name=\"twitter:site\" content=\"@FootdavantFr\" \/>\n<meta name=\"twitter:label1\" content=\"\u00c9crit par\" \/>\n\t<meta name=\"twitter:data1\" content=\"Cl\u00e9ment\" \/>\n\t<meta name=\"twitter:label2\" content=\"Dur\u00e9e de lecture estim\u00e9e\" \/>\n\t<meta name=\"twitter:data2\" content=\"2 minutes\" \/>\n<script type=\"application\/ld+json\" class=\"yoast-schema-graph\">{\"@context\":\"https:\/\/schema.org\",\"@graph\":[{\"@type\":\"Article\",\"@id\":\"https:\/\/footdavant.fr\/actualites\/les-chiefs-de-kansas-city-seront-la-tete-de-serie-n3-des-series-eliminatoires-de-lafc\/#article\",\"isPartOf\":{\"@id\":\"https:\/\/footdavant.fr\/actualites\/les-chiefs-de-kansas-city-seront-la-tete-de-serie-n3-des-series-eliminatoires-de-lafc\/\"},\"author\":{\"name\":\"Cl\u00e9ment\",\"@id\":\"https:\/\/footdavant.fr\/actualites\/#\/schema\/person\/bc222566d95871b37e597b3ed3ba5e1d\"},\"headline\":\"Les Chiefs de Kansas City seront la t\u00eate de s\u00e9rie n\u00b03 des s\u00e9ries \u00e9liminatoires de l&rsquo;AFC\",\"datePublished\":\"2024-01-02T01:55:58+00:00\",\"dateModified\":\"2024-01-02T01:56:02+00:00\",\"mainEntityOfPage\":{\"@id\":\"https:\/\/footdavant.fr\/actualites\/les-chiefs-de-kansas-city-seront-la-tete-de-serie-n3-des-series-eliminatoires-de-lafc\/\"},\"wordCount\":496,\"publisher\":{\"@id\":\"https:\/\/footdavant.fr\/actualites\/#organization\"},\"keywords\":[\"Chiefs\",\"City\",\"des\",\"\u00e9liminatoires\",\"Kansas\",\"lAFC\",\"les\",\"s\u00e9rie\",\"s\u00e9ries\",\"seront\",\"t\u00eate\"],\"articleSection\":[\"Football\"],\"inLanguage\":\"fr-FR\"},{\"@type\":\"WebPage\",\"@id\":\"https:\/\/footdavant.fr\/actualites\/les-chiefs-de-kansas-city-seront-la-tete-de-serie-n3-des-series-eliminatoires-de-lafc\/\",\"url\":\"https:\/\/footdavant.fr\/actualites\/les-chiefs-de-kansas-city-seront-la-tete-de-serie-n3-des-series-eliminatoires-de-lafc\/\",\"name\":\"Les Chiefs de Kansas City seront la t\u00eate de s\u00e9rie n\u00b03 des s\u00e9ries \u00e9liminatoires de l'AFC\",\"isPartOf\":{\"@id\":\"https:\/\/footdavant.fr\/actualites\/#website\"},\"datePublished\":\"2024-01-02T01:55:58+00:00\",\"dateModified\":\"2024-01-02T01:56:02+00:00\",\"breadcrumb\":{\"@id\":\"https:\/\/footdavant.fr\/actualites\/les-chiefs-de-kansas-city-seront-la-tete-de-serie-n3-des-series-eliminatoires-de-lafc\/#breadcrumb\"},\"inLanguage\":\"fr-FR\",\"potentialAction\":[{\"@type\":\"ReadAction\",\"target\":[\"https:\/\/footdavant.fr\/actualites\/les-chiefs-de-kansas-city-seront-la-tete-de-serie-n3-des-series-eliminatoires-de-lafc\/\"]}]},{\"@type\":\"BreadcrumbList\",\"@id\":\"https:\/\/footdavant.fr\/actualites\/les-chiefs-de-kansas-city-seront-la-tete-de-serie-n3-des-series-eliminatoires-de-lafc\/#breadcrumb\",\"itemListElement\":[{\"@type\":\"ListItem\",\"position\":1,\"name\":\"Accueil\",\"item\":\"https:\/\/footdavant.fr\/actualites\/\"},{\"@type\":\"ListItem\",\"position\":2,\"name\":\"Les Chiefs de Kansas City seront la t\u00eate de s\u00e9rie n\u00b03 des s\u00e9ries \u00e9liminatoires de l&rsquo;AFC\"}]},{\"@type\":\"WebSite\",\"@id\":\"https:\/\/footdavant.fr\/actualites\/#website\",\"url\":\"https:\/\/footdavant.fr\/actualites\/\",\"name\":\"Foot d'avant\",\"description\":\"\",\"publisher\":{\"@id\":\"https:\/\/footdavant.fr\/actualites\/#organization\"},\"potentialAction\":[{\"@type\":\"SearchAction\",\"target\":{\"@type\":\"EntryPoint\",\"urlTemplate\":\"https:\/\/footdavant.fr\/actualites\/?s={search_term_string}\"},\"query-input\":\"required name=search_term_string\"}],\"inLanguage\":\"fr-FR\"},{\"@type\":\"Organization\",\"@id\":\"https:\/\/footdavant.fr\/actualites\/#organization\",\"name\":\"Foot d'avant\",\"url\":\"https:\/\/footdavant.fr\/actualites\/\",\"logo\":{\"@type\":\"ImageObject\",\"inLanguage\":\"fr-FR\",\"@id\":\"https:\/\/footdavant.fr\/actualites\/#\/schema\/logo\/image\/\",\"url\":\"https:\/\/footdavant.fr\/actualites\/wp-content\/uploads\/2023\/09\/Copy-of-FootDavant-Logo.png\",\"contentUrl\":\"https:\/\/footdavant.fr\/actualites\/wp-content\/uploads\/2023\/09\/Copy-of-FootDavant-Logo.png\",\"width\":936,\"height\":549,\"caption\":\"Foot d'avant\"},\"image\":{\"@id\":\"https:\/\/footdavant.fr\/actualites\/#\/schema\/logo\/image\/\"},\"sameAs\":[\"https:\/\/www.facebook.com\/Footdavant\/\",\"https:\/\/twitter.com\/FootdavantFr\",\"https:\/\/www.instagram.com\/footdavant.fr\/\"]},{\"@type\":\"Person\",\"@id\":\"https:\/\/footdavant.fr\/actualites\/#\/schema\/person\/bc222566d95871b37e597b3ed3ba5e1d\",\"name\":\"Cl\u00e9ment\",\"image\":{\"@type\":\"ImageObject\",\"inLanguage\":\"fr-FR\",\"@id\":\"https:\/\/footdavant.fr\/actualites\/#\/schema\/person\/image\/\",\"url\":\"https:\/\/secure.gravatar.com\/avatar\/7728b29aac2719421e1a9159b2254c44?s=96&d=mm&r=g\",\"contentUrl\":\"https:\/\/secure.gravatar.com\/avatar\/7728b29aac2719421e1a9159b2254c44?s=96&d=mm&r=g\",\"caption\":\"Cl\u00e9ment\"},\"sameAs\":[\"https:\/\/footdavant.fr\/\"]}]}<\/script>\n<!-- \/ Yoast SEO plugin. -->","yoast_head_json":{"title":"Les Chiefs de Kansas City seront la t\u00eate de s\u00e9rie n\u00b03 des s\u00e9ries \u00e9liminatoires de l'AFC","robots":{"index":"index","follow":"follow","max-snippet":"max-snippet:-1","max-image-preview":"max-image-preview:large","max-video-preview":"max-video-preview:-1"},"canonical":"https:\/\/footdavant.fr\/actualites\/les-chiefs-de-kansas-city-seront-la-tete-de-serie-n3-des-series-eliminatoires-de-lafc\/","og_locale":"fr_FR","og_type":"article","og_title":"Les Chiefs de Kansas City seront la t\u00eate de s\u00e9rie n\u00b03 des s\u00e9ries \u00e9liminatoires de l'AFC","og_description":"Il reste encore quelques choses \u00e0 d\u00e9cider et \u00e0 r\u00e9gler au cours de la derni\u00e8re semaine de la saison 2023 de la NFL. Il y","og_url":"https:\/\/footdavant.fr\/actualites\/les-chiefs-de-kansas-city-seront-la-tete-de-serie-n3-des-series-eliminatoires-de-lafc\/","og_site_name":"Foot d&#039;avant","article_publisher":"https:\/\/www.facebook.com\/Footdavant\/","article_published_time":"2024-01-02T01:55:58+00:00","article_modified_time":"2024-01-02T01:56:02+00:00","og_image":[{"width":1140,"height":760,"url":"https:\/\/footdavant.fr\/actualites\/wp-content\/uploads\/2024\/01\/Les-Chiefs-de-Kansas-City-seront-la-tete-de-serie.jpg","type":"image\/jpeg"}],"author":"Cl\u00e9ment","twitter_card":"summary_large_image","twitter_creator":"@FootdavantFr","twitter_site":"@FootdavantFr","twitter_misc":{"\u00c9crit par":"Cl\u00e9ment","Dur\u00e9e de lecture estim\u00e9e":"2 minutes"},"schema":{"@context":"https:\/\/schema.org","@graph":[{"@type":"Article","@id":"https:\/\/footdavant.fr\/actualites\/les-chiefs-de-kansas-city-seront-la-tete-de-serie-n3-des-series-eliminatoires-de-lafc\/#article","isPartOf":{"@id":"https:\/\/footdavant.fr\/actualites\/les-chiefs-de-kansas-city-seront-la-tete-de-serie-n3-des-series-eliminatoires-de-lafc\/"},"author":{"name":"Cl\u00e9ment","@id":"https:\/\/footdavant.fr\/actualites\/#\/schema\/person\/bc222566d95871b37e597b3ed3ba5e1d"},"headline":"Les Chiefs de Kansas City seront la t\u00eate de s\u00e9rie n\u00b03 des s\u00e9ries \u00e9liminatoires de l&rsquo;AFC","datePublished":"2024-01-02T01:55:58+00:00","dateModified":"2024-01-02T01:56:02+00:00","mainEntityOfPage":{"@id":"https:\/\/footdavant.fr\/actualites\/les-chiefs-de-kansas-city-seront-la-tete-de-serie-n3-des-series-eliminatoires-de-lafc\/"},"wordCount":496,"publisher":{"@id":"https:\/\/footdavant.fr\/actualites\/#organization"},"keywords":["Chiefs","City","des","\u00e9liminatoires","Kansas","lAFC","les","s\u00e9rie","s\u00e9ries","seront","t\u00eate"],"articleSection":["Football"],"inLanguage":"fr-FR"},{"@type":"WebPage","@id":"https:\/\/footdavant.fr\/actualites\/les-chiefs-de-kansas-city-seront-la-tete-de-serie-n3-des-series-eliminatoires-de-lafc\/","url":"https:\/\/footdavant.fr\/actualites\/les-chiefs-de-kansas-city-seront-la-tete-de-serie-n3-des-series-eliminatoires-de-lafc\/","name":"Les Chiefs de Kansas City seront la t\u00eate de s\u00e9rie n\u00b03 des s\u00e9ries \u00e9liminatoires de l'AFC","isPartOf":{"@id":"https:\/\/footdavant.fr\/actualites\/#website"},"datePublished":"2024-01-02T01:55:58+00:00","dateModified":"2024-01-02T01:56:02+00:00","breadcrumb":{"@id":"https:\/\/footdavant.fr\/actualites\/les-chiefs-de-kansas-city-seront-la-tete-de-serie-n3-des-series-eliminatoires-de-lafc\/#breadcrumb"},"inLanguage":"fr-FR","potentialAction":[{"@type":"ReadAction","target":["https:\/\/footdavant.fr\/actualites\/les-chiefs-de-kansas-city-seront-la-tete-de-serie-n3-des-series-eliminatoires-de-lafc\/"]}]},{"@type":"BreadcrumbList","@id":"https:\/\/footdavant.fr\/actualites\/les-chiefs-de-kansas-city-seront-la-tete-de-serie-n3-des-series-eliminatoires-de-lafc\/#breadcrumb","itemListElement":[{"@type":"ListItem","position":1,"name":"Accueil","item":"https:\/\/footdavant.fr\/actualites\/"},{"@type":"ListItem","position":2,"name":"Les Chiefs de Kansas City seront la t\u00eate de s\u00e9rie n\u00b03 des s\u00e9ries \u00e9liminatoires de l&rsquo;AFC"}]},{"@type":"WebSite","@id":"https:\/\/footdavant.fr\/actualites\/#website","url":"https:\/\/footdavant.fr\/actualites\/","name":"Foot d'avant","description":"","publisher":{"@id":"https:\/\/footdavant.fr\/actualites\/#organization"},"potentialAction":[{"@type":"SearchAction","target":{"@type":"EntryPoint","urlTemplate":"https:\/\/footdavant.fr\/actualites\/?s={search_term_string}"},"query-input":"required name=search_term_string"}],"inLanguage":"fr-FR"},{"@type":"Organization","@id":"https:\/\/footdavant.fr\/actualites\/#organization","name":"Foot d'avant","url":"https:\/\/footdavant.fr\/actualites\/","logo":{"@type":"ImageObject","inLanguage":"fr-FR","@id":"https:\/\/footdavant.fr\/actualites\/#\/schema\/logo\/image\/","url":"https:\/\/footdavant.fr\/actualites\/wp-content\/uploads\/2023\/09\/Copy-of-FootDavant-Logo.png","contentUrl":"https:\/\/footdavant.fr\/actualites\/wp-content\/uploads\/2023\/09\/Copy-of-FootDavant-Logo.png","width":936,"height":549,"caption":"Foot d'avant"},"image":{"@id":"https:\/\/footdavant.fr\/actualites\/#\/schema\/logo\/image\/"},"sameAs":["https:\/\/www.facebook.com\/Footdavant\/","https:\/\/twitter.com\/FootdavantFr","https:\/\/www.instagram.com\/footdavant.fr\/"]},{"@type":"Person","@id":"https:\/\/footdavant.fr\/actualites\/#\/schema\/person\/bc222566d95871b37e597b3ed3ba5e1d","name":"Cl\u00e9ment","image":{"@type":"ImageObject","inLanguage":"fr-FR","@id":"https:\/\/footdavant.fr\/actualites\/#\/schema\/person\/image\/","url":"https:\/\/secure.gravatar.com\/avatar\/7728b29aac2719421e1a9159b2254c44?s=96&d=mm&r=g","contentUrl":"https:\/\/secure.gravatar.com\/avatar\/7728b29aac2719421e1a9159b2254c44?s=96&d=mm&r=g","caption":"Cl\u00e9ment"},"sameAs":["https:\/\/footdavant.fr\/"]}]}},"_links":{"self":[{"href":"https:\/\/footdavant.fr\/actualites\/wp-json\/wp\/v2\/posts\/3325"}],"collection":[{"href":"https:\/\/footdavant.fr\/actualites\/wp-json\/wp\/v2\/posts"}],"about":[{"href":"https:\/\/footdavant.fr\/actualites\/wp-json\/wp\/v2\/types\/post"}],"author":[{"embeddable":true,"href":"https:\/\/footdavant.fr\/actualites\/wp-json\/wp\/v2\/users\/1"}],"replies":[{"embeddable":true,"href":"https:\/\/footdavant.fr\/actualites\/wp-json\/wp\/v2\/comments?post=3325"}],"version-history":[{"count":1,"href":"https:\/\/footdavant.fr\/actualites\/wp-json\/wp\/v2\/posts\/3325\/revisions"}],"predecessor-version":[{"id":3327,"href":"https:\/\/footdavant.fr\/actualites\/wp-json\/wp\/v2\/posts\/3325\/revisions\/3327"}],"wp:featuredmedia":[{"embeddable":true,"href":"https:\/\/footdavant.fr\/actualites\/wp-json\/wp\/v2\/media\/3326"}],"wp:attachment":[{"href":"https:\/\/footdavant.fr\/actualites\/wp-json\/wp\/v2\/media?parent=3325"}],"wp:term":[{"taxonomy":"category","embeddable":true,"href":"https:\/\/footdavant.fr\/actualites\/wp-json\/wp\/v2\/categories?post=3325"},{"taxonomy":"post_tag","embeddable":true,"href":"https:\/\/footdavant.fr\/actualites\/wp-json\/wp\/v2\/tags?post=3325"}],"curies":[{"name":"wp","href":"https:\/\/api.w.org\/{rel}","templated":true}]}}