{"id":33270,"date":"2026-01-09T23:48:39","date_gmt":"2026-01-09T22:48:39","guid":{"rendered":"https:\/\/footdavant.fr\/actualites\/arsenal-0-0-liverpool-une-seconde-mi-temps-mediocre-provoque-de-la-frustration\/"},"modified":"2026-01-09T23:48:41","modified_gmt":"2026-01-09T22:48:41","slug":"arsenal-0-0-liverpool-une-seconde-mi-temps-mediocre-provoque-de-la-frustration","status":"publish","type":"post","link":"https:\/\/footdavant.fr\/actualites\/arsenal-0-0-liverpool-une-seconde-mi-temps-mediocre-provoque-de-la-frustration\/","title":{"rendered":"Arsenal 0-0 Liverpool : une seconde mi-temps m\u00e9diocre provoque de la frustration"},"content":{"rendered":"<div>\n<h4><span style=\"color: #993300;\">Rapport de match<\/span> \u2013 <span style=\"color: #993300;\">Notes des joueurs<\/span> \u2013 <span style=\"color: #993300;\">R\u00e9action d&#39;Arteta<\/span> <\/h4>\n<p>C&#39;est peut-\u00eatre perdu dans la frustration d&#39;hier soir qu&#39;Arsenal a encore une fois prolong\u00e9 notre avance en t\u00eate du classement de la Premier League avec un match nul 0-0 contre Liverpool. L\u2019avance n\u2019est tout simplement pas aussi grande que nous l\u2019esp\u00e9rions tous avant ce match.<\/p>\n<p>Apr\u00e8s le nul de City mercredi, il y avait une opportunit\u00e9 de prendre 8 points d&#39;avance \u2013 \u00e0 la fin, nous devrons nous \u00ab contenter \u00bb de 6. Ce qui, dans la froide lumi\u00e8re du jour, n&#39;est pas terrible, mais je pense que cela t\u00e9moigne du sentiment d&#39;anxi\u00e9t\u00e9 qui n&#39;est jamais tr\u00e8s loin cette saison. Et lorsque vous affrontez une \u00e9quipe de Liverpool d\u00e9pourvue de trois de ses meilleurs joueurs offensifs, il est difficile de ne pas consid\u00e9rer cela comme une opportunit\u00e9 qui ne manque pas.<\/p>\n<p>Je pensais que nous \u00e9tions la meilleure \u00e9quipe en premi\u00e8re mi-temps, dans un match qui s&#39;est d\u00e9roul\u00e9 comme je l&#39;avais imagin\u00e9. Liverpool est venu, a jou\u00e9 avec prudence et s&#39;est assis plus profond\u00e9ment qu&#39;il ne le ferait normalement, nous invitant \u00e0 les briser. Il y a eu des moments, dont la plupart sont venus de Bukayo Saka sur le c\u00f4t\u00e9 droit, mais une combinaison du ballon final n&#39;\u00e9tant pas tout \u00e0 fait correct, de Liverpool d\u00e9fendant bien et des attaquants d&#39;Arsenal n&#39;\u00e9tant pas tout \u00e0 fait sur leurs gardes signifiait qu&#39;il n&#39;y avait pas de produit final.<\/p>\n<p>La meilleure occasion de la mi-temps est revenue aux visiteurs, lorsqu&#39;une confusion entre William Saliba et David Raya a vu le ballon tomber pour Conor Bradley, dont l&#39;effort \u00e9br\u00e9ch\u00e9 est revenu sur la barre. De l&#39;autre c\u00f4t\u00e9, un ballon de Declan Rice n&#39;a pas \u00e9t\u00e9 assez bien attaqu\u00e9 par les hommes d&#39;Arsenal dans la surface, une fois de plus Viktor Gyokeres n&#39;est pas sur ses gardes comme vous souhaiteriez que votre avant-centre le soit. Ce fut une autre soir\u00e9e \u00e0 oublier pour l&#39;international su\u00e9dois, qui n&#39;a eu que 8 touches de balle, de loin la moindre parmi tous les titulaires. J&#39;accepte que nous devons lui fournir, ou \u00e0 n&#39;importe quel attaquant, des occasions, mais je pense aussi que ce joueur doit s&#39;impliquer davantage. Il a juste l&#39;air un peu perdu, pas sur la m\u00eame longueur d&#39;onde que tous ceux qui l&#39;entourent, que nous soyons en possession ou absents. Mikel Arteta a une r\u00e9flexion s\u00e9rieuse \u00e0 faire \u00e0 ce sujet.<\/p>\n<p>Donc, 0-0 \u00e0 la mi-temps n&#39;\u00e9tait pas la fin du monde, surtout si l&#39;on consid\u00e8re \u00e0 quel point nous avons \u00e9t\u00e9 bons apr\u00e8s la pause lors de nombreux matchs cette saison. Malheureusement, nous avons potentiellement r\u00e9alis\u00e9 nos pires 45 minutes depuis longtemps. Je dois revenir en arri\u00e8re et regarder \u00e0 nouveau pour bien comprendre pourquoi cela a \u00e9t\u00e9 une telle lutte, mais je pense que cela se r\u00e9sume \u00e0 une combinaison de Liverpool qui joue bien, d&#39;Arsenal qui est mauvais avec le ballon quand nous l&#39;avons eu et qui est en inf\u00e9riorit\u00e9 num\u00e9rique au milieu de terrain.<\/p>\n<p>Ensuite, Arteta a parl\u00e9 de son \u00e9quipe impr\u00e9cise avec le ballon, ce qui semble \u00e9vident, mais la diff\u00e9rence entre la premi\u00e8re et la seconde mi-temps est tout \u00e0 fait quelque chose.<\/p>\n<h4>Premi\u00e8re mi-temps<\/h4>\n<p>: 60%<br \/>: 40%<\/p>\n<p>: 90%<br \/>: 86%<\/p>\n<h4>Deuxi\u00e8me mi-temps<\/h4>\n<p>: 35%<br \/>: 65%<\/p>\n<p>: 78%<br \/>: 91%<\/p>\n<p>Ils ont consid\u00e9rablement am\u00e9lior\u00e9 leur jeu, notre niveau de performance est tomb\u00e9 d&#39;une falaise. C&#39;\u00e9tait int\u00e9ressant pour moi que sur Sky par la suite, Arteta ait d\u00e9clar\u00e9 que Liverpool avait fait \u00e0 peu pr\u00e8s exactement ce \u00e0 quoi il s&#39;attendait en fonction de l&#39;\u00e9quipe qu&#39;ils avaient s\u00e9lectionn\u00e9e, ce qui impliquait de laisser un joueur suppl\u00e9mentaire au milieu de terrain pour nous \u00e9vincer, mais m\u00eame avec un banc aussi rempli que le n\u00f4tre, nous n&#39;avons pas trouv\u00e9 de moyen de contrer cela. Et c\u2019\u00e9tait frustrant de voir une \u00e9quipe qui est normalement aussi comp\u00e9tente techniquement lutter pour garder le ballon de mani\u00e8re significative.<\/p>\n<p>En fait, si l&#39;on prend en compte les derni\u00e8res minutes, lorsque Liverpool s&#39;est \u00ab content\u00e9 \u00bb d&#39;un point et est retomb\u00e9 dans sa moiti\u00e9 de terrain, sa domination de la possession \u00e9tait encore plus grande (pr\u00e8s de 70 %). Je ne pense pas qu&#39;il soit d\u00e9raisonnable de s&#39;attendre \u00e0 ce qu&#39;une \u00e9quipe aussi bonne ne connaisse pas une p\u00e9riode de jeu o\u00f9 elle profite d&#39;une partie du ballon, mais il est inhabituel pour Arsenal d&#39;autoriser cela pendant une moiti\u00e9 enti\u00e8re du football. Nous ne pouvions tout simplement pas inverser la tendance, si on peut appeler cela ainsi.<\/p>\n<p>Cela dit, malgr\u00e9 toute leur possession, ils n\u2019ont pas r\u00e9ussi un tir cadr\u00e9. \u00ab\u00a0Domination st\u00e9rile\u00a0\u00bb, comme l&#39;appelait Ars\u00e8ne Wenger, et s&#39;il y a un c\u00f4t\u00e9 positif ce matin, c&#39;est qu&#39;ils n&#39;ont pas pu tirer le meilleur parti d&#39;une telle possession du ballon. J\u00e9r\u00e9mie Frimpong, qui a donn\u00e9 du fil \u00e0 retordre au rempla\u00e7ant Myles Lewis-Skelly apr\u00e8s avoir remplac\u00e9 Piero Hincapie, s&#39;est rendu coupable de mauvaises d\u00e9cisions dans des moments cl\u00e9s qui autrement auraient d\u00fb \u00eatre plus dangereux pour nous.<\/p>\n<p>Arteta a apport\u00e9 des changements qui ont eu peu d&#39;impact, m\u00eame si Noni Madueke a obtenu la signature et a retir\u00e9 un autre ballon que nous n&#39;avons pas r\u00e9ussi \u00e0 attaquer correctement a \u00e9t\u00e9 un autre moment de frustration. De m\u00eame sur le corner des derni\u00e8res secondes o\u00f9 Madueke a d\u00e9livr\u00e9 au deuxi\u00e8me poteau, Gabriel \u00e9tait l\u00e0 mais a rat\u00e9 le ballon \u2013 peut-\u00eatre g\u00ean\u00e9 ou distrait par Gabriel Jesus qui aurait d\u00fb laisser le soin au grand homme.<\/p>\n<p>Au final, c&#39;est un nul, un seul point au lieu de trois, et de la frustration de ne pas avoir profit\u00e9 de l&#39;occasion qu&#39;on avait entre nos mains. Je ne pense pas que ce soit fatal ou quoi que ce soit, mais cela a \u00e9t\u00e9 construit au pr\u00e9alable dans une soir\u00e9e qui pourrait grandement contribuer \u00e0 d\u00e9cider du titre (m\u00eame en janvier), et cela s&#39;est av\u00e9r\u00e9 \u00eatre quelque chose de beaucoup moins agr\u00e9able.<\/p>\n<p>Ensuite, Arteta a d\u00e9clar\u00e9 :<\/p>\n<blockquote>\n<p>Je pense que nous avons eu deux moiti\u00e9s diff\u00e9rentes. Le premier o\u00f9 nous avons beaucoup de domination, a cr\u00e9\u00e9 de grosses situations avec des joueurs presque \u00e0 l&#39;int\u00e9rieur de la surface de r\u00e9paration pour r\u00e9cup\u00e9rer un joueur, et nous n&#39;avons pas trouv\u00e9 la bonne passe pour marquer le but. Et la seconde mi-temps a \u00e9t\u00e9 un peu plus difficile. Nous avons \u00e9t\u00e9 tr\u00e8s impr\u00e9cis avec le ballon.<\/p>\n<\/blockquote>\n<p>Il a \u00e9galement pris un moment pour reconna\u00eetre la r\u00e9cente s\u00e9rie, qui nous a permis de prendre 16 points sur 18 possibles jusqu&#39;en d\u00e9cembre, suite \u00e0 la d\u00e9faite contre Aston Villa\u00a0:<\/p>\n<blockquote>\n<p>Je dois vraiment f\u00e9liciter l&#39;\u00e9quipe et les joueurs individuellement pour ce qu&#39;ils ont fait pendant cette p\u00e9riode de No\u00ebl. Parce que les exigences et le calendrier, c&#39;est incroyable. Et ce qu\u2019ils ont fait, je pense, est remarquable. Donc, pour sortir de cette p\u00e9riode avec tous les probl\u00e8mes que nous avons eu, dans la position que nous sommes, dans la position de force que nous sommes, je pense que les gar\u00e7ons m\u00e9ritent mon cr\u00e9dit et la reconnaissance de tous.<\/p>\n<\/blockquote>\n<p>La nuit derni\u00e8re a \u00e9t\u00e9 une v\u00e9ritable lutte, et il y a \u00e9videmment une marge d&#39;am\u00e9lioration significative, notamment en ce qui concerne la performance en seconde p\u00e9riode. Mais aucune course au titre n\u2019est jamais sans hauts et bas, et si notre d\u00e9faite dans cette p\u00e9riode est un match nul contre des champions certes \u00e9puis\u00e9s et une feuille blanche, cela pourrait \u00eatre bien pire. Le match de FA Cup de ce week-end, ainsi que d&#39;autres actions de coupe en milieu de semaine, devraient permettre \u00e0 l&#39;entra\u00eeneur de reposer certains des joueurs qui ont d\u00fb beaucoup jouer ces derniers temps, et nous mettre en bonne forme pour retrouver le chemin de la victoire lors de notre prochain match en championnat le 17 janvier.<\/p>\n<p>\u2014<\/p>\n<p>Juste un mot sur l&#39;incident de Gabriel Martinelli impliquant Conor Bradley tardivement. Je n&#39;ai pas aim\u00e9 \u00e7a \u00e0 l&#39;\u00e9poque, il n&#39;aurait pas d\u00fb le faire, il avait \u00e9t\u00e9 averti \u00e0 juste titre, mais je dois penser qu&#39;il n&#39;a tout simplement pas r\u00e9alis\u00e9 \u00e0 quel point c&#39;\u00e9tait s\u00e9rieux pour le joueur de Liverpool. Je pense qu&#39;il y a certains joueurs dont vous diriez qu&#39;ils ont un peu de m\u00e9chancet\u00e9 et ne se soucieraient pas si un adversaire \u00e9tait bless\u00e9, mais il n&#39;en fait vraiment pas partie. Donc, c&#39;\u00e9tait un peu inconvenant. Je pense que les joueurs de Liverpool s&#39;y sont oppos\u00e9s, c&#39;\u00e9tait tout \u00e0 fait bien, mais je ne pense pas que ce soit autre chose qu&#39;une situation br\u00fblante, une pouss\u00e9e d&#39;adr\u00e9naline d&#39;esprit de comp\u00e9tition en fin de match pour garder le ballon en vie et peut-\u00eatre trouver un vainqueur.<\/p>\n<p>: Martinelli a pr\u00e9sent\u00e9 ses excuses sur son compte Instagram, affirmant qu&#39;il n&#39;avait pas compris qu&#39;il s&#39;agissait d&#39;une blessure grave dans le feu de l&#39;action. Ce qui, je pense, doit \u00eatre pris au pied de la lettre car c\u2019est l\u2019explication la plus \u00e9vidente de tout cela.<\/p>\n<p>J&#39;ai trouv\u00e9 qu&#39;Arne Slot en avait bien parl\u00e9 par la suite, en disant :<\/p>\n<blockquote>\n<p>Je ne connais pas Gabriel Martinelli, mais il appara\u00eet comme un gars sympa. Le probl\u00e8me pour lui, et c&#39;est un probl\u00e8me en g\u00e9n\u00e9ral dans le football, c&#39;est qu&#39;il y a tellement de perte de temps dans les derni\u00e8res parties des matchs que parfois on peut \u00eatre agac\u00e9 quand on veut marquer un but et qu&#39;on a l&#39;impression qu&#39;un joueur fait semblant d&#39;\u00eatre bless\u00e9. Je suis s\u00fbr \u00e0 100 pour cent que s&#39;il savait quelle pourrait \u00eatre la blessure, il ne ferait pas \u00e7a.<\/p>\n<\/blockquote>\n<p>Arteta a dit :<\/p>\n<blockquote>\n<p>Connaissant Gabi, si quelqu&#39;un conna\u00eet Gabi, c&#39;est un gars incroyable et adorable. Et il n&#39;a probablement pas r\u00e9alis\u00e9 ce qui s&#39;\u00e9tait pass\u00e9. J&#39;esp\u00e8re que Conor va bien, je vais lui parler maintenant, avec lui, pour comprendre \u00e7a. Mais il n\u2019a probablement pas r\u00e9alis\u00e9 ce qui s\u2019\u00e9tait pass\u00e9.<\/p>\n<\/blockquote>\n<p>Cela ne s&#39;annonce pas bien pour l&#39;international d&#39;Irlande du Nord, et je pense qu&#39;en tant que club qui a subi de nombreuses blessures graves ces derniers temps, nous pouvons sympathiser avec lui tout en reconnaissant que Martinelli agirait probablement tr\u00e8s diff\u00e9remment s&#39;il avait su \u00e0 quel point cela semblait grave. Esp\u00e9rons que ce ne soit pas ce \u00e0 quoi il ressemble, mais si c\u2019est le cas, esp\u00e9rons qu\u2019il pourra se r\u00e9tablir rapidement et compl\u00e8tement.<\/p>\n<p>Je dirai ceci cependant, quelqu&#39;un doit parler avec Gary Neville sur Sky qui a dit qu&#39;il pensait qu&#39;un joueur de Liverpool devrait aller \u00ab frapper \u00bb Martinelli en guise de repr\u00e9sailles \u2013 m\u00eame si cela impliquait de recevoir un carton rouge. En tant que co-commentateur principal de leurs plus grands matchs, un certain niveau de responsabilit\u00e9 est exig\u00e9 de sa part. Laissant de c\u00f4t\u00e9 \u00e0 quel point il aurait \u00e9t\u00e9 idiot pour un homme de Liverpool de faire cela, ce qui signifie qu&#39;il voit le match comme un homme l\u00e9ger ainsi que comme quelqu&#39;un se faisant imposer une interdiction de 3 matchs, il n&#39;est tout simplement pas juste qu&#39;un diffuseur pr\u00e9conise la violence de toute sorte sur un terrain de football.<\/p>\n<p>Quant \u00e0 Roy Keane qui monte ensuite sur ses grands chevaux, les gens dans les maisons de verre, quelle que soit la dur\u00e9e de leur retraite, ne devraient pas jeter la pierre. Lui, entre autres, se moquer de la fa\u00e7on dont ses coll\u00e8gues professionnels devraient se comporter sur le terrain est absurde. Ce que Martinelli a fait n&#39;\u00e9tait pas bien, mais ce n&#39;est m\u00eame pas du m\u00eame ordre d&#39;id\u00e9es que des dizaines d&#39;incidents impliquant Keane et le mal, potentiel ou autre, qu&#39;il a caus\u00e9 \u00e0 ses adversaires au cours de sa carri\u00e8re de joueur. Rentre-le, Roy.<\/p>\n<p>\u2014<\/p>\n<p>Bon, je vais en rester l\u00e0 pour l&#39;instant. Nous aurons un Arsecast Extra suppl\u00e9mentaire pour vous un peu plus tard ce matin. Ce sera sorti avant midi.<\/p>\n<p>Jusque-l\u00e0.<\/p>\n<\/div>\n","protected":false},"excerpt":{"rendered":"<p>Rapport de match \u2013 Notes des joueurs \u2013 R\u00e9action d&#39;Arteta C&#39;est peut-\u00eatre perdu dans la frustration d&#39;hier soir qu&#39;Arsenal a encore une fois prolong\u00e9 notre<\/p>\n","protected":false},"author":1,"featured_media":33271,"comment_status":"closed","ping_status":"","sticky":false,"template":"","format":"standard","meta":{"footnotes":""},"categories":[3],"tags":[67,4752,53,8035,3633,11299,2638,92],"yoast_head":"<!-- This site is optimized with the Yoast SEO plugin v21.0 - https:\/\/yoast.com\/wordpress\/plugins\/seo\/ -->\n<title>Arsenal 0-0 Liverpool : une seconde mi-temps m\u00e9diocre provoque de la frustration<\/title>\n<meta name=\"robots\" content=\"index, follow, max-snippet:-1, max-image-preview:large, max-video-preview:-1\" \/>\n<link rel=\"canonical\" href=\"https:\/\/footdavant.fr\/actualites\/arsenal-0-0-liverpool-une-seconde-mi-temps-mediocre-provoque-de-la-frustration\/\" \/>\n<meta property=\"og:locale\" content=\"fr_FR\" \/>\n<meta property=\"og:type\" content=\"article\" \/>\n<meta property=\"og:title\" content=\"Arsenal 0-0 Liverpool : une seconde mi-temps m\u00e9diocre provoque de la frustration\" \/>\n<meta property=\"og:description\" content=\"Rapport de match \u2013 Notes des joueurs \u2013 R\u00e9action d&#039;Arteta C&#039;est peut-\u00eatre perdu dans la frustration d&#039;hier soir qu&#039;Arsenal a encore une fois prolong\u00e9 notre\" \/>\n<meta property=\"og:url\" content=\"https:\/\/footdavant.fr\/actualites\/arsenal-0-0-liverpool-une-seconde-mi-temps-mediocre-provoque-de-la-frustration\/\" \/>\n<meta property=\"og:site_name\" content=\"Foot d&#039;avant\" \/>\n<meta property=\"article:publisher\" content=\"https:\/\/www.facebook.com\/Footdavant\/\" \/>\n<meta property=\"article:published_time\" content=\"2026-01-09T22:48:39+00:00\" \/>\n<meta property=\"article:modified_time\" content=\"2026-01-09T22:48:41+00:00\" \/>\n<meta property=\"og:image\" content=\"https:\/\/footdavant.fr\/actualites\/wp-content\/uploads\/2026\/01\/Arsenal-0-0-Liverpool-une-seconde-mi-temps-mediocre-provoque-de.jpg\" \/>\n\t<meta property=\"og:image:width\" content=\"1500\" \/>\n\t<meta property=\"og:image:height\" content=\"750\" \/>\n\t<meta property=\"og:image:type\" content=\"image\/jpeg\" \/>\n<meta name=\"author\" content=\"Cl\u00e9ment\" \/>\n<meta name=\"twitter:card\" content=\"summary_large_image\" \/>\n<meta name=\"twitter:creator\" content=\"@FootdavantFr\" \/>\n<meta name=\"twitter:site\" content=\"@FootdavantFr\" \/>\n<meta name=\"twitter:label1\" content=\"\u00c9crit par\" \/>\n\t<meta name=\"twitter:data1\" content=\"Cl\u00e9ment\" \/>\n\t<meta name=\"twitter:label2\" content=\"Dur\u00e9e de lecture estim\u00e9e\" \/>\n\t<meta name=\"twitter:data2\" content=\"11 minutes\" \/>\n<script type=\"application\/ld+json\" class=\"yoast-schema-graph\">{\"@context\":\"https:\/\/schema.org\",\"@graph\":[{\"@type\":\"Article\",\"@id\":\"https:\/\/footdavant.fr\/actualites\/arsenal-0-0-liverpool-une-seconde-mi-temps-mediocre-provoque-de-la-frustration\/#article\",\"isPartOf\":{\"@id\":\"https:\/\/footdavant.fr\/actualites\/arsenal-0-0-liverpool-une-seconde-mi-temps-mediocre-provoque-de-la-frustration\/\"},\"author\":{\"name\":\"Cl\u00e9ment\",\"@id\":\"https:\/\/footdavant.fr\/actualites\/#\/schema\/person\/bc222566d95871b37e597b3ed3ba5e1d\"},\"headline\":\"Arsenal 0-0 Liverpool : une seconde mi-temps m\u00e9diocre provoque de la frustration\",\"datePublished\":\"2026-01-09T22:48:39+00:00\",\"dateModified\":\"2026-01-09T22:48:41+00:00\",\"mainEntityOfPage\":{\"@id\":\"https:\/\/footdavant.fr\/actualites\/arsenal-0-0-liverpool-une-seconde-mi-temps-mediocre-provoque-de-la-frustration\/\"},\"wordCount\":2152,\"publisher\":{\"@id\":\"https:\/\/footdavant.fr\/actualites\/#organization\"},\"keywords\":[\"Arsenal\",\"frustration\",\"Liverpool\",\"m\u00e9diocre\",\"mitemps\",\"provoque\",\"seconde\",\"une\"],\"articleSection\":[\"Football\"],\"inLanguage\":\"fr-FR\"},{\"@type\":\"WebPage\",\"@id\":\"https:\/\/footdavant.fr\/actualites\/arsenal-0-0-liverpool-une-seconde-mi-temps-mediocre-provoque-de-la-frustration\/\",\"url\":\"https:\/\/footdavant.fr\/actualites\/arsenal-0-0-liverpool-une-seconde-mi-temps-mediocre-provoque-de-la-frustration\/\",\"name\":\"Arsenal 0-0 Liverpool : une seconde mi-temps m\u00e9diocre provoque de la frustration\",\"isPartOf\":{\"@id\":\"https:\/\/footdavant.fr\/actualites\/#website\"},\"datePublished\":\"2026-01-09T22:48:39+00:00\",\"dateModified\":\"2026-01-09T22:48:41+00:00\",\"breadcrumb\":{\"@id\":\"https:\/\/footdavant.fr\/actualites\/arsenal-0-0-liverpool-une-seconde-mi-temps-mediocre-provoque-de-la-frustration\/#breadcrumb\"},\"inLanguage\":\"fr-FR\",\"potentialAction\":[{\"@type\":\"ReadAction\",\"target\":[\"https:\/\/footdavant.fr\/actualites\/arsenal-0-0-liverpool-une-seconde-mi-temps-mediocre-provoque-de-la-frustration\/\"]}]},{\"@type\":\"BreadcrumbList\",\"@id\":\"https:\/\/footdavant.fr\/actualites\/arsenal-0-0-liverpool-une-seconde-mi-temps-mediocre-provoque-de-la-frustration\/#breadcrumb\",\"itemListElement\":[{\"@type\":\"ListItem\",\"position\":1,\"name\":\"Accueil\",\"item\":\"https:\/\/footdavant.fr\/actualites\/\"},{\"@type\":\"ListItem\",\"position\":2,\"name\":\"Arsenal 0-0 Liverpool : une seconde mi-temps m\u00e9diocre provoque de la frustration\"}]},{\"@type\":\"WebSite\",\"@id\":\"https:\/\/footdavant.fr\/actualites\/#website\",\"url\":\"https:\/\/footdavant.fr\/actualites\/\",\"name\":\"Foot d'avant\",\"description\":\"\",\"publisher\":{\"@id\":\"https:\/\/footdavant.fr\/actualites\/#organization\"},\"potentialAction\":[{\"@type\":\"SearchAction\",\"target\":{\"@type\":\"EntryPoint\",\"urlTemplate\":\"https:\/\/footdavant.fr\/actualites\/?s={search_term_string}\"},\"query-input\":\"required name=search_term_string\"}],\"inLanguage\":\"fr-FR\"},{\"@type\":\"Organization\",\"@id\":\"https:\/\/footdavant.fr\/actualites\/#organization\",\"name\":\"Foot d'avant\",\"url\":\"https:\/\/footdavant.fr\/actualites\/\",\"logo\":{\"@type\":\"ImageObject\",\"inLanguage\":\"fr-FR\",\"@id\":\"https:\/\/footdavant.fr\/actualites\/#\/schema\/logo\/image\/\",\"url\":\"https:\/\/footdavant.fr\/actualites\/wp-content\/uploads\/2023\/09\/Copy-of-FootDavant-Logo.png\",\"contentUrl\":\"https:\/\/footdavant.fr\/actualites\/wp-content\/uploads\/2023\/09\/Copy-of-FootDavant-Logo.png\",\"width\":936,\"height\":549,\"caption\":\"Foot d'avant\"},\"image\":{\"@id\":\"https:\/\/footdavant.fr\/actualites\/#\/schema\/logo\/image\/\"},\"sameAs\":[\"https:\/\/www.facebook.com\/Footdavant\/\",\"https:\/\/twitter.com\/FootdavantFr\",\"https:\/\/www.instagram.com\/footdavant.fr\/\"]},{\"@type\":\"Person\",\"@id\":\"https:\/\/footdavant.fr\/actualites\/#\/schema\/person\/bc222566d95871b37e597b3ed3ba5e1d\",\"name\":\"Cl\u00e9ment\",\"image\":{\"@type\":\"ImageObject\",\"inLanguage\":\"fr-FR\",\"@id\":\"https:\/\/footdavant.fr\/actualites\/#\/schema\/person\/image\/\",\"url\":\"https:\/\/secure.gravatar.com\/avatar\/7728b29aac2719421e1a9159b2254c44?s=96&d=mm&r=g\",\"contentUrl\":\"https:\/\/secure.gravatar.com\/avatar\/7728b29aac2719421e1a9159b2254c44?s=96&d=mm&r=g\",\"caption\":\"Cl\u00e9ment\"},\"sameAs\":[\"https:\/\/footdavant.fr\/\"]}]}<\/script>\n<!-- \/ Yoast SEO plugin. -->","yoast_head_json":{"title":"Arsenal 0-0 Liverpool : une seconde mi-temps m\u00e9diocre provoque de la frustration","robots":{"index":"index","follow":"follow","max-snippet":"max-snippet:-1","max-image-preview":"max-image-preview:large","max-video-preview":"max-video-preview:-1"},"canonical":"https:\/\/footdavant.fr\/actualites\/arsenal-0-0-liverpool-une-seconde-mi-temps-mediocre-provoque-de-la-frustration\/","og_locale":"fr_FR","og_type":"article","og_title":"Arsenal 0-0 Liverpool : une seconde mi-temps m\u00e9diocre provoque de la frustration","og_description":"Rapport de match \u2013 Notes des joueurs \u2013 R\u00e9action d&#39;Arteta C&#39;est peut-\u00eatre perdu dans la frustration d&#39;hier soir qu&#39;Arsenal a encore une fois prolong\u00e9 notre","og_url":"https:\/\/footdavant.fr\/actualites\/arsenal-0-0-liverpool-une-seconde-mi-temps-mediocre-provoque-de-la-frustration\/","og_site_name":"Foot d&#039;avant","article_publisher":"https:\/\/www.facebook.com\/Footdavant\/","article_published_time":"2026-01-09T22:48:39+00:00","article_modified_time":"2026-01-09T22:48:41+00:00","og_image":[{"width":1500,"height":750,"url":"https:\/\/footdavant.fr\/actualites\/wp-content\/uploads\/2026\/01\/Arsenal-0-0-Liverpool-une-seconde-mi-temps-mediocre-provoque-de.jpg","type":"image\/jpeg"}],"author":"Cl\u00e9ment","twitter_card":"summary_large_image","twitter_creator":"@FootdavantFr","twitter_site":"@FootdavantFr","twitter_misc":{"\u00c9crit par":"Cl\u00e9ment","Dur\u00e9e de lecture estim\u00e9e":"11 minutes"},"schema":{"@context":"https:\/\/schema.org","@graph":[{"@type":"Article","@id":"https:\/\/footdavant.fr\/actualites\/arsenal-0-0-liverpool-une-seconde-mi-temps-mediocre-provoque-de-la-frustration\/#article","isPartOf":{"@id":"https:\/\/footdavant.fr\/actualites\/arsenal-0-0-liverpool-une-seconde-mi-temps-mediocre-provoque-de-la-frustration\/"},"author":{"name":"Cl\u00e9ment","@id":"https:\/\/footdavant.fr\/actualites\/#\/schema\/person\/bc222566d95871b37e597b3ed3ba5e1d"},"headline":"Arsenal 0-0 Liverpool : une seconde mi-temps m\u00e9diocre provoque de la frustration","datePublished":"2026-01-09T22:48:39+00:00","dateModified":"2026-01-09T22:48:41+00:00","mainEntityOfPage":{"@id":"https:\/\/footdavant.fr\/actualites\/arsenal-0-0-liverpool-une-seconde-mi-temps-mediocre-provoque-de-la-frustration\/"},"wordCount":2152,"publisher":{"@id":"https:\/\/footdavant.fr\/actualites\/#organization"},"keywords":["Arsenal","frustration","Liverpool","m\u00e9diocre","mitemps","provoque","seconde","une"],"articleSection":["Football"],"inLanguage":"fr-FR"},{"@type":"WebPage","@id":"https:\/\/footdavant.fr\/actualites\/arsenal-0-0-liverpool-une-seconde-mi-temps-mediocre-provoque-de-la-frustration\/","url":"https:\/\/footdavant.fr\/actualites\/arsenal-0-0-liverpool-une-seconde-mi-temps-mediocre-provoque-de-la-frustration\/","name":"Arsenal 0-0 Liverpool : une seconde mi-temps m\u00e9diocre provoque de la frustration","isPartOf":{"@id":"https:\/\/footdavant.fr\/actualites\/#website"},"datePublished":"2026-01-09T22:48:39+00:00","dateModified":"2026-01-09T22:48:41+00:00","breadcrumb":{"@id":"https:\/\/footdavant.fr\/actualites\/arsenal-0-0-liverpool-une-seconde-mi-temps-mediocre-provoque-de-la-frustration\/#breadcrumb"},"inLanguage":"fr-FR","potentialAction":[{"@type":"ReadAction","target":["https:\/\/footdavant.fr\/actualites\/arsenal-0-0-liverpool-une-seconde-mi-temps-mediocre-provoque-de-la-frustration\/"]}]},{"@type":"BreadcrumbList","@id":"https:\/\/footdavant.fr\/actualites\/arsenal-0-0-liverpool-une-seconde-mi-temps-mediocre-provoque-de-la-frustration\/#breadcrumb","itemListElement":[{"@type":"ListItem","position":1,"name":"Accueil","item":"https:\/\/footdavant.fr\/actualites\/"},{"@type":"ListItem","position":2,"name":"Arsenal 0-0 Liverpool : une seconde mi-temps m\u00e9diocre provoque de la frustration"}]},{"@type":"WebSite","@id":"https:\/\/footdavant.fr\/actualites\/#website","url":"https:\/\/footdavant.fr\/actualites\/","name":"Foot d'avant","description":"","publisher":{"@id":"https:\/\/footdavant.fr\/actualites\/#organization"},"potentialAction":[{"@type":"SearchAction","target":{"@type":"EntryPoint","urlTemplate":"https:\/\/footdavant.fr\/actualites\/?s={search_term_string}"},"query-input":"required name=search_term_string"}],"inLanguage":"fr-FR"},{"@type":"Organization","@id":"https:\/\/footdavant.fr\/actualites\/#organization","name":"Foot d'avant","url":"https:\/\/footdavant.fr\/actualites\/","logo":{"@type":"ImageObject","inLanguage":"fr-FR","@id":"https:\/\/footdavant.fr\/actualites\/#\/schema\/logo\/image\/","url":"https:\/\/footdavant.fr\/actualites\/wp-content\/uploads\/2023\/09\/Copy-of-FootDavant-Logo.png","contentUrl":"https:\/\/footdavant.fr\/actualites\/wp-content\/uploads\/2023\/09\/Copy-of-FootDavant-Logo.png","width":936,"height":549,"caption":"Foot d'avant"},"image":{"@id":"https:\/\/footdavant.fr\/actualites\/#\/schema\/logo\/image\/"},"sameAs":["https:\/\/www.facebook.com\/Footdavant\/","https:\/\/twitter.com\/FootdavantFr","https:\/\/www.instagram.com\/footdavant.fr\/"]},{"@type":"Person","@id":"https:\/\/footdavant.fr\/actualites\/#\/schema\/person\/bc222566d95871b37e597b3ed3ba5e1d","name":"Cl\u00e9ment","image":{"@type":"ImageObject","inLanguage":"fr-FR","@id":"https:\/\/footdavant.fr\/actualites\/#\/schema\/person\/image\/","url":"https:\/\/secure.gravatar.com\/avatar\/7728b29aac2719421e1a9159b2254c44?s=96&d=mm&r=g","contentUrl":"https:\/\/secure.gravatar.com\/avatar\/7728b29aac2719421e1a9159b2254c44?s=96&d=mm&r=g","caption":"Cl\u00e9ment"},"sameAs":["https:\/\/footdavant.fr\/"]}]}},"_links":{"self":[{"href":"https:\/\/footdavant.fr\/actualites\/wp-json\/wp\/v2\/posts\/33270"}],"collection":[{"href":"https:\/\/footdavant.fr\/actualites\/wp-json\/wp\/v2\/posts"}],"about":[{"href":"https:\/\/footdavant.fr\/actualites\/wp-json\/wp\/v2\/types\/post"}],"author":[{"embeddable":true,"href":"https:\/\/footdavant.fr\/actualites\/wp-json\/wp\/v2\/users\/1"}],"replies":[{"embeddable":true,"href":"https:\/\/footdavant.fr\/actualites\/wp-json\/wp\/v2\/comments?post=33270"}],"version-history":[{"count":1,"href":"https:\/\/footdavant.fr\/actualites\/wp-json\/wp\/v2\/posts\/33270\/revisions"}],"predecessor-version":[{"id":33272,"href":"https:\/\/footdavant.fr\/actualites\/wp-json\/wp\/v2\/posts\/33270\/revisions\/33272"}],"wp:featuredmedia":[{"embeddable":true,"href":"https:\/\/footdavant.fr\/actualites\/wp-json\/wp\/v2\/media\/33271"}],"wp:attachment":[{"href":"https:\/\/footdavant.fr\/actualites\/wp-json\/wp\/v2\/media?parent=33270"}],"wp:term":[{"taxonomy":"category","embeddable":true,"href":"https:\/\/footdavant.fr\/actualites\/wp-json\/wp\/v2\/categories?post=33270"},{"taxonomy":"post_tag","embeddable":true,"href":"https:\/\/footdavant.fr\/actualites\/wp-json\/wp\/v2\/tags?post=33270"}],"curies":[{"name":"wp","href":"https:\/\/api.w.org\/{rel}","templated":true}]}}