{"id":3328,"date":"2024-01-02T07:50:53","date_gmt":"2024-01-02T06:50:53","guid":{"rendered":"https:\/\/footdavant.fr\/actualites\/frenkie-de-jong-refuse-dexclure-une-future-sortie-de-barcelone\/"},"modified":"2024-01-02T07:50:54","modified_gmt":"2024-01-02T06:50:54","slug":"frenkie-de-jong-refuse-dexclure-une-future-sortie-de-barcelone","status":"publish","type":"post","link":"https:\/\/footdavant.fr\/actualites\/frenkie-de-jong-refuse-dexclure-une-future-sortie-de-barcelone\/","title":{"rendered":"Frenkie de Jong refuse d&rsquo;exclure une future sortie de Barcelone"},"content":{"rendered":"<p>Le milieu de terrain de Barcelone Frenkie de Jong laisse la porte ouverte \u00e0 un \u00e9ventuel d\u00e9part bien qu&rsquo;il insiste sur le fait qu&rsquo;il est actuellement heureux au club.<\/p>\n<div id=\"article_body\" itemprop=\"articleBody\">\n<h3 class=\"firstPara\">\n<strong class=\"autotag\">Barcelone<\/strong> milieu de terrain <strong class=\"autotag\">Frenkie de Jong<\/strong> a laiss\u00e9 la porte entrouverte \u00e0 un \u00e9ventuel d\u00e9m\u00e9nagement dans le futur.<\/h3>\n<p>De Jong \u00e9tait fortement li\u00e9 \u00e0 un d\u00e9m\u00e9nagement vers <strong class=\"autotag\">Manchester United<\/strong> \u00e0 l&rsquo;\u00e9t\u00e9 2022 apr\u00e8s avoir \u00e9t\u00e9 identifi\u00e9 comme cible par son ancien patron de l&rsquo;Ajax <strong class=\"autotag\">Erik Ten Hag<\/strong>.<\/p>\n<p>Bien qu&rsquo;il ait \u00e9t\u00e9 poursuivi par les 20 fois champions d&rsquo;Angleterre, De Jong a montr\u00e9 une certaine r\u00e9ticence \u00e0 quitter les g\u00e9ants catalans et est finalement rest\u00e9 sur place.<\/p>\n<p>Le N\u00e9erlandais a ensuite aid\u00e9 Barcelone \u00e0 conna\u00eetre une campagne 2022-23 r\u00e9ussie, au cours de laquelle il a remport\u00e9 le troph\u00e9e de la Liga ainsi que la Super Coupe d&rsquo;Espagne.<\/p>\n<p>Apr\u00e8s avoir pass\u00e9 les quatre derni\u00e8res ann\u00e9es \u00e0 Barcelone, l&rsquo;international n\u00e9erlandais a insist\u00e9 sur le fait qu&rsquo;il \u00e9tait toujours heureux d&rsquo;\u00eatre au club.<\/p>\n<p class=\"imgI\">\n<p>\u00ab\u00a0Je suis dans le club o\u00f9 j&rsquo;ai toujours voulu \u00eatre, o\u00f9 j&rsquo;ai r\u00eav\u00e9\u00a0\u00bb, a d\u00e9clar\u00e9 De Jong dans une interview accord\u00e9e au m\u00e9dia n\u00e9erlandais. <em>SAI<\/em>.<\/p>\n<p>\u00ab\u00a0Je n&rsquo;ai pas encore remport\u00e9 les troph\u00e9es que je veux gagner et je ne suis pas encore le joueur que je veux \u00eatre. Il y a encore place \u00e0 l&rsquo;am\u00e9lioration et j&rsquo;ai encore du temps, mais j&rsquo;aimerais y arriver le plus rapidement possible. En tant que footballeur, tu veux gagner de gros prix, je ne les ai pas encore gagn\u00e9s.\u00a0\u00bb<\/p>\n<p>Bien qu&rsquo;il n&rsquo;ait apparemment pas l&rsquo;intention de quitter les champions de la Liga dans l&rsquo;imm\u00e9diat, il a apparemment laiss\u00e9 la porte ouverte \u00e0 un futur d\u00e9part.<\/p>\n<p>Lorsqu&rsquo;on lui a demand\u00e9 si se tester dans une nouvelle ligue avait un quelconque attrait, De Jong a r\u00e9pondu : \u00ab\u00a0Peut-\u00eatre. Mais je suis tr\u00e8s satisfait au Bar\u00e7a. C&rsquo;est toujours difficile \u00e0 dire. Pour l&rsquo;instant, je me sens bien ici !\u00a0\u00bb<\/p>\n<p class=\"imgI\"><img decoding=\"async\" loading=\"lazy\" class=\"l\" src=\"https:\/\/footdavant.fr\/actualites\/wp-content\/uploads\/2024\/01\/1704178253_903_Frenkie-de-Jong-refuse-dexclure-une-future-sortie-de-Barcelone.jpg\" title=\"Frenkie de Jong de Barcelone photographi\u00e9 pendant l'entra\u00eenement le 22 f\u00e9vrier 2023\" alt=\"Frenkie de Jong de Barcelone photographi\u00e9 pendant l'entra\u00eenement le 22 f\u00e9vrier 2023\" width=\"640\" height=\"480\"><\/p>\n<p>M\u00eame si De Jong ne pr\u00e9voit pas de d\u00e9part imm\u00e9diat, selon <em>90 minutes<\/em>il reste sur le radar de Man United. <\/p>\n<p>Le milieu de terrain, sous contrat jusqu&rsquo;en juin 2026, pr\u00e9pare actuellement le retour de Barcelone en Liga cette semaine.<\/p>\n<p><strong class=\"autotag\">Xavi<\/strong>Les hommes de &lsquo; d\u00e9buteront l&rsquo;ann\u00e9e 2024 avec un d\u00e9placement \u00e0 Gran Canaria pour le choc de jeudi contre le nouveau promu Las Palmas. <\/p>\n<p>Apr\u00e8s avoir rat\u00e9 la derni\u00e8re sortie de Barcelone en raison d&rsquo;une suspension, De Jong devrait revenir dans la formation de d\u00e9part pour le premier match du club de la nouvelle ann\u00e9e.<\/p>\n<p>Barcelone est actuellement en quatri\u00e8me position et \u00e0 sept points de la premi\u00e8re place apr\u00e8s avoir lutt\u00e9 pour la coh\u00e9rence dans la premi\u00e8re moiti\u00e9 de la campagne.<\/p>\n<\/div>\n","protected":false},"excerpt":{"rendered":"<p>Le milieu de terrain de Barcelone Frenkie de Jong laisse la porte ouverte \u00e0 un \u00e9ventuel d\u00e9part bien qu&rsquo;il insiste sur le fait qu&rsquo;il est<\/p>\n","protected":false},"author":1,"featured_media":3329,"comment_status":"closed","ping_status":"","sticky":false,"template":"","format":"standard","meta":{"footnotes":""},"categories":[5],"tags":[130,2526,2711,1600,2712,2110,1263,92],"yoast_head":"<!-- This site is optimized with the Yoast SEO plugin v21.0 - https:\/\/yoast.com\/wordpress\/plugins\/seo\/ -->\n<title>Frenkie de Jong refuse d&#039;exclure une future sortie de Barcelone<\/title>\n<meta name=\"robots\" content=\"index, follow, max-snippet:-1, max-image-preview:large, max-video-preview:-1\" \/>\n<link rel=\"canonical\" href=\"https:\/\/footdavant.fr\/actualites\/frenkie-de-jong-refuse-dexclure-une-future-sortie-de-barcelone\/\" \/>\n<meta property=\"og:locale\" content=\"fr_FR\" \/>\n<meta property=\"og:type\" content=\"article\" \/>\n<meta property=\"og:title\" content=\"Frenkie de Jong refuse d&#039;exclure une future sortie de Barcelone\" \/>\n<meta property=\"og:description\" content=\"Le milieu de terrain de Barcelone Frenkie de Jong laisse la porte ouverte \u00e0 un \u00e9ventuel d\u00e9part bien qu&rsquo;il insiste sur le fait qu&rsquo;il est\" \/>\n<meta property=\"og:url\" content=\"https:\/\/footdavant.fr\/actualites\/frenkie-de-jong-refuse-dexclure-une-future-sortie-de-barcelone\/\" \/>\n<meta property=\"og:site_name\" content=\"Foot d&#039;avant\" \/>\n<meta property=\"article:publisher\" content=\"https:\/\/www.facebook.com\/Footdavant\/\" \/>\n<meta property=\"article:published_time\" content=\"2024-01-02T06:50:53+00:00\" \/>\n<meta property=\"article:modified_time\" content=\"2024-01-02T06:50:54+00:00\" \/>\n<meta property=\"og:image\" content=\"https:\/\/footdavant.fr\/actualites\/wp-content\/uploads\/2024\/01\/Frenkie-de-Jong-refuse-dexclure-une-future-sortie-de-Barcelone.jpg\" \/>\n\t<meta property=\"og:image:width\" content=\"640\" \/>\n\t<meta property=\"og:image:height\" content=\"480\" \/>\n\t<meta property=\"og:image:type\" content=\"image\/jpeg\" \/>\n<meta name=\"author\" content=\"Cl\u00e9ment\" \/>\n<meta name=\"twitter:card\" content=\"summary_large_image\" \/>\n<meta name=\"twitter:creator\" content=\"@FootdavantFr\" \/>\n<meta name=\"twitter:site\" content=\"@FootdavantFr\" \/>\n<meta name=\"twitter:label1\" content=\"\u00c9crit par\" \/>\n\t<meta name=\"twitter:data1\" content=\"Cl\u00e9ment\" \/>\n\t<meta name=\"twitter:label2\" content=\"Dur\u00e9e de lecture estim\u00e9e\" \/>\n\t<meta name=\"twitter:data2\" content=\"2 minutes\" \/>\n<script type=\"application\/ld+json\" class=\"yoast-schema-graph\">{\"@context\":\"https:\/\/schema.org\",\"@graph\":[{\"@type\":\"Article\",\"@id\":\"https:\/\/footdavant.fr\/actualites\/frenkie-de-jong-refuse-dexclure-une-future-sortie-de-barcelone\/#article\",\"isPartOf\":{\"@id\":\"https:\/\/footdavant.fr\/actualites\/frenkie-de-jong-refuse-dexclure-une-future-sortie-de-barcelone\/\"},\"author\":{\"name\":\"Cl\u00e9ment\",\"@id\":\"https:\/\/footdavant.fr\/actualites\/#\/schema\/person\/bc222566d95871b37e597b3ed3ba5e1d\"},\"headline\":\"Frenkie de Jong refuse d&rsquo;exclure une future sortie de Barcelone\",\"datePublished\":\"2024-01-02T06:50:53+00:00\",\"dateModified\":\"2024-01-02T06:50:54+00:00\",\"mainEntityOfPage\":{\"@id\":\"https:\/\/footdavant.fr\/actualites\/frenkie-de-jong-refuse-dexclure-une-future-sortie-de-barcelone\/\"},\"wordCount\":472,\"publisher\":{\"@id\":\"https:\/\/footdavant.fr\/actualites\/#organization\"},\"keywords\":[\"Barcelone\",\"dexclure\",\"Frenkie\",\"future\",\"Jong\",\"refuse\",\"sortie\",\"une\"],\"articleSection\":[\"Premier League\"],\"inLanguage\":\"fr-FR\"},{\"@type\":\"WebPage\",\"@id\":\"https:\/\/footdavant.fr\/actualites\/frenkie-de-jong-refuse-dexclure-une-future-sortie-de-barcelone\/\",\"url\":\"https:\/\/footdavant.fr\/actualites\/frenkie-de-jong-refuse-dexclure-une-future-sortie-de-barcelone\/\",\"name\":\"Frenkie de Jong refuse d'exclure une future sortie de Barcelone\",\"isPartOf\":{\"@id\":\"https:\/\/footdavant.fr\/actualites\/#website\"},\"datePublished\":\"2024-01-02T06:50:53+00:00\",\"dateModified\":\"2024-01-02T06:50:54+00:00\",\"breadcrumb\":{\"@id\":\"https:\/\/footdavant.fr\/actualites\/frenkie-de-jong-refuse-dexclure-une-future-sortie-de-barcelone\/#breadcrumb\"},\"inLanguage\":\"fr-FR\",\"potentialAction\":[{\"@type\":\"ReadAction\",\"target\":[\"https:\/\/footdavant.fr\/actualites\/frenkie-de-jong-refuse-dexclure-une-future-sortie-de-barcelone\/\"]}]},{\"@type\":\"BreadcrumbList\",\"@id\":\"https:\/\/footdavant.fr\/actualites\/frenkie-de-jong-refuse-dexclure-une-future-sortie-de-barcelone\/#breadcrumb\",\"itemListElement\":[{\"@type\":\"ListItem\",\"position\":1,\"name\":\"Accueil\",\"item\":\"https:\/\/footdavant.fr\/actualites\/\"},{\"@type\":\"ListItem\",\"position\":2,\"name\":\"Frenkie de Jong refuse d&rsquo;exclure une future sortie de Barcelone\"}]},{\"@type\":\"WebSite\",\"@id\":\"https:\/\/footdavant.fr\/actualites\/#website\",\"url\":\"https:\/\/footdavant.fr\/actualites\/\",\"name\":\"Foot d'avant\",\"description\":\"\",\"publisher\":{\"@id\":\"https:\/\/footdavant.fr\/actualites\/#organization\"},\"potentialAction\":[{\"@type\":\"SearchAction\",\"target\":{\"@type\":\"EntryPoint\",\"urlTemplate\":\"https:\/\/footdavant.fr\/actualites\/?s={search_term_string}\"},\"query-input\":\"required name=search_term_string\"}],\"inLanguage\":\"fr-FR\"},{\"@type\":\"Organization\",\"@id\":\"https:\/\/footdavant.fr\/actualites\/#organization\",\"name\":\"Foot d'avant\",\"url\":\"https:\/\/footdavant.fr\/actualites\/\",\"logo\":{\"@type\":\"ImageObject\",\"inLanguage\":\"fr-FR\",\"@id\":\"https:\/\/footdavant.fr\/actualites\/#\/schema\/logo\/image\/\",\"url\":\"https:\/\/footdavant.fr\/actualites\/wp-content\/uploads\/2023\/09\/Copy-of-FootDavant-Logo.png\",\"contentUrl\":\"https:\/\/footdavant.fr\/actualites\/wp-content\/uploads\/2023\/09\/Copy-of-FootDavant-Logo.png\",\"width\":936,\"height\":549,\"caption\":\"Foot d'avant\"},\"image\":{\"@id\":\"https:\/\/footdavant.fr\/actualites\/#\/schema\/logo\/image\/\"},\"sameAs\":[\"https:\/\/www.facebook.com\/Footdavant\/\",\"https:\/\/twitter.com\/FootdavantFr\",\"https:\/\/www.instagram.com\/footdavant.fr\/\"]},{\"@type\":\"Person\",\"@id\":\"https:\/\/footdavant.fr\/actualites\/#\/schema\/person\/bc222566d95871b37e597b3ed3ba5e1d\",\"name\":\"Cl\u00e9ment\",\"image\":{\"@type\":\"ImageObject\",\"inLanguage\":\"fr-FR\",\"@id\":\"https:\/\/footdavant.fr\/actualites\/#\/schema\/person\/image\/\",\"url\":\"https:\/\/secure.gravatar.com\/avatar\/7728b29aac2719421e1a9159b2254c44?s=96&d=mm&r=g\",\"contentUrl\":\"https:\/\/secure.gravatar.com\/avatar\/7728b29aac2719421e1a9159b2254c44?s=96&d=mm&r=g\",\"caption\":\"Cl\u00e9ment\"},\"sameAs\":[\"https:\/\/footdavant.fr\/\"]}]}<\/script>\n<!-- \/ Yoast SEO plugin. -->","yoast_head_json":{"title":"Frenkie de Jong refuse d'exclure une future sortie de Barcelone","robots":{"index":"index","follow":"follow","max-snippet":"max-snippet:-1","max-image-preview":"max-image-preview:large","max-video-preview":"max-video-preview:-1"},"canonical":"https:\/\/footdavant.fr\/actualites\/frenkie-de-jong-refuse-dexclure-une-future-sortie-de-barcelone\/","og_locale":"fr_FR","og_type":"article","og_title":"Frenkie de Jong refuse d'exclure une future sortie de Barcelone","og_description":"Le milieu de terrain de Barcelone Frenkie de Jong laisse la porte ouverte \u00e0 un \u00e9ventuel d\u00e9part bien qu&rsquo;il insiste sur le fait qu&rsquo;il est","og_url":"https:\/\/footdavant.fr\/actualites\/frenkie-de-jong-refuse-dexclure-une-future-sortie-de-barcelone\/","og_site_name":"Foot d&#039;avant","article_publisher":"https:\/\/www.facebook.com\/Footdavant\/","article_published_time":"2024-01-02T06:50:53+00:00","article_modified_time":"2024-01-02T06:50:54+00:00","og_image":[{"width":640,"height":480,"url":"https:\/\/footdavant.fr\/actualites\/wp-content\/uploads\/2024\/01\/Frenkie-de-Jong-refuse-dexclure-une-future-sortie-de-Barcelone.jpg","type":"image\/jpeg"}],"author":"Cl\u00e9ment","twitter_card":"summary_large_image","twitter_creator":"@FootdavantFr","twitter_site":"@FootdavantFr","twitter_misc":{"\u00c9crit par":"Cl\u00e9ment","Dur\u00e9e de lecture estim\u00e9e":"2 minutes"},"schema":{"@context":"https:\/\/schema.org","@graph":[{"@type":"Article","@id":"https:\/\/footdavant.fr\/actualites\/frenkie-de-jong-refuse-dexclure-une-future-sortie-de-barcelone\/#article","isPartOf":{"@id":"https:\/\/footdavant.fr\/actualites\/frenkie-de-jong-refuse-dexclure-une-future-sortie-de-barcelone\/"},"author":{"name":"Cl\u00e9ment","@id":"https:\/\/footdavant.fr\/actualites\/#\/schema\/person\/bc222566d95871b37e597b3ed3ba5e1d"},"headline":"Frenkie de Jong refuse d&rsquo;exclure une future sortie de Barcelone","datePublished":"2024-01-02T06:50:53+00:00","dateModified":"2024-01-02T06:50:54+00:00","mainEntityOfPage":{"@id":"https:\/\/footdavant.fr\/actualites\/frenkie-de-jong-refuse-dexclure-une-future-sortie-de-barcelone\/"},"wordCount":472,"publisher":{"@id":"https:\/\/footdavant.fr\/actualites\/#organization"},"keywords":["Barcelone","dexclure","Frenkie","future","Jong","refuse","sortie","une"],"articleSection":["Premier League"],"inLanguage":"fr-FR"},{"@type":"WebPage","@id":"https:\/\/footdavant.fr\/actualites\/frenkie-de-jong-refuse-dexclure-une-future-sortie-de-barcelone\/","url":"https:\/\/footdavant.fr\/actualites\/frenkie-de-jong-refuse-dexclure-une-future-sortie-de-barcelone\/","name":"Frenkie de Jong refuse d'exclure une future sortie de Barcelone","isPartOf":{"@id":"https:\/\/footdavant.fr\/actualites\/#website"},"datePublished":"2024-01-02T06:50:53+00:00","dateModified":"2024-01-02T06:50:54+00:00","breadcrumb":{"@id":"https:\/\/footdavant.fr\/actualites\/frenkie-de-jong-refuse-dexclure-une-future-sortie-de-barcelone\/#breadcrumb"},"inLanguage":"fr-FR","potentialAction":[{"@type":"ReadAction","target":["https:\/\/footdavant.fr\/actualites\/frenkie-de-jong-refuse-dexclure-une-future-sortie-de-barcelone\/"]}]},{"@type":"BreadcrumbList","@id":"https:\/\/footdavant.fr\/actualites\/frenkie-de-jong-refuse-dexclure-une-future-sortie-de-barcelone\/#breadcrumb","itemListElement":[{"@type":"ListItem","position":1,"name":"Accueil","item":"https:\/\/footdavant.fr\/actualites\/"},{"@type":"ListItem","position":2,"name":"Frenkie de Jong refuse d&rsquo;exclure une future sortie de Barcelone"}]},{"@type":"WebSite","@id":"https:\/\/footdavant.fr\/actualites\/#website","url":"https:\/\/footdavant.fr\/actualites\/","name":"Foot d'avant","description":"","publisher":{"@id":"https:\/\/footdavant.fr\/actualites\/#organization"},"potentialAction":[{"@type":"SearchAction","target":{"@type":"EntryPoint","urlTemplate":"https:\/\/footdavant.fr\/actualites\/?s={search_term_string}"},"query-input":"required name=search_term_string"}],"inLanguage":"fr-FR"},{"@type":"Organization","@id":"https:\/\/footdavant.fr\/actualites\/#organization","name":"Foot d'avant","url":"https:\/\/footdavant.fr\/actualites\/","logo":{"@type":"ImageObject","inLanguage":"fr-FR","@id":"https:\/\/footdavant.fr\/actualites\/#\/schema\/logo\/image\/","url":"https:\/\/footdavant.fr\/actualites\/wp-content\/uploads\/2023\/09\/Copy-of-FootDavant-Logo.png","contentUrl":"https:\/\/footdavant.fr\/actualites\/wp-content\/uploads\/2023\/09\/Copy-of-FootDavant-Logo.png","width":936,"height":549,"caption":"Foot d'avant"},"image":{"@id":"https:\/\/footdavant.fr\/actualites\/#\/schema\/logo\/image\/"},"sameAs":["https:\/\/www.facebook.com\/Footdavant\/","https:\/\/twitter.com\/FootdavantFr","https:\/\/www.instagram.com\/footdavant.fr\/"]},{"@type":"Person","@id":"https:\/\/footdavant.fr\/actualites\/#\/schema\/person\/bc222566d95871b37e597b3ed3ba5e1d","name":"Cl\u00e9ment","image":{"@type":"ImageObject","inLanguage":"fr-FR","@id":"https:\/\/footdavant.fr\/actualites\/#\/schema\/person\/image\/","url":"https:\/\/secure.gravatar.com\/avatar\/7728b29aac2719421e1a9159b2254c44?s=96&d=mm&r=g","contentUrl":"https:\/\/secure.gravatar.com\/avatar\/7728b29aac2719421e1a9159b2254c44?s=96&d=mm&r=g","caption":"Cl\u00e9ment"},"sameAs":["https:\/\/footdavant.fr\/"]}]}},"_links":{"self":[{"href":"https:\/\/footdavant.fr\/actualites\/wp-json\/wp\/v2\/posts\/3328"}],"collection":[{"href":"https:\/\/footdavant.fr\/actualites\/wp-json\/wp\/v2\/posts"}],"about":[{"href":"https:\/\/footdavant.fr\/actualites\/wp-json\/wp\/v2\/types\/post"}],"author":[{"embeddable":true,"href":"https:\/\/footdavant.fr\/actualites\/wp-json\/wp\/v2\/users\/1"}],"replies":[{"embeddable":true,"href":"https:\/\/footdavant.fr\/actualites\/wp-json\/wp\/v2\/comments?post=3328"}],"version-history":[{"count":1,"href":"https:\/\/footdavant.fr\/actualites\/wp-json\/wp\/v2\/posts\/3328\/revisions"}],"predecessor-version":[{"id":3330,"href":"https:\/\/footdavant.fr\/actualites\/wp-json\/wp\/v2\/posts\/3328\/revisions\/3330"}],"wp:featuredmedia":[{"embeddable":true,"href":"https:\/\/footdavant.fr\/actualites\/wp-json\/wp\/v2\/media\/3329"}],"wp:attachment":[{"href":"https:\/\/footdavant.fr\/actualites\/wp-json\/wp\/v2\/media?parent=3328"}],"wp:term":[{"taxonomy":"category","embeddable":true,"href":"https:\/\/footdavant.fr\/actualites\/wp-json\/wp\/v2\/categories?post=3328"},{"taxonomy":"post_tag","embeddable":true,"href":"https:\/\/footdavant.fr\/actualites\/wp-json\/wp\/v2\/tags?post=3328"}],"curies":[{"name":"wp","href":"https:\/\/api.w.org\/{rel}","templated":true}]}}