{"id":33300,"date":"2026-01-10T19:48:01","date_gmt":"2026-01-10T18:48:01","guid":{"rendered":"https:\/\/footdavant.fr\/actualites\/dominik-szoboszlai-conclut-un-accord-de-principe-avec-liverpool\/"},"modified":"2026-01-10T19:48:03","modified_gmt":"2026-01-10T18:48:03","slug":"dominik-szoboszlai-conclut-un-accord-de-principe-avec-liverpool","status":"publish","type":"post","link":"https:\/\/footdavant.fr\/actualites\/dominik-szoboszlai-conclut-un-accord-de-principe-avec-liverpool\/","title":{"rendered":"Dominik Szoboszlai conclut un accord de principe avec Liverpool"},"content":{"rendered":"<div id=\"article-body\">\n<!-- Article Start --><\/p>\n<p>C&#39;est le mot venant de CaughtOffside, l&#39;int\u00e9r\u00eat du Bayern Munich et du Real Madrid \u00e9tant sur le point d&#39;\u00eatre repouss\u00e9 par le milieu de terrain hongrois.<\/p>\n<p>Cela intervient au milieu de n\u00e9gociations contractuelles en cours avec Ryan Gravenberch et Alexis Mac Allister.<\/p>\n<h2>Dominik Szoboszlai a \u00e9t\u00e9 le joueur vedette de Liverpool<\/h2>\n<figure class=\"wp-caption alignnone\"><picture><source type=\"image\/webp\" data- data-><\/source><\/picture><\/figure>\n<p>L&#39;analyse statistique de Fotmob n&#39;est peut-\u00eatre pas d&#39;accord, mais le test de la vue ferait plus que confirmer l&#39;id\u00e9e selon laquelle Szoboszlai a \u00e9t\u00e9 une force de premier plan dans cette \u00e9quipe de Liverpool lors de la saison 2025\/26.<\/p>\n<table style=\"border-collapse: collapse; width: 100%;\">\n<thead>\n<tr>\n<td style=\"width: 50%;\"><\/td>\n<td style=\"width: 50%;\"><\/td>\n<\/tr>\n<\/thead>\n<tbody>\n<tr>\n<td style=\"width: 50%;\">Ryan Gravenberch<\/td>\n<td style=\"width: 50%;\">7.43<\/td>\n<\/tr>\n<tr>\n<td style=\"width: 50%;\">Dominik Szoboszlai<\/td>\n<td style=\"width: 50%;\">7.32<\/td>\n<\/tr>\n<tr>\n<td style=\"width: 50%;\">Cody Gakpo<\/td>\n<td style=\"width: 50%;\">7.23<\/td>\n<\/tr>\n<\/tbody>\n<\/table>\n<p>L&#39;ancienne sensation du RB Leipzig s&#39;est r\u00e9v\u00e9l\u00e9e plus que fiable avec le ballon et un superbe combattant au milieu du parc par rapport \u00e0 ses pairs de position en Premier League :<\/p>\n<ul>\n<li>D\u00e9poss\u00e9d\u00e9 0,7 fois sur 90 (87e percentile)<\/li>\n<li>47,5% de duels gagn\u00e9s pour 90 (74e percentile)<\/li>\n<li>50\u00a0% de duels a\u00e9riens gagn\u00e9s tous les 90 (86e percentile)<\/li>\n<li>0,6 interception pour 90 (71e percentile)<\/li>\n<li>5,12 r\u00e9cup\u00e9rations pour 90 (87e percentile)<\/li>\n<\/ul>\n<p>Dans cet esprit, il n&#39;est pas surprenant que d&#39;autres \u00e9quipes d&#39;\u00e9lite du Bayern et du Real Madrid surveillent au moins la situation pour voir s&#39;il s&#39;agissait d&#39;une autre saga contractuelle qui ne jouerait pas en notre faveur.<\/p>\n<h2>Comment Szoboszlai se compare-t-il aux milieux de terrain europ\u00e9ens ?<\/h2>\n<p>Il ne fait aucun doute que Liverpool accorde une note \u00e9lev\u00e9e \u00e0 son num\u00e9ro huit \u2013 et \u00e0 juste titre, compte tenu de ses statistiques plut\u00f4t \u00e9tonnantes.<\/p>\n<p>Compar\u00e9 aux milieux de terrain des cinq meilleures ligues europ\u00e9ennes, Dominik Szoboszlai excelle \u00e0 la fois en tant que force cr\u00e9ative et offensive.<\/p>\n<table style=\"border-collapse: collapse; width: 100%;\">\n<thead>\n<tr>\n<td style=\"width: 50%;\"><\/td>\n<td style=\"width: 50%;\"><\/td>\n<\/tr>\n<\/thead>\n<tbody>\n<tr>\n<td style=\"width: 50%;\">0,16 sans p\u00e9nalit\u00e9 xG<\/td>\n<td style=\"width: 50%;\">91e centile<\/td>\n<\/tr>\n<tr>\n<td style=\"width: 50%;\">0,21 xAG (buts assist\u00e9s attendus)<\/td>\n<td style=\"width: 50%;\">95e centile<\/td>\n<\/tr>\n<tr>\n<td style=\"width: 50%;\">4.38 actions de cr\u00e9ation de plans<\/td>\n<td style=\"width: 50%;\">94e centile<\/td>\n<\/tr>\n<\/tbody>\n<\/table>\n<p>\u00c0 notre avis, ce qui \u00e9tait, avec le recul, une fen\u00eatre l\u00e9gendaire sous Jorg Schmadtke n&#39;a tout simplement pas assez de cr\u00e9dit.<\/p>\n<p>Les signatures d&#39;Alexis Mac Allister, Dominik Szoboszlai et Ryan Gravenberch au cours d&#39;une seule fen\u00eatre de transfert ont compl\u00e8tement transform\u00e9 la fortune d&#39;une \u00e9quipe de Liverpool en transition.<\/p>\n<p>Nous sommes d\u00e9sormais dans une position avantageuse avec l\u2019un des meilleurs trios de milieux de terrain du football mondial.<\/p>\n<p><iframe loading=\"lazy\" title=\"Szoboszlai Does EVERYTHING\" width=\"1200\" height=\"675\" src=\"https:\/\/www.youtube.com\/embed\/x6BN8X0Bj_s?feature=oembed\" frameborder=\"0\" allow=\"accelerometer; autoplay; clipboard-write; encrypted-media; gyroscope; picture-in-picture; web-share\" referrerpolicy=\"strict-origin-when-cross-origin\" allowfullscreen><\/iframe><\/p>\n<p><!-- Article End -->\t\t\t\t<\/div>\n","protected":false},"excerpt":{"rendered":"<p>C&#39;est le mot venant de CaughtOffside, l&#39;int\u00e9r\u00eat du Bayern Munich et du Real Madrid \u00e9tant sur le point d&#39;\u00eatre repouss\u00e9 par le milieu de terrain<\/p>\n","protected":false},"author":1,"featured_media":33301,"comment_status":"closed","ping_status":"","sticky":false,"template":"","format":"standard","meta":{"footnotes":""},"categories":[3],"tags":[277,91,2258,2720,53,7541,531],"yoast_head":"<!-- This site is optimized with the Yoast SEO plugin v21.0 - https:\/\/yoast.com\/wordpress\/plugins\/seo\/ -->\n<title>Dominik Szoboszlai conclut un accord de principe avec Liverpool<\/title>\n<meta name=\"robots\" content=\"index, follow, max-snippet:-1, max-image-preview:large, max-video-preview:-1\" \/>\n<link rel=\"canonical\" href=\"https:\/\/footdavant.fr\/actualites\/dominik-szoboszlai-conclut-un-accord-de-principe-avec-liverpool\/\" \/>\n<meta property=\"og:locale\" content=\"fr_FR\" \/>\n<meta property=\"og:type\" content=\"article\" \/>\n<meta property=\"og:title\" content=\"Dominik Szoboszlai conclut un accord de principe avec Liverpool\" \/>\n<meta property=\"og:description\" content=\"C&#039;est le mot venant de CaughtOffside, l&#039;int\u00e9r\u00eat du Bayern Munich et du Real Madrid \u00e9tant sur le point d&#039;\u00eatre repouss\u00e9 par le milieu de terrain\" \/>\n<meta property=\"og:url\" content=\"https:\/\/footdavant.fr\/actualites\/dominik-szoboszlai-conclut-un-accord-de-principe-avec-liverpool\/\" \/>\n<meta property=\"og:site_name\" content=\"Foot d&#039;avant\" \/>\n<meta property=\"article:publisher\" content=\"https:\/\/www.facebook.com\/Footdavant\/\" \/>\n<meta property=\"article:published_time\" content=\"2026-01-10T18:48:01+00:00\" \/>\n<meta property=\"article:modified_time\" content=\"2026-01-10T18:48:03+00:00\" \/>\n<meta property=\"og:image\" content=\"https:\/\/footdavant.fr\/actualites\/wp-content\/uploads\/2026\/01\/1768070882_Dominik-Szoboszlai-conclut-un-accord-de-principe-avec-Liverpool.jpg\" \/>\n\t<meta property=\"og:image:width\" content=\"1200\" \/>\n\t<meta property=\"og:image:height\" content=\"675\" \/>\n\t<meta property=\"og:image:type\" content=\"image\/jpeg\" \/>\n<meta name=\"author\" content=\"Cl\u00e9ment\" \/>\n<meta name=\"twitter:card\" content=\"summary_large_image\" \/>\n<meta name=\"twitter:creator\" content=\"@FootdavantFr\" \/>\n<meta name=\"twitter:site\" content=\"@FootdavantFr\" \/>\n<meta name=\"twitter:label1\" content=\"\u00c9crit par\" \/>\n\t<meta name=\"twitter:data1\" content=\"Cl\u00e9ment\" \/>\n\t<meta name=\"twitter:label2\" content=\"Dur\u00e9e de lecture estim\u00e9e\" \/>\n\t<meta name=\"twitter:data2\" content=\"2 minutes\" \/>\n<script type=\"application\/ld+json\" class=\"yoast-schema-graph\">{\"@context\":\"https:\/\/schema.org\",\"@graph\":[{\"@type\":\"Article\",\"@id\":\"https:\/\/footdavant.fr\/actualites\/dominik-szoboszlai-conclut-un-accord-de-principe-avec-liverpool\/#article\",\"isPartOf\":{\"@id\":\"https:\/\/footdavant.fr\/actualites\/dominik-szoboszlai-conclut-un-accord-de-principe-avec-liverpool\/\"},\"author\":{\"name\":\"Cl\u00e9ment\",\"@id\":\"https:\/\/footdavant.fr\/actualites\/#\/schema\/person\/bc222566d95871b37e597b3ed3ba5e1d\"},\"headline\":\"Dominik Szoboszlai conclut un accord de principe avec Liverpool\",\"datePublished\":\"2026-01-10T18:48:01+00:00\",\"dateModified\":\"2026-01-10T18:48:03+00:00\",\"mainEntityOfPage\":{\"@id\":\"https:\/\/footdavant.fr\/actualites\/dominik-szoboszlai-conclut-un-accord-de-principe-avec-liverpool\/\"},\"wordCount\":402,\"publisher\":{\"@id\":\"https:\/\/footdavant.fr\/actualites\/#organization\"},\"keywords\":[\"accord\",\"avec\",\"conclut\",\"Dominik\",\"Liverpool\",\"principe\",\"Szoboszlai\"],\"articleSection\":[\"Football\"],\"inLanguage\":\"fr-FR\"},{\"@type\":\"WebPage\",\"@id\":\"https:\/\/footdavant.fr\/actualites\/dominik-szoboszlai-conclut-un-accord-de-principe-avec-liverpool\/\",\"url\":\"https:\/\/footdavant.fr\/actualites\/dominik-szoboszlai-conclut-un-accord-de-principe-avec-liverpool\/\",\"name\":\"Dominik Szoboszlai conclut un accord de principe avec Liverpool\",\"isPartOf\":{\"@id\":\"https:\/\/footdavant.fr\/actualites\/#website\"},\"datePublished\":\"2026-01-10T18:48:01+00:00\",\"dateModified\":\"2026-01-10T18:48:03+00:00\",\"breadcrumb\":{\"@id\":\"https:\/\/footdavant.fr\/actualites\/dominik-szoboszlai-conclut-un-accord-de-principe-avec-liverpool\/#breadcrumb\"},\"inLanguage\":\"fr-FR\",\"potentialAction\":[{\"@type\":\"ReadAction\",\"target\":[\"https:\/\/footdavant.fr\/actualites\/dominik-szoboszlai-conclut-un-accord-de-principe-avec-liverpool\/\"]}]},{\"@type\":\"BreadcrumbList\",\"@id\":\"https:\/\/footdavant.fr\/actualites\/dominik-szoboszlai-conclut-un-accord-de-principe-avec-liverpool\/#breadcrumb\",\"itemListElement\":[{\"@type\":\"ListItem\",\"position\":1,\"name\":\"Accueil\",\"item\":\"https:\/\/footdavant.fr\/actualites\/\"},{\"@type\":\"ListItem\",\"position\":2,\"name\":\"Dominik Szoboszlai conclut un accord de principe avec Liverpool\"}]},{\"@type\":\"WebSite\",\"@id\":\"https:\/\/footdavant.fr\/actualites\/#website\",\"url\":\"https:\/\/footdavant.fr\/actualites\/\",\"name\":\"Foot d'avant\",\"description\":\"\",\"publisher\":{\"@id\":\"https:\/\/footdavant.fr\/actualites\/#organization\"},\"potentialAction\":[{\"@type\":\"SearchAction\",\"target\":{\"@type\":\"EntryPoint\",\"urlTemplate\":\"https:\/\/footdavant.fr\/actualites\/?s={search_term_string}\"},\"query-input\":\"required name=search_term_string\"}],\"inLanguage\":\"fr-FR\"},{\"@type\":\"Organization\",\"@id\":\"https:\/\/footdavant.fr\/actualites\/#organization\",\"name\":\"Foot d'avant\",\"url\":\"https:\/\/footdavant.fr\/actualites\/\",\"logo\":{\"@type\":\"ImageObject\",\"inLanguage\":\"fr-FR\",\"@id\":\"https:\/\/footdavant.fr\/actualites\/#\/schema\/logo\/image\/\",\"url\":\"https:\/\/footdavant.fr\/actualites\/wp-content\/uploads\/2023\/09\/Copy-of-FootDavant-Logo.png\",\"contentUrl\":\"https:\/\/footdavant.fr\/actualites\/wp-content\/uploads\/2023\/09\/Copy-of-FootDavant-Logo.png\",\"width\":936,\"height\":549,\"caption\":\"Foot d'avant\"},\"image\":{\"@id\":\"https:\/\/footdavant.fr\/actualites\/#\/schema\/logo\/image\/\"},\"sameAs\":[\"https:\/\/www.facebook.com\/Footdavant\/\",\"https:\/\/twitter.com\/FootdavantFr\",\"https:\/\/www.instagram.com\/footdavant.fr\/\"]},{\"@type\":\"Person\",\"@id\":\"https:\/\/footdavant.fr\/actualites\/#\/schema\/person\/bc222566d95871b37e597b3ed3ba5e1d\",\"name\":\"Cl\u00e9ment\",\"image\":{\"@type\":\"ImageObject\",\"inLanguage\":\"fr-FR\",\"@id\":\"https:\/\/footdavant.fr\/actualites\/#\/schema\/person\/image\/\",\"url\":\"https:\/\/secure.gravatar.com\/avatar\/7728b29aac2719421e1a9159b2254c44?s=96&d=mm&r=g\",\"contentUrl\":\"https:\/\/secure.gravatar.com\/avatar\/7728b29aac2719421e1a9159b2254c44?s=96&d=mm&r=g\",\"caption\":\"Cl\u00e9ment\"},\"sameAs\":[\"https:\/\/footdavant.fr\/\"]}]}<\/script>\n<!-- \/ Yoast SEO plugin. -->","yoast_head_json":{"title":"Dominik Szoboszlai conclut un accord de principe avec Liverpool","robots":{"index":"index","follow":"follow","max-snippet":"max-snippet:-1","max-image-preview":"max-image-preview:large","max-video-preview":"max-video-preview:-1"},"canonical":"https:\/\/footdavant.fr\/actualites\/dominik-szoboszlai-conclut-un-accord-de-principe-avec-liverpool\/","og_locale":"fr_FR","og_type":"article","og_title":"Dominik Szoboszlai conclut un accord de principe avec Liverpool","og_description":"C&#39;est le mot venant de CaughtOffside, l&#39;int\u00e9r\u00eat du Bayern Munich et du Real Madrid \u00e9tant sur le point d&#39;\u00eatre repouss\u00e9 par le milieu de terrain","og_url":"https:\/\/footdavant.fr\/actualites\/dominik-szoboszlai-conclut-un-accord-de-principe-avec-liverpool\/","og_site_name":"Foot d&#039;avant","article_publisher":"https:\/\/www.facebook.com\/Footdavant\/","article_published_time":"2026-01-10T18:48:01+00:00","article_modified_time":"2026-01-10T18:48:03+00:00","og_image":[{"width":1200,"height":675,"url":"https:\/\/footdavant.fr\/actualites\/wp-content\/uploads\/2026\/01\/1768070882_Dominik-Szoboszlai-conclut-un-accord-de-principe-avec-Liverpool.jpg","type":"image\/jpeg"}],"author":"Cl\u00e9ment","twitter_card":"summary_large_image","twitter_creator":"@FootdavantFr","twitter_site":"@FootdavantFr","twitter_misc":{"\u00c9crit par":"Cl\u00e9ment","Dur\u00e9e de lecture estim\u00e9e":"2 minutes"},"schema":{"@context":"https:\/\/schema.org","@graph":[{"@type":"Article","@id":"https:\/\/footdavant.fr\/actualites\/dominik-szoboszlai-conclut-un-accord-de-principe-avec-liverpool\/#article","isPartOf":{"@id":"https:\/\/footdavant.fr\/actualites\/dominik-szoboszlai-conclut-un-accord-de-principe-avec-liverpool\/"},"author":{"name":"Cl\u00e9ment","@id":"https:\/\/footdavant.fr\/actualites\/#\/schema\/person\/bc222566d95871b37e597b3ed3ba5e1d"},"headline":"Dominik Szoboszlai conclut un accord de principe avec Liverpool","datePublished":"2026-01-10T18:48:01+00:00","dateModified":"2026-01-10T18:48:03+00:00","mainEntityOfPage":{"@id":"https:\/\/footdavant.fr\/actualites\/dominik-szoboszlai-conclut-un-accord-de-principe-avec-liverpool\/"},"wordCount":402,"publisher":{"@id":"https:\/\/footdavant.fr\/actualites\/#organization"},"keywords":["accord","avec","conclut","Dominik","Liverpool","principe","Szoboszlai"],"articleSection":["Football"],"inLanguage":"fr-FR"},{"@type":"WebPage","@id":"https:\/\/footdavant.fr\/actualites\/dominik-szoboszlai-conclut-un-accord-de-principe-avec-liverpool\/","url":"https:\/\/footdavant.fr\/actualites\/dominik-szoboszlai-conclut-un-accord-de-principe-avec-liverpool\/","name":"Dominik Szoboszlai conclut un accord de principe avec Liverpool","isPartOf":{"@id":"https:\/\/footdavant.fr\/actualites\/#website"},"datePublished":"2026-01-10T18:48:01+00:00","dateModified":"2026-01-10T18:48:03+00:00","breadcrumb":{"@id":"https:\/\/footdavant.fr\/actualites\/dominik-szoboszlai-conclut-un-accord-de-principe-avec-liverpool\/#breadcrumb"},"inLanguage":"fr-FR","potentialAction":[{"@type":"ReadAction","target":["https:\/\/footdavant.fr\/actualites\/dominik-szoboszlai-conclut-un-accord-de-principe-avec-liverpool\/"]}]},{"@type":"BreadcrumbList","@id":"https:\/\/footdavant.fr\/actualites\/dominik-szoboszlai-conclut-un-accord-de-principe-avec-liverpool\/#breadcrumb","itemListElement":[{"@type":"ListItem","position":1,"name":"Accueil","item":"https:\/\/footdavant.fr\/actualites\/"},{"@type":"ListItem","position":2,"name":"Dominik Szoboszlai conclut un accord de principe avec Liverpool"}]},{"@type":"WebSite","@id":"https:\/\/footdavant.fr\/actualites\/#website","url":"https:\/\/footdavant.fr\/actualites\/","name":"Foot d'avant","description":"","publisher":{"@id":"https:\/\/footdavant.fr\/actualites\/#organization"},"potentialAction":[{"@type":"SearchAction","target":{"@type":"EntryPoint","urlTemplate":"https:\/\/footdavant.fr\/actualites\/?s={search_term_string}"},"query-input":"required name=search_term_string"}],"inLanguage":"fr-FR"},{"@type":"Organization","@id":"https:\/\/footdavant.fr\/actualites\/#organization","name":"Foot d'avant","url":"https:\/\/footdavant.fr\/actualites\/","logo":{"@type":"ImageObject","inLanguage":"fr-FR","@id":"https:\/\/footdavant.fr\/actualites\/#\/schema\/logo\/image\/","url":"https:\/\/footdavant.fr\/actualites\/wp-content\/uploads\/2023\/09\/Copy-of-FootDavant-Logo.png","contentUrl":"https:\/\/footdavant.fr\/actualites\/wp-content\/uploads\/2023\/09\/Copy-of-FootDavant-Logo.png","width":936,"height":549,"caption":"Foot d'avant"},"image":{"@id":"https:\/\/footdavant.fr\/actualites\/#\/schema\/logo\/image\/"},"sameAs":["https:\/\/www.facebook.com\/Footdavant\/","https:\/\/twitter.com\/FootdavantFr","https:\/\/www.instagram.com\/footdavant.fr\/"]},{"@type":"Person","@id":"https:\/\/footdavant.fr\/actualites\/#\/schema\/person\/bc222566d95871b37e597b3ed3ba5e1d","name":"Cl\u00e9ment","image":{"@type":"ImageObject","inLanguage":"fr-FR","@id":"https:\/\/footdavant.fr\/actualites\/#\/schema\/person\/image\/","url":"https:\/\/secure.gravatar.com\/avatar\/7728b29aac2719421e1a9159b2254c44?s=96&d=mm&r=g","contentUrl":"https:\/\/secure.gravatar.com\/avatar\/7728b29aac2719421e1a9159b2254c44?s=96&d=mm&r=g","caption":"Cl\u00e9ment"},"sameAs":["https:\/\/footdavant.fr\/"]}]}},"_links":{"self":[{"href":"https:\/\/footdavant.fr\/actualites\/wp-json\/wp\/v2\/posts\/33300"}],"collection":[{"href":"https:\/\/footdavant.fr\/actualites\/wp-json\/wp\/v2\/posts"}],"about":[{"href":"https:\/\/footdavant.fr\/actualites\/wp-json\/wp\/v2\/types\/post"}],"author":[{"embeddable":true,"href":"https:\/\/footdavant.fr\/actualites\/wp-json\/wp\/v2\/users\/1"}],"replies":[{"embeddable":true,"href":"https:\/\/footdavant.fr\/actualites\/wp-json\/wp\/v2\/comments?post=33300"}],"version-history":[{"count":1,"href":"https:\/\/footdavant.fr\/actualites\/wp-json\/wp\/v2\/posts\/33300\/revisions"}],"predecessor-version":[{"id":33302,"href":"https:\/\/footdavant.fr\/actualites\/wp-json\/wp\/v2\/posts\/33300\/revisions\/33302"}],"wp:featuredmedia":[{"embeddable":true,"href":"https:\/\/footdavant.fr\/actualites\/wp-json\/wp\/v2\/media\/33301"}],"wp:attachment":[{"href":"https:\/\/footdavant.fr\/actualites\/wp-json\/wp\/v2\/media?parent=33300"}],"wp:term":[{"taxonomy":"category","embeddable":true,"href":"https:\/\/footdavant.fr\/actualites\/wp-json\/wp\/v2\/categories?post=33300"},{"taxonomy":"post_tag","embeddable":true,"href":"https:\/\/footdavant.fr\/actualites\/wp-json\/wp\/v2\/tags?post=33300"}],"curies":[{"name":"wp","href":"https:\/\/api.w.org\/{rel}","templated":true}]}}