{"id":33303,"date":"2026-01-10T21:48:01","date_gmt":"2026-01-10T20:48:01","guid":{"rendered":"https:\/\/footdavant.fr\/actualites\/nouvelles-de-lequipe-fulham-contre-chelsea-calum-mcfarlane-bricole-t-il-le-blues-xi-apres-larrivee-de-liam-rosenior\/"},"modified":"2026-01-10T21:48:02","modified_gmt":"2026-01-10T20:48:02","slug":"nouvelles-de-lequipe-fulham-contre-chelsea-calum-mcfarlane-bricole-t-il-le-blues-xi-apres-larrivee-de-liam-rosenior","status":"publish","type":"post","link":"https:\/\/footdavant.fr\/actualites\/nouvelles-de-lequipe-fulham-contre-chelsea-calum-mcfarlane-bricole-t-il-le-blues-xi-apres-larrivee-de-liam-rosenior\/","title":{"rendered":"Nouvelles de l\u2019\u00e9quipe Fulham contre Chelsea : Calum McFarlane bricole-t-il le Blues XI apr\u00e8s l\u2019arriv\u00e9e de Liam Rosenior ?"},"content":{"rendered":"<div itemprop=\"articleBody\">\n<p>Chelsea a effectu\u00e9 six changements pour le match de Premier League de mercredi contre Fulham.<\/p>\n<p>Apr\u00e8s une performance anim\u00e9e en seconde p\u00e9riode \u00e0 Manchester City et l&#39;arriv\u00e9e du nouvel entra\u00eeneur-chef Liam Rosenior, le coach par int\u00e9rim Calum McFarlane \u00e9tait toujours susceptible de bricoler son Blues XI.<\/p>\n<p>Cependant, il a choisi de changer la moiti\u00e9 de sa formation de d\u00e9part pr\u00e9c\u00e9dente, notamment en accueillant Moises Caicedo apr\u00e8s une suspension.<\/p>\n<p>Le gardien Robert Sanchez et l&#39;arri\u00e8re gauche Marc Cucurella ont chacun \u00e9t\u00e9 remis en forme apr\u00e8s des probl\u00e8mes musculaires et aux ischio-jambiers.<\/p>\n<p>Tosin Adarabioyo est un titulaire surprise au milieu de la d\u00e9fense, tandis qu&#39;Andrey Santos et Liam Delap sont r\u00e9compens\u00e9s pour leurs performances encourageantes \u00e0 l&#39;Etihad Stadium.<\/p>\n<p>Reece James, Estevao Willian et Joao Pedro sont les noms notables \u00e0 descendre sur le banc des rempla\u00e7ants.<\/p>\n<p>Filip Jorgensen et Josh Acheampong sont \u00e9galement absents, Benoit Badiashile ne faisant pas partie de l&#39;\u00e9quipe de 20 joueurs.<\/p>\n<div>\n<div>\n<div>\n<p>\u00a9 Imago \/ Action Plus<\/p>\n<\/div>\n<\/div>\n<\/div>\n<h2>Fulham fait un changement apr\u00e8s le match nul de Liverpool<\/h2>\n<p>Pendant ce temps, Marco Silva n&#39;a apport\u00e9 qu&#39;une seule modification depuis le match nul 2-2 contre Liverpool dimanche.<\/p>\n<p>Sander Berge a \u00e9t\u00e9 inclus comme alternative directe \u00e0 Sasa Lukic au milieu de terrain central.<\/p>\n<p>Malgr\u00e9 son superbe but lors de ce match, Harrison Reed a \u00e9t\u00e9 retenu parmi les rempla\u00e7ants.<\/p>\n<p>Fulham XI : Leno ; Castagne, Diop, Andersen, Cuenca, Robinson ; Berg\u00e9, Cairney\u00a0; Smith Rowe, Jim\u00e9nez, Wilson<\/p>\n<p>Rempla\u00e7ants : Lecomte, Sessegnon, Amissah, Reed, Lukic, Ridegon, Traor\u00e9, Kevin, Kusi-Asare<\/p>\n<p>Chelsea XI\u00a0:\u00a0S\u00e1nchez\u00a0; Gusto, Chalobah, Adarabioyo, Cucurella\u00a0; Caicedo, Santos\u00a0; Palmer, Fern\u00e1ndez, Neto\u00a0; D\u00e9lap<\/p>\n<p>Rempla\u00e7ants: Jorgensen, Acheampong, Fofana, James, Hato, Estevao, Garnacho, Gittens, Pedro<\/p>\n<\/div>\n","protected":false},"excerpt":{"rendered":"<p>Chelsea a effectu\u00e9 six changements pour le match de Premier League de mercredi contre Fulham. Apr\u00e8s une performance anim\u00e9e en seconde p\u00e9riode \u00e0 Manchester City<\/p>\n","protected":false},"author":1,"featured_media":33304,"comment_status":"closed","ping_status":"","sticky":false,"template":"","format":"standard","meta":{"footnotes":""},"categories":[5],"tags":[25,4717,11304,3037,171,20,348,3336,9,5457,11303,461,10942],"yoast_head":"<!-- This site is optimized with the Yoast SEO plugin v21.0 - https:\/\/yoast.com\/wordpress\/plugins\/seo\/ -->\n<title>Nouvelles de l\u2019\u00e9quipe Fulham contre Chelsea : Calum McFarlane bricole-t-il le Blues XI apr\u00e8s l\u2019arriv\u00e9e de Liam Rosenior ?<\/title>\n<meta name=\"robots\" content=\"index, follow, max-snippet:-1, max-image-preview:large, max-video-preview:-1\" \/>\n<link rel=\"canonical\" href=\"https:\/\/footdavant.fr\/actualites\/nouvelles-de-lequipe-fulham-contre-chelsea-calum-mcfarlane-bricole-t-il-le-blues-xi-apres-larrivee-de-liam-rosenior\/\" \/>\n<meta property=\"og:locale\" content=\"fr_FR\" \/>\n<meta property=\"og:type\" content=\"article\" \/>\n<meta property=\"og:title\" content=\"Nouvelles de l\u2019\u00e9quipe Fulham contre Chelsea : Calum McFarlane bricole-t-il le Blues XI apr\u00e8s l\u2019arriv\u00e9e de Liam Rosenior ?\" \/>\n<meta property=\"og:description\" content=\"Chelsea a effectu\u00e9 six changements pour le match de Premier League de mercredi contre Fulham. Apr\u00e8s une performance anim\u00e9e en seconde p\u00e9riode \u00e0 Manchester City\" \/>\n<meta property=\"og:url\" content=\"https:\/\/footdavant.fr\/actualites\/nouvelles-de-lequipe-fulham-contre-chelsea-calum-mcfarlane-bricole-t-il-le-blues-xi-apres-larrivee-de-liam-rosenior\/\" \/>\n<meta property=\"og:site_name\" content=\"Foot d&#039;avant\" \/>\n<meta property=\"article:publisher\" content=\"https:\/\/www.facebook.com\/Footdavant\/\" \/>\n<meta property=\"article:published_time\" content=\"2026-01-10T20:48:01+00:00\" \/>\n<meta property=\"article:modified_time\" content=\"2026-01-10T20:48:02+00:00\" \/>\n<meta property=\"og:image\" content=\"https:\/\/footdavant.fr\/actualites\/wp-content\/uploads\/2026\/01\/Nouvelles-de-lequipe-Fulham-contre-Chelsea-Calum-McFarlane-bricole-t-il.net2Fuploads2F20262F012Fimago1070910327.webp\" \/>\n\t<meta property=\"og:image:width\" content=\"720\" \/>\n\t<meta property=\"og:image:height\" content=\"410\" \/>\n\t<meta property=\"og:image:type\" content=\"image\/webp\" \/>\n<meta name=\"author\" content=\"Cl\u00e9ment\" \/>\n<meta name=\"twitter:card\" content=\"summary_large_image\" \/>\n<meta name=\"twitter:creator\" content=\"@FootdavantFr\" \/>\n<meta name=\"twitter:site\" content=\"@FootdavantFr\" \/>\n<meta name=\"twitter:label1\" content=\"\u00c9crit par\" \/>\n\t<meta name=\"twitter:data1\" content=\"Cl\u00e9ment\" \/>\n\t<meta name=\"twitter:label2\" content=\"Dur\u00e9e de lecture estim\u00e9e\" \/>\n\t<meta name=\"twitter:data2\" content=\"1 minute\" \/>\n<script type=\"application\/ld+json\" class=\"yoast-schema-graph\">{\"@context\":\"https:\/\/schema.org\",\"@graph\":[{\"@type\":\"Article\",\"@id\":\"https:\/\/footdavant.fr\/actualites\/nouvelles-de-lequipe-fulham-contre-chelsea-calum-mcfarlane-bricole-t-il-le-blues-xi-apres-larrivee-de-liam-rosenior\/#article\",\"isPartOf\":{\"@id\":\"https:\/\/footdavant.fr\/actualites\/nouvelles-de-lequipe-fulham-contre-chelsea-calum-mcfarlane-bricole-t-il-le-blues-xi-apres-larrivee-de-liam-rosenior\/\"},\"author\":{\"name\":\"Cl\u00e9ment\",\"@id\":\"https:\/\/footdavant.fr\/actualites\/#\/schema\/person\/bc222566d95871b37e597b3ed3ba5e1d\"},\"headline\":\"Nouvelles de l\u2019\u00e9quipe Fulham contre Chelsea : Calum McFarlane bricole-t-il le Blues XI apr\u00e8s l\u2019arriv\u00e9e de Liam Rosenior ?\",\"datePublished\":\"2026-01-10T20:48:01+00:00\",\"dateModified\":\"2026-01-10T20:48:02+00:00\",\"mainEntityOfPage\":{\"@id\":\"https:\/\/footdavant.fr\/actualites\/nouvelles-de-lequipe-fulham-contre-chelsea-calum-mcfarlane-bricole-t-il-le-blues-xi-apres-larrivee-de-liam-rosenior\/\"},\"wordCount\":311,\"publisher\":{\"@id\":\"https:\/\/footdavant.fr\/actualites\/#organization\"},\"keywords\":[\"apr\u00e8s\",\"blues\",\"bricoletil\",\"Calum\",\"Chelsea\",\"contre\",\"Fulham\",\"larriv\u00e9e\",\"l\u00e9quipe\",\"Liam\",\"McFarlane\",\"Nouvelles\",\"Rosenior\"],\"articleSection\":[\"Premier League\"],\"inLanguage\":\"fr-FR\"},{\"@type\":\"WebPage\",\"@id\":\"https:\/\/footdavant.fr\/actualites\/nouvelles-de-lequipe-fulham-contre-chelsea-calum-mcfarlane-bricole-t-il-le-blues-xi-apres-larrivee-de-liam-rosenior\/\",\"url\":\"https:\/\/footdavant.fr\/actualites\/nouvelles-de-lequipe-fulham-contre-chelsea-calum-mcfarlane-bricole-t-il-le-blues-xi-apres-larrivee-de-liam-rosenior\/\",\"name\":\"Nouvelles de l\u2019\u00e9quipe Fulham contre Chelsea : Calum McFarlane bricole-t-il le Blues XI apr\u00e8s l\u2019arriv\u00e9e de Liam Rosenior ?\",\"isPartOf\":{\"@id\":\"https:\/\/footdavant.fr\/actualites\/#website\"},\"datePublished\":\"2026-01-10T20:48:01+00:00\",\"dateModified\":\"2026-01-10T20:48:02+00:00\",\"breadcrumb\":{\"@id\":\"https:\/\/footdavant.fr\/actualites\/nouvelles-de-lequipe-fulham-contre-chelsea-calum-mcfarlane-bricole-t-il-le-blues-xi-apres-larrivee-de-liam-rosenior\/#breadcrumb\"},\"inLanguage\":\"fr-FR\",\"potentialAction\":[{\"@type\":\"ReadAction\",\"target\":[\"https:\/\/footdavant.fr\/actualites\/nouvelles-de-lequipe-fulham-contre-chelsea-calum-mcfarlane-bricole-t-il-le-blues-xi-apres-larrivee-de-liam-rosenior\/\"]}]},{\"@type\":\"BreadcrumbList\",\"@id\":\"https:\/\/footdavant.fr\/actualites\/nouvelles-de-lequipe-fulham-contre-chelsea-calum-mcfarlane-bricole-t-il-le-blues-xi-apres-larrivee-de-liam-rosenior\/#breadcrumb\",\"itemListElement\":[{\"@type\":\"ListItem\",\"position\":1,\"name\":\"Accueil\",\"item\":\"https:\/\/footdavant.fr\/actualites\/\"},{\"@type\":\"ListItem\",\"position\":2,\"name\":\"Nouvelles de l\u2019\u00e9quipe Fulham contre Chelsea : Calum McFarlane bricole-t-il le Blues XI apr\u00e8s l\u2019arriv\u00e9e de Liam Rosenior ?\"}]},{\"@type\":\"WebSite\",\"@id\":\"https:\/\/footdavant.fr\/actualites\/#website\",\"url\":\"https:\/\/footdavant.fr\/actualites\/\",\"name\":\"Foot d'avant\",\"description\":\"\",\"publisher\":{\"@id\":\"https:\/\/footdavant.fr\/actualites\/#organization\"},\"potentialAction\":[{\"@type\":\"SearchAction\",\"target\":{\"@type\":\"EntryPoint\",\"urlTemplate\":\"https:\/\/footdavant.fr\/actualites\/?s={search_term_string}\"},\"query-input\":\"required name=search_term_string\"}],\"inLanguage\":\"fr-FR\"},{\"@type\":\"Organization\",\"@id\":\"https:\/\/footdavant.fr\/actualites\/#organization\",\"name\":\"Foot d'avant\",\"url\":\"https:\/\/footdavant.fr\/actualites\/\",\"logo\":{\"@type\":\"ImageObject\",\"inLanguage\":\"fr-FR\",\"@id\":\"https:\/\/footdavant.fr\/actualites\/#\/schema\/logo\/image\/\",\"url\":\"https:\/\/footdavant.fr\/actualites\/wp-content\/uploads\/2023\/09\/Copy-of-FootDavant-Logo.png\",\"contentUrl\":\"https:\/\/footdavant.fr\/actualites\/wp-content\/uploads\/2023\/09\/Copy-of-FootDavant-Logo.png\",\"width\":936,\"height\":549,\"caption\":\"Foot d'avant\"},\"image\":{\"@id\":\"https:\/\/footdavant.fr\/actualites\/#\/schema\/logo\/image\/\"},\"sameAs\":[\"https:\/\/www.facebook.com\/Footdavant\/\",\"https:\/\/twitter.com\/FootdavantFr\",\"https:\/\/www.instagram.com\/footdavant.fr\/\"]},{\"@type\":\"Person\",\"@id\":\"https:\/\/footdavant.fr\/actualites\/#\/schema\/person\/bc222566d95871b37e597b3ed3ba5e1d\",\"name\":\"Cl\u00e9ment\",\"image\":{\"@type\":\"ImageObject\",\"inLanguage\":\"fr-FR\",\"@id\":\"https:\/\/footdavant.fr\/actualites\/#\/schema\/person\/image\/\",\"url\":\"https:\/\/secure.gravatar.com\/avatar\/7728b29aac2719421e1a9159b2254c44?s=96&d=mm&r=g\",\"contentUrl\":\"https:\/\/secure.gravatar.com\/avatar\/7728b29aac2719421e1a9159b2254c44?s=96&d=mm&r=g\",\"caption\":\"Cl\u00e9ment\"},\"sameAs\":[\"https:\/\/footdavant.fr\/\"]}]}<\/script>\n<!-- \/ Yoast SEO plugin. -->","yoast_head_json":{"title":"Nouvelles de l\u2019\u00e9quipe Fulham contre Chelsea : Calum McFarlane bricole-t-il le Blues XI apr\u00e8s l\u2019arriv\u00e9e de Liam Rosenior ?","robots":{"index":"index","follow":"follow","max-snippet":"max-snippet:-1","max-image-preview":"max-image-preview:large","max-video-preview":"max-video-preview:-1"},"canonical":"https:\/\/footdavant.fr\/actualites\/nouvelles-de-lequipe-fulham-contre-chelsea-calum-mcfarlane-bricole-t-il-le-blues-xi-apres-larrivee-de-liam-rosenior\/","og_locale":"fr_FR","og_type":"article","og_title":"Nouvelles de l\u2019\u00e9quipe Fulham contre Chelsea : Calum McFarlane bricole-t-il le Blues XI apr\u00e8s l\u2019arriv\u00e9e de Liam Rosenior ?","og_description":"Chelsea a effectu\u00e9 six changements pour le match de Premier League de mercredi contre Fulham. Apr\u00e8s une performance anim\u00e9e en seconde p\u00e9riode \u00e0 Manchester City","og_url":"https:\/\/footdavant.fr\/actualites\/nouvelles-de-lequipe-fulham-contre-chelsea-calum-mcfarlane-bricole-t-il-le-blues-xi-apres-larrivee-de-liam-rosenior\/","og_site_name":"Foot d&#039;avant","article_publisher":"https:\/\/www.facebook.com\/Footdavant\/","article_published_time":"2026-01-10T20:48:01+00:00","article_modified_time":"2026-01-10T20:48:02+00:00","og_image":[{"width":720,"height":410,"url":"https:\/\/footdavant.fr\/actualites\/wp-content\/uploads\/2026\/01\/Nouvelles-de-lequipe-Fulham-contre-Chelsea-Calum-McFarlane-bricole-t-il.net2Fuploads2F20262F012Fimago1070910327.webp","type":"image\/webp"}],"author":"Cl\u00e9ment","twitter_card":"summary_large_image","twitter_creator":"@FootdavantFr","twitter_site":"@FootdavantFr","twitter_misc":{"\u00c9crit par":"Cl\u00e9ment","Dur\u00e9e de lecture estim\u00e9e":"1 minute"},"schema":{"@context":"https:\/\/schema.org","@graph":[{"@type":"Article","@id":"https:\/\/footdavant.fr\/actualites\/nouvelles-de-lequipe-fulham-contre-chelsea-calum-mcfarlane-bricole-t-il-le-blues-xi-apres-larrivee-de-liam-rosenior\/#article","isPartOf":{"@id":"https:\/\/footdavant.fr\/actualites\/nouvelles-de-lequipe-fulham-contre-chelsea-calum-mcfarlane-bricole-t-il-le-blues-xi-apres-larrivee-de-liam-rosenior\/"},"author":{"name":"Cl\u00e9ment","@id":"https:\/\/footdavant.fr\/actualites\/#\/schema\/person\/bc222566d95871b37e597b3ed3ba5e1d"},"headline":"Nouvelles de l\u2019\u00e9quipe Fulham contre Chelsea : Calum McFarlane bricole-t-il le Blues XI apr\u00e8s l\u2019arriv\u00e9e de Liam Rosenior ?","datePublished":"2026-01-10T20:48:01+00:00","dateModified":"2026-01-10T20:48:02+00:00","mainEntityOfPage":{"@id":"https:\/\/footdavant.fr\/actualites\/nouvelles-de-lequipe-fulham-contre-chelsea-calum-mcfarlane-bricole-t-il-le-blues-xi-apres-larrivee-de-liam-rosenior\/"},"wordCount":311,"publisher":{"@id":"https:\/\/footdavant.fr\/actualites\/#organization"},"keywords":["apr\u00e8s","blues","bricoletil","Calum","Chelsea","contre","Fulham","larriv\u00e9e","l\u00e9quipe","Liam","McFarlane","Nouvelles","Rosenior"],"articleSection":["Premier League"],"inLanguage":"fr-FR"},{"@type":"WebPage","@id":"https:\/\/footdavant.fr\/actualites\/nouvelles-de-lequipe-fulham-contre-chelsea-calum-mcfarlane-bricole-t-il-le-blues-xi-apres-larrivee-de-liam-rosenior\/","url":"https:\/\/footdavant.fr\/actualites\/nouvelles-de-lequipe-fulham-contre-chelsea-calum-mcfarlane-bricole-t-il-le-blues-xi-apres-larrivee-de-liam-rosenior\/","name":"Nouvelles de l\u2019\u00e9quipe Fulham contre Chelsea : Calum McFarlane bricole-t-il le Blues XI apr\u00e8s l\u2019arriv\u00e9e de Liam Rosenior ?","isPartOf":{"@id":"https:\/\/footdavant.fr\/actualites\/#website"},"datePublished":"2026-01-10T20:48:01+00:00","dateModified":"2026-01-10T20:48:02+00:00","breadcrumb":{"@id":"https:\/\/footdavant.fr\/actualites\/nouvelles-de-lequipe-fulham-contre-chelsea-calum-mcfarlane-bricole-t-il-le-blues-xi-apres-larrivee-de-liam-rosenior\/#breadcrumb"},"inLanguage":"fr-FR","potentialAction":[{"@type":"ReadAction","target":["https:\/\/footdavant.fr\/actualites\/nouvelles-de-lequipe-fulham-contre-chelsea-calum-mcfarlane-bricole-t-il-le-blues-xi-apres-larrivee-de-liam-rosenior\/"]}]},{"@type":"BreadcrumbList","@id":"https:\/\/footdavant.fr\/actualites\/nouvelles-de-lequipe-fulham-contre-chelsea-calum-mcfarlane-bricole-t-il-le-blues-xi-apres-larrivee-de-liam-rosenior\/#breadcrumb","itemListElement":[{"@type":"ListItem","position":1,"name":"Accueil","item":"https:\/\/footdavant.fr\/actualites\/"},{"@type":"ListItem","position":2,"name":"Nouvelles de l\u2019\u00e9quipe Fulham contre Chelsea : Calum McFarlane bricole-t-il le Blues XI apr\u00e8s l\u2019arriv\u00e9e de Liam Rosenior ?"}]},{"@type":"WebSite","@id":"https:\/\/footdavant.fr\/actualites\/#website","url":"https:\/\/footdavant.fr\/actualites\/","name":"Foot d'avant","description":"","publisher":{"@id":"https:\/\/footdavant.fr\/actualites\/#organization"},"potentialAction":[{"@type":"SearchAction","target":{"@type":"EntryPoint","urlTemplate":"https:\/\/footdavant.fr\/actualites\/?s={search_term_string}"},"query-input":"required name=search_term_string"}],"inLanguage":"fr-FR"},{"@type":"Organization","@id":"https:\/\/footdavant.fr\/actualites\/#organization","name":"Foot d'avant","url":"https:\/\/footdavant.fr\/actualites\/","logo":{"@type":"ImageObject","inLanguage":"fr-FR","@id":"https:\/\/footdavant.fr\/actualites\/#\/schema\/logo\/image\/","url":"https:\/\/footdavant.fr\/actualites\/wp-content\/uploads\/2023\/09\/Copy-of-FootDavant-Logo.png","contentUrl":"https:\/\/footdavant.fr\/actualites\/wp-content\/uploads\/2023\/09\/Copy-of-FootDavant-Logo.png","width":936,"height":549,"caption":"Foot d'avant"},"image":{"@id":"https:\/\/footdavant.fr\/actualites\/#\/schema\/logo\/image\/"},"sameAs":["https:\/\/www.facebook.com\/Footdavant\/","https:\/\/twitter.com\/FootdavantFr","https:\/\/www.instagram.com\/footdavant.fr\/"]},{"@type":"Person","@id":"https:\/\/footdavant.fr\/actualites\/#\/schema\/person\/bc222566d95871b37e597b3ed3ba5e1d","name":"Cl\u00e9ment","image":{"@type":"ImageObject","inLanguage":"fr-FR","@id":"https:\/\/footdavant.fr\/actualites\/#\/schema\/person\/image\/","url":"https:\/\/secure.gravatar.com\/avatar\/7728b29aac2719421e1a9159b2254c44?s=96&d=mm&r=g","contentUrl":"https:\/\/secure.gravatar.com\/avatar\/7728b29aac2719421e1a9159b2254c44?s=96&d=mm&r=g","caption":"Cl\u00e9ment"},"sameAs":["https:\/\/footdavant.fr\/"]}]}},"_links":{"self":[{"href":"https:\/\/footdavant.fr\/actualites\/wp-json\/wp\/v2\/posts\/33303"}],"collection":[{"href":"https:\/\/footdavant.fr\/actualites\/wp-json\/wp\/v2\/posts"}],"about":[{"href":"https:\/\/footdavant.fr\/actualites\/wp-json\/wp\/v2\/types\/post"}],"author":[{"embeddable":true,"href":"https:\/\/footdavant.fr\/actualites\/wp-json\/wp\/v2\/users\/1"}],"replies":[{"embeddable":true,"href":"https:\/\/footdavant.fr\/actualites\/wp-json\/wp\/v2\/comments?post=33303"}],"version-history":[{"count":1,"href":"https:\/\/footdavant.fr\/actualites\/wp-json\/wp\/v2\/posts\/33303\/revisions"}],"predecessor-version":[{"id":33305,"href":"https:\/\/footdavant.fr\/actualites\/wp-json\/wp\/v2\/posts\/33303\/revisions\/33305"}],"wp:featuredmedia":[{"embeddable":true,"href":"https:\/\/footdavant.fr\/actualites\/wp-json\/wp\/v2\/media\/33304"}],"wp:attachment":[{"href":"https:\/\/footdavant.fr\/actualites\/wp-json\/wp\/v2\/media?parent=33303"}],"wp:term":[{"taxonomy":"category","embeddable":true,"href":"https:\/\/footdavant.fr\/actualites\/wp-json\/wp\/v2\/categories?post=33303"},{"taxonomy":"post_tag","embeddable":true,"href":"https:\/\/footdavant.fr\/actualites\/wp-json\/wp\/v2\/tags?post=33303"}],"curies":[{"name":"wp","href":"https:\/\/api.w.org\/{rel}","templated":true}]}}