{"id":33312,"date":"2026-01-11T03:48:11","date_gmt":"2026-01-11T02:48:11","guid":{"rendered":"https:\/\/footdavant.fr\/actualites\/patrick-dorgu-revele-sa-reaction-aux-critiques-brutales-damorim\/"},"modified":"2026-01-11T03:48:14","modified_gmt":"2026-01-11T02:48:14","slug":"patrick-dorgu-revele-sa-reaction-aux-critiques-brutales-damorim","status":"publish","type":"post","link":"https:\/\/footdavant.fr\/actualites\/patrick-dorgu-revele-sa-reaction-aux-critiques-brutales-damorim\/","title":{"rendered":"Patrick Dorgu r\u00e9v\u00e8le sa r\u00e9action aux critiques brutales d&#39;Amorim &#8211;"},"content":{"rendered":"<div id=\"penci-post-entry-inner\">\n<p>\t\t\t<i class=\"penci-post-countview-number-check\" style=\"display:none\">1<\/i><\/p>\n<p><!--Article Start--><br \/>L&#39;ancien entra\u00eeneur de Manchester United, Ruben Amorim, n&#39;a pas h\u00e9sit\u00e9 \u00e0 critiquer ses joueurs en public.<\/p>\n<p>Joueurs du club de formation, ses prot\u00e9g\u00e9s et stars qu&#39;il a recrut\u00e9s, le Portugais n&#39;a pas h\u00e9sit\u00e9 \u00e0 prendre des noms, comme l&#39;attestera Patrick Dorgu.<\/p>\n<p>Le Danois a \u00e9t\u00e9 critiqu\u00e9 pour son manque de sang-froid dans le dernier tiers.<\/p>\n<p>\u00ab\u00a0Il doit \u00eatre plus calme en jouant\u00a0\u00bb, avait d\u00e9clar\u00e9 Amorim. On ressent l\u2019anxi\u00e9t\u00e9 \u00e0 chaque fois que Patrick touche le ballon. Je peux ressentir l&#39;anxi\u00e9t\u00e9. Vous vous souvenez du tir contre Everton.<\/p>\n<h5>Amorim a critiqu\u00e9 publiquement Patrick Dorgu<\/h5>\n<p>\u00ab\u00a0C&#39;\u00e9tait plus facile que la d\u00e9cision qu&#39;il devait prendre [playing for Denmark] contre l&#39;\u00c9cosse. Il a pris une excellente d\u00e9cision et je l&#39;ai vu lorsqu&#39;il jouait en Italie. Mais ici, c&#39;est diff\u00e9rent, et parfois la pression est forte pour eux au d\u00e9but, mais il a le temps de s&#39;am\u00e9liorer.<\/p>\n<p>C&#39;\u00e9tait peut-\u00eatre sa m\u00e9thode pour les allumer, mais \u00e0 l&#39;\u00e8re moderne, peu de gens l&#39;appr\u00e9cient, comme le montrent les r\u00e9actions de prodiges comme Chido Obi et Harry Amass.<\/p>\n<p>Cependant, l\u2019international danois a pris en compte les critiques et a m\u00eame prouv\u00e9 que l\u2019ancien patron du Sporting CP avait tort.<\/p>\n<p>En fait, il \u00e9tait m\u00eame d&#39;accord avec l&#39;\u00e9valuation de base, tout en soulignant qu&#39;il n&#39;\u00e9tait pas enti\u00e8rement d&#39;accord avec la d\u00e9claration faite en public.<\/p>\n<h5>La r\u00e9action de Dorgu<\/h5>\n<p>\u00ab\u00a0Je ne pense pas que ce soient les mots qu&#39;il cherchait. Mais je ne suis pas d&#39;accord pour dire que j&#39;ai \u00e9t\u00e9 nerveux. Mais je reconnais que je n&#39;ai pas aussi bien jou\u00e9 qu&#39;avec l&#39;\u00e9quipe nationale.<\/p>\n<p>\u00ab\u00a0Donc, je n&#39;ai pas menti \u00e0 la maison et je n&#39;ai pas \u00e9t\u00e9 en col\u00e8re parce qu&#39;il m&#39;a critiqu\u00e9\u00a0\u00bb, a d\u00e9clar\u00e9 Patrick Dorgu (via Bold).<\/p>\n<p>Et depuis, il a mis les bouch\u00e9es doubles, et cela se voit dans ses r\u00e9centes performances. enregistrant trois buts lors des cinq derniers matchs, dont un but et deux passes d\u00e9cisives.<\/p>\n<p>Et l&#39;arriv\u00e9e de Darren Fletcher a certainement aid\u00e9 le joueur de 21 ans \u00e0 jouer avec beaucoup plus de libert\u00e9. Il faudra maintenant qu&#39;il continue dans la m\u00eame direction dans les semaines \u00e0 venir sous la direction du nouveau patron int\u00e9rimaire.<\/p>\n<\/p>\n<hr\/>\n<p>The Peoples Person est l&#39;un des principaux sites d&#39;information de Man United au monde depuis plus d&#39;une d\u00e9cennie. Suivez-nous sur Bluesky\u00a0: @peoplesperson.bsky.social<\/p>\n<p><!-- CONTENT END 2 --><\/p><\/div>\n","protected":false},"excerpt":{"rendered":"<p>1 L&#39;ancien entra\u00eeneur de Manchester United, Ruben Amorim, n&#39;a pas h\u00e9sit\u00e9 \u00e0 critiquer ses joueurs en public. Joueurs du club de formation, ses prot\u00e9g\u00e9s et<\/p>\n","protected":false},"author":1,"featured_media":33313,"comment_status":"closed","ping_status":"","sticky":false,"template":"","format":"standard","meta":{"footnotes":""},"categories":[3],"tags":[305,11306,3774,4697,7665,3534,1805,415],"yoast_head":"<!-- This site is optimized with the Yoast SEO plugin v21.0 - https:\/\/yoast.com\/wordpress\/plugins\/seo\/ -->\n<title>Patrick Dorgu r\u00e9v\u00e8le sa r\u00e9action aux critiques brutales d&#039;Amorim -<\/title>\n<meta name=\"robots\" content=\"index, follow, max-snippet:-1, max-image-preview:large, max-video-preview:-1\" \/>\n<link rel=\"canonical\" href=\"https:\/\/footdavant.fr\/actualites\/patrick-dorgu-revele-sa-reaction-aux-critiques-brutales-damorim\/\" \/>\n<meta property=\"og:locale\" content=\"fr_FR\" \/>\n<meta property=\"og:type\" content=\"article\" \/>\n<meta property=\"og:title\" content=\"Patrick Dorgu r\u00e9v\u00e8le sa r\u00e9action aux critiques brutales d&#039;Amorim -\" \/>\n<meta property=\"og:description\" content=\"1 L&#039;ancien entra\u00eeneur de Manchester United, Ruben Amorim, n&#039;a pas h\u00e9sit\u00e9 \u00e0 critiquer ses joueurs en public. Joueurs du club de formation, ses prot\u00e9g\u00e9s et\" \/>\n<meta property=\"og:url\" content=\"https:\/\/footdavant.fr\/actualites\/patrick-dorgu-revele-sa-reaction-aux-critiques-brutales-damorim\/\" \/>\n<meta property=\"og:site_name\" content=\"Foot d&#039;avant\" \/>\n<meta property=\"article:publisher\" content=\"https:\/\/www.facebook.com\/Footdavant\/\" \/>\n<meta property=\"article:published_time\" content=\"2026-01-11T02:48:11+00:00\" \/>\n<meta property=\"article:modified_time\" content=\"2026-01-11T02:48:14+00:00\" \/>\n<meta property=\"og:image\" content=\"https:\/\/footdavant.fr\/actualites\/wp-content\/uploads\/2026\/01\/Patrick-Dorgu-revele-sa-reaction-aux-critiques-brutales-d39Amorim.jpg\" \/>\n\t<meta property=\"og:image:width\" content=\"1600\" \/>\n\t<meta property=\"og:image:height\" content=\"728\" \/>\n\t<meta property=\"og:image:type\" content=\"image\/jpeg\" \/>\n<meta name=\"author\" content=\"Cl\u00e9ment\" \/>\n<meta name=\"twitter:card\" content=\"summary_large_image\" \/>\n<meta name=\"twitter:creator\" content=\"@FootdavantFr\" \/>\n<meta name=\"twitter:site\" content=\"@FootdavantFr\" \/>\n<meta name=\"twitter:label1\" content=\"\u00c9crit par\" \/>\n\t<meta name=\"twitter:data1\" content=\"Cl\u00e9ment\" \/>\n\t<meta name=\"twitter:label2\" content=\"Dur\u00e9e de lecture estim\u00e9e\" \/>\n\t<meta name=\"twitter:data2\" content=\"2 minutes\" \/>\n<script type=\"application\/ld+json\" class=\"yoast-schema-graph\">{\"@context\":\"https:\/\/schema.org\",\"@graph\":[{\"@type\":\"Article\",\"@id\":\"https:\/\/footdavant.fr\/actualites\/patrick-dorgu-revele-sa-reaction-aux-critiques-brutales-damorim\/#article\",\"isPartOf\":{\"@id\":\"https:\/\/footdavant.fr\/actualites\/patrick-dorgu-revele-sa-reaction-aux-critiques-brutales-damorim\/\"},\"author\":{\"name\":\"Cl\u00e9ment\",\"@id\":\"https:\/\/footdavant.fr\/actualites\/#\/schema\/person\/bc222566d95871b37e597b3ed3ba5e1d\"},\"headline\":\"Patrick Dorgu r\u00e9v\u00e8le sa r\u00e9action aux critiques brutales d&#39;Amorim &#8211;\",\"datePublished\":\"2026-01-11T02:48:11+00:00\",\"dateModified\":\"2026-01-11T02:48:14+00:00\",\"mainEntityOfPage\":{\"@id\":\"https:\/\/footdavant.fr\/actualites\/patrick-dorgu-revele-sa-reaction-aux-critiques-brutales-damorim\/\"},\"wordCount\":453,\"publisher\":{\"@id\":\"https:\/\/footdavant.fr\/actualites\/#organization\"},\"keywords\":[\"aux\",\"brutales\",\"critiques\",\"d39Amorim\",\"Dorgu\",\"Patrick\",\"r\u00e9action\",\"r\u00e9v\u00e8le\"],\"articleSection\":[\"Football\"],\"inLanguage\":\"fr-FR\"},{\"@type\":\"WebPage\",\"@id\":\"https:\/\/footdavant.fr\/actualites\/patrick-dorgu-revele-sa-reaction-aux-critiques-brutales-damorim\/\",\"url\":\"https:\/\/footdavant.fr\/actualites\/patrick-dorgu-revele-sa-reaction-aux-critiques-brutales-damorim\/\",\"name\":\"Patrick Dorgu r\u00e9v\u00e8le sa r\u00e9action aux critiques brutales d&#39;Amorim -\",\"isPartOf\":{\"@id\":\"https:\/\/footdavant.fr\/actualites\/#website\"},\"datePublished\":\"2026-01-11T02:48:11+00:00\",\"dateModified\":\"2026-01-11T02:48:14+00:00\",\"breadcrumb\":{\"@id\":\"https:\/\/footdavant.fr\/actualites\/patrick-dorgu-revele-sa-reaction-aux-critiques-brutales-damorim\/#breadcrumb\"},\"inLanguage\":\"fr-FR\",\"potentialAction\":[{\"@type\":\"ReadAction\",\"target\":[\"https:\/\/footdavant.fr\/actualites\/patrick-dorgu-revele-sa-reaction-aux-critiques-brutales-damorim\/\"]}]},{\"@type\":\"BreadcrumbList\",\"@id\":\"https:\/\/footdavant.fr\/actualites\/patrick-dorgu-revele-sa-reaction-aux-critiques-brutales-damorim\/#breadcrumb\",\"itemListElement\":[{\"@type\":\"ListItem\",\"position\":1,\"name\":\"Accueil\",\"item\":\"https:\/\/footdavant.fr\/actualites\/\"},{\"@type\":\"ListItem\",\"position\":2,\"name\":\"Patrick Dorgu r\u00e9v\u00e8le sa r\u00e9action aux critiques brutales d&#39;Amorim &#8211;\"}]},{\"@type\":\"WebSite\",\"@id\":\"https:\/\/footdavant.fr\/actualites\/#website\",\"url\":\"https:\/\/footdavant.fr\/actualites\/\",\"name\":\"Foot d'avant\",\"description\":\"\",\"publisher\":{\"@id\":\"https:\/\/footdavant.fr\/actualites\/#organization\"},\"potentialAction\":[{\"@type\":\"SearchAction\",\"target\":{\"@type\":\"EntryPoint\",\"urlTemplate\":\"https:\/\/footdavant.fr\/actualites\/?s={search_term_string}\"},\"query-input\":\"required name=search_term_string\"}],\"inLanguage\":\"fr-FR\"},{\"@type\":\"Organization\",\"@id\":\"https:\/\/footdavant.fr\/actualites\/#organization\",\"name\":\"Foot d'avant\",\"url\":\"https:\/\/footdavant.fr\/actualites\/\",\"logo\":{\"@type\":\"ImageObject\",\"inLanguage\":\"fr-FR\",\"@id\":\"https:\/\/footdavant.fr\/actualites\/#\/schema\/logo\/image\/\",\"url\":\"https:\/\/footdavant.fr\/actualites\/wp-content\/uploads\/2023\/09\/Copy-of-FootDavant-Logo.png\",\"contentUrl\":\"https:\/\/footdavant.fr\/actualites\/wp-content\/uploads\/2023\/09\/Copy-of-FootDavant-Logo.png\",\"width\":936,\"height\":549,\"caption\":\"Foot d'avant\"},\"image\":{\"@id\":\"https:\/\/footdavant.fr\/actualites\/#\/schema\/logo\/image\/\"},\"sameAs\":[\"https:\/\/www.facebook.com\/Footdavant\/\",\"https:\/\/twitter.com\/FootdavantFr\",\"https:\/\/www.instagram.com\/footdavant.fr\/\"]},{\"@type\":\"Person\",\"@id\":\"https:\/\/footdavant.fr\/actualites\/#\/schema\/person\/bc222566d95871b37e597b3ed3ba5e1d\",\"name\":\"Cl\u00e9ment\",\"image\":{\"@type\":\"ImageObject\",\"inLanguage\":\"fr-FR\",\"@id\":\"https:\/\/footdavant.fr\/actualites\/#\/schema\/person\/image\/\",\"url\":\"https:\/\/secure.gravatar.com\/avatar\/7728b29aac2719421e1a9159b2254c44?s=96&d=mm&r=g\",\"contentUrl\":\"https:\/\/secure.gravatar.com\/avatar\/7728b29aac2719421e1a9159b2254c44?s=96&d=mm&r=g\",\"caption\":\"Cl\u00e9ment\"},\"sameAs\":[\"https:\/\/footdavant.fr\/\"]}]}<\/script>\n<!-- \/ Yoast SEO plugin. -->","yoast_head_json":{"title":"Patrick Dorgu r\u00e9v\u00e8le sa r\u00e9action aux critiques brutales d&#39;Amorim -","robots":{"index":"index","follow":"follow","max-snippet":"max-snippet:-1","max-image-preview":"max-image-preview:large","max-video-preview":"max-video-preview:-1"},"canonical":"https:\/\/footdavant.fr\/actualites\/patrick-dorgu-revele-sa-reaction-aux-critiques-brutales-damorim\/","og_locale":"fr_FR","og_type":"article","og_title":"Patrick Dorgu r\u00e9v\u00e8le sa r\u00e9action aux critiques brutales d&#39;Amorim -","og_description":"1 L&#39;ancien entra\u00eeneur de Manchester United, Ruben Amorim, n&#39;a pas h\u00e9sit\u00e9 \u00e0 critiquer ses joueurs en public. Joueurs du club de formation, ses prot\u00e9g\u00e9s et","og_url":"https:\/\/footdavant.fr\/actualites\/patrick-dorgu-revele-sa-reaction-aux-critiques-brutales-damorim\/","og_site_name":"Foot d&#039;avant","article_publisher":"https:\/\/www.facebook.com\/Footdavant\/","article_published_time":"2026-01-11T02:48:11+00:00","article_modified_time":"2026-01-11T02:48:14+00:00","og_image":[{"width":1600,"height":728,"url":"https:\/\/footdavant.fr\/actualites\/wp-content\/uploads\/2026\/01\/Patrick-Dorgu-revele-sa-reaction-aux-critiques-brutales-d39Amorim.jpg","type":"image\/jpeg"}],"author":"Cl\u00e9ment","twitter_card":"summary_large_image","twitter_creator":"@FootdavantFr","twitter_site":"@FootdavantFr","twitter_misc":{"\u00c9crit par":"Cl\u00e9ment","Dur\u00e9e de lecture estim\u00e9e":"2 minutes"},"schema":{"@context":"https:\/\/schema.org","@graph":[{"@type":"Article","@id":"https:\/\/footdavant.fr\/actualites\/patrick-dorgu-revele-sa-reaction-aux-critiques-brutales-damorim\/#article","isPartOf":{"@id":"https:\/\/footdavant.fr\/actualites\/patrick-dorgu-revele-sa-reaction-aux-critiques-brutales-damorim\/"},"author":{"name":"Cl\u00e9ment","@id":"https:\/\/footdavant.fr\/actualites\/#\/schema\/person\/bc222566d95871b37e597b3ed3ba5e1d"},"headline":"Patrick Dorgu r\u00e9v\u00e8le sa r\u00e9action aux critiques brutales d&#39;Amorim &#8211;","datePublished":"2026-01-11T02:48:11+00:00","dateModified":"2026-01-11T02:48:14+00:00","mainEntityOfPage":{"@id":"https:\/\/footdavant.fr\/actualites\/patrick-dorgu-revele-sa-reaction-aux-critiques-brutales-damorim\/"},"wordCount":453,"publisher":{"@id":"https:\/\/footdavant.fr\/actualites\/#organization"},"keywords":["aux","brutales","critiques","d39Amorim","Dorgu","Patrick","r\u00e9action","r\u00e9v\u00e8le"],"articleSection":["Football"],"inLanguage":"fr-FR"},{"@type":"WebPage","@id":"https:\/\/footdavant.fr\/actualites\/patrick-dorgu-revele-sa-reaction-aux-critiques-brutales-damorim\/","url":"https:\/\/footdavant.fr\/actualites\/patrick-dorgu-revele-sa-reaction-aux-critiques-brutales-damorim\/","name":"Patrick Dorgu r\u00e9v\u00e8le sa r\u00e9action aux critiques brutales d&#39;Amorim -","isPartOf":{"@id":"https:\/\/footdavant.fr\/actualites\/#website"},"datePublished":"2026-01-11T02:48:11+00:00","dateModified":"2026-01-11T02:48:14+00:00","breadcrumb":{"@id":"https:\/\/footdavant.fr\/actualites\/patrick-dorgu-revele-sa-reaction-aux-critiques-brutales-damorim\/#breadcrumb"},"inLanguage":"fr-FR","potentialAction":[{"@type":"ReadAction","target":["https:\/\/footdavant.fr\/actualites\/patrick-dorgu-revele-sa-reaction-aux-critiques-brutales-damorim\/"]}]},{"@type":"BreadcrumbList","@id":"https:\/\/footdavant.fr\/actualites\/patrick-dorgu-revele-sa-reaction-aux-critiques-brutales-damorim\/#breadcrumb","itemListElement":[{"@type":"ListItem","position":1,"name":"Accueil","item":"https:\/\/footdavant.fr\/actualites\/"},{"@type":"ListItem","position":2,"name":"Patrick Dorgu r\u00e9v\u00e8le sa r\u00e9action aux critiques brutales d&#39;Amorim &#8211;"}]},{"@type":"WebSite","@id":"https:\/\/footdavant.fr\/actualites\/#website","url":"https:\/\/footdavant.fr\/actualites\/","name":"Foot d'avant","description":"","publisher":{"@id":"https:\/\/footdavant.fr\/actualites\/#organization"},"potentialAction":[{"@type":"SearchAction","target":{"@type":"EntryPoint","urlTemplate":"https:\/\/footdavant.fr\/actualites\/?s={search_term_string}"},"query-input":"required name=search_term_string"}],"inLanguage":"fr-FR"},{"@type":"Organization","@id":"https:\/\/footdavant.fr\/actualites\/#organization","name":"Foot d'avant","url":"https:\/\/footdavant.fr\/actualites\/","logo":{"@type":"ImageObject","inLanguage":"fr-FR","@id":"https:\/\/footdavant.fr\/actualites\/#\/schema\/logo\/image\/","url":"https:\/\/footdavant.fr\/actualites\/wp-content\/uploads\/2023\/09\/Copy-of-FootDavant-Logo.png","contentUrl":"https:\/\/footdavant.fr\/actualites\/wp-content\/uploads\/2023\/09\/Copy-of-FootDavant-Logo.png","width":936,"height":549,"caption":"Foot d'avant"},"image":{"@id":"https:\/\/footdavant.fr\/actualites\/#\/schema\/logo\/image\/"},"sameAs":["https:\/\/www.facebook.com\/Footdavant\/","https:\/\/twitter.com\/FootdavantFr","https:\/\/www.instagram.com\/footdavant.fr\/"]},{"@type":"Person","@id":"https:\/\/footdavant.fr\/actualites\/#\/schema\/person\/bc222566d95871b37e597b3ed3ba5e1d","name":"Cl\u00e9ment","image":{"@type":"ImageObject","inLanguage":"fr-FR","@id":"https:\/\/footdavant.fr\/actualites\/#\/schema\/person\/image\/","url":"https:\/\/secure.gravatar.com\/avatar\/7728b29aac2719421e1a9159b2254c44?s=96&d=mm&r=g","contentUrl":"https:\/\/secure.gravatar.com\/avatar\/7728b29aac2719421e1a9159b2254c44?s=96&d=mm&r=g","caption":"Cl\u00e9ment"},"sameAs":["https:\/\/footdavant.fr\/"]}]}},"_links":{"self":[{"href":"https:\/\/footdavant.fr\/actualites\/wp-json\/wp\/v2\/posts\/33312"}],"collection":[{"href":"https:\/\/footdavant.fr\/actualites\/wp-json\/wp\/v2\/posts"}],"about":[{"href":"https:\/\/footdavant.fr\/actualites\/wp-json\/wp\/v2\/types\/post"}],"author":[{"embeddable":true,"href":"https:\/\/footdavant.fr\/actualites\/wp-json\/wp\/v2\/users\/1"}],"replies":[{"embeddable":true,"href":"https:\/\/footdavant.fr\/actualites\/wp-json\/wp\/v2\/comments?post=33312"}],"version-history":[{"count":1,"href":"https:\/\/footdavant.fr\/actualites\/wp-json\/wp\/v2\/posts\/33312\/revisions"}],"predecessor-version":[{"id":33314,"href":"https:\/\/footdavant.fr\/actualites\/wp-json\/wp\/v2\/posts\/33312\/revisions\/33314"}],"wp:featuredmedia":[{"embeddable":true,"href":"https:\/\/footdavant.fr\/actualites\/wp-json\/wp\/v2\/media\/33313"}],"wp:attachment":[{"href":"https:\/\/footdavant.fr\/actualites\/wp-json\/wp\/v2\/media?parent=33312"}],"wp:term":[{"taxonomy":"category","embeddable":true,"href":"https:\/\/footdavant.fr\/actualites\/wp-json\/wp\/v2\/categories?post=33312"},{"taxonomy":"post_tag","embeddable":true,"href":"https:\/\/footdavant.fr\/actualites\/wp-json\/wp\/v2\/tags?post=33312"}],"curies":[{"name":"wp","href":"https:\/\/api.w.org\/{rel}","templated":true}]}}