{"id":335,"date":"2023-11-05T11:35:45","date_gmt":"2023-11-05T10:35:45","guid":{"rendered":"https:\/\/footdavant.fr\/actualites\/aaron-ramsdale-revient-a-lentrainement-darsenal-avant-le-choc-contre-seville\/"},"modified":"2023-11-05T11:35:46","modified_gmt":"2023-11-05T10:35:46","slug":"aaron-ramsdale-revient-a-lentrainement-darsenal-avant-le-choc-contre-seville","status":"publish","type":"post","link":"https:\/\/footdavant.fr\/actualites\/aaron-ramsdale-revient-a-lentrainement-darsenal-avant-le-choc-contre-seville\/","title":{"rendered":"Aaron Ramsdale revient \u00e0 l&rsquo;entra\u00eenement d&rsquo;Arsenal avant le choc contre S\u00e9ville"},"content":{"rendered":"<p>Le gardien d&rsquo;Arsenal, Aaron Ramsdale, revient \u00e0 l&rsquo;entra\u00eenement avant le choc de la Ligue des champions de mardi avec l&rsquo;\u00e9quipe espagnole de S\u00e9ville. <\/p>\n<div id=\"article_body\" itemprop=\"articleBody\">\n<h3 class=\"firstPara\">\n<strong class=\"autotag\">Arsenal<\/strong> Le gardien de but a repris l&rsquo;entra\u00eenement apr\u00e8s avoir \u00e9t\u00e9 absent lors du match nul 2-2 de samedi contre Chelsea.<\/h3>\n<p>L&rsquo;international anglais n&rsquo;\u00e9tait pas disponible pour le choc \u00e0 Stamford Bridge apr\u00e8s que sa femme, Georgina, ait donn\u00e9 naissance \u00e0 leur fils vendredi.<\/p>\n<p>En cons\u00e9quence, le gardien estonien <strong class=\"autotag\">Karl Hein<\/strong> pr\u00e9sent\u00e9 sur le banc comme <strong class=\"autotag\">David Raya<\/strong>pour la comp\u00e9tition de samedi, o\u00f9 les Gunners ont ripost\u00e9 apr\u00e8s deux buts de retard pour d\u00e9crocher un point.<\/p>\n<p>Apr\u00e8s avoir rat\u00e9 le week-end, Ramsdale devrait revenir dans l&rsquo;\u00e9quipe pour la journ\u00e9e de mardi. <strong class=\"autotag\">Ligue des champions<\/strong> rencontre avec S\u00e9ville.<\/p>\n<p>Le joueur de 25 ans a particip\u00e9 aux entra\u00eenements de lundi, indiquant qu&rsquo;il sera disponible pour le voyage en milieu de semaine en Espagne.<\/p>\n<p class=\"imgI\">\n<p>Bien que Ramsdale soit susceptible de figurer dans l&rsquo;\u00e9quipe, il reste \u00e0 voir si <strong class=\"autotag\">Mikel Arteta<\/strong> va changer de gardien pour le choc de la Ligue des Champions.<\/p>\n<p>Ramsdale a jou\u00e9 un r\u00f4le cl\u00e9 dans la qu\u00eate du titre d&rsquo;Arsenal la saison derni\u00e8re, gardant 14 feuilles blanches en 38 matches de Premier League.<\/p>\n<p>L&rsquo;Anglais a conserv\u00e9 la premi\u00e8re place lors des cinq premiers matches de comp\u00e9tition de la campagne en cours, avant de perdre sa place face \u00e0 l&rsquo;arriv\u00e9e estivale de Raya.<\/p>\n<p>Depuis qu&rsquo;il a \u00e9t\u00e9 d\u00e9log\u00e9 par l&rsquo;Espagnol le 17 septembre, Ramsdale n&rsquo;a fait qu&rsquo;une seule apparition, enregistrant une feuille blanche lors d&rsquo;une victoire 1-0 en Coupe EFL contre Brentford.<\/p>\n<p>Cependant, des appels ont \u00e9t\u00e9 lanc\u00e9s pour que Ramsdale soit r\u00e9int\u00e9gr\u00e9 dans l&rsquo;alignement apr\u00e8s que Raya ait connu un affichage fragile \u00e0 Stamford Bridge.<\/p>\n<p class=\"imgI\"><img decoding=\"async\" loading=\"lazy\" class=\"l\" src=\"https:\/\/footdavant.fr\/actualites\/wp-content\/uploads\/2023\/11\/1699180545_589_Aaron-Ramsdale-revient-a-lentrainement-dArsenal-avant-le-choc-contre.JPG\" title=\"Le gardien d'Arsenal David Raya photographi\u00e9 le 17 septembre 2023\" alt=\"Le gardien d'Arsenal David Raya photographi\u00e9 le 17 septembre 2023\" width=\"640\" height=\"480\"><\/p>\n<p>Le joueur de 28 ans a \u00e9t\u00e9 rattrap\u00e9 par <strong class=\"autotag\">Mykha\u00eflo Mudryk<\/strong>Le centre rat\u00e9 de , qui a finalement trouv\u00e9 le chemin des filets pour donner \u00e0 Chelsea une avance de deux buts.<\/p>\n<p>Apr\u00e8s le tirage au sort, Arteta a \u00e9t\u00e9 interrog\u00e9e par les journalistes apr\u00e8s que les supporters d&rsquo;Arsenal aient chant\u00e9 le nom de Ramsdale \u00e0 Stamford Bridge.<\/p>\n<p>\u00ab\u00a0Super. Je l&rsquo;aime, je chanterai pour lui tous les jours\u00a0\u00bb, a d\u00e9clar\u00e9 l&rsquo;entra\u00eeneur d&rsquo;Arsenal lors de sa conf\u00e9rence de presse d&rsquo;apr\u00e8s-match. <\/p>\n<p>\u00ab\u00a0Nous avons beaucoup chant\u00e9 pour lui hier parce qu&rsquo;il \u00e9tait p\u00e8re, ce qui est la plus belle chose \u00e0 faire. Je suis tellement heureux qu&rsquo;il ait ce charisme et cette personnalit\u00e9 et qu&rsquo;il soit quelqu&rsquo;un de tr\u00e8s aim\u00e9 dans l&rsquo;\u00e9quipe.\u00a0\u00bb<\/p>\n<p>Ramsdale a admis que sa place dans <strong class=\"autotag\">Gareth Southgate<\/strong>L&rsquo;\u00e9quipe d&rsquo;Angleterre de sera menac\u00e9e s&rsquo;il ne parvient pas \u00e0 remplacer Raya du c\u00f4t\u00e9 d&rsquo;Arsenal.<\/p>\n<\/div>\n","protected":false},"excerpt":{"rendered":"<p>Le gardien d&rsquo;Arsenal, Aaron Ramsdale, revient \u00e0 l&rsquo;entra\u00eenement avant le choc de la Ligue des champions de mardi avec l&rsquo;\u00e9quipe espagnole de S\u00e9ville. Arsenal Le<\/p>\n","protected":false},"author":1,"featured_media":336,"comment_status":"closed","ping_status":"","sticky":false,"template":"","format":"standard","meta":{"footnotes":""},"categories":[4],"tags":[516,491,332,20,59,519,517,518,214],"yoast_head":"<!-- This site is optimized with the Yoast SEO plugin v21.0 - https:\/\/yoast.com\/wordpress\/plugins\/seo\/ -->\n<title>Aaron Ramsdale revient \u00e0 l&#039;entra\u00eenement d&#039;Arsenal avant le choc contre S\u00e9ville<\/title>\n<meta name=\"robots\" content=\"index, follow, max-snippet:-1, max-image-preview:large, max-video-preview:-1\" \/>\n<link rel=\"canonical\" href=\"https:\/\/footdavant.fr\/actualites\/aaron-ramsdale-revient-a-lentrainement-darsenal-avant-le-choc-contre-seville\/\" \/>\n<meta property=\"og:locale\" content=\"fr_FR\" \/>\n<meta property=\"og:type\" content=\"article\" \/>\n<meta property=\"og:title\" content=\"Aaron Ramsdale revient \u00e0 l&#039;entra\u00eenement d&#039;Arsenal avant le choc contre S\u00e9ville\" \/>\n<meta property=\"og:description\" content=\"Le gardien d&rsquo;Arsenal, Aaron Ramsdale, revient \u00e0 l&rsquo;entra\u00eenement avant le choc de la Ligue des champions de mardi avec l&rsquo;\u00e9quipe espagnole de S\u00e9ville. Arsenal Le\" \/>\n<meta property=\"og:url\" content=\"https:\/\/footdavant.fr\/actualites\/aaron-ramsdale-revient-a-lentrainement-darsenal-avant-le-choc-contre-seville\/\" \/>\n<meta property=\"og:site_name\" content=\"Foot d&#039;avant\" \/>\n<meta property=\"article:publisher\" content=\"https:\/\/www.facebook.com\/Footdavant\/\" \/>\n<meta property=\"article:published_time\" content=\"2023-11-05T10:35:45+00:00\" \/>\n<meta property=\"article:modified_time\" content=\"2023-11-05T10:35:46+00:00\" \/>\n<meta property=\"og:image\" content=\"https:\/\/footdavant.fr\/actualites\/wp-content\/uploads\/2023\/11\/Aaron-Ramsdale-revient-a-lentrainement-dArsenal-avant-le-choc-contre.JPG\" \/>\n\t<meta property=\"og:image:width\" content=\"640\" \/>\n\t<meta property=\"og:image:height\" content=\"480\" \/>\n\t<meta property=\"og:image:type\" content=\"image\/jpeg\" \/>\n<meta name=\"author\" content=\"Cl\u00e9ment\" \/>\n<meta name=\"twitter:card\" content=\"summary_large_image\" \/>\n<meta name=\"twitter:creator\" content=\"@FootdavantFr\" \/>\n<meta name=\"twitter:site\" content=\"@FootdavantFr\" \/>\n<meta name=\"twitter:label1\" content=\"\u00c9crit par\" \/>\n\t<meta name=\"twitter:data1\" content=\"Cl\u00e9ment\" \/>\n\t<meta name=\"twitter:label2\" content=\"Dur\u00e9e de lecture estim\u00e9e\" \/>\n\t<meta name=\"twitter:data2\" content=\"2 minutes\" \/>\n<script type=\"application\/ld+json\" class=\"yoast-schema-graph\">{\"@context\":\"https:\/\/schema.org\",\"@graph\":[{\"@type\":\"Article\",\"@id\":\"https:\/\/footdavant.fr\/actualites\/aaron-ramsdale-revient-a-lentrainement-darsenal-avant-le-choc-contre-seville\/#article\",\"isPartOf\":{\"@id\":\"https:\/\/footdavant.fr\/actualites\/aaron-ramsdale-revient-a-lentrainement-darsenal-avant-le-choc-contre-seville\/\"},\"author\":{\"name\":\"Cl\u00e9ment\",\"@id\":\"https:\/\/footdavant.fr\/actualites\/#\/schema\/person\/bc222566d95871b37e597b3ed3ba5e1d\"},\"headline\":\"Aaron Ramsdale revient \u00e0 l&rsquo;entra\u00eenement d&rsquo;Arsenal avant le choc contre S\u00e9ville\",\"datePublished\":\"2023-11-05T10:35:45+00:00\",\"dateModified\":\"2023-11-05T10:35:46+00:00\",\"mainEntityOfPage\":{\"@id\":\"https:\/\/footdavant.fr\/actualites\/aaron-ramsdale-revient-a-lentrainement-darsenal-avant-le-choc-contre-seville\/\"},\"wordCount\":460,\"publisher\":{\"@id\":\"https:\/\/footdavant.fr\/actualites\/#organization\"},\"keywords\":[\"Aaron\",\"avant\",\"choc\",\"contre\",\"dArsenal\",\"lentra\u00eenement\",\"Ramsdale\",\"revient\",\"S\u00e9ville\"],\"articleSection\":[\"Champions League\"],\"inLanguage\":\"fr-FR\"},{\"@type\":\"WebPage\",\"@id\":\"https:\/\/footdavant.fr\/actualites\/aaron-ramsdale-revient-a-lentrainement-darsenal-avant-le-choc-contre-seville\/\",\"url\":\"https:\/\/footdavant.fr\/actualites\/aaron-ramsdale-revient-a-lentrainement-darsenal-avant-le-choc-contre-seville\/\",\"name\":\"Aaron Ramsdale revient \u00e0 l'entra\u00eenement d'Arsenal avant le choc contre S\u00e9ville\",\"isPartOf\":{\"@id\":\"https:\/\/footdavant.fr\/actualites\/#website\"},\"datePublished\":\"2023-11-05T10:35:45+00:00\",\"dateModified\":\"2023-11-05T10:35:46+00:00\",\"breadcrumb\":{\"@id\":\"https:\/\/footdavant.fr\/actualites\/aaron-ramsdale-revient-a-lentrainement-darsenal-avant-le-choc-contre-seville\/#breadcrumb\"},\"inLanguage\":\"fr-FR\",\"potentialAction\":[{\"@type\":\"ReadAction\",\"target\":[\"https:\/\/footdavant.fr\/actualites\/aaron-ramsdale-revient-a-lentrainement-darsenal-avant-le-choc-contre-seville\/\"]}]},{\"@type\":\"BreadcrumbList\",\"@id\":\"https:\/\/footdavant.fr\/actualites\/aaron-ramsdale-revient-a-lentrainement-darsenal-avant-le-choc-contre-seville\/#breadcrumb\",\"itemListElement\":[{\"@type\":\"ListItem\",\"position\":1,\"name\":\"Accueil\",\"item\":\"https:\/\/footdavant.fr\/actualites\/\"},{\"@type\":\"ListItem\",\"position\":2,\"name\":\"Aaron Ramsdale revient \u00e0 l&rsquo;entra\u00eenement d&rsquo;Arsenal avant le choc contre S\u00e9ville\"}]},{\"@type\":\"WebSite\",\"@id\":\"https:\/\/footdavant.fr\/actualites\/#website\",\"url\":\"https:\/\/footdavant.fr\/actualites\/\",\"name\":\"Foot d'avant\",\"description\":\"\",\"publisher\":{\"@id\":\"https:\/\/footdavant.fr\/actualites\/#organization\"},\"potentialAction\":[{\"@type\":\"SearchAction\",\"target\":{\"@type\":\"EntryPoint\",\"urlTemplate\":\"https:\/\/footdavant.fr\/actualites\/?s={search_term_string}\"},\"query-input\":\"required name=search_term_string\"}],\"inLanguage\":\"fr-FR\"},{\"@type\":\"Organization\",\"@id\":\"https:\/\/footdavant.fr\/actualites\/#organization\",\"name\":\"Foot d'avant\",\"url\":\"https:\/\/footdavant.fr\/actualites\/\",\"logo\":{\"@type\":\"ImageObject\",\"inLanguage\":\"fr-FR\",\"@id\":\"https:\/\/footdavant.fr\/actualites\/#\/schema\/logo\/image\/\",\"url\":\"https:\/\/footdavant.fr\/actualites\/wp-content\/uploads\/2023\/09\/Copy-of-FootDavant-Logo.png\",\"contentUrl\":\"https:\/\/footdavant.fr\/actualites\/wp-content\/uploads\/2023\/09\/Copy-of-FootDavant-Logo.png\",\"width\":936,\"height\":549,\"caption\":\"Foot d'avant\"},\"image\":{\"@id\":\"https:\/\/footdavant.fr\/actualites\/#\/schema\/logo\/image\/\"},\"sameAs\":[\"https:\/\/www.facebook.com\/Footdavant\/\",\"https:\/\/twitter.com\/FootdavantFr\",\"https:\/\/www.instagram.com\/footdavant.fr\/\"]},{\"@type\":\"Person\",\"@id\":\"https:\/\/footdavant.fr\/actualites\/#\/schema\/person\/bc222566d95871b37e597b3ed3ba5e1d\",\"name\":\"Cl\u00e9ment\",\"image\":{\"@type\":\"ImageObject\",\"inLanguage\":\"fr-FR\",\"@id\":\"https:\/\/footdavant.fr\/actualites\/#\/schema\/person\/image\/\",\"url\":\"https:\/\/secure.gravatar.com\/avatar\/7728b29aac2719421e1a9159b2254c44?s=96&d=mm&r=g\",\"contentUrl\":\"https:\/\/secure.gravatar.com\/avatar\/7728b29aac2719421e1a9159b2254c44?s=96&d=mm&r=g\",\"caption\":\"Cl\u00e9ment\"},\"sameAs\":[\"https:\/\/footdavant.fr\/\"]}]}<\/script>\n<!-- \/ Yoast SEO plugin. -->","yoast_head_json":{"title":"Aaron Ramsdale revient \u00e0 l'entra\u00eenement d'Arsenal avant le choc contre S\u00e9ville","robots":{"index":"index","follow":"follow","max-snippet":"max-snippet:-1","max-image-preview":"max-image-preview:large","max-video-preview":"max-video-preview:-1"},"canonical":"https:\/\/footdavant.fr\/actualites\/aaron-ramsdale-revient-a-lentrainement-darsenal-avant-le-choc-contre-seville\/","og_locale":"fr_FR","og_type":"article","og_title":"Aaron Ramsdale revient \u00e0 l'entra\u00eenement d'Arsenal avant le choc contre S\u00e9ville","og_description":"Le gardien d&rsquo;Arsenal, Aaron Ramsdale, revient \u00e0 l&rsquo;entra\u00eenement avant le choc de la Ligue des champions de mardi avec l&rsquo;\u00e9quipe espagnole de S\u00e9ville. Arsenal Le","og_url":"https:\/\/footdavant.fr\/actualites\/aaron-ramsdale-revient-a-lentrainement-darsenal-avant-le-choc-contre-seville\/","og_site_name":"Foot d&#039;avant","article_publisher":"https:\/\/www.facebook.com\/Footdavant\/","article_published_time":"2023-11-05T10:35:45+00:00","article_modified_time":"2023-11-05T10:35:46+00:00","og_image":[{"width":640,"height":480,"url":"https:\/\/footdavant.fr\/actualites\/wp-content\/uploads\/2023\/11\/Aaron-Ramsdale-revient-a-lentrainement-dArsenal-avant-le-choc-contre.JPG","type":"image\/jpeg"}],"author":"Cl\u00e9ment","twitter_card":"summary_large_image","twitter_creator":"@FootdavantFr","twitter_site":"@FootdavantFr","twitter_misc":{"\u00c9crit par":"Cl\u00e9ment","Dur\u00e9e de lecture estim\u00e9e":"2 minutes"},"schema":{"@context":"https:\/\/schema.org","@graph":[{"@type":"Article","@id":"https:\/\/footdavant.fr\/actualites\/aaron-ramsdale-revient-a-lentrainement-darsenal-avant-le-choc-contre-seville\/#article","isPartOf":{"@id":"https:\/\/footdavant.fr\/actualites\/aaron-ramsdale-revient-a-lentrainement-darsenal-avant-le-choc-contre-seville\/"},"author":{"name":"Cl\u00e9ment","@id":"https:\/\/footdavant.fr\/actualites\/#\/schema\/person\/bc222566d95871b37e597b3ed3ba5e1d"},"headline":"Aaron Ramsdale revient \u00e0 l&rsquo;entra\u00eenement d&rsquo;Arsenal avant le choc contre S\u00e9ville","datePublished":"2023-11-05T10:35:45+00:00","dateModified":"2023-11-05T10:35:46+00:00","mainEntityOfPage":{"@id":"https:\/\/footdavant.fr\/actualites\/aaron-ramsdale-revient-a-lentrainement-darsenal-avant-le-choc-contre-seville\/"},"wordCount":460,"publisher":{"@id":"https:\/\/footdavant.fr\/actualites\/#organization"},"keywords":["Aaron","avant","choc","contre","dArsenal","lentra\u00eenement","Ramsdale","revient","S\u00e9ville"],"articleSection":["Champions League"],"inLanguage":"fr-FR"},{"@type":"WebPage","@id":"https:\/\/footdavant.fr\/actualites\/aaron-ramsdale-revient-a-lentrainement-darsenal-avant-le-choc-contre-seville\/","url":"https:\/\/footdavant.fr\/actualites\/aaron-ramsdale-revient-a-lentrainement-darsenal-avant-le-choc-contre-seville\/","name":"Aaron Ramsdale revient \u00e0 l'entra\u00eenement d'Arsenal avant le choc contre S\u00e9ville","isPartOf":{"@id":"https:\/\/footdavant.fr\/actualites\/#website"},"datePublished":"2023-11-05T10:35:45+00:00","dateModified":"2023-11-05T10:35:46+00:00","breadcrumb":{"@id":"https:\/\/footdavant.fr\/actualites\/aaron-ramsdale-revient-a-lentrainement-darsenal-avant-le-choc-contre-seville\/#breadcrumb"},"inLanguage":"fr-FR","potentialAction":[{"@type":"ReadAction","target":["https:\/\/footdavant.fr\/actualites\/aaron-ramsdale-revient-a-lentrainement-darsenal-avant-le-choc-contre-seville\/"]}]},{"@type":"BreadcrumbList","@id":"https:\/\/footdavant.fr\/actualites\/aaron-ramsdale-revient-a-lentrainement-darsenal-avant-le-choc-contre-seville\/#breadcrumb","itemListElement":[{"@type":"ListItem","position":1,"name":"Accueil","item":"https:\/\/footdavant.fr\/actualites\/"},{"@type":"ListItem","position":2,"name":"Aaron Ramsdale revient \u00e0 l&rsquo;entra\u00eenement d&rsquo;Arsenal avant le choc contre S\u00e9ville"}]},{"@type":"WebSite","@id":"https:\/\/footdavant.fr\/actualites\/#website","url":"https:\/\/footdavant.fr\/actualites\/","name":"Foot d'avant","description":"","publisher":{"@id":"https:\/\/footdavant.fr\/actualites\/#organization"},"potentialAction":[{"@type":"SearchAction","target":{"@type":"EntryPoint","urlTemplate":"https:\/\/footdavant.fr\/actualites\/?s={search_term_string}"},"query-input":"required name=search_term_string"}],"inLanguage":"fr-FR"},{"@type":"Organization","@id":"https:\/\/footdavant.fr\/actualites\/#organization","name":"Foot d'avant","url":"https:\/\/footdavant.fr\/actualites\/","logo":{"@type":"ImageObject","inLanguage":"fr-FR","@id":"https:\/\/footdavant.fr\/actualites\/#\/schema\/logo\/image\/","url":"https:\/\/footdavant.fr\/actualites\/wp-content\/uploads\/2023\/09\/Copy-of-FootDavant-Logo.png","contentUrl":"https:\/\/footdavant.fr\/actualites\/wp-content\/uploads\/2023\/09\/Copy-of-FootDavant-Logo.png","width":936,"height":549,"caption":"Foot d'avant"},"image":{"@id":"https:\/\/footdavant.fr\/actualites\/#\/schema\/logo\/image\/"},"sameAs":["https:\/\/www.facebook.com\/Footdavant\/","https:\/\/twitter.com\/FootdavantFr","https:\/\/www.instagram.com\/footdavant.fr\/"]},{"@type":"Person","@id":"https:\/\/footdavant.fr\/actualites\/#\/schema\/person\/bc222566d95871b37e597b3ed3ba5e1d","name":"Cl\u00e9ment","image":{"@type":"ImageObject","inLanguage":"fr-FR","@id":"https:\/\/footdavant.fr\/actualites\/#\/schema\/person\/image\/","url":"https:\/\/secure.gravatar.com\/avatar\/7728b29aac2719421e1a9159b2254c44?s=96&d=mm&r=g","contentUrl":"https:\/\/secure.gravatar.com\/avatar\/7728b29aac2719421e1a9159b2254c44?s=96&d=mm&r=g","caption":"Cl\u00e9ment"},"sameAs":["https:\/\/footdavant.fr\/"]}]}},"_links":{"self":[{"href":"https:\/\/footdavant.fr\/actualites\/wp-json\/wp\/v2\/posts\/335"}],"collection":[{"href":"https:\/\/footdavant.fr\/actualites\/wp-json\/wp\/v2\/posts"}],"about":[{"href":"https:\/\/footdavant.fr\/actualites\/wp-json\/wp\/v2\/types\/post"}],"author":[{"embeddable":true,"href":"https:\/\/footdavant.fr\/actualites\/wp-json\/wp\/v2\/users\/1"}],"replies":[{"embeddable":true,"href":"https:\/\/footdavant.fr\/actualites\/wp-json\/wp\/v2\/comments?post=335"}],"version-history":[{"count":1,"href":"https:\/\/footdavant.fr\/actualites\/wp-json\/wp\/v2\/posts\/335\/revisions"}],"predecessor-version":[{"id":337,"href":"https:\/\/footdavant.fr\/actualites\/wp-json\/wp\/v2\/posts\/335\/revisions\/337"}],"wp:featuredmedia":[{"embeddable":true,"href":"https:\/\/footdavant.fr\/actualites\/wp-json\/wp\/v2\/media\/336"}],"wp:attachment":[{"href":"https:\/\/footdavant.fr\/actualites\/wp-json\/wp\/v2\/media?parent=335"}],"wp:term":[{"taxonomy":"category","embeddable":true,"href":"https:\/\/footdavant.fr\/actualites\/wp-json\/wp\/v2\/categories?post=335"},{"taxonomy":"post_tag","embeddable":true,"href":"https:\/\/footdavant.fr\/actualites\/wp-json\/wp\/v2\/tags?post=335"}],"curies":[{"name":"wp","href":"https:\/\/api.w.org\/{rel}","templated":true}]}}